{"id":149034,"date":"2025-09-29T10:11:30","date_gmt":"2025-09-29T13:11:30","guid":{"rendered":"https:\/\/www.blogdopilako.com.br\/wp\/?p=149034"},"modified":"2025-09-29T10:11:40","modified_gmt":"2025-09-29T13:11:40","slug":"a-exposicao-de-quadros-de-zozimo-ferreira-por-sosigenes-bittencourt","status":"publish","type":"post","link":"http:\/\/www.blogdopilako.com.br\/wp\/2025\/09\/29\/a-exposicao-de-quadros-de-zozimo-ferreira-por-sosigenes-bittencourt\/","title":{"rendered":"A EXPOSI\u00c7\u00c3O DE QUADROS DE Z\u00d3ZIMO FERREIRA &#8211; por Sos\u00edgenes Bittencourt."},"content":{"rendered":"\n\t\t\t\t<div class=\"mr_social_sharing_wrapper\">\n\t\t\t\t<!-- Social Sharing Toolkit v2.2 --><span class=\"mr_social_sharing_top\"><span style=\"display: inline-block; width: 55px; height: 62px; overflow: hidden;\"><div class=\"fb-like\" data-href=\"http:\/\/www.blogdopilako.com.br\/wp\/2025\/09\/29\/a-exposicao-de-quadros-de-zozimo-ferreira-por-sosigenes-bittencourt\/\" data-send=\"false\" data-layout=\"box_count\" data-width=\"55\" data-show-faces=\"false\"><\/div><\/span><\/span><span class=\"mr_social_sharing_top\"><fb:share-button type=\"box_count\" href=\"http:\/\/www.blogdopilako.com.br\/wp\/2025\/09\/29\/a-exposicao-de-quadros-de-zozimo-ferreira-por-sosigenes-bittencourt\/\"><\/fb:share-button><\/span><span class=\"mr_social_sharing\"><a rel=\"nofollow\" class=\"linksalpha_button linksalpha_link\" href=\"\/\/www.linksalpha.com\/social\/mobile\" data-url=\"http:\/\/www.blogdopilako.com.br\/wp\/2025\/09\/29\/a-exposicao-de-quadros-de-zozimo-ferreira-por-sosigenes-bittencourt\/\" data-text=\"A EXPOSI\u00c7\u00c3O DE QUADROS DE Z\u00d3ZIMO FERREIRA \u2013 por Sos\u00edgenes Bittencourt.\" data-desc=\"Espet\u00e1culo memorabil\u00edssimo de Setembro de 2021, em Vit\u00f3ria de Santo Ant\u00e3o, foi a Exposi\u00e7\u00e3o de Z\u00f3zimo Ferreira, no Clube Abanadores O Le\u00e3o, com direito a teatraliza\u00e7\u00e3o do maior ator da Paix\u00e3o de Cristo no palco da cidade, com direito \u00e0 melhor execu\u00e7\u00e3o musical j\u00e1 protagonizada pela\" data-image=\"http:\/\/www.blogdopilako.com.br\/wp\/wp-content\/uploads\/2025\/09\/c7eae917-a72b-4a84-8e3c-124f0bb66bca-232x300.jpg\" data-button=\"none\">\n\t\t\t\t\t<img src=\"\/\/www.linksalpha.com\/images\/social_share_button.png\" alt=\"Share\" class=\"linksalpha_image\" \/>\n\t\t\t\t\t<\/a><script type=\"text\/javascript\" src=\"\/\/www.linksalpha.com\/scripts\/loader_iconbox.js?v=2.4\"><\/script><\/span><\/div><p style=\"text-align: justify;\"><img loading=\"lazy\" class=\"size-medium wp-image-149036 alignleft\" src=\"http:\/\/www.blogdopilako.com.br\/wp\/wp-content\/uploads\/2025\/09\/c7eae917-a72b-4a84-8e3c-124f0bb66bca-232x300.jpg\" alt=\"\" width=\"232\" height=\"300\" srcset=\"http:\/\/www.blogdopilako.com.br\/wp\/wp-content\/uploads\/2025\/09\/c7eae917-a72b-4a84-8e3c-124f0bb66bca-232x300.jpg 232w, http:\/\/www.blogdopilako.com.br\/wp\/wp-content\/uploads\/2025\/09\/c7eae917-a72b-4a84-8e3c-124f0bb66bca.jpg 720w\" sizes=\"(max-width: 232px) 100vw, 232px\" \/>Espet\u00e1culo memorabil\u00edssimo de Setembro de 2021, em Vit\u00f3ria de Santo Ant\u00e3o, foi a Exposi\u00e7\u00e3o de Z\u00f3zimo Ferreira, no Clube Abanadores O Le\u00e3o, com direito a teatraliza\u00e7\u00e3o do maior ator da Paix\u00e3o de Cristo no palco da cidade, com direito \u00e0 melhor execu\u00e7\u00e3o musical j\u00e1 protagonizada pela Orquestra Avalovara, uma brilhante homenagem ao escritor vitoriense Osmar Lins.<\/p>\n<p style=\"text-align: justify;\">S\u00f3 o gentleman Z\u00f3zimo Ferreira poderia nos proporcionar noite t\u00e3o inesquec\u00edvel, com sua voca\u00e7\u00e3o religiosa, sua catolicidade, na revela\u00e7\u00e3o de quadros t\u00e3o irretocavelmente perfeitos da encena\u00e7\u00e3o do G\u00f3lgota, da Via Crucis do Salvador no ber\u00e7o da hero\u00edna Mariana Am\u00e1lia. Lembrava-me, pelo contentamento, a maravilhosa pe\u00e7a musical de Sebastian Bach, em sua magn\u00edfica composi\u00e7\u00e3o Jesus, Alegria dos Homens.<\/p>\n<p style=\"text-align: justify;\">Palmas, e muito obrigado!<\/p>\n<p><strong>Sos\u00edgenes Bittencourt<\/strong><\/p>\n<p><img loading=\"lazy\" class=\"alignnone wp-image-149035 size-full\" src=\"http:\/\/www.blogdopilako.com.br\/wp\/wp-content\/uploads\/2025\/09\/Pix-arte-final-2-7-768x301-20-31-32.png\" alt=\"\" width=\"768\" height=\"301\" srcset=\"http:\/\/www.blogdopilako.com.br\/wp\/wp-content\/uploads\/2025\/09\/Pix-arte-final-2-7-768x301-20-31-32.png 768w, http:\/\/www.blogdopilako.com.br\/wp\/wp-content\/uploads\/2025\/09\/Pix-arte-final-2-7-768x301-20-31-32-300x118.png 300w, http:\/\/www.blogdopilako.com.br\/wp\/wp-content\/uploads\/2025\/09\/Pix-arte-final-2-7-768x301-20-31-32-500x196.png 500w\" sizes=\"(max-width: 768px) 100vw, 768px\" \/><\/p>\n<p>&nbsp;<\/p>\n\n\t\t\t\t<div class=\"mr_social_sharing_wrapper\">\n\t\t\t\t<!-- Social Sharing Toolkit v2.2 --><span class=\"mr_social_sharing_top\"><span style=\"display: inline-block; width: 55px; height: 62px; overflow: hidden;\"><div class=\"fb-like\" data-href=\"http:\/\/www.blogdopilako.com.br\/wp\/2025\/09\/29\/a-exposicao-de-quadros-de-zozimo-ferreira-por-sosigenes-bittencourt\/\" data-send=\"false\" data-layout=\"box_count\" data-width=\"55\" data-show-faces=\"false\"><\/div><\/span><\/span><span class=\"mr_social_sharing_top\"><fb:share-button type=\"box_count\" href=\"http:\/\/www.blogdopilako.com.br\/wp\/2025\/09\/29\/a-exposicao-de-quadros-de-zozimo-ferreira-por-sosigenes-bittencourt\/\"><\/fb:share-button><\/span><span class=\"mr_social_sharing\"><a rel=\"nofollow\" class=\"linksalpha_button linksalpha_link\" href=\"\/\/www.linksalpha.com\/social\/mobile\" data-url=\"http:\/\/www.blogdopilako.com.br\/wp\/2025\/09\/29\/a-exposicao-de-quadros-de-zozimo-ferreira-por-sosigenes-bittencourt\/\" data-text=\"A EXPOSI\u00c7\u00c3O DE QUADROS DE Z\u00d3ZIMO FERREIRA \u2013 por Sos\u00edgenes Bittencourt.\" data-desc=\"Espet\u00e1culo memorabil\u00edssimo de Setembro de 2021, em Vit\u00f3ria de Santo Ant\u00e3o, foi a Exposi\u00e7\u00e3o de Z\u00f3zimo Ferreira, no Clube Abanadores O Le\u00e3o, com direito a teatraliza\u00e7\u00e3o do maior ator da Paix\u00e3o de Cristo no palco da cidade, com direito \u00e0 melhor execu\u00e7\u00e3o musical j\u00e1 protagonizada pela\" data-image=\"http:\/\/www.blogdopilako.com.br\/wp\/wp-content\/uploads\/2025\/09\/c7eae917-a72b-4a84-8e3c-124f0bb66bca-232x300.jpg\" data-button=\"none\">\n\t\t\t\t\t<img src=\"\/\/www.linksalpha.com\/images\/social_share_button.png\" alt=\"Share\" class=\"linksalpha_image\" \/>\n\t\t\t\t\t<\/a><script type=\"text\/javascript\" src=\"\/\/www.linksalpha.com\/scripts\/loader_iconbox.js?v=2.4\"><\/script><\/span><\/div>","protected":false},"excerpt":{"rendered":"\n\t\t\t\t<div class=\"mr_social_sharing_wrapper\">\n\t\t\t\t<!-- Social Sharing Toolkit v2.2 --><span class=\"mr_social_sharing_top\"><span style=\"display: inline-block; width: 55px; height: 62px; overflow: hidden;\"><div class=\"fb-like\" data-href=\"http:\/\/www.blogdopilako.com.br\/wp\/2025\/09\/29\/a-exposicao-de-quadros-de-zozimo-ferreira-por-sosigenes-bittencourt\/\" data-send=\"false\" data-layout=\"box_count\" data-width=\"55\" data-show-faces=\"false\"><\/div><\/span><\/span><span class=\"mr_social_sharing_top\"><fb:share-button type=\"box_count\" href=\"http:\/\/www.blogdopilako.com.br\/wp\/2025\/09\/29\/a-exposicao-de-quadros-de-zozimo-ferreira-por-sosigenes-bittencourt\/\"><\/fb:share-button><\/span><span class=\"mr_social_sharing\"><a rel=\"nofollow\" class=\"linksalpha_button linksalpha_link\" href=\"\/\/www.linksalpha.com\/social\/mobile\" data-url=\"http:\/\/www.blogdopilako.com.br\/wp\/2025\/09\/29\/a-exposicao-de-quadros-de-zozimo-ferreira-por-sosigenes-bittencourt\/\" data-text=\"A EXPOSI\u00c7\u00c3O DE QUADROS DE Z\u00d3ZIMO FERREIRA \u2013 por Sos\u00edgenes Bittencourt.\" data-desc=\"Espet\u00e1culo memorabil\u00edssimo de Setembro de 2021, em Vit\u00f3ria de Santo Ant\u00e3o, foi a Exposi\u00e7\u00e3o de Z\u00f3zimo Ferreira, no Clube Abanadores O Le\u00e3o, com direito a teatraliza\u00e7\u00e3o do maior ator da Paix\u00e3o de Cristo no palco da cidade, com direito \u00e0 melhor execu\u00e7\u00e3o musical j\u00e1 protagonizada pela\" data-image=\"\" data-button=\"none\">\n\t\t\t\t\t<img src=\"\/\/www.linksalpha.com\/images\/social_share_button.png\" alt=\"Share\" class=\"linksalpha_image\" \/>\n\t\t\t\t\t<\/a><script type=\"text\/javascript\" src=\"\/\/www.linksalpha.com\/scripts\/loader_iconbox.js?v=2.4\"><\/script><\/span><\/div><p>Espet\u00e1culo memorabil\u00edssimo de Setembro de 2021, em Vit\u00f3ria de Santo Ant\u00e3o, foi a Exposi\u00e7\u00e3o de Z\u00f3zimo Ferreira, no Clube Abanadores O Le\u00e3o, com direito a teatraliza\u00e7\u00e3o do maior ator da Paix\u00e3o de Cristo no palco da cidade, com direito \u00e0 &hellip; <a href=\"http:\/\/www.blogdopilako.com.br\/wp\/2025\/09\/29\/a-exposicao-de-quadros-de-zozimo-ferreira-por-sosigenes-bittencourt\/\">Continue lendo <span class=\"meta-nav\">&rarr;<\/span><\/a><\/p>\n\n\t\t\t\t<div class=\"mr_social_sharing_wrapper\">\n\t\t\t\t<!-- Social Sharing Toolkit v2.2 --><span class=\"mr_social_sharing_top\"><span style=\"display: inline-block; width: 55px; height: 62px; overflow: hidden;\"><div class=\"fb-like\" data-href=\"http:\/\/www.blogdopilako.com.br\/wp\/2025\/09\/29\/a-exposicao-de-quadros-de-zozimo-ferreira-por-sosigenes-bittencourt\/\" data-send=\"false\" data-layout=\"box_count\" data-width=\"55\" data-show-faces=\"false\"><\/div><\/span><\/span><span class=\"mr_social_sharing_top\"><fb:share-button type=\"box_count\" href=\"http:\/\/www.blogdopilako.com.br\/wp\/2025\/09\/29\/a-exposicao-de-quadros-de-zozimo-ferreira-por-sosigenes-bittencourt\/\"><\/fb:share-button><\/span><span class=\"mr_social_sharing\"><a rel=\"nofollow\" class=\"linksalpha_button linksalpha_link\" href=\"\/\/www.linksalpha.com\/social\/mobile\" data-url=\"http:\/\/www.blogdopilako.com.br\/wp\/2025\/09\/29\/a-exposicao-de-quadros-de-zozimo-ferreira-por-sosigenes-bittencourt\/\" data-text=\"A EXPOSI\u00c7\u00c3O DE QUADROS DE Z\u00d3ZIMO FERREIRA \u2013 por Sos\u00edgenes Bittencourt.\" data-desc=\"Espet\u00e1culo memorabil\u00edssimo de Setembro de 2021, em Vit\u00f3ria de Santo Ant\u00e3o, foi a Exposi\u00e7\u00e3o de Z\u00f3zimo Ferreira, no Clube Abanadores O Le\u00e3o, com direito a teatraliza\u00e7\u00e3o do maior ator da Paix\u00e3o de Cristo no palco da cidade, com direito \u00e0 melhor execu\u00e7\u00e3o musical j\u00e1 protagonizada pela\" data-image=\"\" data-button=\"none\">\n\t\t\t\t\t<img src=\"\/\/www.linksalpha.com\/images\/social_share_button.png\" alt=\"Share\" class=\"linksalpha_image\" \/>\n\t\t\t\t\t<\/a><script type=\"text\/javascript\" src=\"\/\/www.linksalpha.com\/scripts\/loader_iconbox.js?v=2.4\"><\/script><\/span><\/div>","protected":false},"author":2,"featured_media":0,"comment_status":"open","ping_status":"open","sticky":false,"template":"","format":"standard","meta":[],"categories":[20],"tags":[],"_links":{"self":[{"href":"http:\/\/www.blogdopilako.com.br\/wp\/wp-json\/wp\/v2\/posts\/149034"}],"collection":[{"href":"http:\/\/www.blogdopilako.com.br\/wp\/wp-json\/wp\/v2\/posts"}],"about":[{"href":"http:\/\/www.blogdopilako.com.br\/wp\/wp-json\/wp\/v2\/types\/post"}],"author":[{"embeddable":true,"href":"http:\/\/www.blogdopilako.com.br\/wp\/wp-json\/wp\/v2\/users\/2"}],"replies":[{"embeddable":true,"href":"http:\/\/www.blogdopilako.com.br\/wp\/wp-json\/wp\/v2\/comments?post=149034"}],"version-history":[{"count":2,"href":"http:\/\/www.blogdopilako.com.br\/wp\/wp-json\/wp\/v2\/posts\/149034\/revisions"}],"predecessor-version":[{"id":149038,"href":"http:\/\/www.blogdopilako.com.br\/wp\/wp-json\/wp\/v2\/posts\/149034\/revisions\/149038"}],"wp:attachment":[{"href":"http:\/\/www.blogdopilako.com.br\/wp\/wp-json\/wp\/v2\/media?parent=149034"}],"wp:term":[{"taxonomy":"category","embeddable":true,"href":"http:\/\/www.blogdopilako.com.br\/wp\/wp-json\/wp\/v2\/categories?post=149034"},{"taxonomy":"post_tag","embeddable":true,"href":"http:\/\/www.blogdopilako.com.br\/wp\/wp-json\/wp\/v2\/tags?post=149034"}],"curies":[{"name":"wp","href":"https:\/\/api.w.org\/{rel}","templated":true}]}}