{"id":147809,"date":"2025-04-30T10:00:34","date_gmt":"2025-04-30T13:00:34","guid":{"rendered":"https:\/\/www.blogdopilako.com.br\/wp\/?p=147809"},"modified":"2025-04-30T10:01:47","modified_gmt":"2025-04-30T13:01:47","slug":"vida-passada-osvaldo-cruz-por-celio-meira","status":"publish","type":"post","link":"http:\/\/www.blogdopilako.com.br\/wp\/2025\/04\/30\/vida-passada-osvaldo-cruz-por-celio-meira\/","title":{"rendered":"Vida Passada\u2026 \u2013 Osvaldo Cruz  \u2013 por C\u00e9lio Meira."},"content":{"rendered":"\n\t\t\t\t<div class=\"mr_social_sharing_wrapper\">\n\t\t\t\t<!-- Social Sharing Toolkit v2.2 --><span class=\"mr_social_sharing_top\"><span style=\"display: inline-block; width: 55px; height: 62px; overflow: hidden;\"><div class=\"fb-like\" data-href=\"http:\/\/www.blogdopilako.com.br\/wp\/2025\/04\/30\/vida-passada-osvaldo-cruz-por-celio-meira\/\" data-send=\"false\" data-layout=\"box_count\" data-width=\"55\" data-show-faces=\"false\"><\/div><\/span><\/span><span class=\"mr_social_sharing_top\"><fb:share-button type=\"box_count\" href=\"http:\/\/www.blogdopilako.com.br\/wp\/2025\/04\/30\/vida-passada-osvaldo-cruz-por-celio-meira\/\"><\/fb:share-button><\/span><span class=\"mr_social_sharing\"><a rel=\"nofollow\" class=\"linksalpha_button linksalpha_link\" href=\"\/\/www.linksalpha.com\/social\/mobile\" data-url=\"http:\/\/www.blogdopilako.com.br\/wp\/2025\/04\/30\/vida-passada-osvaldo-cruz-por-celio-meira\/\" data-text=\"Vida Passada\u2026 \u2013 Osvaldo Cruz \u2013 por C\u00e9lio Meira.\" data-desc=\"Na zona leste da terra paulista, naquela cidade antiga de S. Luiz de Paraitinga, onde o escritor Francisco de Assis Barbosa viu, e exaltou, \u201cvelhos sobrados coloniais no p\u00e1teo da matriz\u201d, nasceu, no ano de 1875, Osvaldo Gon\u00e7alves Cruz. Muito Jovem, aos 20 anos de idade, conquistou, no\" data-image=\"http:\/\/www.blogdopilako.com.br\/wp\/wp-content\/uploads\/2025\/04\/Celio-2.jpg\" data-button=\"none\">\n\t\t\t\t\t<img src=\"\/\/www.linksalpha.com\/images\/social_share_button.png\" alt=\"Share\" class=\"linksalpha_image\" \/>\n\t\t\t\t\t<\/a><script type=\"text\/javascript\" src=\"\/\/www.linksalpha.com\/scripts\/loader_iconbox.js?v=2.4\"><\/script><\/span><\/div><p><img loading=\"lazy\" class=\"aligncenter wp-image-147811 size-full\" src=\"http:\/\/www.blogdopilako.com.br\/wp\/wp-content\/uploads\/2025\/04\/Celio-2.jpg\" alt=\"\" width=\"752\" height=\"991\" srcset=\"http:\/\/www.blogdopilako.com.br\/wp\/wp-content\/uploads\/2025\/04\/Celio-2.jpg 752w, http:\/\/www.blogdopilako.com.br\/wp\/wp-content\/uploads\/2025\/04\/Celio-2-228x300.jpg 228w\" sizes=\"(max-width: 752px) 100vw, 752px\" \/><\/p>\n<p style=\"text-align: justify;\">Na zona leste da terra paulista, naquela cidade antiga de S. Luiz de Paraitinga, onde o escritor Francisco de Assis Barbosa viu, e exaltou, \u201cvelhos sobrados coloniais no p\u00e1teo da matriz\u201d, nasceu, no ano de 1875, Osvaldo Gon\u00e7alves Cruz. Muito Jovem, aos 20 anos de idade, conquistou, no alvorecer da Rep\u00fablica, a carta de doutor em medicina. Inteligent\u00edssimo, e estudioso, dedicou-se, com divina esperan\u00e7a de alcan\u00e7ar vit\u00f3rias, \u00e0 microbiologia e \u00e0 anatomia patol\u00f3gica. E n\u00e3o se enganou, o intimorato bandeirante. Batalhou, corajosamente, como um guerreiro antigo, e venceu.<\/p>\n<p style=\"text-align: justify;\">Osvaldo Cruz, em 1901, combatei a peste bub\u00f4nica, extinguindo-a. Obteve, a esse tempo, os primeiros aplausos do governo e os agradecimentos do povo. E dois anos mais tarde, no governo de Rodrigo Alves, o preclaro paulista, o cientista Osvaldo Cruz, de 31 anos de idade, iniciou a maior, e mais luminosa batalha de sua carreira p\u00fablica, atacado, de frente, a febre amarela, cheio de f\u00e9, e de energia. A luta fio tremenda. Surgiram obst\u00e1culos, guerrilhas da popula\u00e7\u00e3o, injurias, mas, o s\u00e1bio, apoiado pelo poder p\u00fablico, n\u00e3o recuou da a\u00e7\u00e3o tit\u00e2nia e benfazeja. Extinguiu a febre. Saneou a capital da Rep\u00fablica.<\/p>\n<p style=\"text-align: justify;\">Deve-se-lhe a funda\u00e7\u00e3o do Instituto de Manguinhos, hoje Osvaldo Cruz. Esse Instituto \u00e9, na Am\u00e9rica do Sul, um estabelecimento modelar, e de inestim\u00e1vel servi\u00e7o, \u00e0 causa p\u00fablica. Aconselhou, ao povo, o uso da vacina contra a var\u00edola, em 1904, e a mocidade desavisada das escolas, levou o povo a rebeldia.<\/p>\n<p style=\"text-align: justify;\">Representou o Brasil, em 1907, num congresso de Higiene, em Berlim, alcan\u00e7ando, escreve um biografo, a medalha de ouro, oferecida pela imperatriz da Alemanha. Era essa medalha, nesse congresso doa s\u00e1bios, a maior distin\u00e7\u00e3o. Exerceu, por algum tempo, o governo, na prefeitura de Petr\u00f3polis. E mo\u00e7o ainda, antes dos 40, com a cabe\u00e7a \u201cempoada precocemente pelo tempo\u201d, na observa\u00e7\u00e3o de Afr\u00e2nio Peixoto, pertenceu \u00e0 Casa dos 40 imortais, ocupando a cadeira n\u00ba 5, patrocinada por Bernardo Guimar\u00e3es , e onde se sentou o doce Raimundo Correia, o poeta do \u201cMal Secreto\u201d.<\/p>\n<p style=\"text-align: justify;\">E, aos 45 anos, a 11 de fevereiro de 1917, morreu Osvaldo Cruz. Finou-se, nesse dia, o \u201cmarechal\u201d da medicina brasileira, que sustentou, sem tremores, mil batalhas memor\u00e1veis nos p\u00e2ntanos e nos charcos de uma cidade. Nessas refregas, Osvaldo n\u00e3o ceifou criaturas. Destruiu \u201cmosquitos\u201d, para salvar uma popula\u00e7\u00e3o inteira.<\/p>\n<p style=\"text-align: justify;\">Se h\u00e1 embaixadores, na terra, inspirados pela sabedoria divina, foi Osvaldo Cruz, um Embaixador de Deus.<\/p>\n<p style=\"text-align: justify;\"><strong>C\u00e9lio Meira \u2013 escritor e jornalista.\u00a0<\/strong><\/p>\n<p style=\"text-align: justify;\"><strong><em>LIVRO VIDA PASSADA\u2026, sec\u00e7\u00e3o di\u00e1ria, de notas biogr\u00e1ficas, iniciada no dia 14 de julho de 1938, na \u201cFolha da Manh\u00e3\u201d, do Recife, edi\u00e7\u00e3o das 16 horas. Re\u00fano, neste 1\u00ba volume, as notas publicadas, no per\u00edodo de Janeiro a Junho deste ano. Escrevi-as, usando o pseud\u00f4nimo \u2013 Lio \u2013 em estilo simples, destinada ao povo. Representam, antes de tudo, trabalho modesto de divulga\u00e7\u00e3o hist\u00f3rica. Setembro de 1939 \u2013 C\u00e9lio Meira.<\/em><\/strong><\/p>\n<p><img loading=\"lazy\" class=\"aligncenter wp-image-147807 size-full\" src=\"http:\/\/www.blogdopilako.com.br\/wp\/wp-content\/uploads\/2025\/04\/Pix-arte-final-2-7-768x301-20-31-2.png\" alt=\"\" width=\"768\" height=\"301\" srcset=\"http:\/\/www.blogdopilako.com.br\/wp\/wp-content\/uploads\/2025\/04\/Pix-arte-final-2-7-768x301-20-31-2.png 768w, http:\/\/www.blogdopilako.com.br\/wp\/wp-content\/uploads\/2025\/04\/Pix-arte-final-2-7-768x301-20-31-2-300x118.png 300w, http:\/\/www.blogdopilako.com.br\/wp\/wp-content\/uploads\/2025\/04\/Pix-arte-final-2-7-768x301-20-31-2-500x196.png 500w\" sizes=\"(max-width: 768px) 100vw, 768px\" \/><\/p>\n\n\t\t\t\t<div class=\"mr_social_sharing_wrapper\">\n\t\t\t\t<!-- Social Sharing Toolkit v2.2 --><span class=\"mr_social_sharing_top\"><span style=\"display: inline-block; width: 55px; height: 62px; overflow: hidden;\"><div class=\"fb-like\" data-href=\"http:\/\/www.blogdopilako.com.br\/wp\/2025\/04\/30\/vida-passada-osvaldo-cruz-por-celio-meira\/\" data-send=\"false\" data-layout=\"box_count\" data-width=\"55\" data-show-faces=\"false\"><\/div><\/span><\/span><span class=\"mr_social_sharing_top\"><fb:share-button type=\"box_count\" href=\"http:\/\/www.blogdopilako.com.br\/wp\/2025\/04\/30\/vida-passada-osvaldo-cruz-por-celio-meira\/\"><\/fb:share-button><\/span><span class=\"mr_social_sharing\"><a rel=\"nofollow\" class=\"linksalpha_button linksalpha_link\" href=\"\/\/www.linksalpha.com\/social\/mobile\" data-url=\"http:\/\/www.blogdopilako.com.br\/wp\/2025\/04\/30\/vida-passada-osvaldo-cruz-por-celio-meira\/\" data-text=\"Vida Passada\u2026 \u2013 Osvaldo Cruz \u2013 por C\u00e9lio Meira.\" data-desc=\"Na zona leste da terra paulista, naquela cidade antiga de S. Luiz de Paraitinga, onde o escritor Francisco de Assis Barbosa viu, e exaltou, \u201cvelhos sobrados coloniais no p\u00e1teo da matriz\u201d, nasceu, no ano de 1875, Osvaldo Gon\u00e7alves Cruz. Muito Jovem, aos 20 anos de idade, conquistou, no\" data-image=\"http:\/\/www.blogdopilako.com.br\/wp\/wp-content\/uploads\/2025\/04\/Celio-2.jpg\" data-button=\"none\">\n\t\t\t\t\t<img src=\"\/\/www.linksalpha.com\/images\/social_share_button.png\" alt=\"Share\" class=\"linksalpha_image\" \/>\n\t\t\t\t\t<\/a><script type=\"text\/javascript\" src=\"\/\/www.linksalpha.com\/scripts\/loader_iconbox.js?v=2.4\"><\/script><\/span><\/div>","protected":false},"excerpt":{"rendered":"\n\t\t\t\t<div class=\"mr_social_sharing_wrapper\">\n\t\t\t\t<!-- Social Sharing Toolkit v2.2 --><span class=\"mr_social_sharing_top\"><span style=\"display: inline-block; width: 55px; height: 62px; overflow: hidden;\"><div class=\"fb-like\" data-href=\"http:\/\/www.blogdopilako.com.br\/wp\/2025\/04\/30\/vida-passada-osvaldo-cruz-por-celio-meira\/\" data-send=\"false\" data-layout=\"box_count\" data-width=\"55\" data-show-faces=\"false\"><\/div><\/span><\/span><span class=\"mr_social_sharing_top\"><fb:share-button type=\"box_count\" href=\"http:\/\/www.blogdopilako.com.br\/wp\/2025\/04\/30\/vida-passada-osvaldo-cruz-por-celio-meira\/\"><\/fb:share-button><\/span><span class=\"mr_social_sharing\"><a rel=\"nofollow\" class=\"linksalpha_button linksalpha_link\" href=\"\/\/www.linksalpha.com\/social\/mobile\" data-url=\"http:\/\/www.blogdopilako.com.br\/wp\/2025\/04\/30\/vida-passada-osvaldo-cruz-por-celio-meira\/\" data-text=\"Vida Passada\u2026 \u2013 Osvaldo Cruz \u2013 por C\u00e9lio Meira.\" data-desc=\"Na zona leste da terra paulista, naquela cidade antiga de S. Luiz de Paraitinga, onde o escritor Francisco de Assis Barbosa viu, e exaltou, \u201cvelhos sobrados coloniais no p\u00e1teo da matriz\u201d, nasceu, no ano de 1875, Osvaldo Gon\u00e7alves Cruz. Muito Jovem, aos 20 anos de idade, conquistou, no\" data-image=\"\" data-button=\"none\">\n\t\t\t\t\t<img src=\"\/\/www.linksalpha.com\/images\/social_share_button.png\" alt=\"Share\" class=\"linksalpha_image\" \/>\n\t\t\t\t\t<\/a><script type=\"text\/javascript\" src=\"\/\/www.linksalpha.com\/scripts\/loader_iconbox.js?v=2.4\"><\/script><\/span><\/div><p>Na zona leste da terra paulista, naquela cidade antiga de S. Luiz de Paraitinga, onde o escritor Francisco de Assis Barbosa viu, e exaltou, \u201cvelhos sobrados coloniais no p\u00e1teo da matriz\u201d, nasceu, no ano de 1875, Osvaldo Gon\u00e7alves Cruz. Muito &hellip; <a href=\"http:\/\/www.blogdopilako.com.br\/wp\/2025\/04\/30\/vida-passada-osvaldo-cruz-por-celio-meira\/\">Continue lendo <span class=\"meta-nav\">&rarr;<\/span><\/a><\/p>\n\n\t\t\t\t<div class=\"mr_social_sharing_wrapper\">\n\t\t\t\t<!-- Social Sharing Toolkit v2.2 --><span class=\"mr_social_sharing_top\"><span style=\"display: inline-block; width: 55px; height: 62px; overflow: hidden;\"><div class=\"fb-like\" data-href=\"http:\/\/www.blogdopilako.com.br\/wp\/2025\/04\/30\/vida-passada-osvaldo-cruz-por-celio-meira\/\" data-send=\"false\" data-layout=\"box_count\" data-width=\"55\" data-show-faces=\"false\"><\/div><\/span><\/span><span class=\"mr_social_sharing_top\"><fb:share-button type=\"box_count\" href=\"http:\/\/www.blogdopilako.com.br\/wp\/2025\/04\/30\/vida-passada-osvaldo-cruz-por-celio-meira\/\"><\/fb:share-button><\/span><span class=\"mr_social_sharing\"><a rel=\"nofollow\" class=\"linksalpha_button linksalpha_link\" href=\"\/\/www.linksalpha.com\/social\/mobile\" data-url=\"http:\/\/www.blogdopilako.com.br\/wp\/2025\/04\/30\/vida-passada-osvaldo-cruz-por-celio-meira\/\" data-text=\"Vida Passada\u2026 \u2013 Osvaldo Cruz \u2013 por C\u00e9lio Meira.\" data-desc=\"Na zona leste da terra paulista, naquela cidade antiga de S. Luiz de Paraitinga, onde o escritor Francisco de Assis Barbosa viu, e exaltou, \u201cvelhos sobrados coloniais no p\u00e1teo da matriz\u201d, nasceu, no ano de 1875, Osvaldo Gon\u00e7alves Cruz. Muito Jovem, aos 20 anos de idade, conquistou, no\" data-image=\"\" data-button=\"none\">\n\t\t\t\t\t<img src=\"\/\/www.linksalpha.com\/images\/social_share_button.png\" alt=\"Share\" class=\"linksalpha_image\" \/>\n\t\t\t\t\t<\/a><script type=\"text\/javascript\" src=\"\/\/www.linksalpha.com\/scripts\/loader_iconbox.js?v=2.4\"><\/script><\/span><\/div>","protected":false},"author":2,"featured_media":0,"comment_status":"open","ping_status":"open","sticky":false,"template":"","format":"standard","meta":[],"categories":[21],"tags":[],"_links":{"self":[{"href":"http:\/\/www.blogdopilako.com.br\/wp\/wp-json\/wp\/v2\/posts\/147809"}],"collection":[{"href":"http:\/\/www.blogdopilako.com.br\/wp\/wp-json\/wp\/v2\/posts"}],"about":[{"href":"http:\/\/www.blogdopilako.com.br\/wp\/wp-json\/wp\/v2\/types\/post"}],"author":[{"embeddable":true,"href":"http:\/\/www.blogdopilako.com.br\/wp\/wp-json\/wp\/v2\/users\/2"}],"replies":[{"embeddable":true,"href":"http:\/\/www.blogdopilako.com.br\/wp\/wp-json\/wp\/v2\/comments?post=147809"}],"version-history":[{"count":2,"href":"http:\/\/www.blogdopilako.com.br\/wp\/wp-json\/wp\/v2\/posts\/147809\/revisions"}],"predecessor-version":[{"id":147813,"href":"http:\/\/www.blogdopilako.com.br\/wp\/wp-json\/wp\/v2\/posts\/147809\/revisions\/147813"}],"wp:attachment":[{"href":"http:\/\/www.blogdopilako.com.br\/wp\/wp-json\/wp\/v2\/media?parent=147809"}],"wp:term":[{"taxonomy":"category","embeddable":true,"href":"http:\/\/www.blogdopilako.com.br\/wp\/wp-json\/wp\/v2\/categories?post=147809"},{"taxonomy":"post_tag","embeddable":true,"href":"http:\/\/www.blogdopilako.com.br\/wp\/wp-json\/wp\/v2\/tags?post=147809"}],"curies":[{"name":"wp","href":"https:\/\/api.w.org\/{rel}","templated":true}]}}