{"id":147718,"date":"2025-04-15T15:33:35","date_gmt":"2025-04-15T18:33:35","guid":{"rendered":"https:\/\/www.blogdopilako.com.br\/wp\/?p=147718"},"modified":"2025-04-15T15:33:35","modified_gmt":"2025-04-15T18:33:35","slug":"os-afetos-por-sosigenes-bittencourt","status":"publish","type":"post","link":"http:\/\/www.blogdopilako.com.br\/wp\/2025\/04\/15\/os-afetos-por-sosigenes-bittencourt\/","title":{"rendered":"OS AFETOS &#8211; por Sos\u00edgenes Bittencourt."},"content":{"rendered":"\n\t\t\t\t<div class=\"mr_social_sharing_wrapper\">\n\t\t\t\t<!-- Social Sharing Toolkit v2.2 --><span class=\"mr_social_sharing_top\"><span style=\"display: inline-block; width: 55px; height: 62px; overflow: hidden;\"><div class=\"fb-like\" data-href=\"http:\/\/www.blogdopilako.com.br\/wp\/2025\/04\/15\/os-afetos-por-sosigenes-bittencourt\/\" data-send=\"false\" data-layout=\"box_count\" data-width=\"55\" data-show-faces=\"false\"><\/div><\/span><\/span><span class=\"mr_social_sharing_top\"><fb:share-button type=\"box_count\" href=\"http:\/\/www.blogdopilako.com.br\/wp\/2025\/04\/15\/os-afetos-por-sosigenes-bittencourt\/\"><\/fb:share-button><\/span><span class=\"mr_social_sharing\"><a rel=\"nofollow\" class=\"linksalpha_button linksalpha_link\" href=\"\/\/www.linksalpha.com\/social\/mobile\" data-url=\"http:\/\/www.blogdopilako.com.br\/wp\/2025\/04\/15\/os-afetos-por-sosigenes-bittencourt\/\" data-text=\"OS AFETOS \u2013 por Sos\u00edgenes Bittencourt.\" data-desc=\"Os afetos podem tudo, mas os afetos n\u00e3o podem tudo. Por qu\u00ea? Porque os afetos movem nossas a\u00e7\u00f5es, mas nossas a\u00e7\u00f5es esbarram em limites. O inteligente n\u00e3o \u00e9 livrar-se do afeto, \u00e9 preserv\u00e1-lo, admitindo os limites. Os limites s\u00e3o exatamente para a preserva\u00e7\u00e3o dos afetos. Afetuoso\" data-image=\"http:\/\/www.blogdopilako.com.br\/wp\/wp-content\/uploads\/2025\/04\/5e1f5dbd-23fb-4992-b0c3-b9158fe32010.jpg\" data-button=\"none\">\n\t\t\t\t\t<img src=\"\/\/www.linksalpha.com\/images\/social_share_button.png\" alt=\"Share\" class=\"linksalpha_image\" \/>\n\t\t\t\t\t<\/a><script type=\"text\/javascript\" src=\"\/\/www.linksalpha.com\/scripts\/loader_iconbox.js?v=2.4\"><\/script><\/span><\/div><p style=\"text-align: justify;\"><img loading=\"lazy\" class=\"wp-image-147720 size-full alignright\" src=\"http:\/\/www.blogdopilako.com.br\/wp\/wp-content\/uploads\/2025\/04\/5e1f5dbd-23fb-4992-b0c3-b9158fe32010.jpg\" alt=\"\" width=\"300\" height=\"300\" srcset=\"http:\/\/www.blogdopilako.com.br\/wp\/wp-content\/uploads\/2025\/04\/5e1f5dbd-23fb-4992-b0c3-b9158fe32010.jpg 300w, http:\/\/www.blogdopilako.com.br\/wp\/wp-content\/uploads\/2025\/04\/5e1f5dbd-23fb-4992-b0c3-b9158fe32010-150x150.jpg 150w\" sizes=\"(max-width: 300px) 100vw, 300px\" \/><br \/>\nOs afetos podem tudo, mas os afetos n\u00e3o podem tudo. Por qu\u00ea? Porque os afetos movem nossas a\u00e7\u00f5es, mas nossas a\u00e7\u00f5es esbarram em limites. O inteligente n\u00e3o \u00e9 livrar-se do afeto, \u00e9 preserv\u00e1-lo, admitindo os limites. Os limites s\u00e3o exatamente para a preserva\u00e7\u00e3o dos afetos.<br \/>\nAfetuoso abra\u00e7o!<\/p>\n<p><strong>Sos\u00edgenes Bittencourt<\/strong><\/p>\n<p><img loading=\"lazy\" class=\"alignnone wp-image-147715 size-full\" src=\"http:\/\/www.blogdopilako.com.br\/wp\/wp-content\/uploads\/2025\/04\/Pix-arte-final-2-7-768x301-20-19.png\" alt=\"\" width=\"768\" height=\"301\" srcset=\"http:\/\/www.blogdopilako.com.br\/wp\/wp-content\/uploads\/2025\/04\/Pix-arte-final-2-7-768x301-20-19.png 768w, http:\/\/www.blogdopilako.com.br\/wp\/wp-content\/uploads\/2025\/04\/Pix-arte-final-2-7-768x301-20-19-300x118.png 300w, http:\/\/www.blogdopilako.com.br\/wp\/wp-content\/uploads\/2025\/04\/Pix-arte-final-2-7-768x301-20-19-500x196.png 500w\" sizes=\"(max-width: 768px) 100vw, 768px\" \/><\/p>\n\n\t\t\t\t<div class=\"mr_social_sharing_wrapper\">\n\t\t\t\t<!-- Social Sharing Toolkit v2.2 --><span class=\"mr_social_sharing_top\"><span style=\"display: inline-block; width: 55px; height: 62px; overflow: hidden;\"><div class=\"fb-like\" data-href=\"http:\/\/www.blogdopilako.com.br\/wp\/2025\/04\/15\/os-afetos-por-sosigenes-bittencourt\/\" data-send=\"false\" data-layout=\"box_count\" data-width=\"55\" data-show-faces=\"false\"><\/div><\/span><\/span><span class=\"mr_social_sharing_top\"><fb:share-button type=\"box_count\" href=\"http:\/\/www.blogdopilako.com.br\/wp\/2025\/04\/15\/os-afetos-por-sosigenes-bittencourt\/\"><\/fb:share-button><\/span><span class=\"mr_social_sharing\"><a rel=\"nofollow\" class=\"linksalpha_button linksalpha_link\" href=\"\/\/www.linksalpha.com\/social\/mobile\" data-url=\"http:\/\/www.blogdopilako.com.br\/wp\/2025\/04\/15\/os-afetos-por-sosigenes-bittencourt\/\" data-text=\"OS AFETOS \u2013 por Sos\u00edgenes Bittencourt.\" data-desc=\"Os afetos podem tudo, mas os afetos n\u00e3o podem tudo. Por qu\u00ea? Porque os afetos movem nossas a\u00e7\u00f5es, mas nossas a\u00e7\u00f5es esbarram em limites. O inteligente n\u00e3o \u00e9 livrar-se do afeto, \u00e9 preserv\u00e1-lo, admitindo os limites. Os limites s\u00e3o exatamente para a preserva\u00e7\u00e3o dos afetos. Afetuoso\" data-image=\"http:\/\/www.blogdopilako.com.br\/wp\/wp-content\/uploads\/2025\/04\/5e1f5dbd-23fb-4992-b0c3-b9158fe32010.jpg\" data-button=\"none\">\n\t\t\t\t\t<img src=\"\/\/www.linksalpha.com\/images\/social_share_button.png\" alt=\"Share\" class=\"linksalpha_image\" \/>\n\t\t\t\t\t<\/a><script type=\"text\/javascript\" src=\"\/\/www.linksalpha.com\/scripts\/loader_iconbox.js?v=2.4\"><\/script><\/span><\/div>","protected":false},"excerpt":{"rendered":"\n\t\t\t\t<div class=\"mr_social_sharing_wrapper\">\n\t\t\t\t<!-- Social Sharing Toolkit v2.2 --><span class=\"mr_social_sharing_top\"><span style=\"display: inline-block; width: 55px; height: 62px; overflow: hidden;\"><div class=\"fb-like\" data-href=\"http:\/\/www.blogdopilako.com.br\/wp\/2025\/04\/15\/os-afetos-por-sosigenes-bittencourt\/\" data-send=\"false\" data-layout=\"box_count\" data-width=\"55\" data-show-faces=\"false\"><\/div><\/span><\/span><span class=\"mr_social_sharing_top\"><fb:share-button type=\"box_count\" href=\"http:\/\/www.blogdopilako.com.br\/wp\/2025\/04\/15\/os-afetos-por-sosigenes-bittencourt\/\"><\/fb:share-button><\/span><span class=\"mr_social_sharing\"><a rel=\"nofollow\" class=\"linksalpha_button linksalpha_link\" href=\"\/\/www.linksalpha.com\/social\/mobile\" data-url=\"http:\/\/www.blogdopilako.com.br\/wp\/2025\/04\/15\/os-afetos-por-sosigenes-bittencourt\/\" data-text=\"OS AFETOS \u2013 por Sos\u00edgenes Bittencourt.\" data-desc=\"Os afetos podem tudo, mas os afetos n\u00e3o podem tudo. Por qu\u00ea? Porque os afetos movem nossas a\u00e7\u00f5es, mas nossas a\u00e7\u00f5es esbarram em limites. O inteligente n\u00e3o \u00e9 livrar-se do afeto, \u00e9 preserv\u00e1-lo, admitindo os limites. Os limites s\u00e3o exatamente para a preserva\u00e7\u00e3o dos afetos. Afetuoso\" data-image=\"\" data-button=\"none\">\n\t\t\t\t\t<img src=\"\/\/www.linksalpha.com\/images\/social_share_button.png\" alt=\"Share\" class=\"linksalpha_image\" \/>\n\t\t\t\t\t<\/a><script type=\"text\/javascript\" src=\"\/\/www.linksalpha.com\/scripts\/loader_iconbox.js?v=2.4\"><\/script><\/span><\/div><p>Os afetos podem tudo, mas os afetos n\u00e3o podem tudo. Por qu\u00ea? Porque os afetos movem nossas a\u00e7\u00f5es, mas nossas a\u00e7\u00f5es esbarram em limites. O inteligente n\u00e3o \u00e9 livrar-se do afeto, \u00e9 preserv\u00e1-lo, admitindo os limites. Os limites s\u00e3o exatamente &hellip; <a href=\"http:\/\/www.blogdopilako.com.br\/wp\/2025\/04\/15\/os-afetos-por-sosigenes-bittencourt\/\">Continue lendo <span class=\"meta-nav\">&rarr;<\/span><\/a><\/p>\n\n\t\t\t\t<div class=\"mr_social_sharing_wrapper\">\n\t\t\t\t<!-- Social Sharing Toolkit v2.2 --><span class=\"mr_social_sharing_top\"><span style=\"display: inline-block; width: 55px; height: 62px; overflow: hidden;\"><div class=\"fb-like\" data-href=\"http:\/\/www.blogdopilako.com.br\/wp\/2025\/04\/15\/os-afetos-por-sosigenes-bittencourt\/\" data-send=\"false\" data-layout=\"box_count\" data-width=\"55\" data-show-faces=\"false\"><\/div><\/span><\/span><span class=\"mr_social_sharing_top\"><fb:share-button type=\"box_count\" href=\"http:\/\/www.blogdopilako.com.br\/wp\/2025\/04\/15\/os-afetos-por-sosigenes-bittencourt\/\"><\/fb:share-button><\/span><span class=\"mr_social_sharing\"><a rel=\"nofollow\" class=\"linksalpha_button linksalpha_link\" href=\"\/\/www.linksalpha.com\/social\/mobile\" data-url=\"http:\/\/www.blogdopilako.com.br\/wp\/2025\/04\/15\/os-afetos-por-sosigenes-bittencourt\/\" data-text=\"OS AFETOS \u2013 por Sos\u00edgenes Bittencourt.\" data-desc=\"Os afetos podem tudo, mas os afetos n\u00e3o podem tudo. Por qu\u00ea? Porque os afetos movem nossas a\u00e7\u00f5es, mas nossas a\u00e7\u00f5es esbarram em limites. O inteligente n\u00e3o \u00e9 livrar-se do afeto, \u00e9 preserv\u00e1-lo, admitindo os limites. Os limites s\u00e3o exatamente para a preserva\u00e7\u00e3o dos afetos. Afetuoso\" data-image=\"\" data-button=\"none\">\n\t\t\t\t\t<img src=\"\/\/www.linksalpha.com\/images\/social_share_button.png\" alt=\"Share\" class=\"linksalpha_image\" \/>\n\t\t\t\t\t<\/a><script type=\"text\/javascript\" src=\"\/\/www.linksalpha.com\/scripts\/loader_iconbox.js?v=2.4\"><\/script><\/span><\/div>","protected":false},"author":2,"featured_media":0,"comment_status":"open","ping_status":"open","sticky":false,"template":"","format":"standard","meta":[],"categories":[20],"tags":[],"_links":{"self":[{"href":"http:\/\/www.blogdopilako.com.br\/wp\/wp-json\/wp\/v2\/posts\/147718"}],"collection":[{"href":"http:\/\/www.blogdopilako.com.br\/wp\/wp-json\/wp\/v2\/posts"}],"about":[{"href":"http:\/\/www.blogdopilako.com.br\/wp\/wp-json\/wp\/v2\/types\/post"}],"author":[{"embeddable":true,"href":"http:\/\/www.blogdopilako.com.br\/wp\/wp-json\/wp\/v2\/users\/2"}],"replies":[{"embeddable":true,"href":"http:\/\/www.blogdopilako.com.br\/wp\/wp-json\/wp\/v2\/comments?post=147718"}],"version-history":[{"count":1,"href":"http:\/\/www.blogdopilako.com.br\/wp\/wp-json\/wp\/v2\/posts\/147718\/revisions"}],"predecessor-version":[{"id":147721,"href":"http:\/\/www.blogdopilako.com.br\/wp\/wp-json\/wp\/v2\/posts\/147718\/revisions\/147721"}],"wp:attachment":[{"href":"http:\/\/www.blogdopilako.com.br\/wp\/wp-json\/wp\/v2\/media?parent=147718"}],"wp:term":[{"taxonomy":"category","embeddable":true,"href":"http:\/\/www.blogdopilako.com.br\/wp\/wp-json\/wp\/v2\/categories?post=147718"},{"taxonomy":"post_tag","embeddable":true,"href":"http:\/\/www.blogdopilako.com.br\/wp\/wp-json\/wp\/v2\/tags?post=147718"}],"curies":[{"name":"wp","href":"https:\/\/api.w.org\/{rel}","templated":true}]}}