{"id":146558,"date":"2024-12-05T10:39:26","date_gmt":"2024-12-05T13:39:26","guid":{"rendered":"https:\/\/www.blogdopilako.com.br\/wp\/?p=146558"},"modified":"2024-12-05T10:39:43","modified_gmt":"2024-12-05T13:39:43","slug":"gentilico-antonense-a-camara-de-vereadores-segue-discutindo-e-analisando","status":"publish","type":"post","link":"http:\/\/www.blogdopilako.com.br\/wp\/2024\/12\/05\/gentilico-antonense-a-camara-de-vereadores-segue-discutindo-e-analisando\/","title":{"rendered":"Gent\u00edlico Antonense: a C\u00e2mara de Vereadores segue discutindo e analisando!!!"},"content":{"rendered":"\n\t\t\t\t<div class=\"mr_social_sharing_wrapper\">\n\t\t\t\t<!-- Social Sharing Toolkit v2.2 --><span class=\"mr_social_sharing_top\"><span style=\"display: inline-block; width: 55px; height: 62px; overflow: hidden;\"><div class=\"fb-like\" data-href=\"http:\/\/www.blogdopilako.com.br\/wp\/2024\/12\/05\/gentilico-antonense-a-camara-de-vereadores-segue-discutindo-e-analisando\/\" data-send=\"false\" data-layout=\"box_count\" data-width=\"55\" data-show-faces=\"false\"><\/div><\/span><\/span><span class=\"mr_social_sharing_top\"><fb:share-button type=\"box_count\" href=\"http:\/\/www.blogdopilako.com.br\/wp\/2024\/12\/05\/gentilico-antonense-a-camara-de-vereadores-segue-discutindo-e-analisando\/\"><\/fb:share-button><\/span><span class=\"mr_social_sharing\"><a rel=\"nofollow\" class=\"linksalpha_button linksalpha_link\" href=\"\/\/www.linksalpha.com\/social\/mobile\" data-url=\"http:\/\/www.blogdopilako.com.br\/wp\/2024\/12\/05\/gentilico-antonense-a-camara-de-vereadores-segue-discutindo-e-analisando\/\" data-text=\"Gent\u00edlico Antonense: a C\u00e2mara de Vereadores segue discutindo e analisando!!!\" data-desc=\"Por ocasi\u00e3o do evento na C\u00e2mara de Vereadores da nossa cidade \u2013 Vit\u00f3ria de Santo Ant\u00e3o -, ocorrido em 08 de novembro de 2025, em que fui condecorado com o honroso T\u00edtulo de Cidad\u00e3o Vitoriense, no meu momento de fala na tribuna, al\u00e9m de contar um pouco da hist\u00f3ria da minha fam\u00edlia e\" data-image=\"http:\/\/www.blogdopilako.com.br\/wp\/wp-content\/uploads\/2024\/12\/R.jpg\" data-button=\"none\">\n\t\t\t\t\t<img src=\"\/\/www.linksalpha.com\/images\/social_share_button.png\" alt=\"Share\" class=\"linksalpha_image\" \/>\n\t\t\t\t\t<\/a><script type=\"text\/javascript\" src=\"\/\/www.linksalpha.com\/scripts\/loader_iconbox.js?v=2.4\"><\/script><\/span><\/div><p><img loading=\"lazy\" class=\"aligncenter wp-image-146559 size-full\" src=\"http:\/\/www.blogdopilako.com.br\/wp\/wp-content\/uploads\/2024\/12\/R.jpg\" alt=\"\" width=\"515\" height=\"239\" srcset=\"http:\/\/www.blogdopilako.com.br\/wp\/wp-content\/uploads\/2024\/12\/R.jpg 515w, http:\/\/www.blogdopilako.com.br\/wp\/wp-content\/uploads\/2024\/12\/R-300x139.jpg 300w, http:\/\/www.blogdopilako.com.br\/wp\/wp-content\/uploads\/2024\/12\/R-500x232.jpg 500w\" sizes=\"(max-width: 515px) 100vw, 515px\" \/><\/p>\n<p style=\"text-align: justify;\">Por ocasi\u00e3o do evento na C\u00e2mara de Vereadores da nossa cidade \u2013 Vit\u00f3ria de Santo Ant\u00e3o -, ocorrido em 08 de novembro de 2025, em que fui condecorado com o honroso T\u00edtulo de Cidad\u00e3o Vitoriense, no meu momento de fala na tribuna, al\u00e9m de contar um pouco da hist\u00f3ria da minha fam\u00edlia e agradecer aos parlamentares, principalmente ao vereador Doutor Saulo, pela indica\u00e7\u00e3o, tamb\u00e9m deixei uma sugest\u00e3o ao Poder Legislativo. <strong>Ou seja: \u00e0 inclus\u00e3o do gent\u00edlico \u201cantonense\u201d \u00e0 disposi\u00e7\u00e3o dos\u00a0 conterr\u00e2neos.<\/strong><\/p>\n<p style=\"text-align: justify;\"><strong>Naquela ocasi\u00e3o, inclusive, fiz uma pequena explica\u00e7\u00e3o t\u00e9cnica e historiogr\u00e1fica sobre o termo \u201cvitoriense\u201d e \u201cantonense\u201d.<\/strong><\/p>\n<p style=\"text-align: justify;\">Pois bem, em ato cont\u00ednuo, dias depois, o vereador Doutor Saulo produziu um projeto e apresentou aos pares \u00e0 inclus\u00e3o do \u00a0gent\u00edlico \u201cantonense\u201d, sem preju\u00edzo aos j\u00e1 existente. Isto \u00e9: \u201cvitoriense\u201d.<\/p>\n<p><img loading=\"lazy\" class=\"aligncenter wp-image-146560 size-full\" src=\"http:\/\/www.blogdopilako.com.br\/wp\/wp-content\/uploads\/2024\/12\/5fb5f5b9-9607-4b53-a0c6-99d0f92e3146.jpg\" alt=\"\" width=\"1600\" height=\"900\" srcset=\"http:\/\/www.blogdopilako.com.br\/wp\/wp-content\/uploads\/2024\/12\/5fb5f5b9-9607-4b53-a0c6-99d0f92e3146.jpg 1600w, http:\/\/www.blogdopilako.com.br\/wp\/wp-content\/uploads\/2024\/12\/5fb5f5b9-9607-4b53-a0c6-99d0f92e3146-300x169.jpg 300w, http:\/\/www.blogdopilako.com.br\/wp\/wp-content\/uploads\/2024\/12\/5fb5f5b9-9607-4b53-a0c6-99d0f92e3146-1024x576.jpg 1024w, http:\/\/www.blogdopilako.com.br\/wp\/wp-content\/uploads\/2024\/12\/5fb5f5b9-9607-4b53-a0c6-99d0f92e3146-768x432.jpg 768w, http:\/\/www.blogdopilako.com.br\/wp\/wp-content\/uploads\/2024\/12\/5fb5f5b9-9607-4b53-a0c6-99d0f92e3146-1536x864.jpg 1536w, http:\/\/www.blogdopilako.com.br\/wp\/wp-content\/uploads\/2024\/12\/5fb5f5b9-9607-4b53-a0c6-99d0f92e3146-500x281.jpg 500w\" sizes=\"(max-width: 1600px) 100vw, 1600px\" \/><\/p>\n<p style=\"text-align: justify;\">Assim sendo, na manh\u00e3 de ontem (04) o referido parlamentar entrou em contato, convidando-me para fazer, \u00e0 tarde (15h), na Sess\u00e3o Ordin\u00e1ria da Casa, \u00a0uma pequena explana\u00e7\u00e3o na tribuna, \u00a0sobre o termo \u2013 antonense &#8211;\u00a0 ao conjunto de vereadores,<strong> no sentido de ampliar e tirar d\u00favidas sobre o tema aludido, ou seja: o gent\u00edlico antonense.<\/strong><\/p>\n<p style=\"text-align: justify;\">Sem titubear, at\u00e9 porque o tema \u00e9 relevante e merece a maior aten\u00e7\u00e3o de todos n\u00f3s, compareci, no hor\u00e1rio determinado, \u00e0 C\u00e2mara <strong>e usei a tribuna para mais uma explica\u00e7\u00e3o.<\/strong> Ap\u00f3s o \u201cmeu tempo de fala\u201d, acompanhado atentamente pela maioria dos vereadores presentes, o presidente interino, vereador Lournaldo Junior, comunicou que o\u00a0 tema segue sendo\u00a0 debatido com os pares.<\/p>\n<p style=\"text-align: justify;\"><strong>Abaixo, segue, o v\u00eddeo completo da reuni\u00e3o da C\u00e2mara que consta as minhas considera\u00e7\u00f5es sobre o tema: gent\u00edlico antonense.<\/strong><\/p>\n<p><strong>Aqui<\/strong>:<a href=\"https:\/\/www.youtube.com\/watch?v=bg2w2Lzre3g\">https:\/\/www.youtube.com\/watch?v=bg2w2Lzre3g<\/a><\/p>\n<p><img loading=\"lazy\" class=\"aligncenter wp-image-146556 size-large\" src=\"http:\/\/www.blogdopilako.com.br\/wp\/wp-content\/uploads\/2024\/12\/Pix-arte-final-2-6-1024x401.png\" alt=\"\" width=\"584\" height=\"229\" srcset=\"http:\/\/www.blogdopilako.com.br\/wp\/wp-content\/uploads\/2024\/12\/Pix-arte-final-2-6-1024x401.png 1024w, http:\/\/www.blogdopilako.com.br\/wp\/wp-content\/uploads\/2024\/12\/Pix-arte-final-2-6-300x117.png 300w, http:\/\/www.blogdopilako.com.br\/wp\/wp-content\/uploads\/2024\/12\/Pix-arte-final-2-6-768x301.png 768w, http:\/\/www.blogdopilako.com.br\/wp\/wp-content\/uploads\/2024\/12\/Pix-arte-final-2-6-1536x601.png 1536w, http:\/\/www.blogdopilako.com.br\/wp\/wp-content\/uploads\/2024\/12\/Pix-arte-final-2-6-2048x802.png 2048w, http:\/\/www.blogdopilako.com.br\/wp\/wp-content\/uploads\/2024\/12\/Pix-arte-final-2-6-500x196.png 500w\" sizes=\"(max-width: 584px) 100vw, 584px\" \/><\/p>\n<p>&nbsp;<\/p>\n\n\t\t\t\t<div class=\"mr_social_sharing_wrapper\">\n\t\t\t\t<!-- Social Sharing Toolkit v2.2 --><span class=\"mr_social_sharing_top\"><span style=\"display: inline-block; width: 55px; height: 62px; overflow: hidden;\"><div class=\"fb-like\" data-href=\"http:\/\/www.blogdopilako.com.br\/wp\/2024\/12\/05\/gentilico-antonense-a-camara-de-vereadores-segue-discutindo-e-analisando\/\" data-send=\"false\" data-layout=\"box_count\" data-width=\"55\" data-show-faces=\"false\"><\/div><\/span><\/span><span class=\"mr_social_sharing_top\"><fb:share-button type=\"box_count\" href=\"http:\/\/www.blogdopilako.com.br\/wp\/2024\/12\/05\/gentilico-antonense-a-camara-de-vereadores-segue-discutindo-e-analisando\/\"><\/fb:share-button><\/span><span class=\"mr_social_sharing\"><a rel=\"nofollow\" class=\"linksalpha_button linksalpha_link\" href=\"\/\/www.linksalpha.com\/social\/mobile\" data-url=\"http:\/\/www.blogdopilako.com.br\/wp\/2024\/12\/05\/gentilico-antonense-a-camara-de-vereadores-segue-discutindo-e-analisando\/\" data-text=\"Gent\u00edlico Antonense: a C\u00e2mara de Vereadores segue discutindo e analisando!!!\" data-desc=\"Por ocasi\u00e3o do evento na C\u00e2mara de Vereadores da nossa cidade \u2013 Vit\u00f3ria de Santo Ant\u00e3o -, ocorrido em 08 de novembro de 2025, em que fui condecorado com o honroso T\u00edtulo de Cidad\u00e3o Vitoriense, no meu momento de fala na tribuna, al\u00e9m de contar um pouco da hist\u00f3ria da minha fam\u00edlia e\" data-image=\"http:\/\/www.blogdopilako.com.br\/wp\/wp-content\/uploads\/2024\/12\/R.jpg\" data-button=\"none\">\n\t\t\t\t\t<img src=\"\/\/www.linksalpha.com\/images\/social_share_button.png\" alt=\"Share\" class=\"linksalpha_image\" \/>\n\t\t\t\t\t<\/a><script type=\"text\/javascript\" src=\"\/\/www.linksalpha.com\/scripts\/loader_iconbox.js?v=2.4\"><\/script><\/span><\/div>","protected":false},"excerpt":{"rendered":"\n\t\t\t\t<div class=\"mr_social_sharing_wrapper\">\n\t\t\t\t<!-- Social Sharing Toolkit v2.2 --><span class=\"mr_social_sharing_top\"><span style=\"display: inline-block; width: 55px; height: 62px; overflow: hidden;\"><div class=\"fb-like\" data-href=\"http:\/\/www.blogdopilako.com.br\/wp\/2024\/12\/05\/gentilico-antonense-a-camara-de-vereadores-segue-discutindo-e-analisando\/\" data-send=\"false\" data-layout=\"box_count\" data-width=\"55\" data-show-faces=\"false\"><\/div><\/span><\/span><span class=\"mr_social_sharing_top\"><fb:share-button type=\"box_count\" href=\"http:\/\/www.blogdopilako.com.br\/wp\/2024\/12\/05\/gentilico-antonense-a-camara-de-vereadores-segue-discutindo-e-analisando\/\"><\/fb:share-button><\/span><span class=\"mr_social_sharing\"><a rel=\"nofollow\" class=\"linksalpha_button linksalpha_link\" href=\"\/\/www.linksalpha.com\/social\/mobile\" data-url=\"http:\/\/www.blogdopilako.com.br\/wp\/2024\/12\/05\/gentilico-antonense-a-camara-de-vereadores-segue-discutindo-e-analisando\/\" data-text=\"Gent\u00edlico Antonense: a C\u00e2mara de Vereadores segue discutindo e analisando!!!\" data-desc=\"Por ocasi\u00e3o do evento na C\u00e2mara de Vereadores da nossa cidade \u2013 Vit\u00f3ria de Santo Ant\u00e3o -, ocorrido em 08 de novembro de 2025, em que fui condecorado com o honroso T\u00edtulo de Cidad\u00e3o Vitoriense, no meu momento de fala na tribuna, al\u00e9m de contar um pouco da hist\u00f3ria da minha fam\u00edlia e\" data-image=\"\" data-button=\"none\">\n\t\t\t\t\t<img src=\"\/\/www.linksalpha.com\/images\/social_share_button.png\" alt=\"Share\" class=\"linksalpha_image\" \/>\n\t\t\t\t\t<\/a><script type=\"text\/javascript\" src=\"\/\/www.linksalpha.com\/scripts\/loader_iconbox.js?v=2.4\"><\/script><\/span><\/div><p>Por ocasi\u00e3o do evento na C\u00e2mara de Vereadores da nossa cidade \u2013 Vit\u00f3ria de Santo Ant\u00e3o -, ocorrido em 08 de novembro de 2025, em que fui condecorado com o honroso T\u00edtulo de Cidad\u00e3o Vitoriense, no meu momento de fala &hellip; <a href=\"http:\/\/www.blogdopilako.com.br\/wp\/2024\/12\/05\/gentilico-antonense-a-camara-de-vereadores-segue-discutindo-e-analisando\/\">Continue lendo <span class=\"meta-nav\">&rarr;<\/span><\/a><\/p>\n\n\t\t\t\t<div class=\"mr_social_sharing_wrapper\">\n\t\t\t\t<!-- Social Sharing Toolkit v2.2 --><span class=\"mr_social_sharing_top\"><span style=\"display: inline-block; width: 55px; height: 62px; overflow: hidden;\"><div class=\"fb-like\" data-href=\"http:\/\/www.blogdopilako.com.br\/wp\/2024\/12\/05\/gentilico-antonense-a-camara-de-vereadores-segue-discutindo-e-analisando\/\" data-send=\"false\" data-layout=\"box_count\" data-width=\"55\" data-show-faces=\"false\"><\/div><\/span><\/span><span class=\"mr_social_sharing_top\"><fb:share-button type=\"box_count\" href=\"http:\/\/www.blogdopilako.com.br\/wp\/2024\/12\/05\/gentilico-antonense-a-camara-de-vereadores-segue-discutindo-e-analisando\/\"><\/fb:share-button><\/span><span class=\"mr_social_sharing\"><a rel=\"nofollow\" class=\"linksalpha_button linksalpha_link\" href=\"\/\/www.linksalpha.com\/social\/mobile\" data-url=\"http:\/\/www.blogdopilako.com.br\/wp\/2024\/12\/05\/gentilico-antonense-a-camara-de-vereadores-segue-discutindo-e-analisando\/\" data-text=\"Gent\u00edlico Antonense: a C\u00e2mara de Vereadores segue discutindo e analisando!!!\" data-desc=\"Por ocasi\u00e3o do evento na C\u00e2mara de Vereadores da nossa cidade \u2013 Vit\u00f3ria de Santo Ant\u00e3o -, ocorrido em 08 de novembro de 2025, em que fui condecorado com o honroso T\u00edtulo de Cidad\u00e3o Vitoriense, no meu momento de fala na tribuna, al\u00e9m de contar um pouco da hist\u00f3ria da minha fam\u00edlia e\" data-image=\"\" data-button=\"none\">\n\t\t\t\t\t<img src=\"\/\/www.linksalpha.com\/images\/social_share_button.png\" alt=\"Share\" class=\"linksalpha_image\" \/>\n\t\t\t\t\t<\/a><script type=\"text\/javascript\" src=\"\/\/www.linksalpha.com\/scripts\/loader_iconbox.js?v=2.4\"><\/script><\/span><\/div>","protected":false},"author":2,"featured_media":0,"comment_status":"open","ping_status":"open","sticky":false,"template":"","format":"standard","meta":[],"categories":[21],"tags":[],"_links":{"self":[{"href":"http:\/\/www.blogdopilako.com.br\/wp\/wp-json\/wp\/v2\/posts\/146558"}],"collection":[{"href":"http:\/\/www.blogdopilako.com.br\/wp\/wp-json\/wp\/v2\/posts"}],"about":[{"href":"http:\/\/www.blogdopilako.com.br\/wp\/wp-json\/wp\/v2\/types\/post"}],"author":[{"embeddable":true,"href":"http:\/\/www.blogdopilako.com.br\/wp\/wp-json\/wp\/v2\/users\/2"}],"replies":[{"embeddable":true,"href":"http:\/\/www.blogdopilako.com.br\/wp\/wp-json\/wp\/v2\/comments?post=146558"}],"version-history":[{"count":1,"href":"http:\/\/www.blogdopilako.com.br\/wp\/wp-json\/wp\/v2\/posts\/146558\/revisions"}],"predecessor-version":[{"id":146562,"href":"http:\/\/www.blogdopilako.com.br\/wp\/wp-json\/wp\/v2\/posts\/146558\/revisions\/146562"}],"wp:attachment":[{"href":"http:\/\/www.blogdopilako.com.br\/wp\/wp-json\/wp\/v2\/media?parent=146558"}],"wp:term":[{"taxonomy":"category","embeddable":true,"href":"http:\/\/www.blogdopilako.com.br\/wp\/wp-json\/wp\/v2\/categories?post=146558"},{"taxonomy":"post_tag","embeddable":true,"href":"http:\/\/www.blogdopilako.com.br\/wp\/wp-json\/wp\/v2\/tags?post=146558"}],"curies":[{"name":"wp","href":"https:\/\/api.w.org\/{rel}","templated":true}]}}