{"id":146536,"date":"2024-12-03T09:56:57","date_gmt":"2024-12-03T12:56:57","guid":{"rendered":"https:\/\/www.blogdopilako.com.br\/wp\/?p=146536"},"modified":"2024-12-03T09:56:57","modified_gmt":"2024-12-03T12:56:57","slug":"a-4o-corrida-e-caminhada-da-vitoria-homenageia-a-passagem-dos-120-anos-do-anjo-da-vitoria","status":"publish","type":"post","link":"http:\/\/www.blogdopilako.com.br\/wp\/2024\/12\/03\/a-4o-corrida-e-caminhada-da-vitoria-homenageia-a-passagem-dos-120-anos-do-anjo-da-vitoria\/","title":{"rendered":"A 4\u00ba Corrida e Caminhada da Vit\u00f3ria homenageia a passagem dos 120 anos do Anjo da Vit\u00f3ria."},"content":{"rendered":"\n\t\t\t\t<div class=\"mr_social_sharing_wrapper\">\n\t\t\t\t<!-- Social Sharing Toolkit v2.2 --><span class=\"mr_social_sharing_top\"><span style=\"display: inline-block; width: 55px; height: 62px; overflow: hidden;\"><div class=\"fb-like\" data-href=\"http:\/\/www.blogdopilako.com.br\/wp\/2024\/12\/03\/a-4o-corrida-e-caminhada-da-vitoria-homenageia-a-passagem-dos-120-anos-do-anjo-da-vitoria\/\" data-send=\"false\" data-layout=\"box_count\" data-width=\"55\" data-show-faces=\"false\"><\/div><\/span><\/span><span class=\"mr_social_sharing_top\"><fb:share-button type=\"box_count\" href=\"http:\/\/www.blogdopilako.com.br\/wp\/2024\/12\/03\/a-4o-corrida-e-caminhada-da-vitoria-homenageia-a-passagem-dos-120-anos-do-anjo-da-vitoria\/\"><\/fb:share-button><\/span><span class=\"mr_social_sharing\"><a rel=\"nofollow\" class=\"linksalpha_button linksalpha_link\" href=\"\/\/www.linksalpha.com\/social\/mobile\" data-url=\"http:\/\/www.blogdopilako.com.br\/wp\/2024\/12\/03\/a-4o-corrida-e-caminhada-da-vitoria-homenageia-a-passagem-dos-120-anos-do-anjo-da-vitoria\/\" data-text=\"A 4\u00ba Corrida e Caminhada da Vit\u00f3ria homenageia a passagem dos 120 anos do Anjo da Vit\u00f3ria.\" data-desc=\"4\u00aa Corrida da Vit\u00f3ria \u2013 27 de abril de 2025. Corrida 7km \u2013 Caminhada 3km \u2013 Concentra\u00e7\u00e3o \u00e0s 6h \u2013 Largada \u00e0s 7h. PREMIA\u00c7\u00d5ES Trof\u00e9u - 1\u00ba ao 5\u00ba colocado - masculino e feminino. Categorias: Geral - Local e Faixa Et\u00e1ria \u2013 Primeira faixa et\u00e1ria: at\u00e9 39 anos. Segunda faixa: dos 40\" data-image=\"http:\/\/www.blogdopilako.com.br\/wp\/wp-content\/uploads\/2024\/12\/ad134d6c-e075-40af-90f6-57d4338ec53c.jpg\" data-button=\"none\">\n\t\t\t\t\t<img src=\"\/\/www.linksalpha.com\/images\/social_share_button.png\" alt=\"Share\" class=\"linksalpha_image\" \/>\n\t\t\t\t\t<\/a><script type=\"text\/javascript\" src=\"\/\/www.linksalpha.com\/scripts\/loader_iconbox.js?v=2.4\"><\/script><\/span><\/div><p><img loading=\"lazy\" class=\"aligncenter wp-image-146537 size-full\" src=\"http:\/\/www.blogdopilako.com.br\/wp\/wp-content\/uploads\/2024\/12\/ad134d6c-e075-40af-90f6-57d4338ec53c.jpg\" alt=\"\" width=\"1080\" height=\"1350\" srcset=\"http:\/\/www.blogdopilako.com.br\/wp\/wp-content\/uploads\/2024\/12\/ad134d6c-e075-40af-90f6-57d4338ec53c.jpg 1080w, http:\/\/www.blogdopilako.com.br\/wp\/wp-content\/uploads\/2024\/12\/ad134d6c-e075-40af-90f6-57d4338ec53c-240x300.jpg 240w, http:\/\/www.blogdopilako.com.br\/wp\/wp-content\/uploads\/2024\/12\/ad134d6c-e075-40af-90f6-57d4338ec53c-819x1024.jpg 819w, http:\/\/www.blogdopilako.com.br\/wp\/wp-content\/uploads\/2024\/12\/ad134d6c-e075-40af-90f6-57d4338ec53c-768x960.jpg 768w\" sizes=\"(max-width: 1080px) 100vw, 1080px\" \/><\/p>\n<p style=\"text-align: center;\"><strong>4\u00aa Corrida da Vit\u00f3ria \u2013 27 de abril de 2025.<\/strong><br \/>\n<strong>Corrida 7km \u2013 Caminhada 3km \u2013 Concentra\u00e7\u00e3o \u00e0s 6h \u2013 Largada \u00e0s 7h.<\/strong><br \/>\n<strong>PREMIA\u00c7\u00d5ES <\/strong><br \/>\n<strong>Trof\u00e9u &#8211; 1\u00ba ao 5\u00ba colocado &#8211; masculino e feminino.<\/strong><br \/>\n<strong>Categorias: Geral &#8211; Local e Faixa Et\u00e1ria \u2013 <\/strong><br \/>\n<strong>Primeira faixa et\u00e1ria: at\u00e9 39 anos.<\/strong><br \/>\n<strong>Segunda faixa: dos 40 aos 49 anos.<\/strong><br \/>\n<strong>Terceira faixa: dos 50 aos 59 anos.<\/strong><br \/>\n<strong>Quarta faixa: dos 60 aos 69 anos.<\/strong><br \/>\n<strong>Quinta faixa: dos 70 em diante. <\/strong><br \/>\n<strong>Trof\u00e9u &#8211; Maior equipe (grupo) local e visitante. <\/strong><br \/>\n<strong>OBS: N\u00c3O HAVER\u00c1 PREMIA\u00c7\u00c3O EM DINHEIRO!<\/strong><br \/>\n<strong>Inscri\u00e7\u00f5es on-line: www.uptempo.com.br<\/strong><br \/>\n<strong>Inscri\u00e7\u00f5es para grupos: 81-9.9420.9773<\/strong><br \/>\n<strong>Inscri\u00e7\u00e3o presencial: Loja Monster Suplementos \u2013 Rua Valois Correia \u2013 96 \u2013 Matriz \u2013 Vit\u00f3ria. <\/strong><br \/>\n<strong>Valor da Inscri\u00e7\u00e3o no 1\u00ba lote <\/strong><br \/>\n<strong>Kit completo \u2013 corrida ou caminhada \u2013 R$ 95,00<\/strong><br \/>\n<strong>Kit sem a camisa \u2013 corrida ou caminhada \u2013 R$ 80,00<\/strong><\/p>\n<p>&nbsp;<\/p>\n\n\t\t\t\t<div class=\"mr_social_sharing_wrapper\">\n\t\t\t\t<!-- Social Sharing Toolkit v2.2 --><span class=\"mr_social_sharing_top\"><span style=\"display: inline-block; width: 55px; height: 62px; overflow: hidden;\"><div class=\"fb-like\" data-href=\"http:\/\/www.blogdopilako.com.br\/wp\/2024\/12\/03\/a-4o-corrida-e-caminhada-da-vitoria-homenageia-a-passagem-dos-120-anos-do-anjo-da-vitoria\/\" data-send=\"false\" data-layout=\"box_count\" data-width=\"55\" data-show-faces=\"false\"><\/div><\/span><\/span><span class=\"mr_social_sharing_top\"><fb:share-button type=\"box_count\" href=\"http:\/\/www.blogdopilako.com.br\/wp\/2024\/12\/03\/a-4o-corrida-e-caminhada-da-vitoria-homenageia-a-passagem-dos-120-anos-do-anjo-da-vitoria\/\"><\/fb:share-button><\/span><span class=\"mr_social_sharing\"><a rel=\"nofollow\" class=\"linksalpha_button linksalpha_link\" href=\"\/\/www.linksalpha.com\/social\/mobile\" data-url=\"http:\/\/www.blogdopilako.com.br\/wp\/2024\/12\/03\/a-4o-corrida-e-caminhada-da-vitoria-homenageia-a-passagem-dos-120-anos-do-anjo-da-vitoria\/\" data-text=\"A 4\u00ba Corrida e Caminhada da Vit\u00f3ria homenageia a passagem dos 120 anos do Anjo da Vit\u00f3ria.\" data-desc=\"4\u00aa Corrida da Vit\u00f3ria \u2013 27 de abril de 2025. Corrida 7km \u2013 Caminhada 3km \u2013 Concentra\u00e7\u00e3o \u00e0s 6h \u2013 Largada \u00e0s 7h. PREMIA\u00c7\u00d5ES Trof\u00e9u - 1\u00ba ao 5\u00ba colocado - masculino e feminino. Categorias: Geral - Local e Faixa Et\u00e1ria \u2013 Primeira faixa et\u00e1ria: at\u00e9 39 anos. Segunda faixa: dos 40\" data-image=\"http:\/\/www.blogdopilako.com.br\/wp\/wp-content\/uploads\/2024\/12\/ad134d6c-e075-40af-90f6-57d4338ec53c.jpg\" data-button=\"none\">\n\t\t\t\t\t<img src=\"\/\/www.linksalpha.com\/images\/social_share_button.png\" alt=\"Share\" class=\"linksalpha_image\" \/>\n\t\t\t\t\t<\/a><script type=\"text\/javascript\" src=\"\/\/www.linksalpha.com\/scripts\/loader_iconbox.js?v=2.4\"><\/script><\/span><\/div>","protected":false},"excerpt":{"rendered":"\n\t\t\t\t<div class=\"mr_social_sharing_wrapper\">\n\t\t\t\t<!-- Social Sharing Toolkit v2.2 --><span class=\"mr_social_sharing_top\"><span style=\"display: inline-block; width: 55px; height: 62px; overflow: hidden;\"><div class=\"fb-like\" data-href=\"http:\/\/www.blogdopilako.com.br\/wp\/2024\/12\/03\/a-4o-corrida-e-caminhada-da-vitoria-homenageia-a-passagem-dos-120-anos-do-anjo-da-vitoria\/\" data-send=\"false\" data-layout=\"box_count\" data-width=\"55\" data-show-faces=\"false\"><\/div><\/span><\/span><span class=\"mr_social_sharing_top\"><fb:share-button type=\"box_count\" href=\"http:\/\/www.blogdopilako.com.br\/wp\/2024\/12\/03\/a-4o-corrida-e-caminhada-da-vitoria-homenageia-a-passagem-dos-120-anos-do-anjo-da-vitoria\/\"><\/fb:share-button><\/span><span class=\"mr_social_sharing\"><a rel=\"nofollow\" class=\"linksalpha_button linksalpha_link\" href=\"\/\/www.linksalpha.com\/social\/mobile\" data-url=\"http:\/\/www.blogdopilako.com.br\/wp\/2024\/12\/03\/a-4o-corrida-e-caminhada-da-vitoria-homenageia-a-passagem-dos-120-anos-do-anjo-da-vitoria\/\" data-text=\"A 4\u00ba Corrida e Caminhada da Vit\u00f3ria homenageia a passagem dos 120 anos do Anjo da Vit\u00f3ria.\" data-desc=\"4\u00aa Corrida da Vit\u00f3ria \u2013 27 de abril de 2025. Corrida 7km \u2013 Caminhada 3km \u2013 Concentra\u00e7\u00e3o \u00e0s 6h \u2013 Largada \u00e0s 7h. PREMIA\u00c7\u00d5ES Trof\u00e9u - 1\u00ba ao 5\u00ba colocado - masculino e feminino. Categorias: Geral - Local e Faixa Et\u00e1ria \u2013 Primeira faixa et\u00e1ria: at\u00e9 39 anos. Segunda faixa: dos 40\" data-image=\"\" data-button=\"none\">\n\t\t\t\t\t<img src=\"\/\/www.linksalpha.com\/images\/social_share_button.png\" alt=\"Share\" class=\"linksalpha_image\" \/>\n\t\t\t\t\t<\/a><script type=\"text\/javascript\" src=\"\/\/www.linksalpha.com\/scripts\/loader_iconbox.js?v=2.4\"><\/script><\/span><\/div><p>4\u00aa Corrida da Vit\u00f3ria \u2013 27 de abril de 2025. Corrida 7km \u2013 Caminhada 3km \u2013 Concentra\u00e7\u00e3o \u00e0s 6h \u2013 Largada \u00e0s 7h. PREMIA\u00c7\u00d5ES Trof\u00e9u &#8211; 1\u00ba ao 5\u00ba colocado &#8211; masculino e feminino. Categorias: Geral &#8211; Local e Faixa &hellip; <a href=\"http:\/\/www.blogdopilako.com.br\/wp\/2024\/12\/03\/a-4o-corrida-e-caminhada-da-vitoria-homenageia-a-passagem-dos-120-anos-do-anjo-da-vitoria\/\">Continue lendo <span class=\"meta-nav\">&rarr;<\/span><\/a><\/p>\n\n\t\t\t\t<div class=\"mr_social_sharing_wrapper\">\n\t\t\t\t<!-- Social Sharing Toolkit v2.2 --><span class=\"mr_social_sharing_top\"><span style=\"display: inline-block; width: 55px; height: 62px; overflow: hidden;\"><div class=\"fb-like\" data-href=\"http:\/\/www.blogdopilako.com.br\/wp\/2024\/12\/03\/a-4o-corrida-e-caminhada-da-vitoria-homenageia-a-passagem-dos-120-anos-do-anjo-da-vitoria\/\" data-send=\"false\" data-layout=\"box_count\" data-width=\"55\" data-show-faces=\"false\"><\/div><\/span><\/span><span class=\"mr_social_sharing_top\"><fb:share-button type=\"box_count\" href=\"http:\/\/www.blogdopilako.com.br\/wp\/2024\/12\/03\/a-4o-corrida-e-caminhada-da-vitoria-homenageia-a-passagem-dos-120-anos-do-anjo-da-vitoria\/\"><\/fb:share-button><\/span><span class=\"mr_social_sharing\"><a rel=\"nofollow\" class=\"linksalpha_button linksalpha_link\" href=\"\/\/www.linksalpha.com\/social\/mobile\" data-url=\"http:\/\/www.blogdopilako.com.br\/wp\/2024\/12\/03\/a-4o-corrida-e-caminhada-da-vitoria-homenageia-a-passagem-dos-120-anos-do-anjo-da-vitoria\/\" data-text=\"A 4\u00ba Corrida e Caminhada da Vit\u00f3ria homenageia a passagem dos 120 anos do Anjo da Vit\u00f3ria.\" data-desc=\"4\u00aa Corrida da Vit\u00f3ria \u2013 27 de abril de 2025. Corrida 7km \u2013 Caminhada 3km \u2013 Concentra\u00e7\u00e3o \u00e0s 6h \u2013 Largada \u00e0s 7h. PREMIA\u00c7\u00d5ES Trof\u00e9u - 1\u00ba ao 5\u00ba colocado - masculino e feminino. Categorias: Geral - Local e Faixa Et\u00e1ria \u2013 Primeira faixa et\u00e1ria: at\u00e9 39 anos. Segunda faixa: dos 40\" data-image=\"\" data-button=\"none\">\n\t\t\t\t\t<img src=\"\/\/www.linksalpha.com\/images\/social_share_button.png\" alt=\"Share\" class=\"linksalpha_image\" \/>\n\t\t\t\t\t<\/a><script type=\"text\/javascript\" src=\"\/\/www.linksalpha.com\/scripts\/loader_iconbox.js?v=2.4\"><\/script><\/span><\/div>","protected":false},"author":2,"featured_media":0,"comment_status":"open","ping_status":"open","sticky":false,"template":"","format":"standard","meta":[],"categories":[21],"tags":[],"_links":{"self":[{"href":"http:\/\/www.blogdopilako.com.br\/wp\/wp-json\/wp\/v2\/posts\/146536"}],"collection":[{"href":"http:\/\/www.blogdopilako.com.br\/wp\/wp-json\/wp\/v2\/posts"}],"about":[{"href":"http:\/\/www.blogdopilako.com.br\/wp\/wp-json\/wp\/v2\/types\/post"}],"author":[{"embeddable":true,"href":"http:\/\/www.blogdopilako.com.br\/wp\/wp-json\/wp\/v2\/users\/2"}],"replies":[{"embeddable":true,"href":"http:\/\/www.blogdopilako.com.br\/wp\/wp-json\/wp\/v2\/comments?post=146536"}],"version-history":[{"count":1,"href":"http:\/\/www.blogdopilako.com.br\/wp\/wp-json\/wp\/v2\/posts\/146536\/revisions"}],"predecessor-version":[{"id":146538,"href":"http:\/\/www.blogdopilako.com.br\/wp\/wp-json\/wp\/v2\/posts\/146536\/revisions\/146538"}],"wp:attachment":[{"href":"http:\/\/www.blogdopilako.com.br\/wp\/wp-json\/wp\/v2\/media?parent=146536"}],"wp:term":[{"taxonomy":"category","embeddable":true,"href":"http:\/\/www.blogdopilako.com.br\/wp\/wp-json\/wp\/v2\/categories?post=146536"},{"taxonomy":"post_tag","embeddable":true,"href":"http:\/\/www.blogdopilako.com.br\/wp\/wp-json\/wp\/v2\/tags?post=146536"}],"curies":[{"name":"wp","href":"https:\/\/api.w.org\/{rel}","templated":true}]}}