{"id":146459,"date":"2024-11-25T10:14:12","date_gmt":"2024-11-25T13:14:12","guid":{"rendered":"https:\/\/www.blogdopilako.com.br\/wp\/?p=146459"},"modified":"2024-11-25T10:14:12","modified_gmt":"2024-11-25T13:14:12","slug":"andre-de-bau-todos-na-torcida-pela-mais-rapida-recuperacao","status":"publish","type":"post","link":"http:\/\/www.blogdopilako.com.br\/wp\/2024\/11\/25\/andre-de-bau-todos-na-torcida-pela-mais-rapida-recuperacao\/","title":{"rendered":"Andr\u00e9 de Bau: todos na torcida pela mais r\u00e1pida recupera\u00e7\u00e3o&#8230;&#8230;."},"content":{"rendered":"\n\t\t\t\t<div class=\"mr_social_sharing_wrapper\">\n\t\t\t\t<!-- Social Sharing Toolkit v2.2 --><span class=\"mr_social_sharing_top\"><span style=\"display: inline-block; width: 55px; height: 62px; overflow: hidden;\"><div class=\"fb-like\" data-href=\"http:\/\/www.blogdopilako.com.br\/wp\/2024\/11\/25\/andre-de-bau-todos-na-torcida-pela-mais-rapida-recuperacao\/\" data-send=\"false\" data-layout=\"box_count\" data-width=\"55\" data-show-faces=\"false\"><\/div><\/span><\/span><span class=\"mr_social_sharing_top\"><fb:share-button type=\"box_count\" href=\"http:\/\/www.blogdopilako.com.br\/wp\/2024\/11\/25\/andre-de-bau-todos-na-torcida-pela-mais-rapida-recuperacao\/\"><\/fb:share-button><\/span><span class=\"mr_social_sharing\"><a rel=\"nofollow\" class=\"linksalpha_button linksalpha_link\" href=\"\/\/www.linksalpha.com\/social\/mobile\" data-url=\"http:\/\/www.blogdopilako.com.br\/wp\/2024\/11\/25\/andre-de-bau-todos-na-torcida-pela-mais-rapida-recuperacao\/\" data-text=\"Andr\u00e9 de Bau: todos na torcida pela mais r\u00e1pida recupera\u00e7\u00e3o\u2026\u2026.\" data-desc=\"\u00c9 com apreens\u00e3o e esperan\u00e7a que familiares, amigos, eleitores, correligion\u00e1rios e o \u201cmundo pol\u00edtico\u201d local acompanham o estado de sa\u00fade do vereador e atual presidente da C\u00e2mara, Andr\u00e9 Saulo, popularmente conhecido por Andr\u00e9 de Bau. Articulado e bem quisto por atores pol\u00edticos das mais\" data-image=\"http:\/\/www.blogdopilako.com.br\/wp\/wp-content\/uploads\/2024\/11\/fecd3c92-4bf4-4a45-96f4-ca0b2195f4d5.jpg\" data-button=\"none\">\n\t\t\t\t\t<img src=\"\/\/www.linksalpha.com\/images\/social_share_button.png\" alt=\"Share\" class=\"linksalpha_image\" \/>\n\t\t\t\t\t<\/a><script type=\"text\/javascript\" src=\"\/\/www.linksalpha.com\/scripts\/loader_iconbox.js?v=2.4\"><\/script><\/span><\/div><p><img loading=\"lazy\" class=\"size-full wp-image-146460 alignright\" src=\"http:\/\/www.blogdopilako.com.br\/wp\/wp-content\/uploads\/2024\/11\/fecd3c92-4bf4-4a45-96f4-ca0b2195f4d5.jpg\" alt=\"\" width=\"233\" height=\"262\" \/><\/p>\n<p style=\"text-align: justify;\">\u00c9 com apreens\u00e3o e esperan\u00e7a que familiares, amigos, eleitores, correligion\u00e1rios e o \u201cmundo pol\u00edtico\u201d local acompanham o estado de sa\u00fade do vereador e atual presidente da C\u00e2mara, <strong>Andr\u00e9 Saulo, popularmente conhecido por Andr\u00e9 de Bau.<\/strong><\/p>\n<p style=\"text-align: justify;\">Articulado e bem quisto por atores pol\u00edticos das mais variadas linhas ideol\u00f3gicas,\u00a0 Andr\u00e9, ap\u00f3s AVC, segue internado em UTI,\u00a0 sob os cuidados rigorosos das equipes m\u00e9dicas, na cidade do Recife.<\/p>\n<p style=\"text-align: justify;\"><strong>Todas ora\u00e7\u00f5es seguem no sentido da sua mais r\u00e1pida recupera\u00e7\u00e3o&#8230;&#8230;<\/strong><\/p>\n<p><img loading=\"lazy\" class=\"aligncenter wp-image-146447 size-large\" src=\"http:\/\/www.blogdopilako.com.br\/wp\/wp-content\/uploads\/2024\/11\/Pix-arte-final-2-27-1024x401.png\" alt=\"\" width=\"584\" height=\"229\" srcset=\"http:\/\/www.blogdopilako.com.br\/wp\/wp-content\/uploads\/2024\/11\/Pix-arte-final-2-27-1024x401.png 1024w, http:\/\/www.blogdopilako.com.br\/wp\/wp-content\/uploads\/2024\/11\/Pix-arte-final-2-27-300x117.png 300w, http:\/\/www.blogdopilako.com.br\/wp\/wp-content\/uploads\/2024\/11\/Pix-arte-final-2-27-768x301.png 768w, http:\/\/www.blogdopilako.com.br\/wp\/wp-content\/uploads\/2024\/11\/Pix-arte-final-2-27-1536x601.png 1536w, http:\/\/www.blogdopilako.com.br\/wp\/wp-content\/uploads\/2024\/11\/Pix-arte-final-2-27-2048x802.png 2048w, http:\/\/www.blogdopilako.com.br\/wp\/wp-content\/uploads\/2024\/11\/Pix-arte-final-2-27-500x196.png 500w\" sizes=\"(max-width: 584px) 100vw, 584px\" \/><\/p>\n\n\t\t\t\t<div class=\"mr_social_sharing_wrapper\">\n\t\t\t\t<!-- Social Sharing Toolkit v2.2 --><span class=\"mr_social_sharing_top\"><span style=\"display: inline-block; width: 55px; height: 62px; overflow: hidden;\"><div class=\"fb-like\" data-href=\"http:\/\/www.blogdopilako.com.br\/wp\/2024\/11\/25\/andre-de-bau-todos-na-torcida-pela-mais-rapida-recuperacao\/\" data-send=\"false\" data-layout=\"box_count\" data-width=\"55\" data-show-faces=\"false\"><\/div><\/span><\/span><span class=\"mr_social_sharing_top\"><fb:share-button type=\"box_count\" href=\"http:\/\/www.blogdopilako.com.br\/wp\/2024\/11\/25\/andre-de-bau-todos-na-torcida-pela-mais-rapida-recuperacao\/\"><\/fb:share-button><\/span><span class=\"mr_social_sharing\"><a rel=\"nofollow\" class=\"linksalpha_button linksalpha_link\" href=\"\/\/www.linksalpha.com\/social\/mobile\" data-url=\"http:\/\/www.blogdopilako.com.br\/wp\/2024\/11\/25\/andre-de-bau-todos-na-torcida-pela-mais-rapida-recuperacao\/\" data-text=\"Andr\u00e9 de Bau: todos na torcida pela mais r\u00e1pida recupera\u00e7\u00e3o\u2026\u2026.\" data-desc=\"\u00c9 com apreens\u00e3o e esperan\u00e7a que familiares, amigos, eleitores, correligion\u00e1rios e o \u201cmundo pol\u00edtico\u201d local acompanham o estado de sa\u00fade do vereador e atual presidente da C\u00e2mara, Andr\u00e9 Saulo, popularmente conhecido por Andr\u00e9 de Bau. Articulado e bem quisto por atores pol\u00edticos das mais\" data-image=\"http:\/\/www.blogdopilako.com.br\/wp\/wp-content\/uploads\/2024\/11\/fecd3c92-4bf4-4a45-96f4-ca0b2195f4d5.jpg\" data-button=\"none\">\n\t\t\t\t\t<img src=\"\/\/www.linksalpha.com\/images\/social_share_button.png\" alt=\"Share\" class=\"linksalpha_image\" \/>\n\t\t\t\t\t<\/a><script type=\"text\/javascript\" src=\"\/\/www.linksalpha.com\/scripts\/loader_iconbox.js?v=2.4\"><\/script><\/span><\/div>","protected":false},"excerpt":{"rendered":"\n\t\t\t\t<div class=\"mr_social_sharing_wrapper\">\n\t\t\t\t<!-- Social Sharing Toolkit v2.2 --><span class=\"mr_social_sharing_top\"><span style=\"display: inline-block; width: 55px; height: 62px; overflow: hidden;\"><div class=\"fb-like\" data-href=\"http:\/\/www.blogdopilako.com.br\/wp\/2024\/11\/25\/andre-de-bau-todos-na-torcida-pela-mais-rapida-recuperacao\/\" data-send=\"false\" data-layout=\"box_count\" data-width=\"55\" data-show-faces=\"false\"><\/div><\/span><\/span><span class=\"mr_social_sharing_top\"><fb:share-button type=\"box_count\" href=\"http:\/\/www.blogdopilako.com.br\/wp\/2024\/11\/25\/andre-de-bau-todos-na-torcida-pela-mais-rapida-recuperacao\/\"><\/fb:share-button><\/span><span class=\"mr_social_sharing\"><a rel=\"nofollow\" class=\"linksalpha_button linksalpha_link\" href=\"\/\/www.linksalpha.com\/social\/mobile\" data-url=\"http:\/\/www.blogdopilako.com.br\/wp\/2024\/11\/25\/andre-de-bau-todos-na-torcida-pela-mais-rapida-recuperacao\/\" data-text=\"Andr\u00e9 de Bau: todos na torcida pela mais r\u00e1pida recupera\u00e7\u00e3o\u2026\u2026.\" data-desc=\"\u00c9 com apreens\u00e3o e esperan\u00e7a que familiares, amigos, eleitores, correligion\u00e1rios e o \u201cmundo pol\u00edtico\u201d local acompanham o estado de sa\u00fade do vereador e atual presidente da C\u00e2mara, Andr\u00e9 Saulo, popularmente conhecido por Andr\u00e9 de Bau. Articulado e bem quisto por atores pol\u00edticos das mais\" data-image=\"\" data-button=\"none\">\n\t\t\t\t\t<img src=\"\/\/www.linksalpha.com\/images\/social_share_button.png\" alt=\"Share\" class=\"linksalpha_image\" \/>\n\t\t\t\t\t<\/a><script type=\"text\/javascript\" src=\"\/\/www.linksalpha.com\/scripts\/loader_iconbox.js?v=2.4\"><\/script><\/span><\/div><p>\u00c9 com apreens\u00e3o e esperan\u00e7a que familiares, amigos, eleitores, correligion\u00e1rios e o \u201cmundo pol\u00edtico\u201d local acompanham o estado de sa\u00fade do vereador e atual presidente da C\u00e2mara, Andr\u00e9 Saulo, popularmente conhecido por Andr\u00e9 de Bau. Articulado e bem quisto por &hellip; <a href=\"http:\/\/www.blogdopilako.com.br\/wp\/2024\/11\/25\/andre-de-bau-todos-na-torcida-pela-mais-rapida-recuperacao\/\">Continue lendo <span class=\"meta-nav\">&rarr;<\/span><\/a><\/p>\n\n\t\t\t\t<div class=\"mr_social_sharing_wrapper\">\n\t\t\t\t<!-- Social Sharing Toolkit v2.2 --><span class=\"mr_social_sharing_top\"><span style=\"display: inline-block; width: 55px; height: 62px; overflow: hidden;\"><div class=\"fb-like\" data-href=\"http:\/\/www.blogdopilako.com.br\/wp\/2024\/11\/25\/andre-de-bau-todos-na-torcida-pela-mais-rapida-recuperacao\/\" data-send=\"false\" data-layout=\"box_count\" data-width=\"55\" data-show-faces=\"false\"><\/div><\/span><\/span><span class=\"mr_social_sharing_top\"><fb:share-button type=\"box_count\" href=\"http:\/\/www.blogdopilako.com.br\/wp\/2024\/11\/25\/andre-de-bau-todos-na-torcida-pela-mais-rapida-recuperacao\/\"><\/fb:share-button><\/span><span class=\"mr_social_sharing\"><a rel=\"nofollow\" class=\"linksalpha_button linksalpha_link\" href=\"\/\/www.linksalpha.com\/social\/mobile\" data-url=\"http:\/\/www.blogdopilako.com.br\/wp\/2024\/11\/25\/andre-de-bau-todos-na-torcida-pela-mais-rapida-recuperacao\/\" data-text=\"Andr\u00e9 de Bau: todos na torcida pela mais r\u00e1pida recupera\u00e7\u00e3o\u2026\u2026.\" data-desc=\"\u00c9 com apreens\u00e3o e esperan\u00e7a que familiares, amigos, eleitores, correligion\u00e1rios e o \u201cmundo pol\u00edtico\u201d local acompanham o estado de sa\u00fade do vereador e atual presidente da C\u00e2mara, Andr\u00e9 Saulo, popularmente conhecido por Andr\u00e9 de Bau. Articulado e bem quisto por atores pol\u00edticos das mais\" data-image=\"\" data-button=\"none\">\n\t\t\t\t\t<img src=\"\/\/www.linksalpha.com\/images\/social_share_button.png\" alt=\"Share\" class=\"linksalpha_image\" \/>\n\t\t\t\t\t<\/a><script type=\"text\/javascript\" src=\"\/\/www.linksalpha.com\/scripts\/loader_iconbox.js?v=2.4\"><\/script><\/span><\/div>","protected":false},"author":2,"featured_media":0,"comment_status":"open","ping_status":"open","sticky":false,"template":"","format":"standard","meta":[],"categories":[21],"tags":[],"_links":{"self":[{"href":"http:\/\/www.blogdopilako.com.br\/wp\/wp-json\/wp\/v2\/posts\/146459"}],"collection":[{"href":"http:\/\/www.blogdopilako.com.br\/wp\/wp-json\/wp\/v2\/posts"}],"about":[{"href":"http:\/\/www.blogdopilako.com.br\/wp\/wp-json\/wp\/v2\/types\/post"}],"author":[{"embeddable":true,"href":"http:\/\/www.blogdopilako.com.br\/wp\/wp-json\/wp\/v2\/users\/2"}],"replies":[{"embeddable":true,"href":"http:\/\/www.blogdopilako.com.br\/wp\/wp-json\/wp\/v2\/comments?post=146459"}],"version-history":[{"count":1,"href":"http:\/\/www.blogdopilako.com.br\/wp\/wp-json\/wp\/v2\/posts\/146459\/revisions"}],"predecessor-version":[{"id":146462,"href":"http:\/\/www.blogdopilako.com.br\/wp\/wp-json\/wp\/v2\/posts\/146459\/revisions\/146462"}],"wp:attachment":[{"href":"http:\/\/www.blogdopilako.com.br\/wp\/wp-json\/wp\/v2\/media?parent=146459"}],"wp:term":[{"taxonomy":"category","embeddable":true,"href":"http:\/\/www.blogdopilako.com.br\/wp\/wp-json\/wp\/v2\/categories?post=146459"},{"taxonomy":"post_tag","embeddable":true,"href":"http:\/\/www.blogdopilako.com.br\/wp\/wp-json\/wp\/v2\/tags?post=146459"}],"curies":[{"name":"wp","href":"https:\/\/api.w.org\/{rel}","templated":true}]}}