{"id":146169,"date":"2024-10-23T10:41:30","date_gmt":"2024-10-23T13:41:30","guid":{"rendered":"https:\/\/www.blogdopilako.com.br\/wp\/?p=146169"},"modified":"2024-10-23T10:55:45","modified_gmt":"2024-10-23T13:55:45","slug":"deputados-e-deputadas-vergonha-alheia","status":"publish","type":"post","link":"http:\/\/www.blogdopilako.com.br\/wp\/2024\/10\/23\/deputados-e-deputadas-vergonha-alheia\/","title":{"rendered":"Deputados e deputadas: vergonha alheia&#8230;.."},"content":{"rendered":"\n\t\t\t\t<div class=\"mr_social_sharing_wrapper\">\n\t\t\t\t<!-- Social Sharing Toolkit v2.2 --><span class=\"mr_social_sharing_top\"><span style=\"display: inline-block; width: 55px; height: 62px; overflow: hidden;\"><div class=\"fb-like\" data-href=\"http:\/\/www.blogdopilako.com.br\/wp\/2024\/10\/23\/deputados-e-deputadas-vergonha-alheia\/\" data-send=\"false\" data-layout=\"box_count\" data-width=\"55\" data-show-faces=\"false\"><\/div><\/span><\/span><span class=\"mr_social_sharing_top\"><fb:share-button type=\"box_count\" href=\"http:\/\/www.blogdopilako.com.br\/wp\/2024\/10\/23\/deputados-e-deputadas-vergonha-alheia\/\"><\/fb:share-button><\/span><span class=\"mr_social_sharing\"><a rel=\"nofollow\" class=\"linksalpha_button linksalpha_link\" href=\"\/\/www.linksalpha.com\/social\/mobile\" data-url=\"http:\/\/www.blogdopilako.com.br\/wp\/2024\/10\/23\/deputados-e-deputadas-vergonha-alheia\/\" data-text=\"Deputados e deputadas: vergonha alheia\u2026..\" data-desc=\"Outro dia escrevi aqui no blog que desconhe\u00e7o qualquer institui\u00e7\u00e3o e\/ou organiza\u00e7\u00e3o que fa\u00e7a elei\u00e7\u00e3o de maneira antecipada. O ponto fora da curva, por assim dizer, se concentra nas \"casas do povo\". Diga-se: Assembleia Legislativa e C\u00e2mara de Vereadores. Em canetada de ministro do STF,\" data-image=\"http:\/\/www.blogdopilako.com.br\/wp\/wp-content\/uploads\/2024\/10\/06.29-SOLENE-RM-859-2-1-1024x683-1-300x200.jpg\" data-button=\"none\">\n\t\t\t\t\t<img src=\"\/\/www.linksalpha.com\/images\/social_share_button.png\" alt=\"Share\" class=\"linksalpha_image\" \/>\n\t\t\t\t\t<\/a><script type=\"text\/javascript\" src=\"\/\/www.linksalpha.com\/scripts\/loader_iconbox.js?v=2.4\"><\/script><\/span><\/div><p><img loading=\"lazy\" class=\"size-medium wp-image-146170 alignright\" src=\"http:\/\/www.blogdopilako.com.br\/wp\/wp-content\/uploads\/2024\/10\/06.29-SOLENE-RM-859-2-1-1024x683-1-300x200.jpg\" alt=\"\" width=\"300\" height=\"200\" srcset=\"http:\/\/www.blogdopilako.com.br\/wp\/wp-content\/uploads\/2024\/10\/06.29-SOLENE-RM-859-2-1-1024x683-1-300x200.jpg 300w, http:\/\/www.blogdopilako.com.br\/wp\/wp-content\/uploads\/2024\/10\/06.29-SOLENE-RM-859-2-1-1024x683-1-768x512.jpg 768w, http:\/\/www.blogdopilako.com.br\/wp\/wp-content\/uploads\/2024\/10\/06.29-SOLENE-RM-859-2-1-1024x683-1-450x300.jpg 450w, http:\/\/www.blogdopilako.com.br\/wp\/wp-content\/uploads\/2024\/10\/06.29-SOLENE-RM-859-2-1-1024x683-1.jpg 1024w\" sizes=\"(max-width: 300px) 100vw, 300px\" \/><\/p>\n<p style=\"text-align: justify;\">Outro dia escrevi aqui no blog que desconhe\u00e7o qualquer institui\u00e7\u00e3o e\/ou organiza\u00e7\u00e3o que fa\u00e7a elei\u00e7\u00e3o de maneira antecipada. O ponto fora da curva, por assim dizer, se concentra nas <strong>&#8220;casas do povo&#8221;.<\/strong> Diga-se: <strong>Assembleia Legislativa e C\u00e2mara de Vereadores.<\/strong><\/p>\n<p><img loading=\"lazy\" class=\"size-medium wp-image-146171 alignleft\" src=\"http:\/\/www.blogdopilako.com.br\/wp\/wp-content\/uploads\/2024\/10\/image-2023-02-01t204103053-300x200.jpg\" alt=\"\" width=\"300\" height=\"200\" srcset=\"http:\/\/www.blogdopilako.com.br\/wp\/wp-content\/uploads\/2024\/10\/image-2023-02-01t204103053-300x200.jpg 300w, http:\/\/www.blogdopilako.com.br\/wp\/wp-content\/uploads\/2024\/10\/image-2023-02-01t204103053-1024x683.jpg 1024w, http:\/\/www.blogdopilako.com.br\/wp\/wp-content\/uploads\/2024\/10\/image-2023-02-01t204103053-768x512.jpg 768w, http:\/\/www.blogdopilako.com.br\/wp\/wp-content\/uploads\/2024\/10\/image-2023-02-01t204103053-450x300.jpg 450w, http:\/\/www.blogdopilako.com.br\/wp\/wp-content\/uploads\/2024\/10\/image-2023-02-01t204103053.jpg 1100w\" sizes=\"(max-width: 300px) 100vw, 300px\" \/><\/p>\n<p style=\"text-align: justify;\">Em canetada de ministro do STF, ocorrida ontem (22), em Bras\u00edlia, entre outras, a elei\u00e7\u00e3o da mesa diretora\u00a0 da <strong>ALEPE \u2013 Assembleia Legislativa de Pernambuco<\/strong> -, para o bi\u00eanio 2025\/2026, j\u00e1 realizada com mais de um ano de anteced\u00eancia do prazo legal, foi anulada. <strong>Com &#8220;cara de pastel&#8221;, o presidente \u00c1lvaro Porto disse que vai atender a Justi\u00e7a.<\/strong><\/p>\n<p style=\"text-align: justify;\">Vale lembrar que s\u00e3o esses senhores e senhoras, nobres deputados e deputadas, eleitos pelo povo para, entre outras atribui\u00e7\u00f5es, que confeccionam\u00a0 leis para\u00a0 reger\u00a0 a vida em sociedade. Ou seja: as nossas vidas&#8230;&#8230;<\/p>\n<p style=\"text-align: justify;\">O curioso \u00e9 que na hora de resolver quest\u00f5es internas do parlamento que ocupam, eles conseguem trocar os p\u00e9s pelas m\u00e3os para\u00a0 embarcarem\u00a0 em verdadeiras\u00a0 aventuras\u00a0 jur\u00eddicas, sendo obrigados, agora,<strong> botarem\u00a0 o \u201crabinho entre as pernas\u201d para\u00a0 passar uma borracha no que fizeram.<\/strong> <strong>Uma verdadeira \u201cvergonha alheia,\u00a0 pela \u201ctraquinagem\u201d regimental,\u00a0 certamente para atender os seus pr\u00f3prios interesses.<\/strong><\/p>\n<p><img loading=\"lazy\" class=\"aligncenter wp-image-146173 size-full\" src=\"http:\/\/www.blogdopilako.com.br\/wp\/wp-content\/uploads\/2024\/10\/R-4.jpg\" alt=\"\" width=\"515\" height=\"239\" srcset=\"http:\/\/www.blogdopilako.com.br\/wp\/wp-content\/uploads\/2024\/10\/R-4.jpg 515w, http:\/\/www.blogdopilako.com.br\/wp\/wp-content\/uploads\/2024\/10\/R-4-300x139.jpg 300w, http:\/\/www.blogdopilako.com.br\/wp\/wp-content\/uploads\/2024\/10\/R-4-500x232.jpg 500w\" sizes=\"(max-width: 515px) 100vw, 515px\" \/><\/p>\n<p style=\"text-align: justify;\">Outra indec\u00eancia, que na ocasi\u00e3o tamb\u00e9m postamos aqui no blog, foi a elei\u00e7\u00e3o antecipada da Mesa diretora da \u00a0C\u00e2mara de Vereadores da Vit\u00f3ria, onde, assim como na ALEPE, o presidente foi reconduzido para mais um\u00a0 mandato,\u00a0 com bastante anteced\u00eancia.<\/p>\n<p style=\"text-align: justify;\"><strong>Para concluir, devemos perguntar\u00a0 aos senhores parlamentares,\u00a0 estaduais e municipais: ao antecipar uma elei\u00e7\u00e3o para a mesa diretora dos respectivos parlamentos, concretamente falando, \u00a0em que \u00e1rea melhora a vida da popula\u00e7\u00e3o?<\/strong><\/p>\n<p><img loading=\"lazy\" class=\"alignnone wp-image-146167 size-large\" src=\"http:\/\/www.blogdopilako.com.br\/wp\/wp-content\/uploads\/2024\/10\/Pix-arte-final-2-36-1024x401.png\" alt=\"\" width=\"584\" height=\"229\" srcset=\"http:\/\/www.blogdopilako.com.br\/wp\/wp-content\/uploads\/2024\/10\/Pix-arte-final-2-36-1024x401.png 1024w, http:\/\/www.blogdopilako.com.br\/wp\/wp-content\/uploads\/2024\/10\/Pix-arte-final-2-36-300x117.png 300w, http:\/\/www.blogdopilako.com.br\/wp\/wp-content\/uploads\/2024\/10\/Pix-arte-final-2-36-768x301.png 768w, http:\/\/www.blogdopilako.com.br\/wp\/wp-content\/uploads\/2024\/10\/Pix-arte-final-2-36-1536x601.png 1536w, http:\/\/www.blogdopilako.com.br\/wp\/wp-content\/uploads\/2024\/10\/Pix-arte-final-2-36-2048x802.png 2048w, http:\/\/www.blogdopilako.com.br\/wp\/wp-content\/uploads\/2024\/10\/Pix-arte-final-2-36-500x196.png 500w\" sizes=\"(max-width: 584px) 100vw, 584px\" \/><\/p>\n\n\t\t\t\t<div class=\"mr_social_sharing_wrapper\">\n\t\t\t\t<!-- Social Sharing Toolkit v2.2 --><span class=\"mr_social_sharing_top\"><span style=\"display: inline-block; width: 55px; height: 62px; overflow: hidden;\"><div class=\"fb-like\" data-href=\"http:\/\/www.blogdopilako.com.br\/wp\/2024\/10\/23\/deputados-e-deputadas-vergonha-alheia\/\" data-send=\"false\" data-layout=\"box_count\" data-width=\"55\" data-show-faces=\"false\"><\/div><\/span><\/span><span class=\"mr_social_sharing_top\"><fb:share-button type=\"box_count\" href=\"http:\/\/www.blogdopilako.com.br\/wp\/2024\/10\/23\/deputados-e-deputadas-vergonha-alheia\/\"><\/fb:share-button><\/span><span class=\"mr_social_sharing\"><a rel=\"nofollow\" class=\"linksalpha_button linksalpha_link\" href=\"\/\/www.linksalpha.com\/social\/mobile\" data-url=\"http:\/\/www.blogdopilako.com.br\/wp\/2024\/10\/23\/deputados-e-deputadas-vergonha-alheia\/\" data-text=\"Deputados e deputadas: vergonha alheia\u2026..\" data-desc=\"Outro dia escrevi aqui no blog que desconhe\u00e7o qualquer institui\u00e7\u00e3o e\/ou organiza\u00e7\u00e3o que fa\u00e7a elei\u00e7\u00e3o de maneira antecipada. O ponto fora da curva, por assim dizer, se concentra nas \"casas do povo\". Diga-se: Assembleia Legislativa e C\u00e2mara de Vereadores. Em canetada de ministro do STF,\" data-image=\"http:\/\/www.blogdopilako.com.br\/wp\/wp-content\/uploads\/2024\/10\/06.29-SOLENE-RM-859-2-1-1024x683-1-300x200.jpg\" data-button=\"none\">\n\t\t\t\t\t<img src=\"\/\/www.linksalpha.com\/images\/social_share_button.png\" alt=\"Share\" class=\"linksalpha_image\" \/>\n\t\t\t\t\t<\/a><script type=\"text\/javascript\" src=\"\/\/www.linksalpha.com\/scripts\/loader_iconbox.js?v=2.4\"><\/script><\/span><\/div>","protected":false},"excerpt":{"rendered":"\n\t\t\t\t<div class=\"mr_social_sharing_wrapper\">\n\t\t\t\t<!-- Social Sharing Toolkit v2.2 --><span class=\"mr_social_sharing_top\"><span style=\"display: inline-block; width: 55px; height: 62px; overflow: hidden;\"><div class=\"fb-like\" data-href=\"http:\/\/www.blogdopilako.com.br\/wp\/2024\/10\/23\/deputados-e-deputadas-vergonha-alheia\/\" data-send=\"false\" data-layout=\"box_count\" data-width=\"55\" data-show-faces=\"false\"><\/div><\/span><\/span><span class=\"mr_social_sharing_top\"><fb:share-button type=\"box_count\" href=\"http:\/\/www.blogdopilako.com.br\/wp\/2024\/10\/23\/deputados-e-deputadas-vergonha-alheia\/\"><\/fb:share-button><\/span><span class=\"mr_social_sharing\"><a rel=\"nofollow\" class=\"linksalpha_button linksalpha_link\" href=\"\/\/www.linksalpha.com\/social\/mobile\" data-url=\"http:\/\/www.blogdopilako.com.br\/wp\/2024\/10\/23\/deputados-e-deputadas-vergonha-alheia\/\" data-text=\"Deputados e deputadas: vergonha alheia\u2026..\" data-desc=\"Outro dia escrevi aqui no blog que desconhe\u00e7o qualquer institui\u00e7\u00e3o e\/ou organiza\u00e7\u00e3o que fa\u00e7a elei\u00e7\u00e3o de maneira antecipada. O ponto fora da curva, por assim dizer, se concentra nas \"casas do povo\". Diga-se: Assembleia Legislativa e C\u00e2mara de Vereadores. Em canetada de ministro do STF,\" data-image=\"\" data-button=\"none\">\n\t\t\t\t\t<img src=\"\/\/www.linksalpha.com\/images\/social_share_button.png\" alt=\"Share\" class=\"linksalpha_image\" \/>\n\t\t\t\t\t<\/a><script type=\"text\/javascript\" src=\"\/\/www.linksalpha.com\/scripts\/loader_iconbox.js?v=2.4\"><\/script><\/span><\/div><p>Outro dia escrevi aqui no blog que desconhe\u00e7o qualquer institui\u00e7\u00e3o e\/ou organiza\u00e7\u00e3o que fa\u00e7a elei\u00e7\u00e3o de maneira antecipada. O ponto fora da curva, por assim dizer, se concentra nas &#8220;casas do povo&#8221;. Diga-se: Assembleia Legislativa e C\u00e2mara de Vereadores. Em &hellip; <a href=\"http:\/\/www.blogdopilako.com.br\/wp\/2024\/10\/23\/deputados-e-deputadas-vergonha-alheia\/\">Continue lendo <span class=\"meta-nav\">&rarr;<\/span><\/a><\/p>\n\n\t\t\t\t<div class=\"mr_social_sharing_wrapper\">\n\t\t\t\t<!-- Social Sharing Toolkit v2.2 --><span class=\"mr_social_sharing_top\"><span style=\"display: inline-block; width: 55px; height: 62px; overflow: hidden;\"><div class=\"fb-like\" data-href=\"http:\/\/www.blogdopilako.com.br\/wp\/2024\/10\/23\/deputados-e-deputadas-vergonha-alheia\/\" data-send=\"false\" data-layout=\"box_count\" data-width=\"55\" data-show-faces=\"false\"><\/div><\/span><\/span><span class=\"mr_social_sharing_top\"><fb:share-button type=\"box_count\" href=\"http:\/\/www.blogdopilako.com.br\/wp\/2024\/10\/23\/deputados-e-deputadas-vergonha-alheia\/\"><\/fb:share-button><\/span><span class=\"mr_social_sharing\"><a rel=\"nofollow\" class=\"linksalpha_button linksalpha_link\" href=\"\/\/www.linksalpha.com\/social\/mobile\" data-url=\"http:\/\/www.blogdopilako.com.br\/wp\/2024\/10\/23\/deputados-e-deputadas-vergonha-alheia\/\" data-text=\"Deputados e deputadas: vergonha alheia\u2026..\" data-desc=\"Outro dia escrevi aqui no blog que desconhe\u00e7o qualquer institui\u00e7\u00e3o e\/ou organiza\u00e7\u00e3o que fa\u00e7a elei\u00e7\u00e3o de maneira antecipada. O ponto fora da curva, por assim dizer, se concentra nas \"casas do povo\". Diga-se: Assembleia Legislativa e C\u00e2mara de Vereadores. Em canetada de ministro do STF,\" data-image=\"\" data-button=\"none\">\n\t\t\t\t\t<img src=\"\/\/www.linksalpha.com\/images\/social_share_button.png\" alt=\"Share\" class=\"linksalpha_image\" \/>\n\t\t\t\t\t<\/a><script type=\"text\/javascript\" src=\"\/\/www.linksalpha.com\/scripts\/loader_iconbox.js?v=2.4\"><\/script><\/span><\/div>","protected":false},"author":2,"featured_media":0,"comment_status":"open","ping_status":"open","sticky":false,"template":"","format":"standard","meta":[],"categories":[1],"tags":[],"_links":{"self":[{"href":"http:\/\/www.blogdopilako.com.br\/wp\/wp-json\/wp\/v2\/posts\/146169"}],"collection":[{"href":"http:\/\/www.blogdopilako.com.br\/wp\/wp-json\/wp\/v2\/posts"}],"about":[{"href":"http:\/\/www.blogdopilako.com.br\/wp\/wp-json\/wp\/v2\/types\/post"}],"author":[{"embeddable":true,"href":"http:\/\/www.blogdopilako.com.br\/wp\/wp-json\/wp\/v2\/users\/2"}],"replies":[{"embeddable":true,"href":"http:\/\/www.blogdopilako.com.br\/wp\/wp-json\/wp\/v2\/comments?post=146169"}],"version-history":[{"count":4,"href":"http:\/\/www.blogdopilako.com.br\/wp\/wp-json\/wp\/v2\/posts\/146169\/revisions"}],"predecessor-version":[{"id":146177,"href":"http:\/\/www.blogdopilako.com.br\/wp\/wp-json\/wp\/v2\/posts\/146169\/revisions\/146177"}],"wp:attachment":[{"href":"http:\/\/www.blogdopilako.com.br\/wp\/wp-json\/wp\/v2\/media?parent=146169"}],"wp:term":[{"taxonomy":"category","embeddable":true,"href":"http:\/\/www.blogdopilako.com.br\/wp\/wp-json\/wp\/v2\/categories?post=146169"},{"taxonomy":"post_tag","embeddable":true,"href":"http:\/\/www.blogdopilako.com.br\/wp\/wp-json\/wp\/v2\/tags?post=146169"}],"curies":[{"name":"wp","href":"https:\/\/api.w.org\/{rel}","templated":true}]}}