{"id":146143,"date":"2024-10-22T09:50:39","date_gmt":"2024-10-22T12:50:39","guid":{"rendered":"https:\/\/www.blogdopilako.com.br\/wp\/?p=146143"},"modified":"2024-10-22T10:13:13","modified_gmt":"2024-10-22T13:13:13","slug":"a-corrida-do-vapor-homenageou-os-60-anos-grupo-jb","status":"publish","type":"post","link":"http:\/\/www.blogdopilako.com.br\/wp\/2024\/10\/22\/a-corrida-do-vapor-homenageou-os-60-anos-grupo-jb\/","title":{"rendered":"A &#8220;Corrida do Vapor&#8221; homenageou os 60 anos do Grupo JB."},"content":{"rendered":"\n\t\t\t\t<div class=\"mr_social_sharing_wrapper\">\n\t\t\t\t<!-- Social Sharing Toolkit v2.2 --><span class=\"mr_social_sharing_top\"><span style=\"display: inline-block; width: 55px; height: 62px; overflow: hidden;\"><div class=\"fb-like\" data-href=\"http:\/\/www.blogdopilako.com.br\/wp\/2024\/10\/22\/a-corrida-do-vapor-homenageou-os-60-anos-grupo-jb\/\" data-send=\"false\" data-layout=\"box_count\" data-width=\"55\" data-show-faces=\"false\"><\/div><\/span><\/span><span class=\"mr_social_sharing_top\"><fb:share-button type=\"box_count\" href=\"http:\/\/www.blogdopilako.com.br\/wp\/2024\/10\/22\/a-corrida-do-vapor-homenageou-os-60-anos-grupo-jb\/\"><\/fb:share-button><\/span><span class=\"mr_social_sharing\"><a rel=\"nofollow\" class=\"linksalpha_button linksalpha_link\" href=\"\/\/www.linksalpha.com\/social\/mobile\" data-url=\"http:\/\/www.blogdopilako.com.br\/wp\/2024\/10\/22\/a-corrida-do-vapor-homenageou-os-60-anos-grupo-jb\/\" data-text=\"A \u201cCorrida do Vapor\u201d homenageou os 60 anos do Grupo JB.\" data-desc=\"A 6\u00aa edi\u00e7\u00e3o da corrida de rua promovida pelo grupo \u201cVapor da Vit\u00f3ria\u201d ocorreu na manh\u00e3 do \u00faltimo domingo (20). O ponto de concentra\u00e7\u00e3o, largada e chegada dos atletas foi o P\u00e1tio da Matriz \u2013 Pra\u00e7a Dom Luiz de Brito. Com um bom n\u00famero de atletas, grupos e assessorias de corrida o\" data-image=\"http:\/\/www.blogdopilako.com.br\/wp\/wp-content\/uploads\/2024\/10\/181a76ac-0cb1-4106-987a-fb3e4acd51b5.jpg\" data-button=\"none\">\n\t\t\t\t\t<img src=\"\/\/www.linksalpha.com\/images\/social_share_button.png\" alt=\"Share\" class=\"linksalpha_image\" \/>\n\t\t\t\t\t<\/a><script type=\"text\/javascript\" src=\"\/\/www.linksalpha.com\/scripts\/loader_iconbox.js?v=2.4\"><\/script><\/span><\/div><p><img loading=\"lazy\" class=\"aligncenter wp-image-146144 size-full\" src=\"http:\/\/www.blogdopilako.com.br\/wp\/wp-content\/uploads\/2024\/10\/181a76ac-0cb1-4106-987a-fb3e4acd51b5.jpg\" alt=\"\" width=\"1600\" height=\"1200\" srcset=\"http:\/\/www.blogdopilako.com.br\/wp\/wp-content\/uploads\/2024\/10\/181a76ac-0cb1-4106-987a-fb3e4acd51b5.jpg 1600w, http:\/\/www.blogdopilako.com.br\/wp\/wp-content\/uploads\/2024\/10\/181a76ac-0cb1-4106-987a-fb3e4acd51b5-300x225.jpg 300w, http:\/\/www.blogdopilako.com.br\/wp\/wp-content\/uploads\/2024\/10\/181a76ac-0cb1-4106-987a-fb3e4acd51b5-1024x768.jpg 1024w, http:\/\/www.blogdopilako.com.br\/wp\/wp-content\/uploads\/2024\/10\/181a76ac-0cb1-4106-987a-fb3e4acd51b5-768x576.jpg 768w, http:\/\/www.blogdopilako.com.br\/wp\/wp-content\/uploads\/2024\/10\/181a76ac-0cb1-4106-987a-fb3e4acd51b5-1536x1152.jpg 1536w, http:\/\/www.blogdopilako.com.br\/wp\/wp-content\/uploads\/2024\/10\/181a76ac-0cb1-4106-987a-fb3e4acd51b5-400x300.jpg 400w\" sizes=\"(max-width: 1600px) 100vw, 1600px\" \/><\/p>\n<p style=\"text-align: justify;\"><strong>A 6\u00aa edi\u00e7\u00e3o<\/strong> da corrida de rua promovida pelo grupo<strong> \u201cVapor da Vit\u00f3ria\u201d<\/strong> ocorreu na manh\u00e3 do \u00faltimo domingo (20). O ponto de concentra\u00e7\u00e3o, largada e chegada dos atletas foi o P\u00e1tio da Matriz \u2013 Pra\u00e7a Dom Luiz de Brito.<\/p>\n<p><img loading=\"lazy\" class=\"aligncenter wp-image-146145 size-full\" src=\"http:\/\/www.blogdopilako.com.br\/wp\/wp-content\/uploads\/2024\/10\/31b3424d-203d-4903-8bd0-59ab1138ec36.jpg\" alt=\"\" width=\"640\" height=\"368\" srcset=\"http:\/\/www.blogdopilako.com.br\/wp\/wp-content\/uploads\/2024\/10\/31b3424d-203d-4903-8bd0-59ab1138ec36.jpg 640w, http:\/\/www.blogdopilako.com.br\/wp\/wp-content\/uploads\/2024\/10\/31b3424d-203d-4903-8bd0-59ab1138ec36-300x173.jpg 300w, http:\/\/www.blogdopilako.com.br\/wp\/wp-content\/uploads\/2024\/10\/31b3424d-203d-4903-8bd0-59ab1138ec36-500x288.jpg 500w\" sizes=\"(max-width: 640px) 100vw, 640px\" \/><\/p>\n<p style=\"text-align: justify;\">Com um bom n\u00famero de atletas, grupos e assessorias de corrida o evento congregou corredores da Vit\u00f3ria de outras cidades. <strong>Destaque para a Assessoria Esportiva Jaqueline Alves,<\/strong> \u00a0pela 2\u00aa maior equipe e tamb\u00e9m por haver \u00a0<strong>conquistado, atrav\u00e9s dos seus atletas, 14 trof\u00e9us para a &#8220;Capital do Forr\u00f3&#8221;\u00a0 &#8211;\u00a0 Caruaru.<\/strong><\/p>\n<p><img loading=\"lazy\" class=\"aligncenter wp-image-146146 size-full\" src=\"http:\/\/www.blogdopilako.com.br\/wp\/wp-content\/uploads\/2024\/10\/29479b53-9fe8-41fb-991e-62baaa67c5c8.jpg\" alt=\"\" width=\"1600\" height=\"1200\" srcset=\"http:\/\/www.blogdopilako.com.br\/wp\/wp-content\/uploads\/2024\/10\/29479b53-9fe8-41fb-991e-62baaa67c5c8.jpg 1600w, http:\/\/www.blogdopilako.com.br\/wp\/wp-content\/uploads\/2024\/10\/29479b53-9fe8-41fb-991e-62baaa67c5c8-300x225.jpg 300w, http:\/\/www.blogdopilako.com.br\/wp\/wp-content\/uploads\/2024\/10\/29479b53-9fe8-41fb-991e-62baaa67c5c8-1024x768.jpg 1024w, http:\/\/www.blogdopilako.com.br\/wp\/wp-content\/uploads\/2024\/10\/29479b53-9fe8-41fb-991e-62baaa67c5c8-768x576.jpg 768w, http:\/\/www.blogdopilako.com.br\/wp\/wp-content\/uploads\/2024\/10\/29479b53-9fe8-41fb-991e-62baaa67c5c8-1536x1152.jpg 1536w, http:\/\/www.blogdopilako.com.br\/wp\/wp-content\/uploads\/2024\/10\/29479b53-9fe8-41fb-991e-62baaa67c5c8-400x300.jpg 400w\" sizes=\"(max-width: 1600px) 100vw, 1600px\" \/><\/p>\n<p style=\"text-align: justify;\"><strong>No item homenagem<\/strong>, o evento prestou um<strong> justo tributo ao Grupo JB<\/strong>, <strong>pela passagem dos seus 60 anos<\/strong> de atua\u00e7\u00e3o e tamb\u00e9m pela importante e cont\u00ednua contribui\u00e7\u00e3o \u00e0s diversas pr\u00e1ticas esportivas da nossa regi\u00e3o<strong>. Veja o v\u00eddeo.<\/strong><\/p>\n<p><iframe loading=\"lazy\" title=\"Blog do Pilako: 6\u00aa CORRIDA DO VAPOR DA VIT\u00d3RIA - 60 ANOS DO GRUPO JB - 20 DE OUTUBRO DE 2024\" width=\"584\" height=\"329\" src=\"https:\/\/www.youtube.com\/embed\/eIwPjs6ZhKM?feature=oembed\" frameborder=\"0\" allow=\"accelerometer; autoplay; clipboard-write; encrypted-media; gyroscope; picture-in-picture; web-share\" referrerpolicy=\"strict-origin-when-cross-origin\" allowfullscreen><\/iframe><\/p>\n<p style=\"text-align: justify;\">Na ocasi\u00e3o, registramos o espa\u00e7o dedicado \u00e0 equipe da <strong>Farm\u00e1cia Roval<\/strong>, \u00a0que se configura, em nossa cidade, \u00a0numa \u00a0importante<strong> parceira dos eventos de corrida de rua.<\/strong><\/p>\n<p><img loading=\"lazy\" class=\"aligncenter wp-image-146147 size-full\" src=\"http:\/\/www.blogdopilako.com.br\/wp\/wp-content\/uploads\/2024\/10\/ca3c538d-bb27-43ac-beee-2ea0c48c763e.jpg\" alt=\"\" width=\"1600\" height=\"1200\" srcset=\"http:\/\/www.blogdopilako.com.br\/wp\/wp-content\/uploads\/2024\/10\/ca3c538d-bb27-43ac-beee-2ea0c48c763e.jpg 1600w, http:\/\/www.blogdopilako.com.br\/wp\/wp-content\/uploads\/2024\/10\/ca3c538d-bb27-43ac-beee-2ea0c48c763e-300x225.jpg 300w, http:\/\/www.blogdopilako.com.br\/wp\/wp-content\/uploads\/2024\/10\/ca3c538d-bb27-43ac-beee-2ea0c48c763e-1024x768.jpg 1024w, http:\/\/www.blogdopilako.com.br\/wp\/wp-content\/uploads\/2024\/10\/ca3c538d-bb27-43ac-beee-2ea0c48c763e-768x576.jpg 768w, http:\/\/www.blogdopilako.com.br\/wp\/wp-content\/uploads\/2024\/10\/ca3c538d-bb27-43ac-beee-2ea0c48c763e-1536x1152.jpg 1536w, http:\/\/www.blogdopilako.com.br\/wp\/wp-content\/uploads\/2024\/10\/ca3c538d-bb27-43ac-beee-2ea0c48c763e-400x300.jpg 400w\" sizes=\"(max-width: 1600px) 100vw, 1600px\" \/><\/p>\n<p style=\"text-align: justify;\"><strong>O evento \u2013 6\u00aa Corrida do Vapor da Vit\u00f3ria<\/strong> \u2013 teve inicio \u00e0s 6h e, ap\u00f3s o aquecimento dos atletas,\u00a0 a largada ocorreu \u00e0s 7h. Ao final, j\u00e1 com a medalha no peito, os atletas tiveram a oportunidade de participara da cerimonia de premia\u00e7\u00e3o,\u00a0 num clima de muita m\u00fasica, descontra\u00e7\u00e3o e comes e bebes. <strong>Parab\u00e9ns aos organizadores do evento!!!<\/strong><\/p>\n<p><iframe loading=\"lazy\" title=\"Blog do Pilako: 6\u00aa CORRIDA DO VAPOR - P\u00c1TIO DA MATRIZ - DOMINGO, 20 DE OUTUBRO DE 2024\" width=\"584\" height=\"329\" src=\"https:\/\/www.youtube.com\/embed\/qvloQ48v3pM?feature=oembed\" frameborder=\"0\" allow=\"accelerometer; autoplay; clipboard-write; encrypted-media; gyroscope; picture-in-picture; web-share\" referrerpolicy=\"strict-origin-when-cross-origin\" allowfullscreen><\/iframe><\/p>\n<p><img loading=\"lazy\" class=\"aligncenter wp-image-146139 size-large\" src=\"http:\/\/www.blogdopilako.com.br\/wp\/wp-content\/uploads\/2024\/10\/Pix-arte-final-2-33-1024x401.png\" alt=\"\" width=\"584\" height=\"229\" srcset=\"http:\/\/www.blogdopilako.com.br\/wp\/wp-content\/uploads\/2024\/10\/Pix-arte-final-2-33-1024x401.png 1024w, http:\/\/www.blogdopilako.com.br\/wp\/wp-content\/uploads\/2024\/10\/Pix-arte-final-2-33-300x117.png 300w, http:\/\/www.blogdopilako.com.br\/wp\/wp-content\/uploads\/2024\/10\/Pix-arte-final-2-33-768x301.png 768w, http:\/\/www.blogdopilako.com.br\/wp\/wp-content\/uploads\/2024\/10\/Pix-arte-final-2-33-1536x601.png 1536w, http:\/\/www.blogdopilako.com.br\/wp\/wp-content\/uploads\/2024\/10\/Pix-arte-final-2-33-2048x802.png 2048w, http:\/\/www.blogdopilako.com.br\/wp\/wp-content\/uploads\/2024\/10\/Pix-arte-final-2-33-500x196.png 500w\" sizes=\"(max-width: 584px) 100vw, 584px\" \/><\/p>\n\n\t\t\t\t<div class=\"mr_social_sharing_wrapper\">\n\t\t\t\t<!-- Social Sharing Toolkit v2.2 --><span class=\"mr_social_sharing_top\"><span style=\"display: inline-block; width: 55px; height: 62px; overflow: hidden;\"><div class=\"fb-like\" data-href=\"http:\/\/www.blogdopilako.com.br\/wp\/2024\/10\/22\/a-corrida-do-vapor-homenageou-os-60-anos-grupo-jb\/\" data-send=\"false\" data-layout=\"box_count\" data-width=\"55\" data-show-faces=\"false\"><\/div><\/span><\/span><span class=\"mr_social_sharing_top\"><fb:share-button type=\"box_count\" href=\"http:\/\/www.blogdopilako.com.br\/wp\/2024\/10\/22\/a-corrida-do-vapor-homenageou-os-60-anos-grupo-jb\/\"><\/fb:share-button><\/span><span class=\"mr_social_sharing\"><a rel=\"nofollow\" class=\"linksalpha_button linksalpha_link\" href=\"\/\/www.linksalpha.com\/social\/mobile\" data-url=\"http:\/\/www.blogdopilako.com.br\/wp\/2024\/10\/22\/a-corrida-do-vapor-homenageou-os-60-anos-grupo-jb\/\" data-text=\"A \u201cCorrida do Vapor\u201d homenageou os 60 anos do Grupo JB.\" data-desc=\"A 6\u00aa edi\u00e7\u00e3o da corrida de rua promovida pelo grupo \u201cVapor da Vit\u00f3ria\u201d ocorreu na manh\u00e3 do \u00faltimo domingo (20). O ponto de concentra\u00e7\u00e3o, largada e chegada dos atletas foi o P\u00e1tio da Matriz \u2013 Pra\u00e7a Dom Luiz de Brito. Com um bom n\u00famero de atletas, grupos e assessorias de corrida o\" data-image=\"http:\/\/www.blogdopilako.com.br\/wp\/wp-content\/uploads\/2024\/10\/181a76ac-0cb1-4106-987a-fb3e4acd51b5.jpg\" data-button=\"none\">\n\t\t\t\t\t<img src=\"\/\/www.linksalpha.com\/images\/social_share_button.png\" alt=\"Share\" class=\"linksalpha_image\" \/>\n\t\t\t\t\t<\/a><script type=\"text\/javascript\" src=\"\/\/www.linksalpha.com\/scripts\/loader_iconbox.js?v=2.4\"><\/script><\/span><\/div>","protected":false},"excerpt":{"rendered":"\n\t\t\t\t<div class=\"mr_social_sharing_wrapper\">\n\t\t\t\t<!-- Social Sharing Toolkit v2.2 --><span class=\"mr_social_sharing_top\"><span style=\"display: inline-block; width: 55px; height: 62px; overflow: hidden;\"><div class=\"fb-like\" data-href=\"http:\/\/www.blogdopilako.com.br\/wp\/2024\/10\/22\/a-corrida-do-vapor-homenageou-os-60-anos-grupo-jb\/\" data-send=\"false\" data-layout=\"box_count\" data-width=\"55\" data-show-faces=\"false\"><\/div><\/span><\/span><span class=\"mr_social_sharing_top\"><fb:share-button type=\"box_count\" href=\"http:\/\/www.blogdopilako.com.br\/wp\/2024\/10\/22\/a-corrida-do-vapor-homenageou-os-60-anos-grupo-jb\/\"><\/fb:share-button><\/span><span class=\"mr_social_sharing\"><a rel=\"nofollow\" class=\"linksalpha_button linksalpha_link\" href=\"\/\/www.linksalpha.com\/social\/mobile\" data-url=\"http:\/\/www.blogdopilako.com.br\/wp\/2024\/10\/22\/a-corrida-do-vapor-homenageou-os-60-anos-grupo-jb\/\" data-text=\"A \u201cCorrida do Vapor\u201d homenageou os 60 anos do Grupo JB.\" data-desc=\"A 6\u00aa edi\u00e7\u00e3o da corrida de rua promovida pelo grupo \u201cVapor da Vit\u00f3ria\u201d ocorreu na manh\u00e3 do \u00faltimo domingo (20). O ponto de concentra\u00e7\u00e3o, largada e chegada dos atletas foi o P\u00e1tio da Matriz \u2013 Pra\u00e7a Dom Luiz de Brito. Com um bom n\u00famero de atletas, grupos e assessorias de corrida o\" data-image=\"\" data-button=\"none\">\n\t\t\t\t\t<img src=\"\/\/www.linksalpha.com\/images\/social_share_button.png\" alt=\"Share\" class=\"linksalpha_image\" \/>\n\t\t\t\t\t<\/a><script type=\"text\/javascript\" src=\"\/\/www.linksalpha.com\/scripts\/loader_iconbox.js?v=2.4\"><\/script><\/span><\/div><p>A 6\u00aa edi\u00e7\u00e3o da corrida de rua promovida pelo grupo \u201cVapor da Vit\u00f3ria\u201d ocorreu na manh\u00e3 do \u00faltimo domingo (20). O ponto de concentra\u00e7\u00e3o, largada e chegada dos atletas foi o P\u00e1tio da Matriz \u2013 Pra\u00e7a Dom Luiz de Brito. &hellip; <a href=\"http:\/\/www.blogdopilako.com.br\/wp\/2024\/10\/22\/a-corrida-do-vapor-homenageou-os-60-anos-grupo-jb\/\">Continue lendo <span class=\"meta-nav\">&rarr;<\/span><\/a><\/p>\n\n\t\t\t\t<div class=\"mr_social_sharing_wrapper\">\n\t\t\t\t<!-- Social Sharing Toolkit v2.2 --><span class=\"mr_social_sharing_top\"><span style=\"display: inline-block; width: 55px; height: 62px; overflow: hidden;\"><div class=\"fb-like\" data-href=\"http:\/\/www.blogdopilako.com.br\/wp\/2024\/10\/22\/a-corrida-do-vapor-homenageou-os-60-anos-grupo-jb\/\" data-send=\"false\" data-layout=\"box_count\" data-width=\"55\" data-show-faces=\"false\"><\/div><\/span><\/span><span class=\"mr_social_sharing_top\"><fb:share-button type=\"box_count\" href=\"http:\/\/www.blogdopilako.com.br\/wp\/2024\/10\/22\/a-corrida-do-vapor-homenageou-os-60-anos-grupo-jb\/\"><\/fb:share-button><\/span><span class=\"mr_social_sharing\"><a rel=\"nofollow\" class=\"linksalpha_button linksalpha_link\" href=\"\/\/www.linksalpha.com\/social\/mobile\" data-url=\"http:\/\/www.blogdopilako.com.br\/wp\/2024\/10\/22\/a-corrida-do-vapor-homenageou-os-60-anos-grupo-jb\/\" data-text=\"A \u201cCorrida do Vapor\u201d homenageou os 60 anos do Grupo JB.\" data-desc=\"A 6\u00aa edi\u00e7\u00e3o da corrida de rua promovida pelo grupo \u201cVapor da Vit\u00f3ria\u201d ocorreu na manh\u00e3 do \u00faltimo domingo (20). O ponto de concentra\u00e7\u00e3o, largada e chegada dos atletas foi o P\u00e1tio da Matriz \u2013 Pra\u00e7a Dom Luiz de Brito. Com um bom n\u00famero de atletas, grupos e assessorias de corrida o\" data-image=\"\" data-button=\"none\">\n\t\t\t\t\t<img src=\"\/\/www.linksalpha.com\/images\/social_share_button.png\" alt=\"Share\" class=\"linksalpha_image\" \/>\n\t\t\t\t\t<\/a><script type=\"text\/javascript\" src=\"\/\/www.linksalpha.com\/scripts\/loader_iconbox.js?v=2.4\"><\/script><\/span><\/div>","protected":false},"author":2,"featured_media":0,"comment_status":"open","ping_status":"open","sticky":false,"template":"","format":"standard","meta":[],"categories":[21],"tags":[],"_links":{"self":[{"href":"http:\/\/www.blogdopilako.com.br\/wp\/wp-json\/wp\/v2\/posts\/146143"}],"collection":[{"href":"http:\/\/www.blogdopilako.com.br\/wp\/wp-json\/wp\/v2\/posts"}],"about":[{"href":"http:\/\/www.blogdopilako.com.br\/wp\/wp-json\/wp\/v2\/types\/post"}],"author":[{"embeddable":true,"href":"http:\/\/www.blogdopilako.com.br\/wp\/wp-json\/wp\/v2\/users\/2"}],"replies":[{"embeddable":true,"href":"http:\/\/www.blogdopilako.com.br\/wp\/wp-json\/wp\/v2\/comments?post=146143"}],"version-history":[{"count":6,"href":"http:\/\/www.blogdopilako.com.br\/wp\/wp-json\/wp\/v2\/posts\/146143\/revisions"}],"predecessor-version":[{"id":146154,"href":"http:\/\/www.blogdopilako.com.br\/wp\/wp-json\/wp\/v2\/posts\/146143\/revisions\/146154"}],"wp:attachment":[{"href":"http:\/\/www.blogdopilako.com.br\/wp\/wp-json\/wp\/v2\/media?parent=146143"}],"wp:term":[{"taxonomy":"category","embeddable":true,"href":"http:\/\/www.blogdopilako.com.br\/wp\/wp-json\/wp\/v2\/categories?post=146143"},{"taxonomy":"post_tag","embeddable":true,"href":"http:\/\/www.blogdopilako.com.br\/wp\/wp-json\/wp\/v2\/tags?post=146143"}],"curies":[{"name":"wp","href":"https:\/\/api.w.org\/{rel}","templated":true}]}}