{"id":145555,"date":"2024-09-11T15:50:04","date_gmt":"2024-09-11T18:50:04","guid":{"rendered":"https:\/\/www.blogdopilako.com.br\/wp\/?p=145555"},"modified":"2024-09-11T15:50:04","modified_gmt":"2024-09-11T18:50:04","slug":"brasil-escapou-de-vivenciar-uma-tragedia-por-historia_em_retalhos","status":"publish","type":"post","link":"http:\/\/www.blogdopilako.com.br\/wp\/2024\/09\/11\/brasil-escapou-de-vivenciar-uma-tragedia-por-historia_em_retalhos\/","title":{"rendered":"Brasil escapou de vivenciar uma trag\u00e9dia &#8211; por @historia_em_retalhos."},"content":{"rendered":"\n\t\t\t\t<div class=\"mr_social_sharing_wrapper\">\n\t\t\t\t<!-- Social Sharing Toolkit v2.2 --><span class=\"mr_social_sharing_top\"><span style=\"display: inline-block; width: 55px; height: 62px; overflow: hidden;\"><div class=\"fb-like\" data-href=\"http:\/\/www.blogdopilako.com.br\/wp\/2024\/09\/11\/brasil-escapou-de-vivenciar-uma-tragedia-por-historia_em_retalhos\/\" data-send=\"false\" data-layout=\"box_count\" data-width=\"55\" data-show-faces=\"false\"><\/div><\/span><\/span><span class=\"mr_social_sharing_top\"><fb:share-button type=\"box_count\" href=\"http:\/\/www.blogdopilako.com.br\/wp\/2024\/09\/11\/brasil-escapou-de-vivenciar-uma-tragedia-por-historia_em_retalhos\/\"><\/fb:share-button><\/span><span class=\"mr_social_sharing\"><a rel=\"nofollow\" class=\"linksalpha_button linksalpha_link\" href=\"\/\/www.linksalpha.com\/social\/mobile\" data-url=\"http:\/\/www.blogdopilako.com.br\/wp\/2024\/09\/11\/brasil-escapou-de-vivenciar-uma-tragedia-por-historia_em_retalhos\/\" data-text=\"Brasil escapou de vivenciar uma trag\u00e9dia \u2013 por @historia_em_retalhos.\" data-desc=\"Muito se fala sobre o atentado \u00e0s torres g\u00eameas do World Trade Center nos EUA. O que pouca gente sabe, por\u00e9m, \u00e9 que o Brasil escapou de vivenciar uma trag\u00e9dia semelhante, 13 anos antes, em 29 de setembro de 1988. Isso mesmo. Naquele dia, o jovem Raimundo Nonato (foto) entrou armado com um\" data-image=\"http:\/\/www.blogdopilako.com.br\/wp\/wp-content\/uploads\/2024\/09\/1100f6e6-6e2c-4007-b015-1cd447839ec1-1.jpg\" data-button=\"none\">\n\t\t\t\t\t<img src=\"\/\/www.linksalpha.com\/images\/social_share_button.png\" alt=\"Share\" class=\"linksalpha_image\" \/>\n\t\t\t\t\t<\/a><script type=\"text\/javascript\" src=\"\/\/www.linksalpha.com\/scripts\/loader_iconbox.js?v=2.4\"><\/script><\/span><\/div><p><img loading=\"lazy\" class=\"alignnone wp-image-145558 size-full\" src=\"http:\/\/www.blogdopilako.com.br\/wp\/wp-content\/uploads\/2024\/09\/1100f6e6-6e2c-4007-b015-1cd447839ec1-1.jpg\" alt=\"\" width=\"622\" height=\"630\" srcset=\"http:\/\/www.blogdopilako.com.br\/wp\/wp-content\/uploads\/2024\/09\/1100f6e6-6e2c-4007-b015-1cd447839ec1-1.jpg 622w, http:\/\/www.blogdopilako.com.br\/wp\/wp-content\/uploads\/2024\/09\/1100f6e6-6e2c-4007-b015-1cd447839ec1-1-296x300.jpg 296w\" sizes=\"(max-width: 622px) 100vw, 622px\" \/><\/p>\n<p style=\"text-align: justify;\">Muito se fala sobre o atentado \u00e0s torres g\u00eameas do World Trade Center nos EUA.<\/p>\n<p style=\"text-align: justify;\">O que pouca gente sabe, por\u00e9m, \u00e9 que o Brasil escapou de vivenciar uma trag\u00e9dia semelhante, 13 anos antes, em 29 de setembro de 1988.<\/p>\n<p style=\"text-align: justify;\">Isso mesmo.<\/p>\n<p style=\"text-align: justify;\">Naquele dia, o jovem Raimundo Nonato (foto) entrou armado com um rev\u00f3lver calibre .32 no Boeing 375 da Vasp.<\/p>\n<p style=\"text-align: justify;\">O seu objetivo era sequestrar a aeronave e desvi\u00e1-la para Bras\u00edlia, onde, ao atingir o Pal\u00e1cio do Planalto, teria como v\u00edtima o ent\u00e3o presidente Jos\u00e9 Sarney.<\/p>\n<p style=\"text-align: justify;\">Nonato, de apenas 28 anos, era natural do Maranh\u00e3o, conterr\u00e2neo de Sarney, e dizia que tinha perdido o emprego devido \u00e0 pol\u00edtica econ\u00f4mica do presidente.<\/p>\n<p style=\"text-align: justify;\">Pois bem.<\/p>\n<p style=\"text-align: justify;\">A aeronave fazia a rota BH\/RJ.<\/p>\n<p style=\"text-align: justify;\">Quando o piloto Fernando Murilo (foto) preparava-se para pousar, o sequestrador obrigou-o a redirecionar o voo para Bras\u00edlia.<\/p>\n<p style=\"text-align: justify;\">Atento ao perigo, o comandante conseguiu emitir o c\u00f3digo de alerta para a base, informando o sequestro.<\/p>\n<p style=\"text-align: justify;\">Sem levar em conta os riscos, por\u00e9m, a torre entrou em contato com o avi\u00e3o, para confirmar a situa\u00e7\u00e3o.<\/p>\n<p style=\"text-align: justify;\">Neste momento, Nonato percebeu o contato e atirou na cabe\u00e7a do copiloto Salvador Evangelista, matando-o.<\/p>\n<p style=\"text-align: justify;\">&#8220;Eu quero matar o Sarney. Quero jogar o avi\u00e3o no Planalto&#8221;, gritava o rapaz.<\/p>\n<p style=\"text-align: justify;\">Com muito sangue frio e discernimento, o piloto sobrevoou a capital federal e alterou a rota para Goi\u00e2nia\/GO, sem que o sequestrador percebesse.<\/p>\n<p style=\"text-align: justify;\">Para desestabiliz\u00e1-lo, passou a realizar manobras acrob\u00e1ticas, que normalmente n\u00e3o s\u00e3o feitas em avi\u00f5es comerciais.<\/p>\n<p style=\"text-align: justify;\">Em uma dessas manobras, o sequestrador caiu e o piloto conseguiu pousar.<\/p>\n<p style=\"text-align: justify;\">A pista de pouso, em Goi\u00e2nia, j\u00e1 estava cercada pela Pol\u00edcia Federal.<\/p>\n<p style=\"text-align: justify;\">Depois de sete horas de negocia\u00e7\u00e3o, o sequestrador aceitou sair do boeing, para continuar o trajeto em um avi\u00e3o menor, levando o comandante como ref\u00e9m.<\/p>\n<p style=\"text-align: justify;\">Neste \u00ednterim, o criminoso foi baleado, passando imediatamente a atirar contra Murilo, que tentou correr em zigue-zague, mas foi atingido na perna.<\/p>\n<p style=\"text-align: justify;\">Preso, cinco dias depois, Raimundo Nonato morreu em um hospital de Goi\u00e2nia.<\/p>\n<p style=\"text-align: justify;\">O piloto Fernando Murilo, que salvou o pa\u00eds de uma trag\u00e9dia de efeitos incalcul\u00e1veis, morreu em 2020, aos 76 anos.<\/p>\n<p style=\"text-align: justify;\">De Jos\u00e9 Sarney, nunca recebeu nem um &#8220;obrigado&#8221;.<\/p>\n<p style=\"text-align: justify;\">Algumas observa\u00e7\u00f5es importantes:<br \/>\n.<br \/>\n&#8211; a bordo do Vasp 375, estavam 98 passageiros e sete tripulantes.<br \/>\n.<br \/>\n&#8211; \u00e0quela \u00e9poca, as medidas de seguran\u00e7a, como o uso de detector de metais, ainda eram ignoradas.<br \/>\n.<br \/>\n&#8211; a filha do copiloto assassinado, Wendy Evangelista, que, na \u00e9poca, ia completar oito anos de idade, adquiriu fobia de voar.<br \/>\n.<br \/>\n&#8211; o comandante Fernando Murilo chegou a receber algumas medalhas e honrarias por seu ato, sendo tido como her\u00f3i da avia\u00e7\u00e3o brasileira, por\u00e9m, diante da dimens\u00e3o da trag\u00e9dia que evitou, morreu esquecido e no anonimato. Em rela\u00e7\u00e3o ao ex-presidente Jos\u00e9 Sarney, afirmara certa vez em entrevista ao Estado de Minas: &#8220;Ele nunca me dirigiu a palavra. Nunca me agradeceu. Mas n\u00e3o tenho m\u00e1goa. Estou tranquilo com minha consci\u00eancia e sei que fiz meu papel&#8221;.<br \/>\n.<br \/>\n&#8211; a quem interessar, recomendo o filme &#8220;O Sequestro do Voo 375&#8221;, de Marcus Baldini.<\/p>\n<p style=\"text-align: justify;\"><strong>.<\/strong><br \/>\n<strong>Siga: @historia_em_retalhos<\/strong><\/p>\n<p><a href=\"https:\/\/www.instagram.com\/p\/C_xZgEXOrqQ\/?igsh=azdiYXlxNTJzZzhy\">https:\/\/www.instagram.com\/p\/C_xZgEXOrqQ\/?igsh=azdiYXlxNTJzZzhy<\/a><\/p>\n<p><img loading=\"lazy\" class=\"aligncenter wp-image-145551 size-large\" src=\"http:\/\/www.blogdopilako.com.br\/wp\/wp-content\/uploads\/2024\/09\/Pix-arte-final-2-22-1024x401.png\" alt=\"\" width=\"584\" height=\"229\" srcset=\"http:\/\/www.blogdopilako.com.br\/wp\/wp-content\/uploads\/2024\/09\/Pix-arte-final-2-22-1024x401.png 1024w, http:\/\/www.blogdopilako.com.br\/wp\/wp-content\/uploads\/2024\/09\/Pix-arte-final-2-22-300x117.png 300w, http:\/\/www.blogdopilako.com.br\/wp\/wp-content\/uploads\/2024\/09\/Pix-arte-final-2-22-768x301.png 768w, http:\/\/www.blogdopilako.com.br\/wp\/wp-content\/uploads\/2024\/09\/Pix-arte-final-2-22-1536x601.png 1536w, http:\/\/www.blogdopilako.com.br\/wp\/wp-content\/uploads\/2024\/09\/Pix-arte-final-2-22-2048x802.png 2048w, http:\/\/www.blogdopilako.com.br\/wp\/wp-content\/uploads\/2024\/09\/Pix-arte-final-2-22-500x196.png 500w\" sizes=\"(max-width: 584px) 100vw, 584px\" \/><\/p>\n\n\t\t\t\t<div class=\"mr_social_sharing_wrapper\">\n\t\t\t\t<!-- Social Sharing Toolkit v2.2 --><span class=\"mr_social_sharing_top\"><span style=\"display: inline-block; width: 55px; height: 62px; overflow: hidden;\"><div class=\"fb-like\" data-href=\"http:\/\/www.blogdopilako.com.br\/wp\/2024\/09\/11\/brasil-escapou-de-vivenciar-uma-tragedia-por-historia_em_retalhos\/\" data-send=\"false\" data-layout=\"box_count\" data-width=\"55\" data-show-faces=\"false\"><\/div><\/span><\/span><span class=\"mr_social_sharing_top\"><fb:share-button type=\"box_count\" href=\"http:\/\/www.blogdopilako.com.br\/wp\/2024\/09\/11\/brasil-escapou-de-vivenciar-uma-tragedia-por-historia_em_retalhos\/\"><\/fb:share-button><\/span><span class=\"mr_social_sharing\"><a rel=\"nofollow\" class=\"linksalpha_button linksalpha_link\" href=\"\/\/www.linksalpha.com\/social\/mobile\" data-url=\"http:\/\/www.blogdopilako.com.br\/wp\/2024\/09\/11\/brasil-escapou-de-vivenciar-uma-tragedia-por-historia_em_retalhos\/\" data-text=\"Brasil escapou de vivenciar uma trag\u00e9dia \u2013 por @historia_em_retalhos.\" data-desc=\"Muito se fala sobre o atentado \u00e0s torres g\u00eameas do World Trade Center nos EUA. O que pouca gente sabe, por\u00e9m, \u00e9 que o Brasil escapou de vivenciar uma trag\u00e9dia semelhante, 13 anos antes, em 29 de setembro de 1988. Isso mesmo. Naquele dia, o jovem Raimundo Nonato (foto) entrou armado com um\" data-image=\"http:\/\/www.blogdopilako.com.br\/wp\/wp-content\/uploads\/2024\/09\/1100f6e6-6e2c-4007-b015-1cd447839ec1-1.jpg\" data-button=\"none\">\n\t\t\t\t\t<img src=\"\/\/www.linksalpha.com\/images\/social_share_button.png\" alt=\"Share\" class=\"linksalpha_image\" \/>\n\t\t\t\t\t<\/a><script type=\"text\/javascript\" src=\"\/\/www.linksalpha.com\/scripts\/loader_iconbox.js?v=2.4\"><\/script><\/span><\/div>","protected":false},"excerpt":{"rendered":"\n\t\t\t\t<div class=\"mr_social_sharing_wrapper\">\n\t\t\t\t<!-- Social Sharing Toolkit v2.2 --><span class=\"mr_social_sharing_top\"><span style=\"display: inline-block; width: 55px; height: 62px; overflow: hidden;\"><div class=\"fb-like\" data-href=\"http:\/\/www.blogdopilako.com.br\/wp\/2024\/09\/11\/brasil-escapou-de-vivenciar-uma-tragedia-por-historia_em_retalhos\/\" data-send=\"false\" data-layout=\"box_count\" data-width=\"55\" data-show-faces=\"false\"><\/div><\/span><\/span><span class=\"mr_social_sharing_top\"><fb:share-button type=\"box_count\" href=\"http:\/\/www.blogdopilako.com.br\/wp\/2024\/09\/11\/brasil-escapou-de-vivenciar-uma-tragedia-por-historia_em_retalhos\/\"><\/fb:share-button><\/span><span class=\"mr_social_sharing\"><a rel=\"nofollow\" class=\"linksalpha_button linksalpha_link\" href=\"\/\/www.linksalpha.com\/social\/mobile\" data-url=\"http:\/\/www.blogdopilako.com.br\/wp\/2024\/09\/11\/brasil-escapou-de-vivenciar-uma-tragedia-por-historia_em_retalhos\/\" data-text=\"Brasil escapou de vivenciar uma trag\u00e9dia \u2013 por @historia_em_retalhos.\" data-desc=\"Muito se fala sobre o atentado \u00e0s torres g\u00eameas do World Trade Center nos EUA. O que pouca gente sabe, por\u00e9m, \u00e9 que o Brasil escapou de vivenciar uma trag\u00e9dia semelhante, 13 anos antes, em 29 de setembro de 1988. Isso mesmo. Naquele dia, o jovem Raimundo Nonato (foto) entrou armado com um\" data-image=\"\" data-button=\"none\">\n\t\t\t\t\t<img src=\"\/\/www.linksalpha.com\/images\/social_share_button.png\" alt=\"Share\" class=\"linksalpha_image\" \/>\n\t\t\t\t\t<\/a><script type=\"text\/javascript\" src=\"\/\/www.linksalpha.com\/scripts\/loader_iconbox.js?v=2.4\"><\/script><\/span><\/div><p>Muito se fala sobre o atentado \u00e0s torres g\u00eameas do World Trade Center nos EUA. O que pouca gente sabe, por\u00e9m, \u00e9 que o Brasil escapou de vivenciar uma trag\u00e9dia semelhante, 13 anos antes, em 29 de setembro de 1988. &hellip; <a href=\"http:\/\/www.blogdopilako.com.br\/wp\/2024\/09\/11\/brasil-escapou-de-vivenciar-uma-tragedia-por-historia_em_retalhos\/\">Continue lendo <span class=\"meta-nav\">&rarr;<\/span><\/a><\/p>\n\n\t\t\t\t<div class=\"mr_social_sharing_wrapper\">\n\t\t\t\t<!-- Social Sharing Toolkit v2.2 --><span class=\"mr_social_sharing_top\"><span style=\"display: inline-block; width: 55px; height: 62px; overflow: hidden;\"><div class=\"fb-like\" data-href=\"http:\/\/www.blogdopilako.com.br\/wp\/2024\/09\/11\/brasil-escapou-de-vivenciar-uma-tragedia-por-historia_em_retalhos\/\" data-send=\"false\" data-layout=\"box_count\" data-width=\"55\" data-show-faces=\"false\"><\/div><\/span><\/span><span class=\"mr_social_sharing_top\"><fb:share-button type=\"box_count\" href=\"http:\/\/www.blogdopilako.com.br\/wp\/2024\/09\/11\/brasil-escapou-de-vivenciar-uma-tragedia-por-historia_em_retalhos\/\"><\/fb:share-button><\/span><span class=\"mr_social_sharing\"><a rel=\"nofollow\" class=\"linksalpha_button linksalpha_link\" href=\"\/\/www.linksalpha.com\/social\/mobile\" data-url=\"http:\/\/www.blogdopilako.com.br\/wp\/2024\/09\/11\/brasil-escapou-de-vivenciar-uma-tragedia-por-historia_em_retalhos\/\" data-text=\"Brasil escapou de vivenciar uma trag\u00e9dia \u2013 por @historia_em_retalhos.\" data-desc=\"Muito se fala sobre o atentado \u00e0s torres g\u00eameas do World Trade Center nos EUA. O que pouca gente sabe, por\u00e9m, \u00e9 que o Brasil escapou de vivenciar uma trag\u00e9dia semelhante, 13 anos antes, em 29 de setembro de 1988. Isso mesmo. Naquele dia, o jovem Raimundo Nonato (foto) entrou armado com um\" data-image=\"\" data-button=\"none\">\n\t\t\t\t\t<img src=\"\/\/www.linksalpha.com\/images\/social_share_button.png\" alt=\"Share\" class=\"linksalpha_image\" \/>\n\t\t\t\t\t<\/a><script type=\"text\/javascript\" src=\"\/\/www.linksalpha.com\/scripts\/loader_iconbox.js?v=2.4\"><\/script><\/span><\/div>","protected":false},"author":2,"featured_media":0,"comment_status":"open","ping_status":"open","sticky":false,"template":"","format":"standard","meta":[],"categories":[21],"tags":[],"_links":{"self":[{"href":"http:\/\/www.blogdopilako.com.br\/wp\/wp-json\/wp\/v2\/posts\/145555"}],"collection":[{"href":"http:\/\/www.blogdopilako.com.br\/wp\/wp-json\/wp\/v2\/posts"}],"about":[{"href":"http:\/\/www.blogdopilako.com.br\/wp\/wp-json\/wp\/v2\/types\/post"}],"author":[{"embeddable":true,"href":"http:\/\/www.blogdopilako.com.br\/wp\/wp-json\/wp\/v2\/users\/2"}],"replies":[{"embeddable":true,"href":"http:\/\/www.blogdopilako.com.br\/wp\/wp-json\/wp\/v2\/comments?post=145555"}],"version-history":[{"count":1,"href":"http:\/\/www.blogdopilako.com.br\/wp\/wp-json\/wp\/v2\/posts\/145555\/revisions"}],"predecessor-version":[{"id":145559,"href":"http:\/\/www.blogdopilako.com.br\/wp\/wp-json\/wp\/v2\/posts\/145555\/revisions\/145559"}],"wp:attachment":[{"href":"http:\/\/www.blogdopilako.com.br\/wp\/wp-json\/wp\/v2\/media?parent=145555"}],"wp:term":[{"taxonomy":"category","embeddable":true,"href":"http:\/\/www.blogdopilako.com.br\/wp\/wp-json\/wp\/v2\/categories?post=145555"},{"taxonomy":"post_tag","embeddable":true,"href":"http:\/\/www.blogdopilako.com.br\/wp\/wp-json\/wp\/v2\/tags?post=145555"}],"curies":[{"name":"wp","href":"https:\/\/api.w.org\/{rel}","templated":true}]}}