{"id":145175,"date":"2024-08-12T11:51:04","date_gmt":"2024-08-12T14:51:04","guid":{"rendered":"https:\/\/www.blogdopilako.com.br\/wp\/?p=145175"},"modified":"2024-08-12T11:51:04","modified_gmt":"2024-08-12T14:51:04","slug":"o-tempo-voa-festividades-do-dia-3-de-agosto-2","status":"publish","type":"post","link":"http:\/\/www.blogdopilako.com.br\/wp\/2024\/08\/12\/o-tempo-voa-festividades-do-dia-3-de-agosto-2\/","title":{"rendered":"O Tempo Voa: Festividades do dia 3 de agosto"},"content":{"rendered":"\n\t\t\t\t<div class=\"mr_social_sharing_wrapper\">\n\t\t\t\t<!-- Social Sharing Toolkit v2.2 --><span class=\"mr_social_sharing_top\"><span style=\"display: inline-block; width: 55px; height: 62px; overflow: hidden;\"><div class=\"fb-like\" data-href=\"http:\/\/www.blogdopilako.com.br\/wp\/2024\/08\/12\/o-tempo-voa-festividades-do-dia-3-de-agosto-2\/\" data-send=\"false\" data-layout=\"box_count\" data-width=\"55\" data-show-faces=\"false\"><\/div><\/span><\/span><span class=\"mr_social_sharing_top\"><fb:share-button type=\"box_count\" href=\"http:\/\/www.blogdopilako.com.br\/wp\/2024\/08\/12\/o-tempo-voa-festividades-do-dia-3-de-agosto-2\/\"><\/fb:share-button><\/span><span class=\"mr_social_sharing\"><a rel=\"nofollow\" class=\"linksalpha_button linksalpha_link\" href=\"\/\/www.linksalpha.com\/social\/mobile\" data-url=\"http:\/\/www.blogdopilako.com.br\/wp\/2024\/08\/12\/o-tempo-voa-festividades-do-dia-3-de-agosto-2\/\" data-text=\"O Tempo Voa: Festividades do dia 3 de agosto\" data-desc=\"FESTIVIDADES 3 DE AGOSTO DE 1973 Festividades do dia 3 de agosto de 1973 - Inaugura\u00e7\u00e3o do servi\u00e7o de Abastecimento de d'\u00e1gua\u00a0 - entre outros, governado Eraldo Gueiros e o prefeito Barreto - Gabinete do Prefeito.\u00a0 \u00a0 \u00a0 \u00a0\" data-image=\"http:\/\/www.blogdopilako.com.br\/wp\/wp-content\/uploads\/2024\/08\/ins.jpg\" data-button=\"none\">\n\t\t\t\t\t<img src=\"\/\/www.linksalpha.com\/images\/social_share_button.png\" alt=\"Share\" class=\"linksalpha_image\" \/>\n\t\t\t\t\t<\/a><script type=\"text\/javascript\" src=\"\/\/www.linksalpha.com\/scripts\/loader_iconbox.js?v=2.4\"><\/script><\/span><\/div><p><img loading=\"lazy\" class=\"aligncenter wp-image-145177 size-full\" src=\"http:\/\/www.blogdopilako.com.br\/wp\/wp-content\/uploads\/2024\/08\/ins.jpg\" alt=\"\" width=\"568\" height=\"419\" srcset=\"http:\/\/www.blogdopilako.com.br\/wp\/wp-content\/uploads\/2024\/08\/ins.jpg 568w, http:\/\/www.blogdopilako.com.br\/wp\/wp-content\/uploads\/2024\/08\/ins-300x221.jpg 300w, http:\/\/www.blogdopilako.com.br\/wp\/wp-content\/uploads\/2024\/08\/ins-407x300.jpg 407w\" sizes=\"(max-width: 568px) 100vw, 568px\" \/><\/p>\n<p style=\"text-align: justify;\"><strong>FESTIVIDADES 3 DE AGOSTO DE 1973 Festividades do dia 3 de agosto de 1973 &#8211; Inaugura\u00e7\u00e3o do servi\u00e7o de Abastecimento de d&#8217;\u00e1gua\u00a0 &#8211; entre outros, governado Eraldo Gueiros e o prefeito Barreto &#8211; Gabinete do Prefeito.\u00a0<\/strong><\/p>\n<p><img loading=\"lazy\" class=\"aligncenter wp-image-145168 size-large\" src=\"http:\/\/www.blogdopilako.com.br\/wp\/wp-content\/uploads\/2024\/08\/Pix-arte-final-2-16-1024x401.png\" alt=\"\" width=\"584\" height=\"229\" srcset=\"http:\/\/www.blogdopilako.com.br\/wp\/wp-content\/uploads\/2024\/08\/Pix-arte-final-2-16-1024x401.png 1024w, http:\/\/www.blogdopilako.com.br\/wp\/wp-content\/uploads\/2024\/08\/Pix-arte-final-2-16-300x117.png 300w, http:\/\/www.blogdopilako.com.br\/wp\/wp-content\/uploads\/2024\/08\/Pix-arte-final-2-16-768x301.png 768w, http:\/\/www.blogdopilako.com.br\/wp\/wp-content\/uploads\/2024\/08\/Pix-arte-final-2-16-1536x601.png 1536w, http:\/\/www.blogdopilako.com.br\/wp\/wp-content\/uploads\/2024\/08\/Pix-arte-final-2-16-2048x802.png 2048w, http:\/\/www.blogdopilako.com.br\/wp\/wp-content\/uploads\/2024\/08\/Pix-arte-final-2-16-500x196.png 500w\" sizes=\"(max-width: 584px) 100vw, 584px\" \/><\/p>\n<p>&nbsp;<\/p>\n<p>&nbsp;<\/p>\n<p>&nbsp;<\/p>\n\n\t\t\t\t<div class=\"mr_social_sharing_wrapper\">\n\t\t\t\t<!-- Social Sharing Toolkit v2.2 --><span class=\"mr_social_sharing_top\"><span style=\"display: inline-block; width: 55px; height: 62px; overflow: hidden;\"><div class=\"fb-like\" data-href=\"http:\/\/www.blogdopilako.com.br\/wp\/2024\/08\/12\/o-tempo-voa-festividades-do-dia-3-de-agosto-2\/\" data-send=\"false\" data-layout=\"box_count\" data-width=\"55\" data-show-faces=\"false\"><\/div><\/span><\/span><span class=\"mr_social_sharing_top\"><fb:share-button type=\"box_count\" href=\"http:\/\/www.blogdopilako.com.br\/wp\/2024\/08\/12\/o-tempo-voa-festividades-do-dia-3-de-agosto-2\/\"><\/fb:share-button><\/span><span class=\"mr_social_sharing\"><a rel=\"nofollow\" class=\"linksalpha_button linksalpha_link\" href=\"\/\/www.linksalpha.com\/social\/mobile\" data-url=\"http:\/\/www.blogdopilako.com.br\/wp\/2024\/08\/12\/o-tempo-voa-festividades-do-dia-3-de-agosto-2\/\" data-text=\"O Tempo Voa: Festividades do dia 3 de agosto\" data-desc=\"FESTIVIDADES 3 DE AGOSTO DE 1973 Festividades do dia 3 de agosto de 1973 - Inaugura\u00e7\u00e3o do servi\u00e7o de Abastecimento de d'\u00e1gua\u00a0 - entre outros, governado Eraldo Gueiros e o prefeito Barreto - Gabinete do Prefeito.\u00a0 \u00a0 \u00a0 \u00a0\" data-image=\"http:\/\/www.blogdopilako.com.br\/wp\/wp-content\/uploads\/2024\/08\/ins.jpg\" data-button=\"none\">\n\t\t\t\t\t<img src=\"\/\/www.linksalpha.com\/images\/social_share_button.png\" alt=\"Share\" class=\"linksalpha_image\" \/>\n\t\t\t\t\t<\/a><script type=\"text\/javascript\" src=\"\/\/www.linksalpha.com\/scripts\/loader_iconbox.js?v=2.4\"><\/script><\/span><\/div>","protected":false},"excerpt":{"rendered":"\n\t\t\t\t<div class=\"mr_social_sharing_wrapper\">\n\t\t\t\t<!-- Social Sharing Toolkit v2.2 --><span class=\"mr_social_sharing_top\"><span style=\"display: inline-block; width: 55px; height: 62px; overflow: hidden;\"><div class=\"fb-like\" data-href=\"http:\/\/www.blogdopilako.com.br\/wp\/2024\/08\/12\/o-tempo-voa-festividades-do-dia-3-de-agosto-2\/\" data-send=\"false\" data-layout=\"box_count\" data-width=\"55\" data-show-faces=\"false\"><\/div><\/span><\/span><span class=\"mr_social_sharing_top\"><fb:share-button type=\"box_count\" href=\"http:\/\/www.blogdopilako.com.br\/wp\/2024\/08\/12\/o-tempo-voa-festividades-do-dia-3-de-agosto-2\/\"><\/fb:share-button><\/span><span class=\"mr_social_sharing\"><a rel=\"nofollow\" class=\"linksalpha_button linksalpha_link\" href=\"\/\/www.linksalpha.com\/social\/mobile\" data-url=\"http:\/\/www.blogdopilako.com.br\/wp\/2024\/08\/12\/o-tempo-voa-festividades-do-dia-3-de-agosto-2\/\" data-text=\"O Tempo Voa: Festividades do dia 3 de agosto\" data-desc=\"FESTIVIDADES 3 DE AGOSTO DE 1973 Festividades do dia 3 de agosto de 1973 - Inaugura\u00e7\u00e3o do servi\u00e7o de Abastecimento de d'\u00e1gua\u00a0 - entre outros, governado Eraldo Gueiros e o prefeito Barreto - Gabinete do Prefeito.\u00a0 \u00a0 \u00a0 \u00a0\" data-image=\"\" data-button=\"none\">\n\t\t\t\t\t<img src=\"\/\/www.linksalpha.com\/images\/social_share_button.png\" alt=\"Share\" class=\"linksalpha_image\" \/>\n\t\t\t\t\t<\/a><script type=\"text\/javascript\" src=\"\/\/www.linksalpha.com\/scripts\/loader_iconbox.js?v=2.4\"><\/script><\/span><\/div><p>FESTIVIDADES 3 DE AGOSTO DE 1973 Festividades do dia 3 de agosto de 1973 &#8211; Inaugura\u00e7\u00e3o do servi\u00e7o de Abastecimento de d&#8217;\u00e1gua\u00a0 &#8211; entre outros, governado Eraldo Gueiros e o prefeito Barreto &#8211; Gabinete do Prefeito.\u00a0 &nbsp; &nbsp; &nbsp;<\/p>\n\n\t\t\t\t<div class=\"mr_social_sharing_wrapper\">\n\t\t\t\t<!-- Social Sharing Toolkit v2.2 --><span class=\"mr_social_sharing_top\"><span style=\"display: inline-block; width: 55px; height: 62px; overflow: hidden;\"><div class=\"fb-like\" data-href=\"http:\/\/www.blogdopilako.com.br\/wp\/2024\/08\/12\/o-tempo-voa-festividades-do-dia-3-de-agosto-2\/\" data-send=\"false\" data-layout=\"box_count\" data-width=\"55\" data-show-faces=\"false\"><\/div><\/span><\/span><span class=\"mr_social_sharing_top\"><fb:share-button type=\"box_count\" href=\"http:\/\/www.blogdopilako.com.br\/wp\/2024\/08\/12\/o-tempo-voa-festividades-do-dia-3-de-agosto-2\/\"><\/fb:share-button><\/span><span class=\"mr_social_sharing\"><a rel=\"nofollow\" class=\"linksalpha_button linksalpha_link\" href=\"\/\/www.linksalpha.com\/social\/mobile\" data-url=\"http:\/\/www.blogdopilako.com.br\/wp\/2024\/08\/12\/o-tempo-voa-festividades-do-dia-3-de-agosto-2\/\" data-text=\"O Tempo Voa: Festividades do dia 3 de agosto\" data-desc=\"FESTIVIDADES 3 DE AGOSTO DE 1973 Festividades do dia 3 de agosto de 1973 - Inaugura\u00e7\u00e3o do servi\u00e7o de Abastecimento de d'\u00e1gua\u00a0 - entre outros, governado Eraldo Gueiros e o prefeito Barreto - Gabinete do Prefeito.\u00a0 \u00a0 \u00a0 \u00a0\" data-image=\"\" data-button=\"none\">\n\t\t\t\t\t<img src=\"\/\/www.linksalpha.com\/images\/social_share_button.png\" alt=\"Share\" class=\"linksalpha_image\" \/>\n\t\t\t\t\t<\/a><script type=\"text\/javascript\" src=\"\/\/www.linksalpha.com\/scripts\/loader_iconbox.js?v=2.4\"><\/script><\/span><\/div>","protected":false},"author":2,"featured_media":0,"comment_status":"open","ping_status":"open","sticky":false,"template":"","format":"standard","meta":[],"categories":[23],"tags":[],"_links":{"self":[{"href":"http:\/\/www.blogdopilako.com.br\/wp\/wp-json\/wp\/v2\/posts\/145175"}],"collection":[{"href":"http:\/\/www.blogdopilako.com.br\/wp\/wp-json\/wp\/v2\/posts"}],"about":[{"href":"http:\/\/www.blogdopilako.com.br\/wp\/wp-json\/wp\/v2\/types\/post"}],"author":[{"embeddable":true,"href":"http:\/\/www.blogdopilako.com.br\/wp\/wp-json\/wp\/v2\/users\/2"}],"replies":[{"embeddable":true,"href":"http:\/\/www.blogdopilako.com.br\/wp\/wp-json\/wp\/v2\/comments?post=145175"}],"version-history":[{"count":1,"href":"http:\/\/www.blogdopilako.com.br\/wp\/wp-json\/wp\/v2\/posts\/145175\/revisions"}],"predecessor-version":[{"id":145178,"href":"http:\/\/www.blogdopilako.com.br\/wp\/wp-json\/wp\/v2\/posts\/145175\/revisions\/145178"}],"wp:attachment":[{"href":"http:\/\/www.blogdopilako.com.br\/wp\/wp-json\/wp\/v2\/media?parent=145175"}],"wp:term":[{"taxonomy":"category","embeddable":true,"href":"http:\/\/www.blogdopilako.com.br\/wp\/wp-json\/wp\/v2\/categories?post=145175"},{"taxonomy":"post_tag","embeddable":true,"href":"http:\/\/www.blogdopilako.com.br\/wp\/wp-json\/wp\/v2\/tags?post=145175"}],"curies":[{"name":"wp","href":"https:\/\/api.w.org\/{rel}","templated":true}]}}