{"id":145014,"date":"2024-07-25T10:50:10","date_gmt":"2024-07-25T13:50:10","guid":{"rendered":"https:\/\/www.blogdopilako.com.br\/wp\/?p=145014"},"modified":"2024-07-25T10:52:43","modified_gmt":"2024-07-25T13:52:43","slug":"pirrita-condecorado-pela-camara-de-vereadores","status":"publish","type":"post","link":"http:\/\/www.blogdopilako.com.br\/wp\/2024\/07\/25\/pirrita-condecorado-pela-camara-de-vereadores\/","title":{"rendered":"PIRRITA: condecorado pela C\u00e2mara de Vereadores&#8230;"},"content":{"rendered":"\n\t\t\t\t<div class=\"mr_social_sharing_wrapper\">\n\t\t\t\t<!-- Social Sharing Toolkit v2.2 --><span class=\"mr_social_sharing_top\"><span style=\"display: inline-block; width: 55px; height: 62px; overflow: hidden;\"><div class=\"fb-like\" data-href=\"http:\/\/www.blogdopilako.com.br\/wp\/2024\/07\/25\/pirrita-condecorado-pela-camara-de-vereadores\/\" data-send=\"false\" data-layout=\"box_count\" data-width=\"55\" data-show-faces=\"false\"><\/div><\/span><\/span><span class=\"mr_social_sharing_top\"><fb:share-button type=\"box_count\" href=\"http:\/\/www.blogdopilako.com.br\/wp\/2024\/07\/25\/pirrita-condecorado-pela-camara-de-vereadores\/\"><\/fb:share-button><\/span><span class=\"mr_social_sharing\"><a rel=\"nofollow\" class=\"linksalpha_button linksalpha_link\" href=\"\/\/www.linksalpha.com\/social\/mobile\" data-url=\"http:\/\/www.blogdopilako.com.br\/wp\/2024\/07\/25\/pirrita-condecorado-pela-camara-de-vereadores\/\" data-text=\"PIRRITA: condecorado pela C\u00e2mara de Vereadores\u2026\" data-desc=\"Em recente evento ocorrido \u00a0na C\u00e2mara de Vereadores local o atleta antonense, Manoel Jos\u00e9 Santiago da Silva, popularmente conhecido por PIRRITA, foi condecorado com a comenda Lauro Barros. Essa honraria se justifica, \u00a0pelos relevantes servi\u00e7os prestados ao munic\u00edpio no contexto esportivo. O\" data-image=\"http:\/\/www.blogdopilako.com.br\/wp\/wp-content\/uploads\/2024\/07\/a61a01a3-5cc5-4c51-a710-b18936a7ad6c.jpg\" data-button=\"none\">\n\t\t\t\t\t<img src=\"\/\/www.linksalpha.com\/images\/social_share_button.png\" alt=\"Share\" class=\"linksalpha_image\" \/>\n\t\t\t\t\t<\/a><script type=\"text\/javascript\" src=\"\/\/www.linksalpha.com\/scripts\/loader_iconbox.js?v=2.4\"><\/script><\/span><\/div><p><img loading=\"lazy\" class=\"aligncenter wp-image-145015 size-full\" src=\"http:\/\/www.blogdopilako.com.br\/wp\/wp-content\/uploads\/2024\/07\/a61a01a3-5cc5-4c51-a710-b18936a7ad6c.jpg\" alt=\"\" width=\"960\" height=\"1280\" srcset=\"http:\/\/www.blogdopilako.com.br\/wp\/wp-content\/uploads\/2024\/07\/a61a01a3-5cc5-4c51-a710-b18936a7ad6c.jpg 960w, http:\/\/www.blogdopilako.com.br\/wp\/wp-content\/uploads\/2024\/07\/a61a01a3-5cc5-4c51-a710-b18936a7ad6c-225x300.jpg 225w, http:\/\/www.blogdopilako.com.br\/wp\/wp-content\/uploads\/2024\/07\/a61a01a3-5cc5-4c51-a710-b18936a7ad6c-768x1024.jpg 768w\" sizes=\"(max-width: 960px) 100vw, 960px\" \/><\/p>\n<p style=\"text-align: justify;\">Em recente evento ocorrido \u00a0na C\u00e2mara de Vereadores local o atleta antonense, <strong>Manoel Jos\u00e9 Santiago da Silva<\/strong>, popularmente conhecido por <strong>PIRRITA,<\/strong> foi condecorado com a comenda Lauro Barros. Essa honraria se justifica, \u00a0pelos relevantes servi\u00e7os prestados ao munic\u00edpio no contexto esportivo.<\/p>\n<p><img loading=\"lazy\" class=\"alignnone wp-image-145016 size-full\" src=\"http:\/\/www.blogdopilako.com.br\/wp\/wp-content\/uploads\/2024\/07\/b2a04557-6ce7-4edf-a38b-854c265b533f.jpg\" alt=\"\" width=\"1601\" height=\"959\" srcset=\"http:\/\/www.blogdopilako.com.br\/wp\/wp-content\/uploads\/2024\/07\/b2a04557-6ce7-4edf-a38b-854c265b533f.jpg 1601w, http:\/\/www.blogdopilako.com.br\/wp\/wp-content\/uploads\/2024\/07\/b2a04557-6ce7-4edf-a38b-854c265b533f-300x180.jpg 300w, http:\/\/www.blogdopilako.com.br\/wp\/wp-content\/uploads\/2024\/07\/b2a04557-6ce7-4edf-a38b-854c265b533f-1024x613.jpg 1024w, http:\/\/www.blogdopilako.com.br\/wp\/wp-content\/uploads\/2024\/07\/b2a04557-6ce7-4edf-a38b-854c265b533f-768x460.jpg 768w, http:\/\/www.blogdopilako.com.br\/wp\/wp-content\/uploads\/2024\/07\/b2a04557-6ce7-4edf-a38b-854c265b533f-1536x920.jpg 1536w, http:\/\/www.blogdopilako.com.br\/wp\/wp-content\/uploads\/2024\/07\/b2a04557-6ce7-4edf-a38b-854c265b533f-500x300.jpg 500w\" sizes=\"(max-width: 1601px) 100vw, 1601px\" \/><\/p>\n<p style=\"text-align: justify;\">O tamb\u00e9m <strong>professor, Ageu J\u00fanior,<\/strong> em sauda\u00e7\u00e3o ao homenageado, entre outras coisas, lembrou da sua amizade de mais de 4 d\u00e9cadas, assim como do tempo em que o Pirrita iniciou sua trajet\u00f3ria como treinador esportivo. Ressaltou, ainda, sua maneira de ser: \u201csempre competente, sempre com\u00a0 muita humildade\u201d, pontuou Ageu.<\/p>\n<p style=\"text-align: justify;\">Vale lembrar, tamb\u00e9m, o nosso amigo Pirrita foi o homenageado da 3\u00aa Edi\u00e7\u00e3o da Corrida Vit\u00f3ria, ocorrida em nossa cidade, no m\u00eas de abril do corrente.<\/p>\n<p><img loading=\"lazy\" class=\"aligncenter wp-image-145012 size-large\" src=\"http:\/\/www.blogdopilako.com.br\/wp\/wp-content\/uploads\/2024\/07\/Pix-arte-final-2-44-1024x401.png\" alt=\"\" width=\"584\" height=\"229\" srcset=\"http:\/\/www.blogdopilako.com.br\/wp\/wp-content\/uploads\/2024\/07\/Pix-arte-final-2-44-1024x401.png 1024w, http:\/\/www.blogdopilako.com.br\/wp\/wp-content\/uploads\/2024\/07\/Pix-arte-final-2-44-300x117.png 300w, http:\/\/www.blogdopilako.com.br\/wp\/wp-content\/uploads\/2024\/07\/Pix-arte-final-2-44-768x301.png 768w, http:\/\/www.blogdopilako.com.br\/wp\/wp-content\/uploads\/2024\/07\/Pix-arte-final-2-44-1536x601.png 1536w, http:\/\/www.blogdopilako.com.br\/wp\/wp-content\/uploads\/2024\/07\/Pix-arte-final-2-44-2048x802.png 2048w, http:\/\/www.blogdopilako.com.br\/wp\/wp-content\/uploads\/2024\/07\/Pix-arte-final-2-44-500x196.png 500w\" sizes=\"(max-width: 584px) 100vw, 584px\" \/><\/p>\n\n\t\t\t\t<div class=\"mr_social_sharing_wrapper\">\n\t\t\t\t<!-- Social Sharing Toolkit v2.2 --><span class=\"mr_social_sharing_top\"><span style=\"display: inline-block; width: 55px; height: 62px; overflow: hidden;\"><div class=\"fb-like\" data-href=\"http:\/\/www.blogdopilako.com.br\/wp\/2024\/07\/25\/pirrita-condecorado-pela-camara-de-vereadores\/\" data-send=\"false\" data-layout=\"box_count\" data-width=\"55\" data-show-faces=\"false\"><\/div><\/span><\/span><span class=\"mr_social_sharing_top\"><fb:share-button type=\"box_count\" href=\"http:\/\/www.blogdopilako.com.br\/wp\/2024\/07\/25\/pirrita-condecorado-pela-camara-de-vereadores\/\"><\/fb:share-button><\/span><span class=\"mr_social_sharing\"><a rel=\"nofollow\" class=\"linksalpha_button linksalpha_link\" href=\"\/\/www.linksalpha.com\/social\/mobile\" data-url=\"http:\/\/www.blogdopilako.com.br\/wp\/2024\/07\/25\/pirrita-condecorado-pela-camara-de-vereadores\/\" data-text=\"PIRRITA: condecorado pela C\u00e2mara de Vereadores\u2026\" data-desc=\"Em recente evento ocorrido \u00a0na C\u00e2mara de Vereadores local o atleta antonense, Manoel Jos\u00e9 Santiago da Silva, popularmente conhecido por PIRRITA, foi condecorado com a comenda Lauro Barros. Essa honraria se justifica, \u00a0pelos relevantes servi\u00e7os prestados ao munic\u00edpio no contexto esportivo. O\" data-image=\"http:\/\/www.blogdopilako.com.br\/wp\/wp-content\/uploads\/2024\/07\/a61a01a3-5cc5-4c51-a710-b18936a7ad6c.jpg\" data-button=\"none\">\n\t\t\t\t\t<img src=\"\/\/www.linksalpha.com\/images\/social_share_button.png\" alt=\"Share\" class=\"linksalpha_image\" \/>\n\t\t\t\t\t<\/a><script type=\"text\/javascript\" src=\"\/\/www.linksalpha.com\/scripts\/loader_iconbox.js?v=2.4\"><\/script><\/span><\/div>","protected":false},"excerpt":{"rendered":"\n\t\t\t\t<div class=\"mr_social_sharing_wrapper\">\n\t\t\t\t<!-- Social Sharing Toolkit v2.2 --><span class=\"mr_social_sharing_top\"><span style=\"display: inline-block; width: 55px; height: 62px; overflow: hidden;\"><div class=\"fb-like\" data-href=\"http:\/\/www.blogdopilako.com.br\/wp\/2024\/07\/25\/pirrita-condecorado-pela-camara-de-vereadores\/\" data-send=\"false\" data-layout=\"box_count\" data-width=\"55\" data-show-faces=\"false\"><\/div><\/span><\/span><span class=\"mr_social_sharing_top\"><fb:share-button type=\"box_count\" href=\"http:\/\/www.blogdopilako.com.br\/wp\/2024\/07\/25\/pirrita-condecorado-pela-camara-de-vereadores\/\"><\/fb:share-button><\/span><span class=\"mr_social_sharing\"><a rel=\"nofollow\" class=\"linksalpha_button linksalpha_link\" href=\"\/\/www.linksalpha.com\/social\/mobile\" data-url=\"http:\/\/www.blogdopilako.com.br\/wp\/2024\/07\/25\/pirrita-condecorado-pela-camara-de-vereadores\/\" data-text=\"PIRRITA: condecorado pela C\u00e2mara de Vereadores\u2026\" data-desc=\"Em recente evento ocorrido \u00a0na C\u00e2mara de Vereadores local o atleta antonense, Manoel Jos\u00e9 Santiago da Silva, popularmente conhecido por PIRRITA, foi condecorado com a comenda Lauro Barros. Essa honraria se justifica, \u00a0pelos relevantes servi\u00e7os prestados ao munic\u00edpio no contexto esportivo. O\" data-image=\"\" data-button=\"none\">\n\t\t\t\t\t<img src=\"\/\/www.linksalpha.com\/images\/social_share_button.png\" alt=\"Share\" class=\"linksalpha_image\" \/>\n\t\t\t\t\t<\/a><script type=\"text\/javascript\" src=\"\/\/www.linksalpha.com\/scripts\/loader_iconbox.js?v=2.4\"><\/script><\/span><\/div><p>Em recente evento ocorrido \u00a0na C\u00e2mara de Vereadores local o atleta antonense, Manoel Jos\u00e9 Santiago da Silva, popularmente conhecido por PIRRITA, foi condecorado com a comenda Lauro Barros. Essa honraria se justifica, \u00a0pelos relevantes servi\u00e7os prestados ao munic\u00edpio no contexto &hellip; <a href=\"http:\/\/www.blogdopilako.com.br\/wp\/2024\/07\/25\/pirrita-condecorado-pela-camara-de-vereadores\/\">Continue lendo <span class=\"meta-nav\">&rarr;<\/span><\/a><\/p>\n\n\t\t\t\t<div class=\"mr_social_sharing_wrapper\">\n\t\t\t\t<!-- Social Sharing Toolkit v2.2 --><span class=\"mr_social_sharing_top\"><span style=\"display: inline-block; width: 55px; height: 62px; overflow: hidden;\"><div class=\"fb-like\" data-href=\"http:\/\/www.blogdopilako.com.br\/wp\/2024\/07\/25\/pirrita-condecorado-pela-camara-de-vereadores\/\" data-send=\"false\" data-layout=\"box_count\" data-width=\"55\" data-show-faces=\"false\"><\/div><\/span><\/span><span class=\"mr_social_sharing_top\"><fb:share-button type=\"box_count\" href=\"http:\/\/www.blogdopilako.com.br\/wp\/2024\/07\/25\/pirrita-condecorado-pela-camara-de-vereadores\/\"><\/fb:share-button><\/span><span class=\"mr_social_sharing\"><a rel=\"nofollow\" class=\"linksalpha_button linksalpha_link\" href=\"\/\/www.linksalpha.com\/social\/mobile\" data-url=\"http:\/\/www.blogdopilako.com.br\/wp\/2024\/07\/25\/pirrita-condecorado-pela-camara-de-vereadores\/\" data-text=\"PIRRITA: condecorado pela C\u00e2mara de Vereadores\u2026\" data-desc=\"Em recente evento ocorrido \u00a0na C\u00e2mara de Vereadores local o atleta antonense, Manoel Jos\u00e9 Santiago da Silva, popularmente conhecido por PIRRITA, foi condecorado com a comenda Lauro Barros. Essa honraria se justifica, \u00a0pelos relevantes servi\u00e7os prestados ao munic\u00edpio no contexto esportivo. O\" data-image=\"\" data-button=\"none\">\n\t\t\t\t\t<img src=\"\/\/www.linksalpha.com\/images\/social_share_button.png\" alt=\"Share\" class=\"linksalpha_image\" \/>\n\t\t\t\t\t<\/a><script type=\"text\/javascript\" src=\"\/\/www.linksalpha.com\/scripts\/loader_iconbox.js?v=2.4\"><\/script><\/span><\/div>","protected":false},"author":2,"featured_media":0,"comment_status":"open","ping_status":"open","sticky":false,"template":"","format":"standard","meta":[],"categories":[21],"tags":[],"_links":{"self":[{"href":"http:\/\/www.blogdopilako.com.br\/wp\/wp-json\/wp\/v2\/posts\/145014"}],"collection":[{"href":"http:\/\/www.blogdopilako.com.br\/wp\/wp-json\/wp\/v2\/posts"}],"about":[{"href":"http:\/\/www.blogdopilako.com.br\/wp\/wp-json\/wp\/v2\/types\/post"}],"author":[{"embeddable":true,"href":"http:\/\/www.blogdopilako.com.br\/wp\/wp-json\/wp\/v2\/users\/2"}],"replies":[{"embeddable":true,"href":"http:\/\/www.blogdopilako.com.br\/wp\/wp-json\/wp\/v2\/comments?post=145014"}],"version-history":[{"count":1,"href":"http:\/\/www.blogdopilako.com.br\/wp\/wp-json\/wp\/v2\/posts\/145014\/revisions"}],"predecessor-version":[{"id":145019,"href":"http:\/\/www.blogdopilako.com.br\/wp\/wp-json\/wp\/v2\/posts\/145014\/revisions\/145019"}],"wp:attachment":[{"href":"http:\/\/www.blogdopilako.com.br\/wp\/wp-json\/wp\/v2\/media?parent=145014"}],"wp:term":[{"taxonomy":"category","embeddable":true,"href":"http:\/\/www.blogdopilako.com.br\/wp\/wp-json\/wp\/v2\/categories?post=145014"},{"taxonomy":"post_tag","embeddable":true,"href":"http:\/\/www.blogdopilako.com.br\/wp\/wp-json\/wp\/v2\/tags?post=145014"}],"curies":[{"name":"wp","href":"https:\/\/api.w.org\/{rel}","templated":true}]}}