{"id":144985,"date":"2024-07-23T11:12:28","date_gmt":"2024-07-23T14:12:28","guid":{"rendered":"https:\/\/www.blogdopilako.com.br\/wp\/?p=144985"},"modified":"2024-07-23T11:14:58","modified_gmt":"2024-07-23T14:14:58","slug":"kamala-harris-por-historia_em_retalhos","status":"publish","type":"post","link":"http:\/\/www.blogdopilako.com.br\/wp\/2024\/07\/23\/kamala-harris-por-historia_em_retalhos\/","title":{"rendered":"Kamala Harris &#8211; por @historia_em_retalhos."},"content":{"rendered":"\n\t\t\t\t<div class=\"mr_social_sharing_wrapper\">\n\t\t\t\t<!-- Social Sharing Toolkit v2.2 --><span class=\"mr_social_sharing_top\"><span style=\"display: inline-block; width: 55px; height: 62px; overflow: hidden;\"><div class=\"fb-like\" data-href=\"http:\/\/www.blogdopilako.com.br\/wp\/2024\/07\/23\/kamala-harris-por-historia_em_retalhos\/\" data-send=\"false\" data-layout=\"box_count\" data-width=\"55\" data-show-faces=\"false\"><\/div><\/span><\/span><span class=\"mr_social_sharing_top\"><fb:share-button type=\"box_count\" href=\"http:\/\/www.blogdopilako.com.br\/wp\/2024\/07\/23\/kamala-harris-por-historia_em_retalhos\/\"><\/fb:share-button><\/span><span class=\"mr_social_sharing\"><a rel=\"nofollow\" class=\"linksalpha_button linksalpha_link\" href=\"\/\/www.linksalpha.com\/social\/mobile\" data-url=\"http:\/\/www.blogdopilako.com.br\/wp\/2024\/07\/23\/kamala-harris-por-historia_em_retalhos\/\" data-text=\"Kamala Harris \u2013 por @historia_em_retalhos.\" data-desc=\"Esta \u00e9 Kamala Harris, 59 anos. Kamala \u00e9 filha de uma indiana, que se tornou cientista nos Estados Unidos. O seu pai, jamaicano, \u00e9 economista e professor da Universidade de Stanford. Kamala elegeu-se promotora de S\u00e3o Francisco em 2004. Seis anos depois, foi eleita Procurador-Geral da\" data-image=\"http:\/\/www.blogdopilako.com.br\/wp\/wp-content\/uploads\/2024\/07\/a9aa7f36-49bc-4f3e-a821-f325c61c503f-300x286.jpg\" data-button=\"none\">\n\t\t\t\t\t<img src=\"\/\/www.linksalpha.com\/images\/social_share_button.png\" alt=\"Share\" class=\"linksalpha_image\" \/>\n\t\t\t\t\t<\/a><script type=\"text\/javascript\" src=\"\/\/www.linksalpha.com\/scripts\/loader_iconbox.js?v=2.4\"><\/script><\/span><\/div><p><img loading=\"lazy\" class=\"size-medium wp-image-144986 alignright\" src=\"http:\/\/www.blogdopilako.com.br\/wp\/wp-content\/uploads\/2024\/07\/a9aa7f36-49bc-4f3e-a821-f325c61c503f-300x286.jpg\" alt=\"\" width=\"300\" height=\"286\" srcset=\"http:\/\/www.blogdopilako.com.br\/wp\/wp-content\/uploads\/2024\/07\/a9aa7f36-49bc-4f3e-a821-f325c61c503f-300x286.jpg 300w, http:\/\/www.blogdopilako.com.br\/wp\/wp-content\/uploads\/2024\/07\/a9aa7f36-49bc-4f3e-a821-f325c61c503f-315x300.jpg 315w, http:\/\/www.blogdopilako.com.br\/wp\/wp-content\/uploads\/2024\/07\/a9aa7f36-49bc-4f3e-a821-f325c61c503f.jpg 640w\" sizes=\"(max-width: 300px) 100vw, 300px\" \/><\/p>\n<p style=\"text-align: justify;\"><strong>Esta \u00e9 Kamala Harris<\/strong>, 59 anos.<\/p>\n<p style=\"text-align: justify;\">Kamala \u00e9 filha de uma indiana, que se tornou cientista nos Estados Unidos.<\/p>\n<p style=\"text-align: justify;\">O seu pai, jamaicano, \u00e9 economista e professor da Universidade de Stanford.<\/p>\n<p style=\"text-align: justify;\">Kamala elegeu-se promotora de S\u00e3o Francisco em 2004.<\/p>\n<p style=\"text-align: justify;\">Seis anos depois, foi eleita Procurador-Geral da Calif\u00f3rnia, a primeira mulher e a primeira pessoa negra no cargo.<\/p>\n<p style=\"text-align: justify;\">Na promotoria, foi combativa em casos de viol\u00eancia dom\u00e9stica e de explora\u00e7\u00e3o de crian\u00e7as.<\/p>\n<p style=\"text-align: justify;\">Em 2016, tornou-se a segunda mulher negra na hist\u00f3ria a ocupar uma cadeira no Senado americano.<\/p>\n<p style=\"text-align: justify;\">Tr\u00eas anos depois, disputou com Joe Biden a vaga de candidata democrata \u00e0 presid\u00eancia.<\/p>\n<p style=\"text-align: justify;\">A pr\u00e9-candidatura n\u00e3o foi adiante e Kamala tornou-se a vice ideal de Biden, ajudando a trazer os votos de mulheres, negros e jovens.<\/p>\n<p style=\"text-align: justify;\">Primeira mulher, primeira negra e primeira descendente de asi\u00e1ticos vice-presidente dos Estados Unidos.<\/p>\n<p style=\"text-align: justify;\">Logo no in\u00edcio do governo, Biden designou Kamala para lidar com a crise das imigra\u00e7\u00f5es, mas foi acusada de demorar a ir at\u00e9 a fronteira, menosprezando a urg\u00eancia da situa\u00e7\u00e3o.<\/p>\n<p style=\"text-align: justify;\">Governadores republicanos chegaram a enviar \u00f4nibus com imigrantes para a frente de sua resid\u00eancia.<\/p>\n<p style=\"text-align: justify;\">Outra luta que lhe coube foi a da defesa dos direitos reprodutivos das mulheres, depois que a Suprema Corte derrubou o direito ao aborto.<\/p>\n<p style=\"text-align: justify;\">Kamala sofreu com ataques duros dos advers\u00e1rios, sem ser defendida por seus aliados.<\/p>\n<p style=\"text-align: justify;\">A popularidade dela caiu e a participa\u00e7\u00e3o na chapa de reelei\u00e7\u00e3o chegou a ser questionada, mas Biden manteve-se fiel a ela e ela a Biden.<\/p>\n<p style=\"text-align: justify;\">Fizeram campanha unidos e com muito respeito, at\u00e9 o hist\u00f3rico dia 21 de julho de 2024, quando o presidente anunciou que sair\u00e1 da corrida pela Casa Branca.<\/p>\n<p style=\"text-align: justify;\">Uma coisa \u00e9 certa: Kamala ou quem for o escolhido pelos democratas ter\u00e1 apenas 105 dias para fazer uma campanha que ven\u00e7a Donald Trump em novembro.<\/p>\n<p style=\"text-align: justify;\">As pesquisas j\u00e1 come\u00e7am a indicar que Kamala Harris apresenta viabilidade eleitoral melhor do que Joe Biden.<\/p>\n<p style=\"text-align: justify;\">As cartas est\u00e3o na mesa.<br \/>\n.<br \/>\n<strong>Siga: @historia_em_retalhos<\/strong><\/p>\n<p><img loading=\"lazy\" class=\"aligncenter wp-image-144978 size-large\" src=\"http:\/\/www.blogdopilako.com.br\/wp\/wp-content\/uploads\/2024\/07\/Pix-arte-final-2-39-1024x401.png\" alt=\"\" width=\"584\" height=\"229\" srcset=\"http:\/\/www.blogdopilako.com.br\/wp\/wp-content\/uploads\/2024\/07\/Pix-arte-final-2-39-1024x401.png 1024w, http:\/\/www.blogdopilako.com.br\/wp\/wp-content\/uploads\/2024\/07\/Pix-arte-final-2-39-300x117.png 300w, http:\/\/www.blogdopilako.com.br\/wp\/wp-content\/uploads\/2024\/07\/Pix-arte-final-2-39-768x301.png 768w, http:\/\/www.blogdopilako.com.br\/wp\/wp-content\/uploads\/2024\/07\/Pix-arte-final-2-39-1536x601.png 1536w, http:\/\/www.blogdopilako.com.br\/wp\/wp-content\/uploads\/2024\/07\/Pix-arte-final-2-39-2048x802.png 2048w, http:\/\/www.blogdopilako.com.br\/wp\/wp-content\/uploads\/2024\/07\/Pix-arte-final-2-39-500x196.png 500w\" sizes=\"(max-width: 584px) 100vw, 584px\" \/><\/p>\n\n\t\t\t\t<div class=\"mr_social_sharing_wrapper\">\n\t\t\t\t<!-- Social Sharing Toolkit v2.2 --><span class=\"mr_social_sharing_top\"><span style=\"display: inline-block; width: 55px; height: 62px; overflow: hidden;\"><div class=\"fb-like\" data-href=\"http:\/\/www.blogdopilako.com.br\/wp\/2024\/07\/23\/kamala-harris-por-historia_em_retalhos\/\" data-send=\"false\" data-layout=\"box_count\" data-width=\"55\" data-show-faces=\"false\"><\/div><\/span><\/span><span class=\"mr_social_sharing_top\"><fb:share-button type=\"box_count\" href=\"http:\/\/www.blogdopilako.com.br\/wp\/2024\/07\/23\/kamala-harris-por-historia_em_retalhos\/\"><\/fb:share-button><\/span><span class=\"mr_social_sharing\"><a rel=\"nofollow\" class=\"linksalpha_button linksalpha_link\" href=\"\/\/www.linksalpha.com\/social\/mobile\" data-url=\"http:\/\/www.blogdopilako.com.br\/wp\/2024\/07\/23\/kamala-harris-por-historia_em_retalhos\/\" data-text=\"Kamala Harris \u2013 por @historia_em_retalhos.\" data-desc=\"Esta \u00e9 Kamala Harris, 59 anos. Kamala \u00e9 filha de uma indiana, que se tornou cientista nos Estados Unidos. O seu pai, jamaicano, \u00e9 economista e professor da Universidade de Stanford. Kamala elegeu-se promotora de S\u00e3o Francisco em 2004. Seis anos depois, foi eleita Procurador-Geral da\" data-image=\"http:\/\/www.blogdopilako.com.br\/wp\/wp-content\/uploads\/2024\/07\/a9aa7f36-49bc-4f3e-a821-f325c61c503f-300x286.jpg\" data-button=\"none\">\n\t\t\t\t\t<img src=\"\/\/www.linksalpha.com\/images\/social_share_button.png\" alt=\"Share\" class=\"linksalpha_image\" \/>\n\t\t\t\t\t<\/a><script type=\"text\/javascript\" src=\"\/\/www.linksalpha.com\/scripts\/loader_iconbox.js?v=2.4\"><\/script><\/span><\/div>","protected":false},"excerpt":{"rendered":"\n\t\t\t\t<div class=\"mr_social_sharing_wrapper\">\n\t\t\t\t<!-- Social Sharing Toolkit v2.2 --><span class=\"mr_social_sharing_top\"><span style=\"display: inline-block; width: 55px; height: 62px; overflow: hidden;\"><div class=\"fb-like\" data-href=\"http:\/\/www.blogdopilako.com.br\/wp\/2024\/07\/23\/kamala-harris-por-historia_em_retalhos\/\" data-send=\"false\" data-layout=\"box_count\" data-width=\"55\" data-show-faces=\"false\"><\/div><\/span><\/span><span class=\"mr_social_sharing_top\"><fb:share-button type=\"box_count\" href=\"http:\/\/www.blogdopilako.com.br\/wp\/2024\/07\/23\/kamala-harris-por-historia_em_retalhos\/\"><\/fb:share-button><\/span><span class=\"mr_social_sharing\"><a rel=\"nofollow\" class=\"linksalpha_button linksalpha_link\" href=\"\/\/www.linksalpha.com\/social\/mobile\" data-url=\"http:\/\/www.blogdopilako.com.br\/wp\/2024\/07\/23\/kamala-harris-por-historia_em_retalhos\/\" data-text=\"Kamala Harris \u2013 por @historia_em_retalhos.\" data-desc=\"Esta \u00e9 Kamala Harris, 59 anos. Kamala \u00e9 filha de uma indiana, que se tornou cientista nos Estados Unidos. O seu pai, jamaicano, \u00e9 economista e professor da Universidade de Stanford. Kamala elegeu-se promotora de S\u00e3o Francisco em 2004. Seis anos depois, foi eleita Procurador-Geral da\" data-image=\"\" data-button=\"none\">\n\t\t\t\t\t<img src=\"\/\/www.linksalpha.com\/images\/social_share_button.png\" alt=\"Share\" class=\"linksalpha_image\" \/>\n\t\t\t\t\t<\/a><script type=\"text\/javascript\" src=\"\/\/www.linksalpha.com\/scripts\/loader_iconbox.js?v=2.4\"><\/script><\/span><\/div><p>Esta \u00e9 Kamala Harris, 59 anos. Kamala \u00e9 filha de uma indiana, que se tornou cientista nos Estados Unidos. O seu pai, jamaicano, \u00e9 economista e professor da Universidade de Stanford. Kamala elegeu-se promotora de S\u00e3o Francisco em 2004. Seis &hellip; <a href=\"http:\/\/www.blogdopilako.com.br\/wp\/2024\/07\/23\/kamala-harris-por-historia_em_retalhos\/\">Continue lendo <span class=\"meta-nav\">&rarr;<\/span><\/a><\/p>\n\n\t\t\t\t<div class=\"mr_social_sharing_wrapper\">\n\t\t\t\t<!-- Social Sharing Toolkit v2.2 --><span class=\"mr_social_sharing_top\"><span style=\"display: inline-block; width: 55px; height: 62px; overflow: hidden;\"><div class=\"fb-like\" data-href=\"http:\/\/www.blogdopilako.com.br\/wp\/2024\/07\/23\/kamala-harris-por-historia_em_retalhos\/\" data-send=\"false\" data-layout=\"box_count\" data-width=\"55\" data-show-faces=\"false\"><\/div><\/span><\/span><span class=\"mr_social_sharing_top\"><fb:share-button type=\"box_count\" href=\"http:\/\/www.blogdopilako.com.br\/wp\/2024\/07\/23\/kamala-harris-por-historia_em_retalhos\/\"><\/fb:share-button><\/span><span class=\"mr_social_sharing\"><a rel=\"nofollow\" class=\"linksalpha_button linksalpha_link\" href=\"\/\/www.linksalpha.com\/social\/mobile\" data-url=\"http:\/\/www.blogdopilako.com.br\/wp\/2024\/07\/23\/kamala-harris-por-historia_em_retalhos\/\" data-text=\"Kamala Harris \u2013 por @historia_em_retalhos.\" data-desc=\"Esta \u00e9 Kamala Harris, 59 anos. Kamala \u00e9 filha de uma indiana, que se tornou cientista nos Estados Unidos. O seu pai, jamaicano, \u00e9 economista e professor da Universidade de Stanford. Kamala elegeu-se promotora de S\u00e3o Francisco em 2004. Seis anos depois, foi eleita Procurador-Geral da\" data-image=\"\" data-button=\"none\">\n\t\t\t\t\t<img src=\"\/\/www.linksalpha.com\/images\/social_share_button.png\" alt=\"Share\" class=\"linksalpha_image\" \/>\n\t\t\t\t\t<\/a><script type=\"text\/javascript\" src=\"\/\/www.linksalpha.com\/scripts\/loader_iconbox.js?v=2.4\"><\/script><\/span><\/div>","protected":false},"author":2,"featured_media":0,"comment_status":"open","ping_status":"open","sticky":false,"template":"","format":"standard","meta":[],"categories":[21],"tags":[],"_links":{"self":[{"href":"http:\/\/www.blogdopilako.com.br\/wp\/wp-json\/wp\/v2\/posts\/144985"}],"collection":[{"href":"http:\/\/www.blogdopilako.com.br\/wp\/wp-json\/wp\/v2\/posts"}],"about":[{"href":"http:\/\/www.blogdopilako.com.br\/wp\/wp-json\/wp\/v2\/types\/post"}],"author":[{"embeddable":true,"href":"http:\/\/www.blogdopilako.com.br\/wp\/wp-json\/wp\/v2\/users\/2"}],"replies":[{"embeddable":true,"href":"http:\/\/www.blogdopilako.com.br\/wp\/wp-json\/wp\/v2\/comments?post=144985"}],"version-history":[{"count":1,"href":"http:\/\/www.blogdopilako.com.br\/wp\/wp-json\/wp\/v2\/posts\/144985\/revisions"}],"predecessor-version":[{"id":144988,"href":"http:\/\/www.blogdopilako.com.br\/wp\/wp-json\/wp\/v2\/posts\/144985\/revisions\/144988"}],"wp:attachment":[{"href":"http:\/\/www.blogdopilako.com.br\/wp\/wp-json\/wp\/v2\/media?parent=144985"}],"wp:term":[{"taxonomy":"category","embeddable":true,"href":"http:\/\/www.blogdopilako.com.br\/wp\/wp-json\/wp\/v2\/categories?post=144985"},{"taxonomy":"post_tag","embeddable":true,"href":"http:\/\/www.blogdopilako.com.br\/wp\/wp-json\/wp\/v2\/tags?post=144985"}],"curies":[{"name":"wp","href":"https:\/\/api.w.org\/{rel}","templated":true}]}}