{"id":144937,"date":"2024-07-19T09:52:53","date_gmt":"2024-07-19T12:52:53","guid":{"rendered":"https:\/\/www.blogdopilako.com.br\/wp\/?p=144937"},"modified":"2024-07-19T10:00:05","modified_gmt":"2024-07-19T13:00:05","slug":"camara-de-vereadores-sessao-solene-festiva","status":"publish","type":"post","link":"http:\/\/www.blogdopilako.com.br\/wp\/2024\/07\/19\/camara-de-vereadores-sessao-solene-festiva\/","title":{"rendered":"C\u00e2mara de Vereadores: Sess\u00e3o Solene festiva&#8230;."},"content":{"rendered":"\n\t\t\t\t<div class=\"mr_social_sharing_wrapper\">\n\t\t\t\t<!-- Social Sharing Toolkit v2.2 --><span class=\"mr_social_sharing_top\"><span style=\"display: inline-block; width: 55px; height: 62px; overflow: hidden;\"><div class=\"fb-like\" data-href=\"http:\/\/www.blogdopilako.com.br\/wp\/2024\/07\/19\/camara-de-vereadores-sessao-solene-festiva\/\" data-send=\"false\" data-layout=\"box_count\" data-width=\"55\" data-show-faces=\"false\"><\/div><\/span><\/span><span class=\"mr_social_sharing_top\"><fb:share-button type=\"box_count\" href=\"http:\/\/www.blogdopilako.com.br\/wp\/2024\/07\/19\/camara-de-vereadores-sessao-solene-festiva\/\"><\/fb:share-button><\/span><span class=\"mr_social_sharing\"><a rel=\"nofollow\" class=\"linksalpha_button linksalpha_link\" href=\"\/\/www.linksalpha.com\/social\/mobile\" data-url=\"http:\/\/www.blogdopilako.com.br\/wp\/2024\/07\/19\/camara-de-vereadores-sessao-solene-festiva\/\" data-text=\"C\u00e2mara de Vereadores: Sess\u00e3o Solene festiva\u2026.\" data-desc=\"Na noite de ontem (18), participamos do evento solene, promovido pela C\u00e2mara de Vereadores da Vit\u00f3ria, \u00a0para condecorar com o \u201cT\u00edtulo de Cidad\u00e3o Vitoriense\u201d tr\u00eas figuras que j\u00e1 fazem parte da paisagem local. Pela indica\u00e7\u00e3o do vereador Carlos Henrique, Isaque Nunes, Cristiane Camusi e\" data-image=\"http:\/\/www.blogdopilako.com.br\/wp\/wp-content\/uploads\/2024\/07\/f39f953b-5cb4-42b8-ae7c-3f4a54198756.jpg\" data-button=\"none\">\n\t\t\t\t\t<img src=\"\/\/www.linksalpha.com\/images\/social_share_button.png\" alt=\"Share\" class=\"linksalpha_image\" \/>\n\t\t\t\t\t<\/a><script type=\"text\/javascript\" src=\"\/\/www.linksalpha.com\/scripts\/loader_iconbox.js?v=2.4\"><\/script><\/span><\/div><p><img loading=\"lazy\" class=\"aligncenter wp-image-144938 size-full\" src=\"http:\/\/www.blogdopilako.com.br\/wp\/wp-content\/uploads\/2024\/07\/f39f953b-5cb4-42b8-ae7c-3f4a54198756.jpg\" alt=\"\" width=\"1600\" height=\"1200\" srcset=\"http:\/\/www.blogdopilako.com.br\/wp\/wp-content\/uploads\/2024\/07\/f39f953b-5cb4-42b8-ae7c-3f4a54198756.jpg 1600w, http:\/\/www.blogdopilako.com.br\/wp\/wp-content\/uploads\/2024\/07\/f39f953b-5cb4-42b8-ae7c-3f4a54198756-300x225.jpg 300w, http:\/\/www.blogdopilako.com.br\/wp\/wp-content\/uploads\/2024\/07\/f39f953b-5cb4-42b8-ae7c-3f4a54198756-1024x768.jpg 1024w, http:\/\/www.blogdopilako.com.br\/wp\/wp-content\/uploads\/2024\/07\/f39f953b-5cb4-42b8-ae7c-3f4a54198756-768x576.jpg 768w, http:\/\/www.blogdopilako.com.br\/wp\/wp-content\/uploads\/2024\/07\/f39f953b-5cb4-42b8-ae7c-3f4a54198756-1536x1152.jpg 1536w, http:\/\/www.blogdopilako.com.br\/wp\/wp-content\/uploads\/2024\/07\/f39f953b-5cb4-42b8-ae7c-3f4a54198756-400x300.jpg 400w\" sizes=\"(max-width: 1600px) 100vw, 1600px\" \/><\/p>\n<p style=\"text-align: justify;\">Na noite de ontem (18), participamos do evento solene, promovido pela C\u00e2mara de Vereadores da Vit\u00f3ria, \u00a0para condecorar com o \u201cT\u00edtulo de Cidad\u00e3o Vitoriense\u201d tr\u00eas figuras que j\u00e1 fazem parte da paisagem local.<\/p>\n<p style=\"text-align: justify;\">Pela indica\u00e7\u00e3o do vereador <strong>Carlos Henrique, Isaque Nunes, Cristiane Camusi e Maria Jos\u00e9 Marques \u2013 Isaque da Ferreira Color, Cristiane da APAMI e Maiu da Soparia\u00a0 <\/strong>\u00a0-, doravante, s\u00e3o antonenses para sempre&#8230;<\/p>\n<p><img loading=\"lazy\" class=\"aligncenter wp-image-144939 size-full\" src=\"http:\/\/www.blogdopilako.com.br\/wp\/wp-content\/uploads\/2024\/07\/c97227d8-c88c-4a8b-9b58-8b157d1ceaab.jpg\" alt=\"\" width=\"1340\" height=\"1200\" srcset=\"http:\/\/www.blogdopilako.com.br\/wp\/wp-content\/uploads\/2024\/07\/c97227d8-c88c-4a8b-9b58-8b157d1ceaab.jpg 1340w, http:\/\/www.blogdopilako.com.br\/wp\/wp-content\/uploads\/2024\/07\/c97227d8-c88c-4a8b-9b58-8b157d1ceaab-300x269.jpg 300w, http:\/\/www.blogdopilako.com.br\/wp\/wp-content\/uploads\/2024\/07\/c97227d8-c88c-4a8b-9b58-8b157d1ceaab-1024x917.jpg 1024w, http:\/\/www.blogdopilako.com.br\/wp\/wp-content\/uploads\/2024\/07\/c97227d8-c88c-4a8b-9b58-8b157d1ceaab-768x688.jpg 768w, http:\/\/www.blogdopilako.com.br\/wp\/wp-content\/uploads\/2024\/07\/c97227d8-c88c-4a8b-9b58-8b157d1ceaab-335x300.jpg 335w\" sizes=\"(max-width: 1340px) 100vw, 1340px\" \/><\/p>\n<p style=\"text-align: justify;\">Convidado para me expressar ao microfone, em r\u00e1pidas palavras, joguei luz no gent\u00edlico \u201cantonense\u201d. Diferente do que muitas pessoas pensam o termo \u2013 antonense \u2013 n\u00e3o \u00e9 uma novidade. Muito pelo contr\u00e1rio: dialoga com nossas origens \u2013 Povoado de Santo Ant\u00e3o da Mata, Freguesia de Santo Ant\u00e3o e Vila de Santo Ant\u00e3o.<\/p>\n<p style=\"text-align: justify;\">Ao final do evento, em clima de festa, nossas lentes registraram a Orquestra de Frevo Ciclone, sob o comando do Maestro Givaldo, executando o melhor do nosso frevo. Veja o v\u00eddeo:<\/p>\n<p><iframe loading=\"lazy\" title=\"Blog do Pilako: C\u00c2MARA DE VEREADORES - SESS\u00c3O SOLENE - 18\/07\/2024\" width=\"584\" height=\"329\" src=\"https:\/\/www.youtube.com\/embed\/0vkKmgDYyXQ?feature=oembed\" frameborder=\"0\" allow=\"accelerometer; autoplay; clipboard-write; encrypted-media; gyroscope; picture-in-picture; web-share\" referrerpolicy=\"strict-origin-when-cross-origin\" allowfullscreen><\/iframe><\/p>\n<p><img loading=\"lazy\" class=\"aligncenter wp-image-144930 size-large\" src=\"http:\/\/www.blogdopilako.com.br\/wp\/wp-content\/uploads\/2024\/07\/Pix-arte-final-2-33-1024x401.png\" alt=\"\" width=\"584\" height=\"229\" srcset=\"http:\/\/www.blogdopilako.com.br\/wp\/wp-content\/uploads\/2024\/07\/Pix-arte-final-2-33-1024x401.png 1024w, http:\/\/www.blogdopilako.com.br\/wp\/wp-content\/uploads\/2024\/07\/Pix-arte-final-2-33-300x117.png 300w, http:\/\/www.blogdopilako.com.br\/wp\/wp-content\/uploads\/2024\/07\/Pix-arte-final-2-33-768x301.png 768w, http:\/\/www.blogdopilako.com.br\/wp\/wp-content\/uploads\/2024\/07\/Pix-arte-final-2-33-1536x601.png 1536w, http:\/\/www.blogdopilako.com.br\/wp\/wp-content\/uploads\/2024\/07\/Pix-arte-final-2-33-2048x802.png 2048w, http:\/\/www.blogdopilako.com.br\/wp\/wp-content\/uploads\/2024\/07\/Pix-arte-final-2-33-500x196.png 500w\" sizes=\"(max-width: 584px) 100vw, 584px\" \/><\/p>\n\n\t\t\t\t<div class=\"mr_social_sharing_wrapper\">\n\t\t\t\t<!-- Social Sharing Toolkit v2.2 --><span class=\"mr_social_sharing_top\"><span style=\"display: inline-block; width: 55px; height: 62px; overflow: hidden;\"><div class=\"fb-like\" data-href=\"http:\/\/www.blogdopilako.com.br\/wp\/2024\/07\/19\/camara-de-vereadores-sessao-solene-festiva\/\" data-send=\"false\" data-layout=\"box_count\" data-width=\"55\" data-show-faces=\"false\"><\/div><\/span><\/span><span class=\"mr_social_sharing_top\"><fb:share-button type=\"box_count\" href=\"http:\/\/www.blogdopilako.com.br\/wp\/2024\/07\/19\/camara-de-vereadores-sessao-solene-festiva\/\"><\/fb:share-button><\/span><span class=\"mr_social_sharing\"><a rel=\"nofollow\" class=\"linksalpha_button linksalpha_link\" href=\"\/\/www.linksalpha.com\/social\/mobile\" data-url=\"http:\/\/www.blogdopilako.com.br\/wp\/2024\/07\/19\/camara-de-vereadores-sessao-solene-festiva\/\" data-text=\"C\u00e2mara de Vereadores: Sess\u00e3o Solene festiva\u2026.\" data-desc=\"Na noite de ontem (18), participamos do evento solene, promovido pela C\u00e2mara de Vereadores da Vit\u00f3ria, \u00a0para condecorar com o \u201cT\u00edtulo de Cidad\u00e3o Vitoriense\u201d tr\u00eas figuras que j\u00e1 fazem parte da paisagem local. Pela indica\u00e7\u00e3o do vereador Carlos Henrique, Isaque Nunes, Cristiane Camusi e\" data-image=\"http:\/\/www.blogdopilako.com.br\/wp\/wp-content\/uploads\/2024\/07\/f39f953b-5cb4-42b8-ae7c-3f4a54198756.jpg\" data-button=\"none\">\n\t\t\t\t\t<img src=\"\/\/www.linksalpha.com\/images\/social_share_button.png\" alt=\"Share\" class=\"linksalpha_image\" \/>\n\t\t\t\t\t<\/a><script type=\"text\/javascript\" src=\"\/\/www.linksalpha.com\/scripts\/loader_iconbox.js?v=2.4\"><\/script><\/span><\/div>","protected":false},"excerpt":{"rendered":"\n\t\t\t\t<div class=\"mr_social_sharing_wrapper\">\n\t\t\t\t<!-- Social Sharing Toolkit v2.2 --><span class=\"mr_social_sharing_top\"><span style=\"display: inline-block; width: 55px; height: 62px; overflow: hidden;\"><div class=\"fb-like\" data-href=\"http:\/\/www.blogdopilako.com.br\/wp\/2024\/07\/19\/camara-de-vereadores-sessao-solene-festiva\/\" data-send=\"false\" data-layout=\"box_count\" data-width=\"55\" data-show-faces=\"false\"><\/div><\/span><\/span><span class=\"mr_social_sharing_top\"><fb:share-button type=\"box_count\" href=\"http:\/\/www.blogdopilako.com.br\/wp\/2024\/07\/19\/camara-de-vereadores-sessao-solene-festiva\/\"><\/fb:share-button><\/span><span class=\"mr_social_sharing\"><a rel=\"nofollow\" class=\"linksalpha_button linksalpha_link\" href=\"\/\/www.linksalpha.com\/social\/mobile\" data-url=\"http:\/\/www.blogdopilako.com.br\/wp\/2024\/07\/19\/camara-de-vereadores-sessao-solene-festiva\/\" data-text=\"C\u00e2mara de Vereadores: Sess\u00e3o Solene festiva\u2026.\" data-desc=\"Na noite de ontem (18), participamos do evento solene, promovido pela C\u00e2mara de Vereadores da Vit\u00f3ria, \u00a0para condecorar com o \u201cT\u00edtulo de Cidad\u00e3o Vitoriense\u201d tr\u00eas figuras que j\u00e1 fazem parte da paisagem local. Pela indica\u00e7\u00e3o do vereador Carlos Henrique, Isaque Nunes, Cristiane Camusi e\" data-image=\"\" data-button=\"none\">\n\t\t\t\t\t<img src=\"\/\/www.linksalpha.com\/images\/social_share_button.png\" alt=\"Share\" class=\"linksalpha_image\" \/>\n\t\t\t\t\t<\/a><script type=\"text\/javascript\" src=\"\/\/www.linksalpha.com\/scripts\/loader_iconbox.js?v=2.4\"><\/script><\/span><\/div><p>Na noite de ontem (18), participamos do evento solene, promovido pela C\u00e2mara de Vereadores da Vit\u00f3ria, \u00a0para condecorar com o \u201cT\u00edtulo de Cidad\u00e3o Vitoriense\u201d tr\u00eas figuras que j\u00e1 fazem parte da paisagem local. Pela indica\u00e7\u00e3o do vereador Carlos Henrique, Isaque &hellip; <a href=\"http:\/\/www.blogdopilako.com.br\/wp\/2024\/07\/19\/camara-de-vereadores-sessao-solene-festiva\/\">Continue lendo <span class=\"meta-nav\">&rarr;<\/span><\/a><\/p>\n\n\t\t\t\t<div class=\"mr_social_sharing_wrapper\">\n\t\t\t\t<!-- Social Sharing Toolkit v2.2 --><span class=\"mr_social_sharing_top\"><span style=\"display: inline-block; width: 55px; height: 62px; overflow: hidden;\"><div class=\"fb-like\" data-href=\"http:\/\/www.blogdopilako.com.br\/wp\/2024\/07\/19\/camara-de-vereadores-sessao-solene-festiva\/\" data-send=\"false\" data-layout=\"box_count\" data-width=\"55\" data-show-faces=\"false\"><\/div><\/span><\/span><span class=\"mr_social_sharing_top\"><fb:share-button type=\"box_count\" href=\"http:\/\/www.blogdopilako.com.br\/wp\/2024\/07\/19\/camara-de-vereadores-sessao-solene-festiva\/\"><\/fb:share-button><\/span><span class=\"mr_social_sharing\"><a rel=\"nofollow\" class=\"linksalpha_button linksalpha_link\" href=\"\/\/www.linksalpha.com\/social\/mobile\" data-url=\"http:\/\/www.blogdopilako.com.br\/wp\/2024\/07\/19\/camara-de-vereadores-sessao-solene-festiva\/\" data-text=\"C\u00e2mara de Vereadores: Sess\u00e3o Solene festiva\u2026.\" data-desc=\"Na noite de ontem (18), participamos do evento solene, promovido pela C\u00e2mara de Vereadores da Vit\u00f3ria, \u00a0para condecorar com o \u201cT\u00edtulo de Cidad\u00e3o Vitoriense\u201d tr\u00eas figuras que j\u00e1 fazem parte da paisagem local. Pela indica\u00e7\u00e3o do vereador Carlos Henrique, Isaque Nunes, Cristiane Camusi e\" data-image=\"\" data-button=\"none\">\n\t\t\t\t\t<img src=\"\/\/www.linksalpha.com\/images\/social_share_button.png\" alt=\"Share\" class=\"linksalpha_image\" \/>\n\t\t\t\t\t<\/a><script type=\"text\/javascript\" src=\"\/\/www.linksalpha.com\/scripts\/loader_iconbox.js?v=2.4\"><\/script><\/span><\/div>","protected":false},"author":2,"featured_media":0,"comment_status":"open","ping_status":"open","sticky":false,"template":"","format":"standard","meta":[],"categories":[21],"tags":[],"_links":{"self":[{"href":"http:\/\/www.blogdopilako.com.br\/wp\/wp-json\/wp\/v2\/posts\/144937"}],"collection":[{"href":"http:\/\/www.blogdopilako.com.br\/wp\/wp-json\/wp\/v2\/posts"}],"about":[{"href":"http:\/\/www.blogdopilako.com.br\/wp\/wp-json\/wp\/v2\/types\/post"}],"author":[{"embeddable":true,"href":"http:\/\/www.blogdopilako.com.br\/wp\/wp-json\/wp\/v2\/users\/2"}],"replies":[{"embeddable":true,"href":"http:\/\/www.blogdopilako.com.br\/wp\/wp-json\/wp\/v2\/comments?post=144937"}],"version-history":[{"count":2,"href":"http:\/\/www.blogdopilako.com.br\/wp\/wp-json\/wp\/v2\/posts\/144937\/revisions"}],"predecessor-version":[{"id":144942,"href":"http:\/\/www.blogdopilako.com.br\/wp\/wp-json\/wp\/v2\/posts\/144937\/revisions\/144942"}],"wp:attachment":[{"href":"http:\/\/www.blogdopilako.com.br\/wp\/wp-json\/wp\/v2\/media?parent=144937"}],"wp:term":[{"taxonomy":"category","embeddable":true,"href":"http:\/\/www.blogdopilako.com.br\/wp\/wp-json\/wp\/v2\/categories?post=144937"},{"taxonomy":"post_tag","embeddable":true,"href":"http:\/\/www.blogdopilako.com.br\/wp\/wp-json\/wp\/v2\/tags?post=144937"}],"curies":[{"name":"wp","href":"https:\/\/api.w.org\/{rel}","templated":true}]}}