{"id":144748,"date":"2024-07-01T10:00:51","date_gmt":"2024-07-01T13:00:51","guid":{"rendered":"https:\/\/www.blogdopilako.com.br\/wp\/?p=144748"},"modified":"2024-07-01T11:31:37","modified_gmt":"2024-07-01T14:31:37","slug":"livro-a-primeira-e-a-derradeira-por-jones-pinheiro","status":"publish","type":"post","link":"http:\/\/www.blogdopilako.com.br\/wp\/2024\/07\/01\/livro-a-primeira-e-a-derradeira-por-jones-pinheiro\/","title":{"rendered":"Livro &#8220;A Primeira e a Derradeira&#8221; &#8211; por Jones Pinheiro."},"content":{"rendered":"\n\t\t\t\t<div class=\"mr_social_sharing_wrapper\">\n\t\t\t\t<!-- Social Sharing Toolkit v2.2 --><span class=\"mr_social_sharing_top\"><span style=\"display: inline-block; width: 55px; height: 62px; overflow: hidden;\"><div class=\"fb-like\" data-href=\"http:\/\/www.blogdopilako.com.br\/wp\/2024\/07\/01\/livro-a-primeira-e-a-derradeira-por-jones-pinheiro\/\" data-send=\"false\" data-layout=\"box_count\" data-width=\"55\" data-show-faces=\"false\"><\/div><\/span><\/span><span class=\"mr_social_sharing_top\"><fb:share-button type=\"box_count\" href=\"http:\/\/www.blogdopilako.com.br\/wp\/2024\/07\/01\/livro-a-primeira-e-a-derradeira-por-jones-pinheiro\/\"><\/fb:share-button><\/span><span class=\"mr_social_sharing\"><a rel=\"nofollow\" class=\"linksalpha_button linksalpha_link\" href=\"\/\/www.linksalpha.com\/social\/mobile\" data-url=\"http:\/\/www.blogdopilako.com.br\/wp\/2024\/07\/01\/livro-a-primeira-e-a-derradeira-por-jones-pinheiro\/\" data-text=\"Livro \u201cA Primeira e a Derradeira\u201d \u2013 por Jones Pinheiro.\" data-desc=\"No dia 29 de junho, o sal\u00e3o nobre do Instituto Hist\u00f3rico e Geogr\u00e1fico de Vit\u00f3ria de Santo Ant\u00e3o \u2013 PE, foi palco de uma noite m\u00e1gica e repleta de cultura. O lan\u00e7amento da obra \"A Primeira e a Derradeira\", da talentosa escritora D\u00e9bora Lima, transformou-se em um evento inesquec\u00edvel,\" data-image=\"http:\/\/www.blogdopilako.com.br\/wp\/wp-content\/uploads\/2024\/07\/e52bb2ec-5a7b-48e6-9916-03f449bec198-1-1024x768.jpg\" data-button=\"none\">\n\t\t\t\t\t<img src=\"\/\/www.linksalpha.com\/images\/social_share_button.png\" alt=\"Share\" class=\"linksalpha_image\" \/>\n\t\t\t\t\t<\/a><script type=\"text\/javascript\" src=\"\/\/www.linksalpha.com\/scripts\/loader_iconbox.js?v=2.4\"><\/script><\/span><\/div><p><img loading=\"lazy\" class=\"aligncenter wp-image-144750 size-large\" src=\"http:\/\/www.blogdopilako.com.br\/wp\/wp-content\/uploads\/2024\/07\/e52bb2ec-5a7b-48e6-9916-03f449bec198-1-1024x768.jpg\" alt=\"\" width=\"584\" height=\"438\" srcset=\"http:\/\/www.blogdopilako.com.br\/wp\/wp-content\/uploads\/2024\/07\/e52bb2ec-5a7b-48e6-9916-03f449bec198-1-1024x768.jpg 1024w, http:\/\/www.blogdopilako.com.br\/wp\/wp-content\/uploads\/2024\/07\/e52bb2ec-5a7b-48e6-9916-03f449bec198-1-300x225.jpg 300w, http:\/\/www.blogdopilako.com.br\/wp\/wp-content\/uploads\/2024\/07\/e52bb2ec-5a7b-48e6-9916-03f449bec198-1-768x576.jpg 768w, http:\/\/www.blogdopilako.com.br\/wp\/wp-content\/uploads\/2024\/07\/e52bb2ec-5a7b-48e6-9916-03f449bec198-1-400x300.jpg 400w, http:\/\/www.blogdopilako.com.br\/wp\/wp-content\/uploads\/2024\/07\/e52bb2ec-5a7b-48e6-9916-03f449bec198-1.jpg 1280w\" sizes=\"(max-width: 584px) 100vw, 584px\" \/><\/p>\n<p style=\"text-align: justify;\">No dia 29 de junho, o sal\u00e3o nobre do Instituto Hist\u00f3rico e Geogr\u00e1fico de Vit\u00f3ria de Santo Ant\u00e3o \u2013 PE, foi palco de uma noite m\u00e1gica e repleta de cultura. O lan\u00e7amento da obra &#8220;A Primeira e a Derradeira&#8221;, da talentosa escritora D\u00e9bora Lima, transformou-se em um evento inesquec\u00edvel, carregado de emo\u00e7\u00f5es e arte.<\/p>\n<p style=\"text-align: justify;\">A noite come\u00e7ou ao som de um bel\u00edssimo repert\u00f3rio, com a encantadora voz de Vivinha Dutra e a melodia suave de Jones Pinheiro na flauta, criando uma atmosfera acolhedora e encantadora para todos os presentes. O sal\u00e3o estava cheio de expectativa e entusiasmo, enquanto amigos, familiares e admiradores da autora aguardavam ansiosos pelo in\u00edcio da cerim\u00f4nia.<\/p>\n<p><img loading=\"lazy\" class=\"size-medium wp-image-144753 alignleft\" src=\"http:\/\/www.blogdopilako.com.br\/wp\/wp-content\/uploads\/2024\/07\/9c164f53-4fa1-4453-83c4-2f801bc2e1e2-1-225x300.jpg\" alt=\"\" width=\"225\" height=\"300\" srcset=\"http:\/\/www.blogdopilako.com.br\/wp\/wp-content\/uploads\/2024\/07\/9c164f53-4fa1-4453-83c4-2f801bc2e1e2-1-225x300.jpg 225w, http:\/\/www.blogdopilako.com.br\/wp\/wp-content\/uploads\/2024\/07\/9c164f53-4fa1-4453-83c4-2f801bc2e1e2-1-768x1024.jpg 768w, http:\/\/www.blogdopilako.com.br\/wp\/wp-content\/uploads\/2024\/07\/9c164f53-4fa1-4453-83c4-2f801bc2e1e2-1.jpg 960w\" sizes=\"(max-width: 225px) 100vw, 225px\" \/><\/p>\n<p style=\"text-align: justify;\">Durante a programa\u00e7\u00e3o, um momento especial foi protagonizado pelo presidente do Instituto Hist\u00f3rico e Geogr\u00e1fico, professor Pedro Ferrer. Ele recebeu das m\u00e3os de D\u00e9bora Lima uma releitura em tela da fachada do Instituto, uma obra de arte que capturou a ess\u00eancia hist\u00f3rica e a beleza do local. Foi um gesto de generosidade e apre\u00e7o da artista pl\u00e1stica para com a institui\u00e7\u00e3o, refor\u00e7ando os la\u00e7os entre a hist\u00f3ria e a arte.<\/p>\n<p style=\"text-align: justify;\">Mas aquela noite foi muito mais do que um simples lan\u00e7amento de livro. Foi um verdadeiro sarau, presenteado pela autora a todos os convidados. D\u00e9bora Lima, com sua presen\u00e7a cativante e carisma, declamou poemas de sua autoria, tocando os cora\u00e7\u00f5es dos presentes com suas palavras profundas e emocionantes. Com muita descontra\u00e7\u00e3o e leveza, ela apresentou seu romance &#8220;A Primeira e a Derradeira&#8221;, compartilhando suas inspira\u00e7\u00f5es e processos criativos.<\/p>\n<p><img loading=\"lazy\" class=\"aligncenter wp-image-144754 size-large\" src=\"http:\/\/www.blogdopilako.com.br\/wp\/wp-content\/uploads\/2024\/07\/1baa8f79-8e70-48a8-8d65-21c5c2f0273f-1-1024x575.jpg\" alt=\"\" width=\"584\" height=\"328\" srcset=\"http:\/\/www.blogdopilako.com.br\/wp\/wp-content\/uploads\/2024\/07\/1baa8f79-8e70-48a8-8d65-21c5c2f0273f-1-1024x575.jpg 1024w, http:\/\/www.blogdopilako.com.br\/wp\/wp-content\/uploads\/2024\/07\/1baa8f79-8e70-48a8-8d65-21c5c2f0273f-1-300x169.jpg 300w, http:\/\/www.blogdopilako.com.br\/wp\/wp-content\/uploads\/2024\/07\/1baa8f79-8e70-48a8-8d65-21c5c2f0273f-1-768x431.jpg 768w, http:\/\/www.blogdopilako.com.br\/wp\/wp-content\/uploads\/2024\/07\/1baa8f79-8e70-48a8-8d65-21c5c2f0273f-1-500x281.jpg 500w, http:\/\/www.blogdopilako.com.br\/wp\/wp-content\/uploads\/2024\/07\/1baa8f79-8e70-48a8-8d65-21c5c2f0273f-1.jpg 1280w\" sizes=\"(max-width: 584px) 100vw, 584px\" \/><\/p>\n<p style=\"text-align: justify;\">Os aplausos ecoaram pelo sal\u00e3o, refletindo a admira\u00e7\u00e3o e o reconhecimento pela obra e pelo talento da escritora. A noite foi um encontro de almas, onde a literatura, a m\u00fasica e as artes visuais se entrela\u00e7aram de forma harmoniosa, criando uma experi\u00eancia \u00fanica e memor\u00e1vel para todos os presentes.<\/p>\n<p style=\"text-align: justify;\">D\u00e9bora Lima n\u00e3o apenas lan\u00e7ou uma obra; ela proporcionou um presente cultural e emocional a cada um dos convidados, celebrando a arte em todas as suas formas e deixando um legado que certamente ser\u00e1 lembrado por muito tempo.<\/p>\n<p style=\"text-align: justify;\"><strong>Jones Pinheiro \u2013 Projeto Ch\u00e1 da Vida Brasil<\/strong><\/p>\n<p><img loading=\"lazy\" class=\"alignnone wp-image-144746 size-large\" src=\"http:\/\/www.blogdopilako.com.br\/wp\/wp-content\/uploads\/2024\/07\/Pix-arte-final-2-1-1024x401.png\" alt=\"\" width=\"584\" height=\"229\" srcset=\"http:\/\/www.blogdopilako.com.br\/wp\/wp-content\/uploads\/2024\/07\/Pix-arte-final-2-1-1024x401.png 1024w, http:\/\/www.blogdopilako.com.br\/wp\/wp-content\/uploads\/2024\/07\/Pix-arte-final-2-1-300x117.png 300w, http:\/\/www.blogdopilako.com.br\/wp\/wp-content\/uploads\/2024\/07\/Pix-arte-final-2-1-768x301.png 768w, http:\/\/www.blogdopilako.com.br\/wp\/wp-content\/uploads\/2024\/07\/Pix-arte-final-2-1-1536x601.png 1536w, http:\/\/www.blogdopilako.com.br\/wp\/wp-content\/uploads\/2024\/07\/Pix-arte-final-2-1-2048x802.png 2048w, http:\/\/www.blogdopilako.com.br\/wp\/wp-content\/uploads\/2024\/07\/Pix-arte-final-2-1-500x196.png 500w\" sizes=\"(max-width: 584px) 100vw, 584px\" \/><\/p>\n\n\t\t\t\t<div class=\"mr_social_sharing_wrapper\">\n\t\t\t\t<!-- Social Sharing Toolkit v2.2 --><span class=\"mr_social_sharing_top\"><span style=\"display: inline-block; width: 55px; height: 62px; overflow: hidden;\"><div class=\"fb-like\" data-href=\"http:\/\/www.blogdopilako.com.br\/wp\/2024\/07\/01\/livro-a-primeira-e-a-derradeira-por-jones-pinheiro\/\" data-send=\"false\" data-layout=\"box_count\" data-width=\"55\" data-show-faces=\"false\"><\/div><\/span><\/span><span class=\"mr_social_sharing_top\"><fb:share-button type=\"box_count\" href=\"http:\/\/www.blogdopilako.com.br\/wp\/2024\/07\/01\/livro-a-primeira-e-a-derradeira-por-jones-pinheiro\/\"><\/fb:share-button><\/span><span class=\"mr_social_sharing\"><a rel=\"nofollow\" class=\"linksalpha_button linksalpha_link\" href=\"\/\/www.linksalpha.com\/social\/mobile\" data-url=\"http:\/\/www.blogdopilako.com.br\/wp\/2024\/07\/01\/livro-a-primeira-e-a-derradeira-por-jones-pinheiro\/\" data-text=\"Livro \u201cA Primeira e a Derradeira\u201d \u2013 por Jones Pinheiro.\" data-desc=\"No dia 29 de junho, o sal\u00e3o nobre do Instituto Hist\u00f3rico e Geogr\u00e1fico de Vit\u00f3ria de Santo Ant\u00e3o \u2013 PE, foi palco de uma noite m\u00e1gica e repleta de cultura. O lan\u00e7amento da obra \"A Primeira e a Derradeira\", da talentosa escritora D\u00e9bora Lima, transformou-se em um evento inesquec\u00edvel,\" data-image=\"http:\/\/www.blogdopilako.com.br\/wp\/wp-content\/uploads\/2024\/07\/e52bb2ec-5a7b-48e6-9916-03f449bec198-1-1024x768.jpg\" data-button=\"none\">\n\t\t\t\t\t<img src=\"\/\/www.linksalpha.com\/images\/social_share_button.png\" alt=\"Share\" class=\"linksalpha_image\" \/>\n\t\t\t\t\t<\/a><script type=\"text\/javascript\" src=\"\/\/www.linksalpha.com\/scripts\/loader_iconbox.js?v=2.4\"><\/script><\/span><\/div>","protected":false},"excerpt":{"rendered":"\n\t\t\t\t<div class=\"mr_social_sharing_wrapper\">\n\t\t\t\t<!-- Social Sharing Toolkit v2.2 --><span class=\"mr_social_sharing_top\"><span style=\"display: inline-block; width: 55px; height: 62px; overflow: hidden;\"><div class=\"fb-like\" data-href=\"http:\/\/www.blogdopilako.com.br\/wp\/2024\/07\/01\/livro-a-primeira-e-a-derradeira-por-jones-pinheiro\/\" data-send=\"false\" data-layout=\"box_count\" data-width=\"55\" data-show-faces=\"false\"><\/div><\/span><\/span><span class=\"mr_social_sharing_top\"><fb:share-button type=\"box_count\" href=\"http:\/\/www.blogdopilako.com.br\/wp\/2024\/07\/01\/livro-a-primeira-e-a-derradeira-por-jones-pinheiro\/\"><\/fb:share-button><\/span><span class=\"mr_social_sharing\"><a rel=\"nofollow\" class=\"linksalpha_button linksalpha_link\" href=\"\/\/www.linksalpha.com\/social\/mobile\" data-url=\"http:\/\/www.blogdopilako.com.br\/wp\/2024\/07\/01\/livro-a-primeira-e-a-derradeira-por-jones-pinheiro\/\" data-text=\"Livro \u201cA Primeira e a Derradeira\u201d \u2013 por Jones Pinheiro.\" data-desc=\"No dia 29 de junho, o sal\u00e3o nobre do Instituto Hist\u00f3rico e Geogr\u00e1fico de Vit\u00f3ria de Santo Ant\u00e3o \u2013 PE, foi palco de uma noite m\u00e1gica e repleta de cultura. O lan\u00e7amento da obra \"A Primeira e a Derradeira\", da talentosa escritora D\u00e9bora Lima, transformou-se em um evento inesquec\u00edvel,\" data-image=\"\" data-button=\"none\">\n\t\t\t\t\t<img src=\"\/\/www.linksalpha.com\/images\/social_share_button.png\" alt=\"Share\" class=\"linksalpha_image\" \/>\n\t\t\t\t\t<\/a><script type=\"text\/javascript\" src=\"\/\/www.linksalpha.com\/scripts\/loader_iconbox.js?v=2.4\"><\/script><\/span><\/div><p>No dia 29 de junho, o sal\u00e3o nobre do Instituto Hist\u00f3rico e Geogr\u00e1fico de Vit\u00f3ria de Santo Ant\u00e3o \u2013 PE, foi palco de uma noite m\u00e1gica e repleta de cultura. O lan\u00e7amento da obra &#8220;A Primeira e a Derradeira&#8221;, da &hellip; <a href=\"http:\/\/www.blogdopilako.com.br\/wp\/2024\/07\/01\/livro-a-primeira-e-a-derradeira-por-jones-pinheiro\/\">Continue lendo <span class=\"meta-nav\">&rarr;<\/span><\/a><\/p>\n\n\t\t\t\t<div class=\"mr_social_sharing_wrapper\">\n\t\t\t\t<!-- Social Sharing Toolkit v2.2 --><span class=\"mr_social_sharing_top\"><span style=\"display: inline-block; width: 55px; height: 62px; overflow: hidden;\"><div class=\"fb-like\" data-href=\"http:\/\/www.blogdopilako.com.br\/wp\/2024\/07\/01\/livro-a-primeira-e-a-derradeira-por-jones-pinheiro\/\" data-send=\"false\" data-layout=\"box_count\" data-width=\"55\" data-show-faces=\"false\"><\/div><\/span><\/span><span class=\"mr_social_sharing_top\"><fb:share-button type=\"box_count\" href=\"http:\/\/www.blogdopilako.com.br\/wp\/2024\/07\/01\/livro-a-primeira-e-a-derradeira-por-jones-pinheiro\/\"><\/fb:share-button><\/span><span class=\"mr_social_sharing\"><a rel=\"nofollow\" class=\"linksalpha_button linksalpha_link\" href=\"\/\/www.linksalpha.com\/social\/mobile\" data-url=\"http:\/\/www.blogdopilako.com.br\/wp\/2024\/07\/01\/livro-a-primeira-e-a-derradeira-por-jones-pinheiro\/\" data-text=\"Livro \u201cA Primeira e a Derradeira\u201d \u2013 por Jones Pinheiro.\" data-desc=\"No dia 29 de junho, o sal\u00e3o nobre do Instituto Hist\u00f3rico e Geogr\u00e1fico de Vit\u00f3ria de Santo Ant\u00e3o \u2013 PE, foi palco de uma noite m\u00e1gica e repleta de cultura. O lan\u00e7amento da obra \"A Primeira e a Derradeira\", da talentosa escritora D\u00e9bora Lima, transformou-se em um evento inesquec\u00edvel,\" data-image=\"\" data-button=\"none\">\n\t\t\t\t\t<img src=\"\/\/www.linksalpha.com\/images\/social_share_button.png\" alt=\"Share\" class=\"linksalpha_image\" \/>\n\t\t\t\t\t<\/a><script type=\"text\/javascript\" src=\"\/\/www.linksalpha.com\/scripts\/loader_iconbox.js?v=2.4\"><\/script><\/span><\/div>","protected":false},"author":2,"featured_media":0,"comment_status":"open","ping_status":"open","sticky":false,"template":"","format":"standard","meta":[],"categories":[21],"tags":[],"_links":{"self":[{"href":"http:\/\/www.blogdopilako.com.br\/wp\/wp-json\/wp\/v2\/posts\/144748"}],"collection":[{"href":"http:\/\/www.blogdopilako.com.br\/wp\/wp-json\/wp\/v2\/posts"}],"about":[{"href":"http:\/\/www.blogdopilako.com.br\/wp\/wp-json\/wp\/v2\/types\/post"}],"author":[{"embeddable":true,"href":"http:\/\/www.blogdopilako.com.br\/wp\/wp-json\/wp\/v2\/users\/2"}],"replies":[{"embeddable":true,"href":"http:\/\/www.blogdopilako.com.br\/wp\/wp-json\/wp\/v2\/comments?post=144748"}],"version-history":[{"count":2,"href":"http:\/\/www.blogdopilako.com.br\/wp\/wp-json\/wp\/v2\/posts\/144748\/revisions"}],"predecessor-version":[{"id":144757,"href":"http:\/\/www.blogdopilako.com.br\/wp\/wp-json\/wp\/v2\/posts\/144748\/revisions\/144757"}],"wp:attachment":[{"href":"http:\/\/www.blogdopilako.com.br\/wp\/wp-json\/wp\/v2\/media?parent=144748"}],"wp:term":[{"taxonomy":"category","embeddable":true,"href":"http:\/\/www.blogdopilako.com.br\/wp\/wp-json\/wp\/v2\/categories?post=144748"},{"taxonomy":"post_tag","embeddable":true,"href":"http:\/\/www.blogdopilako.com.br\/wp\/wp-json\/wp\/v2\/tags?post=144748"}],"curies":[{"name":"wp","href":"https:\/\/api.w.org\/{rel}","templated":true}]}}