{"id":144558,"date":"2024-06-13T09:17:12","date_gmt":"2024-06-13T12:17:12","guid":{"rendered":"https:\/\/www.blogdopilako.com.br\/wp\/?p=144558"},"modified":"2024-06-13T09:17:12","modified_gmt":"2024-06-13T12:17:12","slug":"o-santo-casamenteiro-por-historia_em_retalhos","status":"publish","type":"post","link":"http:\/\/www.blogdopilako.com.br\/wp\/2024\/06\/13\/o-santo-casamenteiro-por-historia_em_retalhos\/","title":{"rendered":"O santo casamenteiro &#8211; por @historia_em_retalhos."},"content":{"rendered":"\n\t\t\t\t<div class=\"mr_social_sharing_wrapper\">\n\t\t\t\t<!-- Social Sharing Toolkit v2.2 --><span class=\"mr_social_sharing_top\"><span style=\"display: inline-block; width: 55px; height: 62px; overflow: hidden;\"><div class=\"fb-like\" data-href=\"http:\/\/www.blogdopilako.com.br\/wp\/2024\/06\/13\/o-santo-casamenteiro-por-historia_em_retalhos\/\" data-send=\"false\" data-layout=\"box_count\" data-width=\"55\" data-show-faces=\"false\"><\/div><\/span><\/span><span class=\"mr_social_sharing_top\"><fb:share-button type=\"box_count\" href=\"http:\/\/www.blogdopilako.com.br\/wp\/2024\/06\/13\/o-santo-casamenteiro-por-historia_em_retalhos\/\"><\/fb:share-button><\/span><span class=\"mr_social_sharing\"><a rel=\"nofollow\" class=\"linksalpha_button linksalpha_link\" href=\"\/\/www.linksalpha.com\/social\/mobile\" data-url=\"http:\/\/www.blogdopilako.com.br\/wp\/2024\/06\/13\/o-santo-casamenteiro-por-historia_em_retalhos\/\" data-text=\"O santo casamenteiro \u2013 por @historia_em_retalhos.\" data-desc=\"Fato in\u00e9dito no Brasil e no mundo: um santo vereador! Pois \u00e9, acredite se quiser: o santo casamenteiro do dia de hoje \u00e9 representante perp\u00e9tuo do parlamento municipal de Igarassu\/PE, na regi\u00e3o metropolitana do Recife. Parece brincadeira, mas n\u00e3o \u00e9. O t\u00edtulo \u00e9 real: textos de resolu\u00e7\u00f5es\" data-image=\"http:\/\/www.blogdopilako.com.br\/wp\/wp-content\/uploads\/2024\/06\/a8554802-0d26-44d7-aae6-81c3e9c5fc83.jpg\" data-button=\"none\">\n\t\t\t\t\t<img src=\"\/\/www.linksalpha.com\/images\/social_share_button.png\" alt=\"Share\" class=\"linksalpha_image\" \/>\n\t\t\t\t\t<\/a><script type=\"text\/javascript\" src=\"\/\/www.linksalpha.com\/scripts\/loader_iconbox.js?v=2.4\"><\/script><\/span><\/div><p><img loading=\"lazy\" class=\"aligncenter wp-image-144560 size-full\" src=\"http:\/\/www.blogdopilako.com.br\/wp\/wp-content\/uploads\/2024\/06\/a8554802-0d26-44d7-aae6-81c3e9c5fc83.jpg\" alt=\"\" width=\"586\" height=\"585\" srcset=\"http:\/\/www.blogdopilako.com.br\/wp\/wp-content\/uploads\/2024\/06\/a8554802-0d26-44d7-aae6-81c3e9c5fc83.jpg 586w, http:\/\/www.blogdopilako.com.br\/wp\/wp-content\/uploads\/2024\/06\/a8554802-0d26-44d7-aae6-81c3e9c5fc83-300x300.jpg 300w, http:\/\/www.blogdopilako.com.br\/wp\/wp-content\/uploads\/2024\/06\/a8554802-0d26-44d7-aae6-81c3e9c5fc83-150x150.jpg 150w, http:\/\/www.blogdopilako.com.br\/wp\/wp-content\/uploads\/2024\/06\/a8554802-0d26-44d7-aae6-81c3e9c5fc83-301x300.jpg 301w\" sizes=\"(max-width: 586px) 100vw, 586px\" \/><\/p>\n<p style=\"text-align: justify;\">Fato in\u00e9dito no Brasil e no mundo: um santo vereador!<\/p>\n<p style=\"text-align: justify;\">Pois \u00e9, acredite se quiser: o santo casamenteiro do dia de hoje \u00e9 representante perp\u00e9tuo do parlamento municipal de Igarassu\/PE, na regi\u00e3o metropolitana do Recife.<\/p>\n<p style=\"text-align: justify;\">Parece brincadeira, mas n\u00e3o \u00e9.<\/p>\n<p style=\"text-align: justify;\">O t\u00edtulo \u00e9 real: textos de resolu\u00e7\u00f5es da C\u00e2mara Municipal referem-se ao santo como &#8220;vereador perp\u00e9tuo&#8221;.<\/p>\n<p style=\"text-align: justify;\">Mas, gente, convenhamos: como pagar sal\u00e1rio a um santo?<\/p>\n<p style=\"text-align: justify;\">Todo m\u00eas uma freira vai \u00e0 casa legislativa receber em m\u00e3os o sal\u00e1rio de Santo Ant\u00f4nio, aplicando o\u00a0dinheiro na manuten\u00e7\u00e3o de uma escola e de um orfanato.<\/p>\n<p style=\"text-align: justify;\">E quanto ganha o santo-vereador?<\/p>\n<p style=\"text-align: justify;\">A quantia \u00e9 de um sal\u00e1rio m\u00ednimo.<\/p>\n<p style=\"text-align: justify;\">Alguns defendem que Santo Ant\u00f4nio deveria receber o mesmo sal\u00e1rio dos demais vereadores!<\/p>\n<p style=\"text-align: justify;\">Justo, n\u00e9?<\/p>\n<p style=\"text-align: justify;\">Reajuste pra Santo Ant\u00f4nio j\u00e1!<\/p>\n<p style=\"text-align: justify;\">P\u00e9rolas de Igarassu\/PE.<br \/>\n.<br \/>\n<strong>Siga: @historia_em_retalhos<\/strong><\/p>\n<p><a href=\"https:\/\/www.instagram.com\/p\/CtcNc2musAf\/?igsh=Y3RqNG5yam4zc2pj\">https:\/\/www.instagram.com\/p\/CtcNc2musAf\/?igsh=Y3RqNG5yam4zc2pj<\/a><\/p>\n<p><img loading=\"lazy\" class=\"aligncenter wp-image-144555 size-large\" src=\"http:\/\/www.blogdopilako.com.br\/wp\/wp-content\/uploads\/2024\/06\/Pix-arte-final-2-14-1024x401.png\" alt=\"\" width=\"584\" height=\"229\" srcset=\"http:\/\/www.blogdopilako.com.br\/wp\/wp-content\/uploads\/2024\/06\/Pix-arte-final-2-14-1024x401.png 1024w, http:\/\/www.blogdopilako.com.br\/wp\/wp-content\/uploads\/2024\/06\/Pix-arte-final-2-14-300x117.png 300w, http:\/\/www.blogdopilako.com.br\/wp\/wp-content\/uploads\/2024\/06\/Pix-arte-final-2-14-768x301.png 768w, http:\/\/www.blogdopilako.com.br\/wp\/wp-content\/uploads\/2024\/06\/Pix-arte-final-2-14-1536x601.png 1536w, http:\/\/www.blogdopilako.com.br\/wp\/wp-content\/uploads\/2024\/06\/Pix-arte-final-2-14-2048x802.png 2048w, http:\/\/www.blogdopilako.com.br\/wp\/wp-content\/uploads\/2024\/06\/Pix-arte-final-2-14-500x196.png 500w\" sizes=\"(max-width: 584px) 100vw, 584px\" \/><\/p>\n\n\t\t\t\t<div class=\"mr_social_sharing_wrapper\">\n\t\t\t\t<!-- Social Sharing Toolkit v2.2 --><span class=\"mr_social_sharing_top\"><span style=\"display: inline-block; width: 55px; height: 62px; overflow: hidden;\"><div class=\"fb-like\" data-href=\"http:\/\/www.blogdopilako.com.br\/wp\/2024\/06\/13\/o-santo-casamenteiro-por-historia_em_retalhos\/\" data-send=\"false\" data-layout=\"box_count\" data-width=\"55\" data-show-faces=\"false\"><\/div><\/span><\/span><span class=\"mr_social_sharing_top\"><fb:share-button type=\"box_count\" href=\"http:\/\/www.blogdopilako.com.br\/wp\/2024\/06\/13\/o-santo-casamenteiro-por-historia_em_retalhos\/\"><\/fb:share-button><\/span><span class=\"mr_social_sharing\"><a rel=\"nofollow\" class=\"linksalpha_button linksalpha_link\" href=\"\/\/www.linksalpha.com\/social\/mobile\" data-url=\"http:\/\/www.blogdopilako.com.br\/wp\/2024\/06\/13\/o-santo-casamenteiro-por-historia_em_retalhos\/\" data-text=\"O santo casamenteiro \u2013 por @historia_em_retalhos.\" data-desc=\"Fato in\u00e9dito no Brasil e no mundo: um santo vereador! Pois \u00e9, acredite se quiser: o santo casamenteiro do dia de hoje \u00e9 representante perp\u00e9tuo do parlamento municipal de Igarassu\/PE, na regi\u00e3o metropolitana do Recife. Parece brincadeira, mas n\u00e3o \u00e9. O t\u00edtulo \u00e9 real: textos de resolu\u00e7\u00f5es\" data-image=\"http:\/\/www.blogdopilako.com.br\/wp\/wp-content\/uploads\/2024\/06\/a8554802-0d26-44d7-aae6-81c3e9c5fc83.jpg\" data-button=\"none\">\n\t\t\t\t\t<img src=\"\/\/www.linksalpha.com\/images\/social_share_button.png\" alt=\"Share\" class=\"linksalpha_image\" \/>\n\t\t\t\t\t<\/a><script type=\"text\/javascript\" src=\"\/\/www.linksalpha.com\/scripts\/loader_iconbox.js?v=2.4\"><\/script><\/span><\/div>","protected":false},"excerpt":{"rendered":"\n\t\t\t\t<div class=\"mr_social_sharing_wrapper\">\n\t\t\t\t<!-- Social Sharing Toolkit v2.2 --><span class=\"mr_social_sharing_top\"><span style=\"display: inline-block; width: 55px; height: 62px; overflow: hidden;\"><div class=\"fb-like\" data-href=\"http:\/\/www.blogdopilako.com.br\/wp\/2024\/06\/13\/o-santo-casamenteiro-por-historia_em_retalhos\/\" data-send=\"false\" data-layout=\"box_count\" data-width=\"55\" data-show-faces=\"false\"><\/div><\/span><\/span><span class=\"mr_social_sharing_top\"><fb:share-button type=\"box_count\" href=\"http:\/\/www.blogdopilako.com.br\/wp\/2024\/06\/13\/o-santo-casamenteiro-por-historia_em_retalhos\/\"><\/fb:share-button><\/span><span class=\"mr_social_sharing\"><a rel=\"nofollow\" class=\"linksalpha_button linksalpha_link\" href=\"\/\/www.linksalpha.com\/social\/mobile\" data-url=\"http:\/\/www.blogdopilako.com.br\/wp\/2024\/06\/13\/o-santo-casamenteiro-por-historia_em_retalhos\/\" data-text=\"O santo casamenteiro \u2013 por @historia_em_retalhos.\" data-desc=\"Fato in\u00e9dito no Brasil e no mundo: um santo vereador! Pois \u00e9, acredite se quiser: o santo casamenteiro do dia de hoje \u00e9 representante perp\u00e9tuo do parlamento municipal de Igarassu\/PE, na regi\u00e3o metropolitana do Recife. Parece brincadeira, mas n\u00e3o \u00e9. O t\u00edtulo \u00e9 real: textos de resolu\u00e7\u00f5es\" data-image=\"\" data-button=\"none\">\n\t\t\t\t\t<img src=\"\/\/www.linksalpha.com\/images\/social_share_button.png\" alt=\"Share\" class=\"linksalpha_image\" \/>\n\t\t\t\t\t<\/a><script type=\"text\/javascript\" src=\"\/\/www.linksalpha.com\/scripts\/loader_iconbox.js?v=2.4\"><\/script><\/span><\/div><p>Fato in\u00e9dito no Brasil e no mundo: um santo vereador! Pois \u00e9, acredite se quiser: o santo casamenteiro do dia de hoje \u00e9 representante perp\u00e9tuo do parlamento municipal de Igarassu\/PE, na regi\u00e3o metropolitana do Recife. Parece brincadeira, mas n\u00e3o \u00e9. &hellip; <a href=\"http:\/\/www.blogdopilako.com.br\/wp\/2024\/06\/13\/o-santo-casamenteiro-por-historia_em_retalhos\/\">Continue lendo <span class=\"meta-nav\">&rarr;<\/span><\/a><\/p>\n\n\t\t\t\t<div class=\"mr_social_sharing_wrapper\">\n\t\t\t\t<!-- Social Sharing Toolkit v2.2 --><span class=\"mr_social_sharing_top\"><span style=\"display: inline-block; width: 55px; height: 62px; overflow: hidden;\"><div class=\"fb-like\" data-href=\"http:\/\/www.blogdopilako.com.br\/wp\/2024\/06\/13\/o-santo-casamenteiro-por-historia_em_retalhos\/\" data-send=\"false\" data-layout=\"box_count\" data-width=\"55\" data-show-faces=\"false\"><\/div><\/span><\/span><span class=\"mr_social_sharing_top\"><fb:share-button type=\"box_count\" href=\"http:\/\/www.blogdopilako.com.br\/wp\/2024\/06\/13\/o-santo-casamenteiro-por-historia_em_retalhos\/\"><\/fb:share-button><\/span><span class=\"mr_social_sharing\"><a rel=\"nofollow\" class=\"linksalpha_button linksalpha_link\" href=\"\/\/www.linksalpha.com\/social\/mobile\" data-url=\"http:\/\/www.blogdopilako.com.br\/wp\/2024\/06\/13\/o-santo-casamenteiro-por-historia_em_retalhos\/\" data-text=\"O santo casamenteiro \u2013 por @historia_em_retalhos.\" data-desc=\"Fato in\u00e9dito no Brasil e no mundo: um santo vereador! Pois \u00e9, acredite se quiser: o santo casamenteiro do dia de hoje \u00e9 representante perp\u00e9tuo do parlamento municipal de Igarassu\/PE, na regi\u00e3o metropolitana do Recife. Parece brincadeira, mas n\u00e3o \u00e9. O t\u00edtulo \u00e9 real: textos de resolu\u00e7\u00f5es\" data-image=\"\" data-button=\"none\">\n\t\t\t\t\t<img src=\"\/\/www.linksalpha.com\/images\/social_share_button.png\" alt=\"Share\" class=\"linksalpha_image\" \/>\n\t\t\t\t\t<\/a><script type=\"text\/javascript\" src=\"\/\/www.linksalpha.com\/scripts\/loader_iconbox.js?v=2.4\"><\/script><\/span><\/div>","protected":false},"author":2,"featured_media":0,"comment_status":"open","ping_status":"open","sticky":false,"template":"","format":"standard","meta":[],"categories":[21],"tags":[],"_links":{"self":[{"href":"http:\/\/www.blogdopilako.com.br\/wp\/wp-json\/wp\/v2\/posts\/144558"}],"collection":[{"href":"http:\/\/www.blogdopilako.com.br\/wp\/wp-json\/wp\/v2\/posts"}],"about":[{"href":"http:\/\/www.blogdopilako.com.br\/wp\/wp-json\/wp\/v2\/types\/post"}],"author":[{"embeddable":true,"href":"http:\/\/www.blogdopilako.com.br\/wp\/wp-json\/wp\/v2\/users\/2"}],"replies":[{"embeddable":true,"href":"http:\/\/www.blogdopilako.com.br\/wp\/wp-json\/wp\/v2\/comments?post=144558"}],"version-history":[{"count":1,"href":"http:\/\/www.blogdopilako.com.br\/wp\/wp-json\/wp\/v2\/posts\/144558\/revisions"}],"predecessor-version":[{"id":144561,"href":"http:\/\/www.blogdopilako.com.br\/wp\/wp-json\/wp\/v2\/posts\/144558\/revisions\/144561"}],"wp:attachment":[{"href":"http:\/\/www.blogdopilako.com.br\/wp\/wp-json\/wp\/v2\/media?parent=144558"}],"wp:term":[{"taxonomy":"category","embeddable":true,"href":"http:\/\/www.blogdopilako.com.br\/wp\/wp-json\/wp\/v2\/categories?post=144558"},{"taxonomy":"post_tag","embeddable":true,"href":"http:\/\/www.blogdopilako.com.br\/wp\/wp-json\/wp\/v2\/tags?post=144558"}],"curies":[{"name":"wp","href":"https:\/\/api.w.org\/{rel}","templated":true}]}}