{"id":144496,"date":"2024-06-04T10:20:50","date_gmt":"2024-06-04T13:20:50","guid":{"rendered":"https:\/\/www.blogdopilako.com.br\/wp\/?p=144496"},"modified":"2024-06-04T10:20:50","modified_gmt":"2024-06-04T13:20:50","slug":"vida-passada-tenreiro-aranha-por-celio-meira","status":"publish","type":"post","link":"http:\/\/www.blogdopilako.com.br\/wp\/2024\/06\/04\/vida-passada-tenreiro-aranha-por-celio-meira\/","title":{"rendered":"Vida Passada\u2026 \u2013 Tenreiro Aranha  \u2013 por C\u00e9lio Meira"},"content":{"rendered":"\n\t\t\t\t<div class=\"mr_social_sharing_wrapper\">\n\t\t\t\t<!-- Social Sharing Toolkit v2.2 --><span class=\"mr_social_sharing_top\"><span style=\"display: inline-block; width: 55px; height: 62px; overflow: hidden;\"><div class=\"fb-like\" data-href=\"http:\/\/www.blogdopilako.com.br\/wp\/2024\/06\/04\/vida-passada-tenreiro-aranha-por-celio-meira\/\" data-send=\"false\" data-layout=\"box_count\" data-width=\"55\" data-show-faces=\"false\"><\/div><\/span><\/span><span class=\"mr_social_sharing_top\"><fb:share-button type=\"box_count\" href=\"http:\/\/www.blogdopilako.com.br\/wp\/2024\/06\/04\/vida-passada-tenreiro-aranha-por-celio-meira\/\"><\/fb:share-button><\/span><span class=\"mr_social_sharing\"><a rel=\"nofollow\" class=\"linksalpha_button linksalpha_link\" href=\"\/\/www.linksalpha.com\/social\/mobile\" data-url=\"http:\/\/www.blogdopilako.com.br\/wp\/2024\/06\/04\/vida-passada-tenreiro-aranha-por-celio-meira\/\" data-text=\"Vida Passada\u2026 \u2013 Tenreiro Aranha \u2013 por C\u00e9lio Meira\" data-desc=\"Nasceu o paraense Jo\u00e3o Batista de Figueiredo Tenreiro Aranha, em 1790, na cidade de Bel\u00e9m. Aos 14 anos de idade, informa um bi\u00f3grafo, era \u201c escriv\u00e3o a bordo de uma escuna de guerra\u201d, e porque morou no s\u00edtio \u201cMem\u00f3ria\u201d, nos arredores da cidade natal,\u00a0 foi o \u201cJo\u00e3o da Mem\u00f3ria\u201d, na\" data-image=\"http:\/\/www.blogdopilako.com.br\/wp\/wp-content\/uploads\/2024\/06\/80147954-e514-4ccd-b2ea-7fa803fad800-1-1.jpg\" data-button=\"none\">\n\t\t\t\t\t<img src=\"\/\/www.linksalpha.com\/images\/social_share_button.png\" alt=\"Share\" class=\"linksalpha_image\" \/>\n\t\t\t\t\t<\/a><script type=\"text\/javascript\" src=\"\/\/www.linksalpha.com\/scripts\/loader_iconbox.js?v=2.4\"><\/script><\/span><\/div><p><img loading=\"lazy\" class=\"aligncenter wp-image-144498 size-full\" src=\"http:\/\/www.blogdopilako.com.br\/wp\/wp-content\/uploads\/2024\/06\/80147954-e514-4ccd-b2ea-7fa803fad800-1-1.jpg\" alt=\"\" width=\"752\" height=\"991\" srcset=\"http:\/\/www.blogdopilako.com.br\/wp\/wp-content\/uploads\/2024\/06\/80147954-e514-4ccd-b2ea-7fa803fad800-1-1.jpg 752w, http:\/\/www.blogdopilako.com.br\/wp\/wp-content\/uploads\/2024\/06\/80147954-e514-4ccd-b2ea-7fa803fad800-1-1-228x300.jpg 228w\" sizes=\"(max-width: 752px) 100vw, 752px\" \/><\/p>\n<p style=\"text-align: justify;\">Nasceu o paraense Jo\u00e3o Batista de Figueiredo Tenreiro Aranha, em 1790, na cidade de Bel\u00e9m. Aos 14 anos de idade, informa um bi\u00f3grafo, era \u201c escriv\u00e3o a bordo de uma escuna de guerra\u201d, e porque morou no s\u00edtio \u201cMem\u00f3ria\u201d, nos arredores da cidade natal,\u00a0 foi o \u201cJo\u00e3o da Mem\u00f3ria\u201d, na boca do povo. Espirito rebelde, inclinado \u00e0s agita\u00e7\u00f5es partid\u00e1rias, vestindo a farda de soldado, teve, Tenreiro Aranha, papel saliente, na marulhosa pol\u00edtica do Par\u00e1. Obteve, nas revolu\u00e7\u00f5es paraenses, vit\u00f3rias e derrotas.<\/p>\n<p style=\"text-align: justify;\">Reconhecida, a 15 de agosto de 1823, no Par\u00e1, a Independ\u00eancia do Brasil, travou-se, pouco tempo depois, luta feroz,\u00a0 e sangrenta, entre aqueles que apoiavam o jovem D. Pedro I e os que se batiam, impatrioticamente, pela restaura\u00e7\u00e3o da velha tirania portuguesa. Batalhou, Tenreiro, ao lado dos nacionalistas do primeiro Imp\u00e9rio. O jornal \u201cOpini\u00e3o\u201d, foi o reduto de suas convic\u00e7\u00f5es pol\u00edticas. Perseguido, exilou-se nos Estados Unidos, e depois , no Rio de Janeiro, donde regressou ao torr\u00e3o nativo, na \u00e9poca tormentosa da reg\u00eancia. Herdeiro de da veia po\u00e9tica do pai, o poeta Bento de Figueiredo, escreveu, na viagem triste para o ex\u00edlio, conta um historiador,\u00a0 o poema \u201cSuspiro de tr\u00eas proscritos\u201d.<\/p>\n<p style=\"text-align: justify;\">Desencadearam-se, na terra paraense, de 1831 a 36, da abdica\u00e7\u00e3o de Pedro I \u00e0 derrota fragorosa da Cabanagem, motins e rebeldias. Reinou, nesse quinqu\u00eanio de sangue e de maldi\u00e7\u00f5es, a anarquia pol\u00edtica. Passaram, pela cadeira do poder, v\u00e1rios presidentes, que experimentaram triunfos e revezes, apoiados, ora, nas armas do ex\u00e9rcito, e ora nas armas do povo. E ao lado, \u00e0s vezes, do governo, e \u00e0s vezes, guiando as multid\u00f5es, esteve, sempre, Tenreiro Aranha, ao lado da boa causa, defendendo as ideias da liberdade. Amigo dedicado do bravo C\u00f4nego Batista de Campos, chefe corajoso dos \u201cfilantr\u00f3picos\u201d, o acompanhou, Tenreiro, nos combates vitoriosos e nas lutas desafortunadas.<\/p>\n<p style=\"text-align: justify;\">Trazia, nos punhos da farda, os gal\u00f5es de capit\u00e3o da cavalaria, em 1838, escreve um biografo, quando serviu, no Par\u00e1, ao presidente Andr\u00e9a. Representou, em 48, o povo de sua terra, na Assembleia da Prov\u00edncia, e em 1852, recebeu Tenreiro, a distin\u00e7\u00e3o de ser o 1\u00ba presidente, em 1852, da Prov\u00edncia do Amazonas, instalada nesse ano.<\/p>\n<p style=\"text-align: justify;\">Morreu o lutador paraense, no dia 19 de janeiro de 1861, aos 72 anos de idade. Na hist\u00f3ria gloriosa do Par\u00e1, ningu\u00e9m esquecer\u00e1 o nome de Tenreiro Aranha.\u00a0 Figurar\u00e1 ao lado de Patroni, do c\u00f4nego Campos, e de Eduardo Francisco Nogueira, o Angelim, o bravo cearense, que mereceu, da pena de Dilke de Barbosa Rodrigues, jovem e brilhante historiadora, palavras de afeto e elogio.<\/p>\n<p style=\"text-align: justify;\"><strong>C\u00e9lio Meira \u2013 escritor e jornalista.\u00a0<\/strong><\/p>\n<p style=\"text-align: justify;\"><strong><em>LIVRO VIDA PASSADA\u2026, sec\u00e7\u00e3o di\u00e1ria, de notas biogr\u00e1ficas, iniciada no dia 14 de julho de 1938, na \u201cFolha da Manh\u00e3\u201d, do Recife, edi\u00e7\u00e3o das 16 horas. Re\u00fano, neste 1\u00ba volume, as notas publicadas, no per\u00edodo de Janeiro a Junho deste ano. Escrevi-as, usando o pseud\u00f4nimo \u2013 Lio \u2013 em estilo simples, destinada ao povo. Representam, antes de tudo, trabalho modesto de divulga\u00e7\u00e3o hist\u00f3rica. Setembro de 1939 \u2013 C\u00e9lio Meira.<\/em><\/strong><\/p>\n<p><img loading=\"lazy\" class=\"aligncenter wp-image-144489 size-large\" src=\"http:\/\/www.blogdopilako.com.br\/wp\/wp-content\/uploads\/2024\/06\/Pix-arte-final-2-2-1024x401.png\" alt=\"\" width=\"584\" height=\"229\" srcset=\"http:\/\/www.blogdopilako.com.br\/wp\/wp-content\/uploads\/2024\/06\/Pix-arte-final-2-2-1024x401.png 1024w, http:\/\/www.blogdopilako.com.br\/wp\/wp-content\/uploads\/2024\/06\/Pix-arte-final-2-2-300x117.png 300w, http:\/\/www.blogdopilako.com.br\/wp\/wp-content\/uploads\/2024\/06\/Pix-arte-final-2-2-768x301.png 768w, http:\/\/www.blogdopilako.com.br\/wp\/wp-content\/uploads\/2024\/06\/Pix-arte-final-2-2-1536x601.png 1536w, http:\/\/www.blogdopilako.com.br\/wp\/wp-content\/uploads\/2024\/06\/Pix-arte-final-2-2-2048x802.png 2048w, http:\/\/www.blogdopilako.com.br\/wp\/wp-content\/uploads\/2024\/06\/Pix-arte-final-2-2-500x196.png 500w\" sizes=\"(max-width: 584px) 100vw, 584px\" \/><\/p>\n\n\t\t\t\t<div class=\"mr_social_sharing_wrapper\">\n\t\t\t\t<!-- Social Sharing Toolkit v2.2 --><span class=\"mr_social_sharing_top\"><span style=\"display: inline-block; width: 55px; height: 62px; overflow: hidden;\"><div class=\"fb-like\" data-href=\"http:\/\/www.blogdopilako.com.br\/wp\/2024\/06\/04\/vida-passada-tenreiro-aranha-por-celio-meira\/\" data-send=\"false\" data-layout=\"box_count\" data-width=\"55\" data-show-faces=\"false\"><\/div><\/span><\/span><span class=\"mr_social_sharing_top\"><fb:share-button type=\"box_count\" href=\"http:\/\/www.blogdopilako.com.br\/wp\/2024\/06\/04\/vida-passada-tenreiro-aranha-por-celio-meira\/\"><\/fb:share-button><\/span><span class=\"mr_social_sharing\"><a rel=\"nofollow\" class=\"linksalpha_button linksalpha_link\" href=\"\/\/www.linksalpha.com\/social\/mobile\" data-url=\"http:\/\/www.blogdopilako.com.br\/wp\/2024\/06\/04\/vida-passada-tenreiro-aranha-por-celio-meira\/\" data-text=\"Vida Passada\u2026 \u2013 Tenreiro Aranha \u2013 por C\u00e9lio Meira\" data-desc=\"Nasceu o paraense Jo\u00e3o Batista de Figueiredo Tenreiro Aranha, em 1790, na cidade de Bel\u00e9m. Aos 14 anos de idade, informa um bi\u00f3grafo, era \u201c escriv\u00e3o a bordo de uma escuna de guerra\u201d, e porque morou no s\u00edtio \u201cMem\u00f3ria\u201d, nos arredores da cidade natal,\u00a0 foi o \u201cJo\u00e3o da Mem\u00f3ria\u201d, na\" data-image=\"http:\/\/www.blogdopilako.com.br\/wp\/wp-content\/uploads\/2024\/06\/80147954-e514-4ccd-b2ea-7fa803fad800-1-1.jpg\" data-button=\"none\">\n\t\t\t\t\t<img src=\"\/\/www.linksalpha.com\/images\/social_share_button.png\" alt=\"Share\" class=\"linksalpha_image\" \/>\n\t\t\t\t\t<\/a><script type=\"text\/javascript\" src=\"\/\/www.linksalpha.com\/scripts\/loader_iconbox.js?v=2.4\"><\/script><\/span><\/div>","protected":false},"excerpt":{"rendered":"\n\t\t\t\t<div class=\"mr_social_sharing_wrapper\">\n\t\t\t\t<!-- Social Sharing Toolkit v2.2 --><span class=\"mr_social_sharing_top\"><span style=\"display: inline-block; width: 55px; height: 62px; overflow: hidden;\"><div class=\"fb-like\" data-href=\"http:\/\/www.blogdopilako.com.br\/wp\/2024\/06\/04\/vida-passada-tenreiro-aranha-por-celio-meira\/\" data-send=\"false\" data-layout=\"box_count\" data-width=\"55\" data-show-faces=\"false\"><\/div><\/span><\/span><span class=\"mr_social_sharing_top\"><fb:share-button type=\"box_count\" href=\"http:\/\/www.blogdopilako.com.br\/wp\/2024\/06\/04\/vida-passada-tenreiro-aranha-por-celio-meira\/\"><\/fb:share-button><\/span><span class=\"mr_social_sharing\"><a rel=\"nofollow\" class=\"linksalpha_button linksalpha_link\" href=\"\/\/www.linksalpha.com\/social\/mobile\" data-url=\"http:\/\/www.blogdopilako.com.br\/wp\/2024\/06\/04\/vida-passada-tenreiro-aranha-por-celio-meira\/\" data-text=\"Vida Passada\u2026 \u2013 Tenreiro Aranha \u2013 por C\u00e9lio Meira\" data-desc=\"Nasceu o paraense Jo\u00e3o Batista de Figueiredo Tenreiro Aranha, em 1790, na cidade de Bel\u00e9m. Aos 14 anos de idade, informa um bi\u00f3grafo, era \u201c escriv\u00e3o a bordo de uma escuna de guerra\u201d, e porque morou no s\u00edtio \u201cMem\u00f3ria\u201d, nos arredores da cidade natal,\u00a0 foi o \u201cJo\u00e3o da Mem\u00f3ria\u201d, na\" data-image=\"\" data-button=\"none\">\n\t\t\t\t\t<img src=\"\/\/www.linksalpha.com\/images\/social_share_button.png\" alt=\"Share\" class=\"linksalpha_image\" \/>\n\t\t\t\t\t<\/a><script type=\"text\/javascript\" src=\"\/\/www.linksalpha.com\/scripts\/loader_iconbox.js?v=2.4\"><\/script><\/span><\/div><p>Nasceu o paraense Jo\u00e3o Batista de Figueiredo Tenreiro Aranha, em 1790, na cidade de Bel\u00e9m. Aos 14 anos de idade, informa um bi\u00f3grafo, era \u201c escriv\u00e3o a bordo de uma escuna de guerra\u201d, e porque morou no s\u00edtio \u201cMem\u00f3ria\u201d, nos &hellip; <a href=\"http:\/\/www.blogdopilako.com.br\/wp\/2024\/06\/04\/vida-passada-tenreiro-aranha-por-celio-meira\/\">Continue lendo <span class=\"meta-nav\">&rarr;<\/span><\/a><\/p>\n\n\t\t\t\t<div class=\"mr_social_sharing_wrapper\">\n\t\t\t\t<!-- Social Sharing Toolkit v2.2 --><span class=\"mr_social_sharing_top\"><span style=\"display: inline-block; width: 55px; height: 62px; overflow: hidden;\"><div class=\"fb-like\" data-href=\"http:\/\/www.blogdopilako.com.br\/wp\/2024\/06\/04\/vida-passada-tenreiro-aranha-por-celio-meira\/\" data-send=\"false\" data-layout=\"box_count\" data-width=\"55\" data-show-faces=\"false\"><\/div><\/span><\/span><span class=\"mr_social_sharing_top\"><fb:share-button type=\"box_count\" href=\"http:\/\/www.blogdopilako.com.br\/wp\/2024\/06\/04\/vida-passada-tenreiro-aranha-por-celio-meira\/\"><\/fb:share-button><\/span><span class=\"mr_social_sharing\"><a rel=\"nofollow\" class=\"linksalpha_button linksalpha_link\" href=\"\/\/www.linksalpha.com\/social\/mobile\" data-url=\"http:\/\/www.blogdopilako.com.br\/wp\/2024\/06\/04\/vida-passada-tenreiro-aranha-por-celio-meira\/\" data-text=\"Vida Passada\u2026 \u2013 Tenreiro Aranha \u2013 por C\u00e9lio Meira\" data-desc=\"Nasceu o paraense Jo\u00e3o Batista de Figueiredo Tenreiro Aranha, em 1790, na cidade de Bel\u00e9m. Aos 14 anos de idade, informa um bi\u00f3grafo, era \u201c escriv\u00e3o a bordo de uma escuna de guerra\u201d, e porque morou no s\u00edtio \u201cMem\u00f3ria\u201d, nos arredores da cidade natal,\u00a0 foi o \u201cJo\u00e3o da Mem\u00f3ria\u201d, na\" data-image=\"\" data-button=\"none\">\n\t\t\t\t\t<img src=\"\/\/www.linksalpha.com\/images\/social_share_button.png\" alt=\"Share\" class=\"linksalpha_image\" \/>\n\t\t\t\t\t<\/a><script type=\"text\/javascript\" src=\"\/\/www.linksalpha.com\/scripts\/loader_iconbox.js?v=2.4\"><\/script><\/span><\/div>","protected":false},"author":2,"featured_media":0,"comment_status":"open","ping_status":"open","sticky":false,"template":"","format":"standard","meta":[],"categories":[21],"tags":[],"_links":{"self":[{"href":"http:\/\/www.blogdopilako.com.br\/wp\/wp-json\/wp\/v2\/posts\/144496"}],"collection":[{"href":"http:\/\/www.blogdopilako.com.br\/wp\/wp-json\/wp\/v2\/posts"}],"about":[{"href":"http:\/\/www.blogdopilako.com.br\/wp\/wp-json\/wp\/v2\/types\/post"}],"author":[{"embeddable":true,"href":"http:\/\/www.blogdopilako.com.br\/wp\/wp-json\/wp\/v2\/users\/2"}],"replies":[{"embeddable":true,"href":"http:\/\/www.blogdopilako.com.br\/wp\/wp-json\/wp\/v2\/comments?post=144496"}],"version-history":[{"count":1,"href":"http:\/\/www.blogdopilako.com.br\/wp\/wp-json\/wp\/v2\/posts\/144496\/revisions"}],"predecessor-version":[{"id":144499,"href":"http:\/\/www.blogdopilako.com.br\/wp\/wp-json\/wp\/v2\/posts\/144496\/revisions\/144499"}],"wp:attachment":[{"href":"http:\/\/www.blogdopilako.com.br\/wp\/wp-json\/wp\/v2\/media?parent=144496"}],"wp:term":[{"taxonomy":"category","embeddable":true,"href":"http:\/\/www.blogdopilako.com.br\/wp\/wp-json\/wp\/v2\/categories?post=144496"},{"taxonomy":"post_tag","embeddable":true,"href":"http:\/\/www.blogdopilako.com.br\/wp\/wp-json\/wp\/v2\/tags?post=144496"}],"curies":[{"name":"wp","href":"https:\/\/api.w.org\/{rel}","templated":true}]}}