{"id":144083,"date":"2024-04-09T15:42:42","date_gmt":"2024-04-09T18:42:42","guid":{"rendered":"https:\/\/www.blogdopilako.com.br\/wp\/?p=144083"},"modified":"2024-04-09T15:42:42","modified_gmt":"2024-04-09T18:42:42","slug":"de-vitoria-a-tabira-ou-homerica-odisseia-pernambucana-por-sosigenes-bittencourt","status":"publish","type":"post","link":"http:\/\/www.blogdopilako.com.br\/wp\/2024\/04\/09\/de-vitoria-a-tabira-ou-homerica-odisseia-pernambucana-por-sosigenes-bittencourt\/","title":{"rendered":"DE VIT\u00d3RIA A TABIRA OU HOM\u00c9RICA ODISSEIA PERNAMBUCANA &#8211; por Sos\u00edgenes Bittencourt."},"content":{"rendered":"\n\t\t\t\t<div class=\"mr_social_sharing_wrapper\">\n\t\t\t\t<!-- Social Sharing Toolkit v2.2 --><span class=\"mr_social_sharing_top\"><span style=\"display: inline-block; width: 55px; height: 62px; overflow: hidden;\"><div class=\"fb-like\" data-href=\"http:\/\/www.blogdopilako.com.br\/wp\/2024\/04\/09\/de-vitoria-a-tabira-ou-homerica-odisseia-pernambucana-por-sosigenes-bittencourt\/\" data-send=\"false\" data-layout=\"box_count\" data-width=\"55\" data-show-faces=\"false\"><\/div><\/span><\/span><span class=\"mr_social_sharing_top\"><fb:share-button type=\"box_count\" href=\"http:\/\/www.blogdopilako.com.br\/wp\/2024\/04\/09\/de-vitoria-a-tabira-ou-homerica-odisseia-pernambucana-por-sosigenes-bittencourt\/\"><\/fb:share-button><\/span><span class=\"mr_social_sharing\"><a rel=\"nofollow\" class=\"linksalpha_button linksalpha_link\" href=\"\/\/www.linksalpha.com\/social\/mobile\" data-url=\"http:\/\/www.blogdopilako.com.br\/wp\/2024\/04\/09\/de-vitoria-a-tabira-ou-homerica-odisseia-pernambucana-por-sosigenes-bittencourt\/\" data-text=\"DE VIT\u00d3RIA A TABIRA OU HOM\u00c9RICA ODISSEIA PERNAMBUCANA \u2013 por Sos\u00edgenes Bittencourt.\" data-desc=\"Empreendendo viagem, de Vit\u00f3ria de Santo Ant\u00e3o a Tabira, desbravando o Sert\u00e3o Pernambucano, a visitar Alvaneide Leite de Melo, descendente da Tribo Fulni-\u00f4, de \u00c1guas Belas - ela, crendo-me um Cacique, e eu, caprichando pra pag\u00e9. Somos todos \u00edndios! Sos\u00edgenes Bittencourt\" data-image=\"http:\/\/www.blogdopilako.com.br\/wp\/wp-content\/uploads\/2024\/04\/33161222-1c08-4089-8b41-1842119479ec-300x282.jpg\" data-button=\"none\">\n\t\t\t\t\t<img src=\"\/\/www.linksalpha.com\/images\/social_share_button.png\" alt=\"Share\" class=\"linksalpha_image\" \/>\n\t\t\t\t\t<\/a><script type=\"text\/javascript\" src=\"\/\/www.linksalpha.com\/scripts\/loader_iconbox.js?v=2.4\"><\/script><\/span><\/div><p style=\"text-align: justify;\"><img loading=\"lazy\" class=\"size-medium wp-image-144084 alignleft\" src=\"http:\/\/www.blogdopilako.com.br\/wp\/wp-content\/uploads\/2024\/04\/33161222-1c08-4089-8b41-1842119479ec-300x282.jpg\" alt=\"\" width=\"300\" height=\"282\" srcset=\"http:\/\/www.blogdopilako.com.br\/wp\/wp-content\/uploads\/2024\/04\/33161222-1c08-4089-8b41-1842119479ec-300x282.jpg 300w, http:\/\/www.blogdopilako.com.br\/wp\/wp-content\/uploads\/2024\/04\/33161222-1c08-4089-8b41-1842119479ec-320x300.jpg 320w, http:\/\/www.blogdopilako.com.br\/wp\/wp-content\/uploads\/2024\/04\/33161222-1c08-4089-8b41-1842119479ec.jpg 720w\" sizes=\"(max-width: 300px) 100vw, 300px\" \/><br \/>\nEmpreendendo viagem, de Vit\u00f3ria de Santo Ant\u00e3o a Tabira, desbravando o Sert\u00e3o Pernambucano, a visitar Alvaneide Leite de Melo, descendente da Tribo Fulni-\u00f4, de \u00c1guas Belas &#8211; ela, crendo-me um Cacique, e eu, caprichando pra pag\u00e9.<br \/>\nSomos todos \u00edndios!<\/p>\n<p><strong>Sos\u00edgenes Bittencourt<\/strong><\/p>\n<p><img loading=\"lazy\" class=\"aligncenter wp-image-144081 size-large\" src=\"http:\/\/www.blogdopilako.com.br\/wp\/wp-content\/uploads\/2024\/04\/Pix-arte-final-2-13-1024x401.png\" alt=\"\" width=\"584\" height=\"229\" srcset=\"http:\/\/www.blogdopilako.com.br\/wp\/wp-content\/uploads\/2024\/04\/Pix-arte-final-2-13-1024x401.png 1024w, http:\/\/www.blogdopilako.com.br\/wp\/wp-content\/uploads\/2024\/04\/Pix-arte-final-2-13-300x117.png 300w, http:\/\/www.blogdopilako.com.br\/wp\/wp-content\/uploads\/2024\/04\/Pix-arte-final-2-13-768x301.png 768w, http:\/\/www.blogdopilako.com.br\/wp\/wp-content\/uploads\/2024\/04\/Pix-arte-final-2-13-1536x601.png 1536w, http:\/\/www.blogdopilako.com.br\/wp\/wp-content\/uploads\/2024\/04\/Pix-arte-final-2-13-2048x802.png 2048w, http:\/\/www.blogdopilako.com.br\/wp\/wp-content\/uploads\/2024\/04\/Pix-arte-final-2-13-500x196.png 500w\" sizes=\"(max-width: 584px) 100vw, 584px\" \/><\/p>\n\n\t\t\t\t<div class=\"mr_social_sharing_wrapper\">\n\t\t\t\t<!-- Social Sharing Toolkit v2.2 --><span class=\"mr_social_sharing_top\"><span style=\"display: inline-block; width: 55px; height: 62px; overflow: hidden;\"><div class=\"fb-like\" data-href=\"http:\/\/www.blogdopilako.com.br\/wp\/2024\/04\/09\/de-vitoria-a-tabira-ou-homerica-odisseia-pernambucana-por-sosigenes-bittencourt\/\" data-send=\"false\" data-layout=\"box_count\" data-width=\"55\" data-show-faces=\"false\"><\/div><\/span><\/span><span class=\"mr_social_sharing_top\"><fb:share-button type=\"box_count\" href=\"http:\/\/www.blogdopilako.com.br\/wp\/2024\/04\/09\/de-vitoria-a-tabira-ou-homerica-odisseia-pernambucana-por-sosigenes-bittencourt\/\"><\/fb:share-button><\/span><span class=\"mr_social_sharing\"><a rel=\"nofollow\" class=\"linksalpha_button linksalpha_link\" href=\"\/\/www.linksalpha.com\/social\/mobile\" data-url=\"http:\/\/www.blogdopilako.com.br\/wp\/2024\/04\/09\/de-vitoria-a-tabira-ou-homerica-odisseia-pernambucana-por-sosigenes-bittencourt\/\" data-text=\"DE VIT\u00d3RIA A TABIRA OU HOM\u00c9RICA ODISSEIA PERNAMBUCANA \u2013 por Sos\u00edgenes Bittencourt.\" data-desc=\"Empreendendo viagem, de Vit\u00f3ria de Santo Ant\u00e3o a Tabira, desbravando o Sert\u00e3o Pernambucano, a visitar Alvaneide Leite de Melo, descendente da Tribo Fulni-\u00f4, de \u00c1guas Belas - ela, crendo-me um Cacique, e eu, caprichando pra pag\u00e9. Somos todos \u00edndios! Sos\u00edgenes Bittencourt\" data-image=\"http:\/\/www.blogdopilako.com.br\/wp\/wp-content\/uploads\/2024\/04\/33161222-1c08-4089-8b41-1842119479ec-300x282.jpg\" data-button=\"none\">\n\t\t\t\t\t<img src=\"\/\/www.linksalpha.com\/images\/social_share_button.png\" alt=\"Share\" class=\"linksalpha_image\" \/>\n\t\t\t\t\t<\/a><script type=\"text\/javascript\" src=\"\/\/www.linksalpha.com\/scripts\/loader_iconbox.js?v=2.4\"><\/script><\/span><\/div>","protected":false},"excerpt":{"rendered":"\n\t\t\t\t<div class=\"mr_social_sharing_wrapper\">\n\t\t\t\t<!-- Social Sharing Toolkit v2.2 --><span class=\"mr_social_sharing_top\"><span style=\"display: inline-block; width: 55px; height: 62px; overflow: hidden;\"><div class=\"fb-like\" data-href=\"http:\/\/www.blogdopilako.com.br\/wp\/2024\/04\/09\/de-vitoria-a-tabira-ou-homerica-odisseia-pernambucana-por-sosigenes-bittencourt\/\" data-send=\"false\" data-layout=\"box_count\" data-width=\"55\" data-show-faces=\"false\"><\/div><\/span><\/span><span class=\"mr_social_sharing_top\"><fb:share-button type=\"box_count\" href=\"http:\/\/www.blogdopilako.com.br\/wp\/2024\/04\/09\/de-vitoria-a-tabira-ou-homerica-odisseia-pernambucana-por-sosigenes-bittencourt\/\"><\/fb:share-button><\/span><span class=\"mr_social_sharing\"><a rel=\"nofollow\" class=\"linksalpha_button linksalpha_link\" href=\"\/\/www.linksalpha.com\/social\/mobile\" data-url=\"http:\/\/www.blogdopilako.com.br\/wp\/2024\/04\/09\/de-vitoria-a-tabira-ou-homerica-odisseia-pernambucana-por-sosigenes-bittencourt\/\" data-text=\"DE VIT\u00d3RIA A TABIRA OU HOM\u00c9RICA ODISSEIA PERNAMBUCANA \u2013 por Sos\u00edgenes Bittencourt.\" data-desc=\"Empreendendo viagem, de Vit\u00f3ria de Santo Ant\u00e3o a Tabira, desbravando o Sert\u00e3o Pernambucano, a visitar Alvaneide Leite de Melo, descendente da Tribo Fulni-\u00f4, de \u00c1guas Belas - ela, crendo-me um Cacique, e eu, caprichando pra pag\u00e9. Somos todos \u00edndios! Sos\u00edgenes Bittencourt\" data-image=\"\" data-button=\"none\">\n\t\t\t\t\t<img src=\"\/\/www.linksalpha.com\/images\/social_share_button.png\" alt=\"Share\" class=\"linksalpha_image\" \/>\n\t\t\t\t\t<\/a><script type=\"text\/javascript\" src=\"\/\/www.linksalpha.com\/scripts\/loader_iconbox.js?v=2.4\"><\/script><\/span><\/div><p>Empreendendo viagem, de Vit\u00f3ria de Santo Ant\u00e3o a Tabira, desbravando o Sert\u00e3o Pernambucano, a visitar Alvaneide Leite de Melo, descendente da Tribo Fulni-\u00f4, de \u00c1guas Belas &#8211; ela, crendo-me um Cacique, e eu, caprichando pra pag\u00e9. Somos todos \u00edndios! Sos\u00edgenes &hellip; <a href=\"http:\/\/www.blogdopilako.com.br\/wp\/2024\/04\/09\/de-vitoria-a-tabira-ou-homerica-odisseia-pernambucana-por-sosigenes-bittencourt\/\">Continue lendo <span class=\"meta-nav\">&rarr;<\/span><\/a><\/p>\n\n\t\t\t\t<div class=\"mr_social_sharing_wrapper\">\n\t\t\t\t<!-- Social Sharing Toolkit v2.2 --><span class=\"mr_social_sharing_top\"><span style=\"display: inline-block; width: 55px; height: 62px; overflow: hidden;\"><div class=\"fb-like\" data-href=\"http:\/\/www.blogdopilako.com.br\/wp\/2024\/04\/09\/de-vitoria-a-tabira-ou-homerica-odisseia-pernambucana-por-sosigenes-bittencourt\/\" data-send=\"false\" data-layout=\"box_count\" data-width=\"55\" data-show-faces=\"false\"><\/div><\/span><\/span><span class=\"mr_social_sharing_top\"><fb:share-button type=\"box_count\" href=\"http:\/\/www.blogdopilako.com.br\/wp\/2024\/04\/09\/de-vitoria-a-tabira-ou-homerica-odisseia-pernambucana-por-sosigenes-bittencourt\/\"><\/fb:share-button><\/span><span class=\"mr_social_sharing\"><a rel=\"nofollow\" class=\"linksalpha_button linksalpha_link\" href=\"\/\/www.linksalpha.com\/social\/mobile\" data-url=\"http:\/\/www.blogdopilako.com.br\/wp\/2024\/04\/09\/de-vitoria-a-tabira-ou-homerica-odisseia-pernambucana-por-sosigenes-bittencourt\/\" data-text=\"DE VIT\u00d3RIA A TABIRA OU HOM\u00c9RICA ODISSEIA PERNAMBUCANA \u2013 por Sos\u00edgenes Bittencourt.\" data-desc=\"Empreendendo viagem, de Vit\u00f3ria de Santo Ant\u00e3o a Tabira, desbravando o Sert\u00e3o Pernambucano, a visitar Alvaneide Leite de Melo, descendente da Tribo Fulni-\u00f4, de \u00c1guas Belas - ela, crendo-me um Cacique, e eu, caprichando pra pag\u00e9. Somos todos \u00edndios! Sos\u00edgenes Bittencourt\" data-image=\"\" data-button=\"none\">\n\t\t\t\t\t<img src=\"\/\/www.linksalpha.com\/images\/social_share_button.png\" alt=\"Share\" class=\"linksalpha_image\" \/>\n\t\t\t\t\t<\/a><script type=\"text\/javascript\" src=\"\/\/www.linksalpha.com\/scripts\/loader_iconbox.js?v=2.4\"><\/script><\/span><\/div>","protected":false},"author":2,"featured_media":0,"comment_status":"open","ping_status":"open","sticky":false,"template":"","format":"standard","meta":[],"categories":[20],"tags":[],"_links":{"self":[{"href":"http:\/\/www.blogdopilako.com.br\/wp\/wp-json\/wp\/v2\/posts\/144083"}],"collection":[{"href":"http:\/\/www.blogdopilako.com.br\/wp\/wp-json\/wp\/v2\/posts"}],"about":[{"href":"http:\/\/www.blogdopilako.com.br\/wp\/wp-json\/wp\/v2\/types\/post"}],"author":[{"embeddable":true,"href":"http:\/\/www.blogdopilako.com.br\/wp\/wp-json\/wp\/v2\/users\/2"}],"replies":[{"embeddable":true,"href":"http:\/\/www.blogdopilako.com.br\/wp\/wp-json\/wp\/v2\/comments?post=144083"}],"version-history":[{"count":1,"href":"http:\/\/www.blogdopilako.com.br\/wp\/wp-json\/wp\/v2\/posts\/144083\/revisions"}],"predecessor-version":[{"id":144086,"href":"http:\/\/www.blogdopilako.com.br\/wp\/wp-json\/wp\/v2\/posts\/144083\/revisions\/144086"}],"wp:attachment":[{"href":"http:\/\/www.blogdopilako.com.br\/wp\/wp-json\/wp\/v2\/media?parent=144083"}],"wp:term":[{"taxonomy":"category","embeddable":true,"href":"http:\/\/www.blogdopilako.com.br\/wp\/wp-json\/wp\/v2\/categories?post=144083"},{"taxonomy":"post_tag","embeddable":true,"href":"http:\/\/www.blogdopilako.com.br\/wp\/wp-json\/wp\/v2\/tags?post=144083"}],"curies":[{"name":"wp","href":"https:\/\/api.w.org\/{rel}","templated":true}]}}