{"id":143988,"date":"2024-03-26T09:01:58","date_gmt":"2024-03-26T12:01:58","guid":{"rendered":"https:\/\/www.blogdopilako.com.br\/wp\/?p=143988"},"modified":"2024-03-26T09:01:58","modified_gmt":"2024-03-26T12:01:58","slug":"cadeira-do-dragao-por-historia_em_retalhos","status":"publish","type":"post","link":"http:\/\/www.blogdopilako.com.br\/wp\/2024\/03\/26\/cadeira-do-dragao-por-historia_em_retalhos\/","title":{"rendered":"&#8220;Cadeira do Drag\u00e3o&#8221; &#8211; por @historia_em_retalhos."},"content":{"rendered":"\n\t\t\t\t<div class=\"mr_social_sharing_wrapper\">\n\t\t\t\t<!-- Social Sharing Toolkit v2.2 --><span class=\"mr_social_sharing_top\"><span style=\"display: inline-block; width: 55px; height: 62px; overflow: hidden;\"><div class=\"fb-like\" data-href=\"http:\/\/www.blogdopilako.com.br\/wp\/2024\/03\/26\/cadeira-do-dragao-por-historia_em_retalhos\/\" data-send=\"false\" data-layout=\"box_count\" data-width=\"55\" data-show-faces=\"false\"><\/div><\/span><\/span><span class=\"mr_social_sharing_top\"><fb:share-button type=\"box_count\" href=\"http:\/\/www.blogdopilako.com.br\/wp\/2024\/03\/26\/cadeira-do-dragao-por-historia_em_retalhos\/\"><\/fb:share-button><\/span><span class=\"mr_social_sharing\"><a rel=\"nofollow\" class=\"linksalpha_button linksalpha_link\" href=\"\/\/www.linksalpha.com\/social\/mobile\" data-url=\"http:\/\/www.blogdopilako.com.br\/wp\/2024\/03\/26\/cadeira-do-dragao-por-historia_em_retalhos\/\" data-text=\"\u201cCadeira do Drag\u00e3o\u201d \u2013 por @historia_em_retalhos.\" data-desc=\"Um dos instrumentos de tortura mais terr\u00edveis utilizados no ciclo da ditadura militar brasileira era a famigerada \"cadeira do drag\u00e3o\". Muito utilizada pelo DOPS e pelo DOI-CODI, a estrutura do assento era feita de madeira e coberta com uma folha de zinco, ligada a um regulador de voltagem, que a\" data-image=\"http:\/\/www.blogdopilako.com.br\/wp\/wp-content\/uploads\/2024\/03\/eb6b27c4-ba53-40dc-8021-95349e0c81a1.jpg\" data-button=\"none\">\n\t\t\t\t\t<img src=\"\/\/www.linksalpha.com\/images\/social_share_button.png\" alt=\"Share\" class=\"linksalpha_image\" \/>\n\t\t\t\t\t<\/a><script type=\"text\/javascript\" src=\"\/\/www.linksalpha.com\/scripts\/loader_iconbox.js?v=2.4\"><\/script><\/span><\/div><p><img loading=\"lazy\" class=\"aligncenter wp-image-143990 size-full\" src=\"http:\/\/www.blogdopilako.com.br\/wp\/wp-content\/uploads\/2024\/03\/eb6b27c4-ba53-40dc-8021-95349e0c81a1.jpg\" alt=\"\" width=\"640\" height=\"625\" srcset=\"http:\/\/www.blogdopilako.com.br\/wp\/wp-content\/uploads\/2024\/03\/eb6b27c4-ba53-40dc-8021-95349e0c81a1.jpg 640w, http:\/\/www.blogdopilako.com.br\/wp\/wp-content\/uploads\/2024\/03\/eb6b27c4-ba53-40dc-8021-95349e0c81a1-300x293.jpg 300w, http:\/\/www.blogdopilako.com.br\/wp\/wp-content\/uploads\/2024\/03\/eb6b27c4-ba53-40dc-8021-95349e0c81a1-307x300.jpg 307w\" sizes=\"(max-width: 640px) 100vw, 640px\" \/><\/p>\n<p style=\"text-align: justify;\">Um dos instrumentos de tortura mais terr\u00edveis utilizados no ciclo da ditadura militar brasileira era a famigerada &#8220;cadeira do drag\u00e3o&#8221;.<\/p>\n<p style=\"text-align: justify;\">Muito utilizada pelo DOPS e pelo DOI-CODI, a estrutura do assento era feita de madeira e coberta com uma folha de zinco, ligada a um regulador de voltagem, que a transformava em uma \u201ccadeira el\u00e9trica caseira\u201d.<\/p>\n<p style=\"text-align: justify;\">O indiv\u00edduo torturado era preso aos pulsos por cintas de couro e, em seguida, eram amarrados fios em suas orelhas, l\u00edngua, em seus \u00f3rg\u00e3os genitais (enfiado na uretra), dedos dos p\u00e9s e seios (no caso das mulheres).<\/p>\n<p style=\"text-align: justify;\">Para completar, \u00e1gua era jogada sobre o seu corpo completamente nu, o que fazia com que a for\u00e7a do choque fosse elevada ao extremo.<\/p>\n<p style=\"text-align: justify;\">Mas, n\u00e3o parava por a\u00ed.<\/p>\n<p style=\"text-align: justify;\">O pior era a press\u00e3o psicol\u00f3gica.<\/p>\n<p style=\"text-align: justify;\">O torturador costumava descrever tranquilamente as consequ\u00eancias do aparelho (como convuls\u00f5es e perda do controle intestinal), liberando alguns choques para confirmar a sua argumenta\u00e7\u00e3o.<\/p>\n<p style=\"text-align: justify;\">Se isso n\u00e3o surtisse efeito, era liberada uma descarga el\u00e9trica completa.<\/p>\n<p style=\"text-align: justify;\">O preso, ent\u00e3o, sentia todo o corpo tremer, especialmente as partes em contato com o zinco.<\/p>\n<p style=\"text-align: justify;\">A dura\u00e7\u00e3o e a intensidade eram controladas para n\u00e3o o matar, podendo ser aumentadas a cada dose, que eram alternadas com espancamentos.<\/p>\n<p style=\"text-align: justify;\">Este perverso e desumano m\u00e9todo de tortura foi aplicado em diversos presos pol\u00edticos no Brasil, como Frei Tito, o protagonista do nosso \u00faltimo retalho.<\/p>\n<p style=\"text-align: justify;\">60 anos do golpe militar de 1964.<\/p>\n<p style=\"text-align: justify;\">Lembrar para n\u00e3o esquecer.<\/p>\n<p style=\"text-align: justify;\">#ditaduranuncamais<\/p>\n<p style=\"text-align: justify;\">A quem interessar, recomendo o livro &#8220;Brasil: nunca mais&#8221; de Dom Paulo Evaristo Arns.<\/p>\n<p style=\"text-align: justify;\">\n<strong>Siga: @historia_em_retalhos<\/strong><\/p>\n<p><a href=\"https:\/\/www.instagram.com\/p\/C4-Qk2Qu5gX\/?igsh=OHo5YXhmYWxsaHZr\">https:\/\/www.instagram.com\/p\/C4-Qk2Qu5gX\/?igsh=OHo5YXhmYWxsaHZr<\/a><\/p>\n<p><img loading=\"lazy\" class=\"aligncenter wp-image-143985 size-large\" src=\"http:\/\/www.blogdopilako.com.br\/wp\/wp-content\/uploads\/2024\/03\/Pix-arte-final-2-36-1024x401.png\" alt=\"\" width=\"584\" height=\"229\" srcset=\"http:\/\/www.blogdopilako.com.br\/wp\/wp-content\/uploads\/2024\/03\/Pix-arte-final-2-36-1024x401.png 1024w, http:\/\/www.blogdopilako.com.br\/wp\/wp-content\/uploads\/2024\/03\/Pix-arte-final-2-36-300x117.png 300w, http:\/\/www.blogdopilako.com.br\/wp\/wp-content\/uploads\/2024\/03\/Pix-arte-final-2-36-768x301.png 768w, http:\/\/www.blogdopilako.com.br\/wp\/wp-content\/uploads\/2024\/03\/Pix-arte-final-2-36-1536x601.png 1536w, http:\/\/www.blogdopilako.com.br\/wp\/wp-content\/uploads\/2024\/03\/Pix-arte-final-2-36-2048x802.png 2048w, http:\/\/www.blogdopilako.com.br\/wp\/wp-content\/uploads\/2024\/03\/Pix-arte-final-2-36-500x196.png 500w\" sizes=\"(max-width: 584px) 100vw, 584px\" \/><\/p>\n\n\t\t\t\t<div class=\"mr_social_sharing_wrapper\">\n\t\t\t\t<!-- Social Sharing Toolkit v2.2 --><span class=\"mr_social_sharing_top\"><span style=\"display: inline-block; width: 55px; height: 62px; overflow: hidden;\"><div class=\"fb-like\" data-href=\"http:\/\/www.blogdopilako.com.br\/wp\/2024\/03\/26\/cadeira-do-dragao-por-historia_em_retalhos\/\" data-send=\"false\" data-layout=\"box_count\" data-width=\"55\" data-show-faces=\"false\"><\/div><\/span><\/span><span class=\"mr_social_sharing_top\"><fb:share-button type=\"box_count\" href=\"http:\/\/www.blogdopilako.com.br\/wp\/2024\/03\/26\/cadeira-do-dragao-por-historia_em_retalhos\/\"><\/fb:share-button><\/span><span class=\"mr_social_sharing\"><a rel=\"nofollow\" class=\"linksalpha_button linksalpha_link\" href=\"\/\/www.linksalpha.com\/social\/mobile\" data-url=\"http:\/\/www.blogdopilako.com.br\/wp\/2024\/03\/26\/cadeira-do-dragao-por-historia_em_retalhos\/\" data-text=\"\u201cCadeira do Drag\u00e3o\u201d \u2013 por @historia_em_retalhos.\" data-desc=\"Um dos instrumentos de tortura mais terr\u00edveis utilizados no ciclo da ditadura militar brasileira era a famigerada \"cadeira do drag\u00e3o\". Muito utilizada pelo DOPS e pelo DOI-CODI, a estrutura do assento era feita de madeira e coberta com uma folha de zinco, ligada a um regulador de voltagem, que a\" data-image=\"http:\/\/www.blogdopilako.com.br\/wp\/wp-content\/uploads\/2024\/03\/eb6b27c4-ba53-40dc-8021-95349e0c81a1.jpg\" data-button=\"none\">\n\t\t\t\t\t<img src=\"\/\/www.linksalpha.com\/images\/social_share_button.png\" alt=\"Share\" class=\"linksalpha_image\" \/>\n\t\t\t\t\t<\/a><script type=\"text\/javascript\" src=\"\/\/www.linksalpha.com\/scripts\/loader_iconbox.js?v=2.4\"><\/script><\/span><\/div>","protected":false},"excerpt":{"rendered":"\n\t\t\t\t<div class=\"mr_social_sharing_wrapper\">\n\t\t\t\t<!-- Social Sharing Toolkit v2.2 --><span class=\"mr_social_sharing_top\"><span style=\"display: inline-block; width: 55px; height: 62px; overflow: hidden;\"><div class=\"fb-like\" data-href=\"http:\/\/www.blogdopilako.com.br\/wp\/2024\/03\/26\/cadeira-do-dragao-por-historia_em_retalhos\/\" data-send=\"false\" data-layout=\"box_count\" data-width=\"55\" data-show-faces=\"false\"><\/div><\/span><\/span><span class=\"mr_social_sharing_top\"><fb:share-button type=\"box_count\" href=\"http:\/\/www.blogdopilako.com.br\/wp\/2024\/03\/26\/cadeira-do-dragao-por-historia_em_retalhos\/\"><\/fb:share-button><\/span><span class=\"mr_social_sharing\"><a rel=\"nofollow\" class=\"linksalpha_button linksalpha_link\" href=\"\/\/www.linksalpha.com\/social\/mobile\" data-url=\"http:\/\/www.blogdopilako.com.br\/wp\/2024\/03\/26\/cadeira-do-dragao-por-historia_em_retalhos\/\" data-text=\"\u201cCadeira do Drag\u00e3o\u201d \u2013 por @historia_em_retalhos.\" data-desc=\"Um dos instrumentos de tortura mais terr\u00edveis utilizados no ciclo da ditadura militar brasileira era a famigerada \"cadeira do drag\u00e3o\". Muito utilizada pelo DOPS e pelo DOI-CODI, a estrutura do assento era feita de madeira e coberta com uma folha de zinco, ligada a um regulador de voltagem, que a\" data-image=\"\" data-button=\"none\">\n\t\t\t\t\t<img src=\"\/\/www.linksalpha.com\/images\/social_share_button.png\" alt=\"Share\" class=\"linksalpha_image\" \/>\n\t\t\t\t\t<\/a><script type=\"text\/javascript\" src=\"\/\/www.linksalpha.com\/scripts\/loader_iconbox.js?v=2.4\"><\/script><\/span><\/div><p>Um dos instrumentos de tortura mais terr\u00edveis utilizados no ciclo da ditadura militar brasileira era a famigerada &#8220;cadeira do drag\u00e3o&#8221;. Muito utilizada pelo DOPS e pelo DOI-CODI, a estrutura do assento era feita de madeira e coberta com uma folha &hellip; <a href=\"http:\/\/www.blogdopilako.com.br\/wp\/2024\/03\/26\/cadeira-do-dragao-por-historia_em_retalhos\/\">Continue lendo <span class=\"meta-nav\">&rarr;<\/span><\/a><\/p>\n\n\t\t\t\t<div class=\"mr_social_sharing_wrapper\">\n\t\t\t\t<!-- Social Sharing Toolkit v2.2 --><span class=\"mr_social_sharing_top\"><span style=\"display: inline-block; width: 55px; height: 62px; overflow: hidden;\"><div class=\"fb-like\" data-href=\"http:\/\/www.blogdopilako.com.br\/wp\/2024\/03\/26\/cadeira-do-dragao-por-historia_em_retalhos\/\" data-send=\"false\" data-layout=\"box_count\" data-width=\"55\" data-show-faces=\"false\"><\/div><\/span><\/span><span class=\"mr_social_sharing_top\"><fb:share-button type=\"box_count\" href=\"http:\/\/www.blogdopilako.com.br\/wp\/2024\/03\/26\/cadeira-do-dragao-por-historia_em_retalhos\/\"><\/fb:share-button><\/span><span class=\"mr_social_sharing\"><a rel=\"nofollow\" class=\"linksalpha_button linksalpha_link\" href=\"\/\/www.linksalpha.com\/social\/mobile\" data-url=\"http:\/\/www.blogdopilako.com.br\/wp\/2024\/03\/26\/cadeira-do-dragao-por-historia_em_retalhos\/\" data-text=\"\u201cCadeira do Drag\u00e3o\u201d \u2013 por @historia_em_retalhos.\" data-desc=\"Um dos instrumentos de tortura mais terr\u00edveis utilizados no ciclo da ditadura militar brasileira era a famigerada \"cadeira do drag\u00e3o\". Muito utilizada pelo DOPS e pelo DOI-CODI, a estrutura do assento era feita de madeira e coberta com uma folha de zinco, ligada a um regulador de voltagem, que a\" data-image=\"\" data-button=\"none\">\n\t\t\t\t\t<img src=\"\/\/www.linksalpha.com\/images\/social_share_button.png\" alt=\"Share\" class=\"linksalpha_image\" \/>\n\t\t\t\t\t<\/a><script type=\"text\/javascript\" src=\"\/\/www.linksalpha.com\/scripts\/loader_iconbox.js?v=2.4\"><\/script><\/span><\/div>","protected":false},"author":2,"featured_media":0,"comment_status":"open","ping_status":"open","sticky":false,"template":"","format":"standard","meta":[],"categories":[21],"tags":[],"_links":{"self":[{"href":"http:\/\/www.blogdopilako.com.br\/wp\/wp-json\/wp\/v2\/posts\/143988"}],"collection":[{"href":"http:\/\/www.blogdopilako.com.br\/wp\/wp-json\/wp\/v2\/posts"}],"about":[{"href":"http:\/\/www.blogdopilako.com.br\/wp\/wp-json\/wp\/v2\/types\/post"}],"author":[{"embeddable":true,"href":"http:\/\/www.blogdopilako.com.br\/wp\/wp-json\/wp\/v2\/users\/2"}],"replies":[{"embeddable":true,"href":"http:\/\/www.blogdopilako.com.br\/wp\/wp-json\/wp\/v2\/comments?post=143988"}],"version-history":[{"count":1,"href":"http:\/\/www.blogdopilako.com.br\/wp\/wp-json\/wp\/v2\/posts\/143988\/revisions"}],"predecessor-version":[{"id":143991,"href":"http:\/\/www.blogdopilako.com.br\/wp\/wp-json\/wp\/v2\/posts\/143988\/revisions\/143991"}],"wp:attachment":[{"href":"http:\/\/www.blogdopilako.com.br\/wp\/wp-json\/wp\/v2\/media?parent=143988"}],"wp:term":[{"taxonomy":"category","embeddable":true,"href":"http:\/\/www.blogdopilako.com.br\/wp\/wp-json\/wp\/v2\/categories?post=143988"},{"taxonomy":"post_tag","embeddable":true,"href":"http:\/\/www.blogdopilako.com.br\/wp\/wp-json\/wp\/v2\/tags?post=143988"}],"curies":[{"name":"wp","href":"https:\/\/api.w.org\/{rel}","templated":true}]}}