{"id":143921,"date":"2024-03-18T15:00:52","date_gmt":"2024-03-18T18:00:52","guid":{"rendered":"https:\/\/www.blogdopilako.com.br\/wp\/?p=143921"},"modified":"2024-03-18T15:00:52","modified_gmt":"2024-03-18T18:00:52","slug":"missao-cultural-forte-do-buraco","status":"publish","type":"post","link":"http:\/\/www.blogdopilako.com.br\/wp\/2024\/03\/18\/missao-cultural-forte-do-buraco\/","title":{"rendered":"Miss\u00e3o Cultural &#8211; Forte do Buraco."},"content":{"rendered":"\n\t\t\t\t<div class=\"mr_social_sharing_wrapper\">\n\t\t\t\t<!-- Social Sharing Toolkit v2.2 --><span class=\"mr_social_sharing_top\"><span style=\"display: inline-block; width: 55px; height: 62px; overflow: hidden;\"><div class=\"fb-like\" data-href=\"http:\/\/www.blogdopilako.com.br\/wp\/2024\/03\/18\/missao-cultural-forte-do-buraco\/\" data-send=\"false\" data-layout=\"box_count\" data-width=\"55\" data-show-faces=\"false\"><\/div><\/span><\/span><span class=\"mr_social_sharing_top\"><fb:share-button type=\"box_count\" href=\"http:\/\/www.blogdopilako.com.br\/wp\/2024\/03\/18\/missao-cultural-forte-do-buraco\/\"><\/fb:share-button><\/span><span class=\"mr_social_sharing\"><a rel=\"nofollow\" class=\"linksalpha_button linksalpha_link\" href=\"\/\/www.linksalpha.com\/social\/mobile\" data-url=\"http:\/\/www.blogdopilako.com.br\/wp\/2024\/03\/18\/missao-cultural-forte-do-buraco\/\" data-text=\"Miss\u00e3o Cultural \u2013 Forte do Buraco.\" data-desc=\"Dentro do programa \"Miss\u00e3o Cultural\", na manh\u00e3 do s\u00e1bado (16), a \"Corriola da Matriz\" seguiu para conhecer as ruinas do Forte do Buraco. Patrim\u00f4nio hist\u00f3rico pouco conhecido dos pr\u00f3prios pernambucano, o mesmo fica localizado no istmo entre Olinda e Recife.\" data-image=\"http:\/\/www.blogdopilako.com.br\/wp\/wp-content\/uploads\/2024\/03\/a86f51b9-f419-4fe6-859f-588855ecf1be.jpg\" data-button=\"none\">\n\t\t\t\t\t<img src=\"\/\/www.linksalpha.com\/images\/social_share_button.png\" alt=\"Share\" class=\"linksalpha_image\" \/>\n\t\t\t\t\t<\/a><script type=\"text\/javascript\" src=\"\/\/www.linksalpha.com\/scripts\/loader_iconbox.js?v=2.4\"><\/script><\/span><\/div><p><img loading=\"lazy\" class=\"aligncenter wp-image-143922 size-full\" src=\"http:\/\/www.blogdopilako.com.br\/wp\/wp-content\/uploads\/2024\/03\/a86f51b9-f419-4fe6-859f-588855ecf1be.jpg\" alt=\"\" width=\"1160\" height=\"868\" srcset=\"http:\/\/www.blogdopilako.com.br\/wp\/wp-content\/uploads\/2024\/03\/a86f51b9-f419-4fe6-859f-588855ecf1be.jpg 1160w, http:\/\/www.blogdopilako.com.br\/wp\/wp-content\/uploads\/2024\/03\/a86f51b9-f419-4fe6-859f-588855ecf1be-300x224.jpg 300w, http:\/\/www.blogdopilako.com.br\/wp\/wp-content\/uploads\/2024\/03\/a86f51b9-f419-4fe6-859f-588855ecf1be-1024x766.jpg 1024w, http:\/\/www.blogdopilako.com.br\/wp\/wp-content\/uploads\/2024\/03\/a86f51b9-f419-4fe6-859f-588855ecf1be-768x575.jpg 768w, http:\/\/www.blogdopilako.com.br\/wp\/wp-content\/uploads\/2024\/03\/a86f51b9-f419-4fe6-859f-588855ecf1be-401x300.jpg 401w\" sizes=\"(max-width: 1160px) 100vw, 1160px\" \/><\/p>\n<p style=\"text-align: justify;\">Dentro do programa &#8220;Miss\u00e3o Cultural&#8221;, na manh\u00e3 do s\u00e1bado (16), a &#8220;Corriola da Matriz&#8221; seguiu para conhecer as ruinas do Forte do Buraco. Patrim\u00f4nio hist\u00f3rico pouco conhecido dos pr\u00f3prios pernambucano, o mesmo fica localizado no istmo entre Olinda e Recife.<\/p>\n<p><iframe loading=\"lazy\" title=\"Blog do Pilako: MISS\u00c3O CULTURAL - FORTE DO BURACO - S\u00c1BADO, 16 DE MAR\u00c7O DE 2024\" width=\"584\" height=\"329\" src=\"https:\/\/www.youtube.com\/embed\/GLHNYpMcGSo?feature=oembed\" frameborder=\"0\" allow=\"accelerometer; autoplay; clipboard-write; encrypted-media; gyroscope; picture-in-picture; web-share\" allowfullscreen><\/iframe><\/p>\n<p style=\"text-align: justify;\">Sob o comendo do Monsenhor Maur\u00edcio, anfitri\u00e3o da &#8220;expedi\u00e7\u00e3o&#8221;, por assim dizer, seguimos em pequenos barcos por mar aberto e retornamos ao continente pelo famoso canal da mal\u00e1ria. De l\u00e1, at\u00e9 porque ningu\u00e9m \u00e9 de ferro, o grupo seguiu para o acolhedor Mercado da Encruzilhada para almo\u00e7ar e bebericar.<\/p>\n<p><img loading=\"lazy\" class=\"aligncenter wp-image-143923 size-full\" src=\"http:\/\/www.blogdopilako.com.br\/wp\/wp-content\/uploads\/2024\/03\/b066fb23-c4e7-4259-9552-5e64f97dcfe9.jpg\" alt=\"\" width=\"868\" height=\"1160\" srcset=\"http:\/\/www.blogdopilako.com.br\/wp\/wp-content\/uploads\/2024\/03\/b066fb23-c4e7-4259-9552-5e64f97dcfe9.jpg 868w, http:\/\/www.blogdopilako.com.br\/wp\/wp-content\/uploads\/2024\/03\/b066fb23-c4e7-4259-9552-5e64f97dcfe9-224x300.jpg 224w, http:\/\/www.blogdopilako.com.br\/wp\/wp-content\/uploads\/2024\/03\/b066fb23-c4e7-4259-9552-5e64f97dcfe9-766x1024.jpg 766w, http:\/\/www.blogdopilako.com.br\/wp\/wp-content\/uploads\/2024\/03\/b066fb23-c4e7-4259-9552-5e64f97dcfe9-768x1026.jpg 768w\" sizes=\"(max-width: 868px) 100vw, 868px\" \/><\/p>\n<p><img loading=\"lazy\" class=\"alignnone wp-image-143909 size-large\" src=\"http:\/\/www.blogdopilako.com.br\/wp\/wp-content\/uploads\/2024\/03\/Pix-arte-final-2-23-1024x401.png\" alt=\"\" width=\"584\" height=\"229\" srcset=\"http:\/\/www.blogdopilako.com.br\/wp\/wp-content\/uploads\/2024\/03\/Pix-arte-final-2-23-1024x401.png 1024w, http:\/\/www.blogdopilako.com.br\/wp\/wp-content\/uploads\/2024\/03\/Pix-arte-final-2-23-300x117.png 300w, http:\/\/www.blogdopilako.com.br\/wp\/wp-content\/uploads\/2024\/03\/Pix-arte-final-2-23-768x301.png 768w, http:\/\/www.blogdopilako.com.br\/wp\/wp-content\/uploads\/2024\/03\/Pix-arte-final-2-23-1536x601.png 1536w, http:\/\/www.blogdopilako.com.br\/wp\/wp-content\/uploads\/2024\/03\/Pix-arte-final-2-23-2048x802.png 2048w, http:\/\/www.blogdopilako.com.br\/wp\/wp-content\/uploads\/2024\/03\/Pix-arte-final-2-23-500x196.png 500w\" sizes=\"(max-width: 584px) 100vw, 584px\" \/><\/p>\n\n\t\t\t\t<div class=\"mr_social_sharing_wrapper\">\n\t\t\t\t<!-- Social Sharing Toolkit v2.2 --><span class=\"mr_social_sharing_top\"><span style=\"display: inline-block; width: 55px; height: 62px; overflow: hidden;\"><div class=\"fb-like\" data-href=\"http:\/\/www.blogdopilako.com.br\/wp\/2024\/03\/18\/missao-cultural-forte-do-buraco\/\" data-send=\"false\" data-layout=\"box_count\" data-width=\"55\" data-show-faces=\"false\"><\/div><\/span><\/span><span class=\"mr_social_sharing_top\"><fb:share-button type=\"box_count\" href=\"http:\/\/www.blogdopilako.com.br\/wp\/2024\/03\/18\/missao-cultural-forte-do-buraco\/\"><\/fb:share-button><\/span><span class=\"mr_social_sharing\"><a rel=\"nofollow\" class=\"linksalpha_button linksalpha_link\" href=\"\/\/www.linksalpha.com\/social\/mobile\" data-url=\"http:\/\/www.blogdopilako.com.br\/wp\/2024\/03\/18\/missao-cultural-forte-do-buraco\/\" data-text=\"Miss\u00e3o Cultural \u2013 Forte do Buraco.\" data-desc=\"Dentro do programa \"Miss\u00e3o Cultural\", na manh\u00e3 do s\u00e1bado (16), a \"Corriola da Matriz\" seguiu para conhecer as ruinas do Forte do Buraco. Patrim\u00f4nio hist\u00f3rico pouco conhecido dos pr\u00f3prios pernambucano, o mesmo fica localizado no istmo entre Olinda e Recife.\" data-image=\"http:\/\/www.blogdopilako.com.br\/wp\/wp-content\/uploads\/2024\/03\/a86f51b9-f419-4fe6-859f-588855ecf1be.jpg\" data-button=\"none\">\n\t\t\t\t\t<img src=\"\/\/www.linksalpha.com\/images\/social_share_button.png\" alt=\"Share\" class=\"linksalpha_image\" \/>\n\t\t\t\t\t<\/a><script type=\"text\/javascript\" src=\"\/\/www.linksalpha.com\/scripts\/loader_iconbox.js?v=2.4\"><\/script><\/span><\/div>","protected":false},"excerpt":{"rendered":"\n\t\t\t\t<div class=\"mr_social_sharing_wrapper\">\n\t\t\t\t<!-- Social Sharing Toolkit v2.2 --><span class=\"mr_social_sharing_top\"><span style=\"display: inline-block; width: 55px; height: 62px; overflow: hidden;\"><div class=\"fb-like\" data-href=\"http:\/\/www.blogdopilako.com.br\/wp\/2024\/03\/18\/missao-cultural-forte-do-buraco\/\" data-send=\"false\" data-layout=\"box_count\" data-width=\"55\" data-show-faces=\"false\"><\/div><\/span><\/span><span class=\"mr_social_sharing_top\"><fb:share-button type=\"box_count\" href=\"http:\/\/www.blogdopilako.com.br\/wp\/2024\/03\/18\/missao-cultural-forte-do-buraco\/\"><\/fb:share-button><\/span><span class=\"mr_social_sharing\"><a rel=\"nofollow\" class=\"linksalpha_button linksalpha_link\" href=\"\/\/www.linksalpha.com\/social\/mobile\" data-url=\"http:\/\/www.blogdopilako.com.br\/wp\/2024\/03\/18\/missao-cultural-forte-do-buraco\/\" data-text=\"Miss\u00e3o Cultural \u2013 Forte do Buraco.\" data-desc=\"Dentro do programa \"Miss\u00e3o Cultural\", na manh\u00e3 do s\u00e1bado (16), a \"Corriola da Matriz\" seguiu para conhecer as ruinas do Forte do Buraco. Patrim\u00f4nio hist\u00f3rico pouco conhecido dos pr\u00f3prios pernambucano, o mesmo fica localizado no istmo entre Olinda e Recife.\" data-image=\"\" data-button=\"none\">\n\t\t\t\t\t<img src=\"\/\/www.linksalpha.com\/images\/social_share_button.png\" alt=\"Share\" class=\"linksalpha_image\" \/>\n\t\t\t\t\t<\/a><script type=\"text\/javascript\" src=\"\/\/www.linksalpha.com\/scripts\/loader_iconbox.js?v=2.4\"><\/script><\/span><\/div><p>Dentro do programa &#8220;Miss\u00e3o Cultural&#8221;, na manh\u00e3 do s\u00e1bado (16), a &#8220;Corriola da Matriz&#8221; seguiu para conhecer as ruinas do Forte do Buraco. Patrim\u00f4nio hist\u00f3rico pouco conhecido dos pr\u00f3prios pernambucano, o mesmo fica localizado no istmo entre Olinda e Recife. &hellip; <a href=\"http:\/\/www.blogdopilako.com.br\/wp\/2024\/03\/18\/missao-cultural-forte-do-buraco\/\">Continue lendo <span class=\"meta-nav\">&rarr;<\/span><\/a><\/p>\n\n\t\t\t\t<div class=\"mr_social_sharing_wrapper\">\n\t\t\t\t<!-- Social Sharing Toolkit v2.2 --><span class=\"mr_social_sharing_top\"><span style=\"display: inline-block; width: 55px; height: 62px; overflow: hidden;\"><div class=\"fb-like\" data-href=\"http:\/\/www.blogdopilako.com.br\/wp\/2024\/03\/18\/missao-cultural-forte-do-buraco\/\" data-send=\"false\" data-layout=\"box_count\" data-width=\"55\" data-show-faces=\"false\"><\/div><\/span><\/span><span class=\"mr_social_sharing_top\"><fb:share-button type=\"box_count\" href=\"http:\/\/www.blogdopilako.com.br\/wp\/2024\/03\/18\/missao-cultural-forte-do-buraco\/\"><\/fb:share-button><\/span><span class=\"mr_social_sharing\"><a rel=\"nofollow\" class=\"linksalpha_button linksalpha_link\" href=\"\/\/www.linksalpha.com\/social\/mobile\" data-url=\"http:\/\/www.blogdopilako.com.br\/wp\/2024\/03\/18\/missao-cultural-forte-do-buraco\/\" data-text=\"Miss\u00e3o Cultural \u2013 Forte do Buraco.\" data-desc=\"Dentro do programa \"Miss\u00e3o Cultural\", na manh\u00e3 do s\u00e1bado (16), a \"Corriola da Matriz\" seguiu para conhecer as ruinas do Forte do Buraco. Patrim\u00f4nio hist\u00f3rico pouco conhecido dos pr\u00f3prios pernambucano, o mesmo fica localizado no istmo entre Olinda e Recife.\" data-image=\"\" data-button=\"none\">\n\t\t\t\t\t<img src=\"\/\/www.linksalpha.com\/images\/social_share_button.png\" alt=\"Share\" class=\"linksalpha_image\" \/>\n\t\t\t\t\t<\/a><script type=\"text\/javascript\" src=\"\/\/www.linksalpha.com\/scripts\/loader_iconbox.js?v=2.4\"><\/script><\/span><\/div>","protected":false},"author":2,"featured_media":0,"comment_status":"open","ping_status":"open","sticky":false,"template":"","format":"standard","meta":[],"categories":[21],"tags":[],"_links":{"self":[{"href":"http:\/\/www.blogdopilako.com.br\/wp\/wp-json\/wp\/v2\/posts\/143921"}],"collection":[{"href":"http:\/\/www.blogdopilako.com.br\/wp\/wp-json\/wp\/v2\/posts"}],"about":[{"href":"http:\/\/www.blogdopilako.com.br\/wp\/wp-json\/wp\/v2\/types\/post"}],"author":[{"embeddable":true,"href":"http:\/\/www.blogdopilako.com.br\/wp\/wp-json\/wp\/v2\/users\/2"}],"replies":[{"embeddable":true,"href":"http:\/\/www.blogdopilako.com.br\/wp\/wp-json\/wp\/v2\/comments?post=143921"}],"version-history":[{"count":1,"href":"http:\/\/www.blogdopilako.com.br\/wp\/wp-json\/wp\/v2\/posts\/143921\/revisions"}],"predecessor-version":[{"id":143925,"href":"http:\/\/www.blogdopilako.com.br\/wp\/wp-json\/wp\/v2\/posts\/143921\/revisions\/143925"}],"wp:attachment":[{"href":"http:\/\/www.blogdopilako.com.br\/wp\/wp-json\/wp\/v2\/media?parent=143921"}],"wp:term":[{"taxonomy":"category","embeddable":true,"href":"http:\/\/www.blogdopilako.com.br\/wp\/wp-json\/wp\/v2\/categories?post=143921"},{"taxonomy":"post_tag","embeddable":true,"href":"http:\/\/www.blogdopilako.com.br\/wp\/wp-json\/wp\/v2\/tags?post=143921"}],"curies":[{"name":"wp","href":"https:\/\/api.w.org\/{rel}","templated":true}]}}