{"id":143621,"date":"2024-02-19T09:24:23","date_gmt":"2024-02-19T12:24:23","guid":{"rendered":"https:\/\/www.blogdopilako.com.br\/wp\/?p=143621"},"modified":"2024-02-19T09:24:23","modified_gmt":"2024-02-19T12:24:23","slug":"galo-gigante-deste-ano-por-historia_em_retalhos","status":"publish","type":"post","link":"http:\/\/www.blogdopilako.com.br\/wp\/2024\/02\/19\/galo-gigante-deste-ano-por-historia_em_retalhos\/","title":{"rendered":"Galo gigante deste ano &#8211; por @historia_em_retalhos."},"content":{"rendered":"\n\t\t\t\t<div class=\"mr_social_sharing_wrapper\">\n\t\t\t\t<!-- Social Sharing Toolkit v2.2 --><span class=\"mr_social_sharing_top\"><span style=\"display: inline-block; width: 55px; height: 62px; overflow: hidden;\"><div class=\"fb-like\" data-href=\"http:\/\/www.blogdopilako.com.br\/wp\/2024\/02\/19\/galo-gigante-deste-ano-por-historia_em_retalhos\/\" data-send=\"false\" data-layout=\"box_count\" data-width=\"55\" data-show-faces=\"false\"><\/div><\/span><\/span><span class=\"mr_social_sharing_top\"><fb:share-button type=\"box_count\" href=\"http:\/\/www.blogdopilako.com.br\/wp\/2024\/02\/19\/galo-gigante-deste-ano-por-historia_em_retalhos\/\"><\/fb:share-button><\/span><span class=\"mr_social_sharing\"><a rel=\"nofollow\" class=\"linksalpha_button linksalpha_link\" href=\"\/\/www.linksalpha.com\/social\/mobile\" data-url=\"http:\/\/www.blogdopilako.com.br\/wp\/2024\/02\/19\/galo-gigante-deste-ano-por-historia_em_retalhos\/\" data-text=\"Galo gigante deste ano \u2013 por @historia_em_retalhos.\" data-desc=\"Um aspecto muito interessante do Galo gigante deste ano: em seu majestoso rabo, foi colocada a palavra \"paz\" em 16 idiomas! O detalhe, por\u00e9m, que poucos perceberam foi que a express\u00e3o shalon (paz no idioma judeu) e \u0633\u0644\u0627\u0645 (em \u00e1rabe) foram colocadas lado a lado! Que linda forma de transformar o\" data-image=\"http:\/\/www.blogdopilako.com.br\/wp\/wp-content\/uploads\/2024\/02\/d87356ad-e4cc-47ac-a827-8ff39b57bebb.jpg\" data-button=\"none\">\n\t\t\t\t\t<img src=\"\/\/www.linksalpha.com\/images\/social_share_button.png\" alt=\"Share\" class=\"linksalpha_image\" \/>\n\t\t\t\t\t<\/a><script type=\"text\/javascript\" src=\"\/\/www.linksalpha.com\/scripts\/loader_iconbox.js?v=2.4\"><\/script><\/span><\/div><p><img loading=\"lazy\" class=\"aligncenter wp-image-143622 size-full\" src=\"http:\/\/www.blogdopilako.com.br\/wp\/wp-content\/uploads\/2024\/02\/d87356ad-e4cc-47ac-a827-8ff39b57bebb.jpg\" alt=\"\" width=\"640\" height=\"622\" srcset=\"http:\/\/www.blogdopilako.com.br\/wp\/wp-content\/uploads\/2024\/02\/d87356ad-e4cc-47ac-a827-8ff39b57bebb.jpg 640w, http:\/\/www.blogdopilako.com.br\/wp\/wp-content\/uploads\/2024\/02\/d87356ad-e4cc-47ac-a827-8ff39b57bebb-300x292.jpg 300w, http:\/\/www.blogdopilako.com.br\/wp\/wp-content\/uploads\/2024\/02\/d87356ad-e4cc-47ac-a827-8ff39b57bebb-309x300.jpg 309w\" sizes=\"(max-width: 640px) 100vw, 640px\" \/><\/p>\n<p style=\"text-align: justify;\">Um aspecto muito interessante do Galo gigante deste ano: em seu majestoso rabo, foi colocada a palavra &#8220;paz&#8221; em 16 idiomas!<\/p>\n<p style=\"text-align: justify;\">O detalhe, por\u00e9m, que poucos perceberam foi que a express\u00e3o shalon (paz no idioma judeu) e \u0633\u0644\u0627\u0645 (em \u00e1rabe) foram colocadas lado a lado!<\/p>\n<p style=\"text-align: justify;\">Que linda forma de transformar o s\u00edmbolo maior do nosso carnaval em um mensageiro da esperan\u00e7a de paz para o nosso tempo!<\/p>\n<p style=\"text-align: justify;\">Carnaval tamb\u00e9m \u00e9 uma manifesta\u00e7\u00e3o pol\u00edtica!<\/p>\n<p style=\"text-align: justify;\">Parabenizo a todos os artistas envolvidos, na pessoa do seu idealizador, o artista pl\u00e1stico @leopoldonobrega!<br \/>\n.<br \/>\n<strong>Siga: @historia_em_retalhos<\/strong><\/p>\n<p><a href=\"https:\/\/www.instagram.com\/p\/C3SOpA1uRu9\/?igsh=NHNhMGY4MG9iYXA3&amp;img_index=1\">https:\/\/www.instagram.com\/p\/C3SOpA1uRu9\/?igsh=NHNhMGY4MG9iYXA3&amp;img_index=1<\/a><\/p>\n<p><img loading=\"lazy\" class=\"aligncenter wp-image-143618 size-large\" src=\"http:\/\/www.blogdopilako.com.br\/wp\/wp-content\/uploads\/2024\/02\/Pix-arte-final-2-28-1024x401.png\" alt=\"\" width=\"584\" height=\"229\" srcset=\"http:\/\/www.blogdopilako.com.br\/wp\/wp-content\/uploads\/2024\/02\/Pix-arte-final-2-28-1024x401.png 1024w, http:\/\/www.blogdopilako.com.br\/wp\/wp-content\/uploads\/2024\/02\/Pix-arte-final-2-28-300x117.png 300w, http:\/\/www.blogdopilako.com.br\/wp\/wp-content\/uploads\/2024\/02\/Pix-arte-final-2-28-768x301.png 768w, http:\/\/www.blogdopilako.com.br\/wp\/wp-content\/uploads\/2024\/02\/Pix-arte-final-2-28-1536x601.png 1536w, http:\/\/www.blogdopilako.com.br\/wp\/wp-content\/uploads\/2024\/02\/Pix-arte-final-2-28-2048x802.png 2048w, http:\/\/www.blogdopilako.com.br\/wp\/wp-content\/uploads\/2024\/02\/Pix-arte-final-2-28-500x196.png 500w\" sizes=\"(max-width: 584px) 100vw, 584px\" \/><\/p>\n\n\t\t\t\t<div class=\"mr_social_sharing_wrapper\">\n\t\t\t\t<!-- Social Sharing Toolkit v2.2 --><span class=\"mr_social_sharing_top\"><span style=\"display: inline-block; width: 55px; height: 62px; overflow: hidden;\"><div class=\"fb-like\" data-href=\"http:\/\/www.blogdopilako.com.br\/wp\/2024\/02\/19\/galo-gigante-deste-ano-por-historia_em_retalhos\/\" data-send=\"false\" data-layout=\"box_count\" data-width=\"55\" data-show-faces=\"false\"><\/div><\/span><\/span><span class=\"mr_social_sharing_top\"><fb:share-button type=\"box_count\" href=\"http:\/\/www.blogdopilako.com.br\/wp\/2024\/02\/19\/galo-gigante-deste-ano-por-historia_em_retalhos\/\"><\/fb:share-button><\/span><span class=\"mr_social_sharing\"><a rel=\"nofollow\" class=\"linksalpha_button linksalpha_link\" href=\"\/\/www.linksalpha.com\/social\/mobile\" data-url=\"http:\/\/www.blogdopilako.com.br\/wp\/2024\/02\/19\/galo-gigante-deste-ano-por-historia_em_retalhos\/\" data-text=\"Galo gigante deste ano \u2013 por @historia_em_retalhos.\" data-desc=\"Um aspecto muito interessante do Galo gigante deste ano: em seu majestoso rabo, foi colocada a palavra \"paz\" em 16 idiomas! O detalhe, por\u00e9m, que poucos perceberam foi que a express\u00e3o shalon (paz no idioma judeu) e \u0633\u0644\u0627\u0645 (em \u00e1rabe) foram colocadas lado a lado! Que linda forma de transformar o\" data-image=\"http:\/\/www.blogdopilako.com.br\/wp\/wp-content\/uploads\/2024\/02\/d87356ad-e4cc-47ac-a827-8ff39b57bebb.jpg\" data-button=\"none\">\n\t\t\t\t\t<img src=\"\/\/www.linksalpha.com\/images\/social_share_button.png\" alt=\"Share\" class=\"linksalpha_image\" \/>\n\t\t\t\t\t<\/a><script type=\"text\/javascript\" src=\"\/\/www.linksalpha.com\/scripts\/loader_iconbox.js?v=2.4\"><\/script><\/span><\/div>","protected":false},"excerpt":{"rendered":"\n\t\t\t\t<div class=\"mr_social_sharing_wrapper\">\n\t\t\t\t<!-- Social Sharing Toolkit v2.2 --><span class=\"mr_social_sharing_top\"><span style=\"display: inline-block; width: 55px; height: 62px; overflow: hidden;\"><div class=\"fb-like\" data-href=\"http:\/\/www.blogdopilako.com.br\/wp\/2024\/02\/19\/galo-gigante-deste-ano-por-historia_em_retalhos\/\" data-send=\"false\" data-layout=\"box_count\" data-width=\"55\" data-show-faces=\"false\"><\/div><\/span><\/span><span class=\"mr_social_sharing_top\"><fb:share-button type=\"box_count\" href=\"http:\/\/www.blogdopilako.com.br\/wp\/2024\/02\/19\/galo-gigante-deste-ano-por-historia_em_retalhos\/\"><\/fb:share-button><\/span><span class=\"mr_social_sharing\"><a rel=\"nofollow\" class=\"linksalpha_button linksalpha_link\" href=\"\/\/www.linksalpha.com\/social\/mobile\" data-url=\"http:\/\/www.blogdopilako.com.br\/wp\/2024\/02\/19\/galo-gigante-deste-ano-por-historia_em_retalhos\/\" data-text=\"Galo gigante deste ano \u2013 por @historia_em_retalhos.\" data-desc=\"Um aspecto muito interessante do Galo gigante deste ano: em seu majestoso rabo, foi colocada a palavra \"paz\" em 16 idiomas! O detalhe, por\u00e9m, que poucos perceberam foi que a express\u00e3o shalon (paz no idioma judeu) e \u0633\u0644\u0627\u0645 (em \u00e1rabe) foram colocadas lado a lado! Que linda forma de transformar o\" data-image=\"\" data-button=\"none\">\n\t\t\t\t\t<img src=\"\/\/www.linksalpha.com\/images\/social_share_button.png\" alt=\"Share\" class=\"linksalpha_image\" \/>\n\t\t\t\t\t<\/a><script type=\"text\/javascript\" src=\"\/\/www.linksalpha.com\/scripts\/loader_iconbox.js?v=2.4\"><\/script><\/span><\/div><p>Um aspecto muito interessante do Galo gigante deste ano: em seu majestoso rabo, foi colocada a palavra &#8220;paz&#8221; em 16 idiomas! O detalhe, por\u00e9m, que poucos perceberam foi que a express\u00e3o shalon (paz no idioma judeu) e \u0633\u0644\u0627\u0645 (em \u00e1rabe) &hellip; <a href=\"http:\/\/www.blogdopilako.com.br\/wp\/2024\/02\/19\/galo-gigante-deste-ano-por-historia_em_retalhos\/\">Continue lendo <span class=\"meta-nav\">&rarr;<\/span><\/a><\/p>\n\n\t\t\t\t<div class=\"mr_social_sharing_wrapper\">\n\t\t\t\t<!-- Social Sharing Toolkit v2.2 --><span class=\"mr_social_sharing_top\"><span style=\"display: inline-block; width: 55px; height: 62px; overflow: hidden;\"><div class=\"fb-like\" data-href=\"http:\/\/www.blogdopilako.com.br\/wp\/2024\/02\/19\/galo-gigante-deste-ano-por-historia_em_retalhos\/\" data-send=\"false\" data-layout=\"box_count\" data-width=\"55\" data-show-faces=\"false\"><\/div><\/span><\/span><span class=\"mr_social_sharing_top\"><fb:share-button type=\"box_count\" href=\"http:\/\/www.blogdopilako.com.br\/wp\/2024\/02\/19\/galo-gigante-deste-ano-por-historia_em_retalhos\/\"><\/fb:share-button><\/span><span class=\"mr_social_sharing\"><a rel=\"nofollow\" class=\"linksalpha_button linksalpha_link\" href=\"\/\/www.linksalpha.com\/social\/mobile\" data-url=\"http:\/\/www.blogdopilako.com.br\/wp\/2024\/02\/19\/galo-gigante-deste-ano-por-historia_em_retalhos\/\" data-text=\"Galo gigante deste ano \u2013 por @historia_em_retalhos.\" data-desc=\"Um aspecto muito interessante do Galo gigante deste ano: em seu majestoso rabo, foi colocada a palavra \"paz\" em 16 idiomas! O detalhe, por\u00e9m, que poucos perceberam foi que a express\u00e3o shalon (paz no idioma judeu) e \u0633\u0644\u0627\u0645 (em \u00e1rabe) foram colocadas lado a lado! Que linda forma de transformar o\" data-image=\"\" data-button=\"none\">\n\t\t\t\t\t<img src=\"\/\/www.linksalpha.com\/images\/social_share_button.png\" alt=\"Share\" class=\"linksalpha_image\" \/>\n\t\t\t\t\t<\/a><script type=\"text\/javascript\" src=\"\/\/www.linksalpha.com\/scripts\/loader_iconbox.js?v=2.4\"><\/script><\/span><\/div>","protected":false},"author":2,"featured_media":0,"comment_status":"open","ping_status":"open","sticky":false,"template":"","format":"standard","meta":[],"categories":[21],"tags":[],"_links":{"self":[{"href":"http:\/\/www.blogdopilako.com.br\/wp\/wp-json\/wp\/v2\/posts\/143621"}],"collection":[{"href":"http:\/\/www.blogdopilako.com.br\/wp\/wp-json\/wp\/v2\/posts"}],"about":[{"href":"http:\/\/www.blogdopilako.com.br\/wp\/wp-json\/wp\/v2\/types\/post"}],"author":[{"embeddable":true,"href":"http:\/\/www.blogdopilako.com.br\/wp\/wp-json\/wp\/v2\/users\/2"}],"replies":[{"embeddable":true,"href":"http:\/\/www.blogdopilako.com.br\/wp\/wp-json\/wp\/v2\/comments?post=143621"}],"version-history":[{"count":1,"href":"http:\/\/www.blogdopilako.com.br\/wp\/wp-json\/wp\/v2\/posts\/143621\/revisions"}],"predecessor-version":[{"id":143624,"href":"http:\/\/www.blogdopilako.com.br\/wp\/wp-json\/wp\/v2\/posts\/143621\/revisions\/143624"}],"wp:attachment":[{"href":"http:\/\/www.blogdopilako.com.br\/wp\/wp-json\/wp\/v2\/media?parent=143621"}],"wp:term":[{"taxonomy":"category","embeddable":true,"href":"http:\/\/www.blogdopilako.com.br\/wp\/wp-json\/wp\/v2\/categories?post=143621"},{"taxonomy":"post_tag","embeddable":true,"href":"http:\/\/www.blogdopilako.com.br\/wp\/wp-json\/wp\/v2\/tags?post=143621"}],"curies":[{"name":"wp","href":"https:\/\/api.w.org\/{rel}","templated":true}]}}