{"id":143576,"date":"2024-02-16T16:47:41","date_gmt":"2024-02-16T19:47:41","guid":{"rendered":"https:\/\/www.blogdopilako.com.br\/wp\/?p=143576"},"modified":"2024-02-16T16:47:41","modified_gmt":"2024-02-16T19:47:41","slug":"clube-dos-motoristas-desfilou-com-alegoria-e-orquestra-de-frevo","status":"publish","type":"post","link":"http:\/\/www.blogdopilako.com.br\/wp\/2024\/02\/16\/clube-dos-motoristas-desfilou-com-alegoria-e-orquestra-de-frevo\/","title":{"rendered":"Clube dos Motoristas desfilou com alegoria e orquestra de frevo&#8230;"},"content":{"rendered":"\n\t\t\t\t<div class=\"mr_social_sharing_wrapper\">\n\t\t\t\t<!-- Social Sharing Toolkit v2.2 --><span class=\"mr_social_sharing_top\"><span style=\"display: inline-block; width: 55px; height: 62px; overflow: hidden;\"><div class=\"fb-like\" data-href=\"http:\/\/www.blogdopilako.com.br\/wp\/2024\/02\/16\/clube-dos-motoristas-desfilou-com-alegoria-e-orquestra-de-frevo\/\" data-send=\"false\" data-layout=\"box_count\" data-width=\"55\" data-show-faces=\"false\"><\/div><\/span><\/span><span class=\"mr_social_sharing_top\"><fb:share-button type=\"box_count\" href=\"http:\/\/www.blogdopilako.com.br\/wp\/2024\/02\/16\/clube-dos-motoristas-desfilou-com-alegoria-e-orquestra-de-frevo\/\"><\/fb:share-button><\/span><span class=\"mr_social_sharing\"><a rel=\"nofollow\" class=\"linksalpha_button linksalpha_link\" href=\"\/\/www.linksalpha.com\/social\/mobile\" data-url=\"http:\/\/www.blogdopilako.com.br\/wp\/2024\/02\/16\/clube-dos-motoristas-desfilou-com-alegoria-e-orquestra-de-frevo\/\" data-text=\"Clube dos Motoristas desfilou com alegoria e orquestra de frevo\u2026\" data-desc=\"Registramos a passagem pelo P\u00e1tio da Matriz, na noite do domingo (12), do Clube dos Motoristas O Cisne. Agremia\u00e7\u00e3o tradicional da nossa cidade, com sede no bairro Caj\u00e1, \u201cO Cisne\u201d desfilou com carro aleg\u00f3rico e orquestra de frevo. Veja o v\u00eddeo dos animados foli\u00f5es frevando:\" data-image=\"http:\/\/www.blogdopilako.com.br\/wp\/wp-content\/uploads\/2024\/02\/9ec4a3f1-7a74-477d-aa30-b51e480588d2.jpg\" data-button=\"none\">\n\t\t\t\t\t<img src=\"\/\/www.linksalpha.com\/images\/social_share_button.png\" alt=\"Share\" class=\"linksalpha_image\" \/>\n\t\t\t\t\t<\/a><script type=\"text\/javascript\" src=\"\/\/www.linksalpha.com\/scripts\/loader_iconbox.js?v=2.4\"><\/script><\/span><\/div><p><img loading=\"lazy\" class=\"alignnone wp-image-143577 size-full\" src=\"http:\/\/www.blogdopilako.com.br\/wp\/wp-content\/uploads\/2024\/02\/9ec4a3f1-7a74-477d-aa30-b51e480588d2.jpg\" alt=\"\" width=\"1280\" height=\"960\" srcset=\"http:\/\/www.blogdopilako.com.br\/wp\/wp-content\/uploads\/2024\/02\/9ec4a3f1-7a74-477d-aa30-b51e480588d2.jpg 1280w, http:\/\/www.blogdopilako.com.br\/wp\/wp-content\/uploads\/2024\/02\/9ec4a3f1-7a74-477d-aa30-b51e480588d2-300x225.jpg 300w, http:\/\/www.blogdopilako.com.br\/wp\/wp-content\/uploads\/2024\/02\/9ec4a3f1-7a74-477d-aa30-b51e480588d2-1024x768.jpg 1024w, http:\/\/www.blogdopilako.com.br\/wp\/wp-content\/uploads\/2024\/02\/9ec4a3f1-7a74-477d-aa30-b51e480588d2-768x576.jpg 768w, http:\/\/www.blogdopilako.com.br\/wp\/wp-content\/uploads\/2024\/02\/9ec4a3f1-7a74-477d-aa30-b51e480588d2-400x300.jpg 400w\" sizes=\"(max-width: 1280px) 100vw, 1280px\" \/><\/p>\n<p style=\"text-align: justify;\">Registramos a passagem pelo P\u00e1tio da Matriz, na noite do domingo (12), do Clube dos Motoristas O Cisne. Agremia\u00e7\u00e3o tradicional da nossa cidade, com sede no bairro Caj\u00e1, \u201cO Cisne\u201d desfilou com carro aleg\u00f3rico e orquestra de frevo. Veja o v\u00eddeo dos animados foli\u00f5es frevando:<\/p>\n<p><iframe loading=\"lazy\" title=\"Blog do Pilako: CLUBE DOS MOTORISTAS O CISNE - DOMINGO, 12\/02\/2024\" width=\"584\" height=\"329\" src=\"https:\/\/www.youtube.com\/embed\/mZ3idBi7Gtw?feature=oembed\" frameborder=\"0\" allow=\"accelerometer; autoplay; clipboard-write; encrypted-media; gyroscope; picture-in-picture; web-share\" allowfullscreen><\/iframe><\/p>\n<p><img loading=\"lazy\" class=\"aligncenter wp-image-143567 size-large\" src=\"http:\/\/www.blogdopilako.com.br\/wp\/wp-content\/uploads\/2024\/02\/Pix-arte-final-2-21-1024x401.png\" alt=\"\" width=\"584\" height=\"229\" srcset=\"http:\/\/www.blogdopilako.com.br\/wp\/wp-content\/uploads\/2024\/02\/Pix-arte-final-2-21-1024x401.png 1024w, http:\/\/www.blogdopilako.com.br\/wp\/wp-content\/uploads\/2024\/02\/Pix-arte-final-2-21-300x117.png 300w, http:\/\/www.blogdopilako.com.br\/wp\/wp-content\/uploads\/2024\/02\/Pix-arte-final-2-21-768x301.png 768w, http:\/\/www.blogdopilako.com.br\/wp\/wp-content\/uploads\/2024\/02\/Pix-arte-final-2-21-1536x601.png 1536w, http:\/\/www.blogdopilako.com.br\/wp\/wp-content\/uploads\/2024\/02\/Pix-arte-final-2-21-2048x802.png 2048w, http:\/\/www.blogdopilako.com.br\/wp\/wp-content\/uploads\/2024\/02\/Pix-arte-final-2-21-500x196.png 500w\" sizes=\"(max-width: 584px) 100vw, 584px\" \/><\/p>\n\n\t\t\t\t<div class=\"mr_social_sharing_wrapper\">\n\t\t\t\t<!-- Social Sharing Toolkit v2.2 --><span class=\"mr_social_sharing_top\"><span style=\"display: inline-block; width: 55px; height: 62px; overflow: hidden;\"><div class=\"fb-like\" data-href=\"http:\/\/www.blogdopilako.com.br\/wp\/2024\/02\/16\/clube-dos-motoristas-desfilou-com-alegoria-e-orquestra-de-frevo\/\" data-send=\"false\" data-layout=\"box_count\" data-width=\"55\" data-show-faces=\"false\"><\/div><\/span><\/span><span class=\"mr_social_sharing_top\"><fb:share-button type=\"box_count\" href=\"http:\/\/www.blogdopilako.com.br\/wp\/2024\/02\/16\/clube-dos-motoristas-desfilou-com-alegoria-e-orquestra-de-frevo\/\"><\/fb:share-button><\/span><span class=\"mr_social_sharing\"><a rel=\"nofollow\" class=\"linksalpha_button linksalpha_link\" href=\"\/\/www.linksalpha.com\/social\/mobile\" data-url=\"http:\/\/www.blogdopilako.com.br\/wp\/2024\/02\/16\/clube-dos-motoristas-desfilou-com-alegoria-e-orquestra-de-frevo\/\" data-text=\"Clube dos Motoristas desfilou com alegoria e orquestra de frevo\u2026\" data-desc=\"Registramos a passagem pelo P\u00e1tio da Matriz, na noite do domingo (12), do Clube dos Motoristas O Cisne. Agremia\u00e7\u00e3o tradicional da nossa cidade, com sede no bairro Caj\u00e1, \u201cO Cisne\u201d desfilou com carro aleg\u00f3rico e orquestra de frevo. Veja o v\u00eddeo dos animados foli\u00f5es frevando:\" data-image=\"http:\/\/www.blogdopilako.com.br\/wp\/wp-content\/uploads\/2024\/02\/9ec4a3f1-7a74-477d-aa30-b51e480588d2.jpg\" data-button=\"none\">\n\t\t\t\t\t<img src=\"\/\/www.linksalpha.com\/images\/social_share_button.png\" alt=\"Share\" class=\"linksalpha_image\" \/>\n\t\t\t\t\t<\/a><script type=\"text\/javascript\" src=\"\/\/www.linksalpha.com\/scripts\/loader_iconbox.js?v=2.4\"><\/script><\/span><\/div>","protected":false},"excerpt":{"rendered":"\n\t\t\t\t<div class=\"mr_social_sharing_wrapper\">\n\t\t\t\t<!-- Social Sharing Toolkit v2.2 --><span class=\"mr_social_sharing_top\"><span style=\"display: inline-block; width: 55px; height: 62px; overflow: hidden;\"><div class=\"fb-like\" data-href=\"http:\/\/www.blogdopilako.com.br\/wp\/2024\/02\/16\/clube-dos-motoristas-desfilou-com-alegoria-e-orquestra-de-frevo\/\" data-send=\"false\" data-layout=\"box_count\" data-width=\"55\" data-show-faces=\"false\"><\/div><\/span><\/span><span class=\"mr_social_sharing_top\"><fb:share-button type=\"box_count\" href=\"http:\/\/www.blogdopilako.com.br\/wp\/2024\/02\/16\/clube-dos-motoristas-desfilou-com-alegoria-e-orquestra-de-frevo\/\"><\/fb:share-button><\/span><span class=\"mr_social_sharing\"><a rel=\"nofollow\" class=\"linksalpha_button linksalpha_link\" href=\"\/\/www.linksalpha.com\/social\/mobile\" data-url=\"http:\/\/www.blogdopilako.com.br\/wp\/2024\/02\/16\/clube-dos-motoristas-desfilou-com-alegoria-e-orquestra-de-frevo\/\" data-text=\"Clube dos Motoristas desfilou com alegoria e orquestra de frevo\u2026\" data-desc=\"Registramos a passagem pelo P\u00e1tio da Matriz, na noite do domingo (12), do Clube dos Motoristas O Cisne. Agremia\u00e7\u00e3o tradicional da nossa cidade, com sede no bairro Caj\u00e1, \u201cO Cisne\u201d desfilou com carro aleg\u00f3rico e orquestra de frevo. Veja o v\u00eddeo dos animados foli\u00f5es frevando:\" data-image=\"\" data-button=\"none\">\n\t\t\t\t\t<img src=\"\/\/www.linksalpha.com\/images\/social_share_button.png\" alt=\"Share\" class=\"linksalpha_image\" \/>\n\t\t\t\t\t<\/a><script type=\"text\/javascript\" src=\"\/\/www.linksalpha.com\/scripts\/loader_iconbox.js?v=2.4\"><\/script><\/span><\/div><p>Registramos a passagem pelo P\u00e1tio da Matriz, na noite do domingo (12), do Clube dos Motoristas O Cisne. Agremia\u00e7\u00e3o tradicional da nossa cidade, com sede no bairro Caj\u00e1, \u201cO Cisne\u201d desfilou com carro aleg\u00f3rico e orquestra de frevo. Veja o &hellip; <a href=\"http:\/\/www.blogdopilako.com.br\/wp\/2024\/02\/16\/clube-dos-motoristas-desfilou-com-alegoria-e-orquestra-de-frevo\/\">Continue lendo <span class=\"meta-nav\">&rarr;<\/span><\/a><\/p>\n\n\t\t\t\t<div class=\"mr_social_sharing_wrapper\">\n\t\t\t\t<!-- Social Sharing Toolkit v2.2 --><span class=\"mr_social_sharing_top\"><span style=\"display: inline-block; width: 55px; height: 62px; overflow: hidden;\"><div class=\"fb-like\" data-href=\"http:\/\/www.blogdopilako.com.br\/wp\/2024\/02\/16\/clube-dos-motoristas-desfilou-com-alegoria-e-orquestra-de-frevo\/\" data-send=\"false\" data-layout=\"box_count\" data-width=\"55\" data-show-faces=\"false\"><\/div><\/span><\/span><span class=\"mr_social_sharing_top\"><fb:share-button type=\"box_count\" href=\"http:\/\/www.blogdopilako.com.br\/wp\/2024\/02\/16\/clube-dos-motoristas-desfilou-com-alegoria-e-orquestra-de-frevo\/\"><\/fb:share-button><\/span><span class=\"mr_social_sharing\"><a rel=\"nofollow\" class=\"linksalpha_button linksalpha_link\" href=\"\/\/www.linksalpha.com\/social\/mobile\" data-url=\"http:\/\/www.blogdopilako.com.br\/wp\/2024\/02\/16\/clube-dos-motoristas-desfilou-com-alegoria-e-orquestra-de-frevo\/\" data-text=\"Clube dos Motoristas desfilou com alegoria e orquestra de frevo\u2026\" data-desc=\"Registramos a passagem pelo P\u00e1tio da Matriz, na noite do domingo (12), do Clube dos Motoristas O Cisne. Agremia\u00e7\u00e3o tradicional da nossa cidade, com sede no bairro Caj\u00e1, \u201cO Cisne\u201d desfilou com carro aleg\u00f3rico e orquestra de frevo. Veja o v\u00eddeo dos animados foli\u00f5es frevando:\" data-image=\"\" data-button=\"none\">\n\t\t\t\t\t<img src=\"\/\/www.linksalpha.com\/images\/social_share_button.png\" alt=\"Share\" class=\"linksalpha_image\" \/>\n\t\t\t\t\t<\/a><script type=\"text\/javascript\" src=\"\/\/www.linksalpha.com\/scripts\/loader_iconbox.js?v=2.4\"><\/script><\/span><\/div>","protected":false},"author":2,"featured_media":0,"comment_status":"open","ping_status":"open","sticky":false,"template":"","format":"standard","meta":[],"categories":[21],"tags":[],"_links":{"self":[{"href":"http:\/\/www.blogdopilako.com.br\/wp\/wp-json\/wp\/v2\/posts\/143576"}],"collection":[{"href":"http:\/\/www.blogdopilako.com.br\/wp\/wp-json\/wp\/v2\/posts"}],"about":[{"href":"http:\/\/www.blogdopilako.com.br\/wp\/wp-json\/wp\/v2\/types\/post"}],"author":[{"embeddable":true,"href":"http:\/\/www.blogdopilako.com.br\/wp\/wp-json\/wp\/v2\/users\/2"}],"replies":[{"embeddable":true,"href":"http:\/\/www.blogdopilako.com.br\/wp\/wp-json\/wp\/v2\/comments?post=143576"}],"version-history":[{"count":1,"href":"http:\/\/www.blogdopilako.com.br\/wp\/wp-json\/wp\/v2\/posts\/143576\/revisions"}],"predecessor-version":[{"id":143579,"href":"http:\/\/www.blogdopilako.com.br\/wp\/wp-json\/wp\/v2\/posts\/143576\/revisions\/143579"}],"wp:attachment":[{"href":"http:\/\/www.blogdopilako.com.br\/wp\/wp-json\/wp\/v2\/media?parent=143576"}],"wp:term":[{"taxonomy":"category","embeddable":true,"href":"http:\/\/www.blogdopilako.com.br\/wp\/wp-json\/wp\/v2\/categories?post=143576"},{"taxonomy":"post_tag","embeddable":true,"href":"http:\/\/www.blogdopilako.com.br\/wp\/wp-json\/wp\/v2\/tags?post=143576"}],"curies":[{"name":"wp","href":"https:\/\/api.w.org\/{rel}","templated":true}]}}