{"id":143545,"date":"2024-02-16T10:48:41","date_gmt":"2024-02-16T13:48:41","guid":{"rendered":"https:\/\/www.blogdopilako.com.br\/wp\/?p=143545"},"modified":"2024-02-16T10:48:41","modified_gmt":"2024-02-16T13:48:41","slug":"troca-os-cardeais-abrilhantou-o-sabado-a-noite","status":"publish","type":"post","link":"http:\/\/www.blogdopilako.com.br\/wp\/2024\/02\/16\/troca-os-cardeais-abrilhantou-o-sabado-a-noite\/","title":{"rendered":"Tro\u00e7a os Cardeais: abrilhantou o s\u00e1bado \u00e0 noite&#8230;."},"content":{"rendered":"\n\t\t\t\t<div class=\"mr_social_sharing_wrapper\">\n\t\t\t\t<!-- Social Sharing Toolkit v2.2 --><span class=\"mr_social_sharing_top\"><span style=\"display: inline-block; width: 55px; height: 62px; overflow: hidden;\"><div class=\"fb-like\" data-href=\"http:\/\/www.blogdopilako.com.br\/wp\/2024\/02\/16\/troca-os-cardeais-abrilhantou-o-sabado-a-noite\/\" data-send=\"false\" data-layout=\"box_count\" data-width=\"55\" data-show-faces=\"false\"><\/div><\/span><\/span><span class=\"mr_social_sharing_top\"><fb:share-button type=\"box_count\" href=\"http:\/\/www.blogdopilako.com.br\/wp\/2024\/02\/16\/troca-os-cardeais-abrilhantou-o-sabado-a-noite\/\"><\/fb:share-button><\/span><span class=\"mr_social_sharing\"><a rel=\"nofollow\" class=\"linksalpha_button linksalpha_link\" href=\"\/\/www.linksalpha.com\/social\/mobile\" data-url=\"http:\/\/www.blogdopilako.com.br\/wp\/2024\/02\/16\/troca-os-cardeais-abrilhantou-o-sabado-a-noite\/\" data-text=\"Tro\u00e7a os Cardeais: abrilhantou o s\u00e1bado \u00e0 noite\u2026.\" data-desc=\"Reunindo elementos da nossa cultura popular, vinculados aos folguedos carnavalescos, a Tro\u00e7a Carnavalesca \u201cOs Cardeais\u201d, na noite do s\u00e1bado (10) realizou uma memor\u00e1vel apresenta\u00e7\u00e3o pelo circuito oficial do carnaval. Animados por orquestra de frevo, \u201cOs Cardeais\u201d arrastou um bom n\u00famero\" data-image=\"http:\/\/www.blogdopilako.com.br\/wp\/wp-content\/uploads\/2024\/02\/20e761b6-7b6d-4d92-89ab-766e557ac529.jpg\" data-button=\"none\">\n\t\t\t\t\t<img src=\"\/\/www.linksalpha.com\/images\/social_share_button.png\" alt=\"Share\" class=\"linksalpha_image\" \/>\n\t\t\t\t\t<\/a><script type=\"text\/javascript\" src=\"\/\/www.linksalpha.com\/scripts\/loader_iconbox.js?v=2.4\"><\/script><\/span><\/div><p><img loading=\"lazy\" class=\"aligncenter wp-image-143546 size-full\" src=\"http:\/\/www.blogdopilako.com.br\/wp\/wp-content\/uploads\/2024\/02\/20e761b6-7b6d-4d92-89ab-766e557ac529.jpg\" alt=\"\" width=\"1280\" height=\"960\" srcset=\"http:\/\/www.blogdopilako.com.br\/wp\/wp-content\/uploads\/2024\/02\/20e761b6-7b6d-4d92-89ab-766e557ac529.jpg 1280w, http:\/\/www.blogdopilako.com.br\/wp\/wp-content\/uploads\/2024\/02\/20e761b6-7b6d-4d92-89ab-766e557ac529-300x225.jpg 300w, http:\/\/www.blogdopilako.com.br\/wp\/wp-content\/uploads\/2024\/02\/20e761b6-7b6d-4d92-89ab-766e557ac529-1024x768.jpg 1024w, http:\/\/www.blogdopilako.com.br\/wp\/wp-content\/uploads\/2024\/02\/20e761b6-7b6d-4d92-89ab-766e557ac529-768x576.jpg 768w, http:\/\/www.blogdopilako.com.br\/wp\/wp-content\/uploads\/2024\/02\/20e761b6-7b6d-4d92-89ab-766e557ac529-400x300.jpg 400w\" sizes=\"(max-width: 1280px) 100vw, 1280px\" \/><\/p>\n<p style=\"text-align: justify;\">Reunindo elementos da nossa cultura popular, vinculados aos folguedos carnavalescos, a Tro\u00e7a Carnavalesca \u201cOs Cardeais\u201d, na noite do s\u00e1bado (10) realizou uma memor\u00e1vel apresenta\u00e7\u00e3o pelo circuito oficial do carnaval.<\/p>\n<p style=\"text-align: justify;\">Animados por orquestra de frevo, \u201cOs Cardeais\u201d arrastou um bom n\u00famero de foli\u00f5es. Partindo do P\u00e1tio da Matriz, a referida agremia\u00e7\u00e3o deu uma grande contribui\u00e7\u00e3o \u00e0 noite do s\u00e1bado, no Carnaval 2024 da nossa cidade. Veja os v\u00eddeos:<\/p>\n<p><iframe loading=\"lazy\" title=\"Blog do Pilako: TRO\u00c7A OS CARDEAIS - CARNAVAL 2024 - S\u00c1BADO, 10\/02\/2024\" width=\"584\" height=\"329\" src=\"https:\/\/www.youtube.com\/embed\/ACZqmtVTMPU?feature=oembed\" frameborder=\"0\" allow=\"accelerometer; autoplay; clipboard-write; encrypted-media; gyroscope; picture-in-picture; web-share\" allowfullscreen><\/iframe><\/p>\n<p><iframe loading=\"lazy\" title=\"Blog do Pilako: TRO\u00c7A OS CARDEIAS - CARNAVAL 2024 - S\u00c1BADO, 10\/02\/2024\" width=\"584\" height=\"329\" src=\"https:\/\/www.youtube.com\/embed\/HRbb39sCjLo?feature=oembed\" frameborder=\"0\" allow=\"accelerometer; autoplay; clipboard-write; encrypted-media; gyroscope; picture-in-picture; web-share\" allowfullscreen><\/iframe><\/p>\n<p><iframe loading=\"lazy\" title=\"Blog do Pilako: TRO\u00c7A OS CARDEAIS  - CARNAVAL 2024 - S\u00c1BADO 10\/02\/2024\" width=\"584\" height=\"329\" src=\"https:\/\/www.youtube.com\/embed\/i9AxzyhPtno?feature=oembed\" frameborder=\"0\" allow=\"accelerometer; autoplay; clipboard-write; encrypted-media; gyroscope; picture-in-picture; web-share\" allowfullscreen><\/iframe><\/p>\n<p><img loading=\"lazy\" class=\"alignnone wp-image-143535 size-large\" src=\"http:\/\/www.blogdopilako.com.br\/wp\/wp-content\/uploads\/2024\/02\/Pix-arte-final-2-18-1024x401.png\" alt=\"\" width=\"584\" height=\"229\" srcset=\"http:\/\/www.blogdopilako.com.br\/wp\/wp-content\/uploads\/2024\/02\/Pix-arte-final-2-18-1024x401.png 1024w, http:\/\/www.blogdopilako.com.br\/wp\/wp-content\/uploads\/2024\/02\/Pix-arte-final-2-18-300x117.png 300w, http:\/\/www.blogdopilako.com.br\/wp\/wp-content\/uploads\/2024\/02\/Pix-arte-final-2-18-768x301.png 768w, http:\/\/www.blogdopilako.com.br\/wp\/wp-content\/uploads\/2024\/02\/Pix-arte-final-2-18-1536x601.png 1536w, http:\/\/www.blogdopilako.com.br\/wp\/wp-content\/uploads\/2024\/02\/Pix-arte-final-2-18-2048x802.png 2048w, http:\/\/www.blogdopilako.com.br\/wp\/wp-content\/uploads\/2024\/02\/Pix-arte-final-2-18-500x196.png 500w\" sizes=\"(max-width: 584px) 100vw, 584px\" \/><\/p>\n<p>&nbsp;<\/p>\n\n\t\t\t\t<div class=\"mr_social_sharing_wrapper\">\n\t\t\t\t<!-- Social Sharing Toolkit v2.2 --><span class=\"mr_social_sharing_top\"><span style=\"display: inline-block; width: 55px; height: 62px; overflow: hidden;\"><div class=\"fb-like\" data-href=\"http:\/\/www.blogdopilako.com.br\/wp\/2024\/02\/16\/troca-os-cardeais-abrilhantou-o-sabado-a-noite\/\" data-send=\"false\" data-layout=\"box_count\" data-width=\"55\" data-show-faces=\"false\"><\/div><\/span><\/span><span class=\"mr_social_sharing_top\"><fb:share-button type=\"box_count\" href=\"http:\/\/www.blogdopilako.com.br\/wp\/2024\/02\/16\/troca-os-cardeais-abrilhantou-o-sabado-a-noite\/\"><\/fb:share-button><\/span><span class=\"mr_social_sharing\"><a rel=\"nofollow\" class=\"linksalpha_button linksalpha_link\" href=\"\/\/www.linksalpha.com\/social\/mobile\" data-url=\"http:\/\/www.blogdopilako.com.br\/wp\/2024\/02\/16\/troca-os-cardeais-abrilhantou-o-sabado-a-noite\/\" data-text=\"Tro\u00e7a os Cardeais: abrilhantou o s\u00e1bado \u00e0 noite\u2026.\" data-desc=\"Reunindo elementos da nossa cultura popular, vinculados aos folguedos carnavalescos, a Tro\u00e7a Carnavalesca \u201cOs Cardeais\u201d, na noite do s\u00e1bado (10) realizou uma memor\u00e1vel apresenta\u00e7\u00e3o pelo circuito oficial do carnaval. Animados por orquestra de frevo, \u201cOs Cardeais\u201d arrastou um bom n\u00famero\" data-image=\"http:\/\/www.blogdopilako.com.br\/wp\/wp-content\/uploads\/2024\/02\/20e761b6-7b6d-4d92-89ab-766e557ac529.jpg\" data-button=\"none\">\n\t\t\t\t\t<img src=\"\/\/www.linksalpha.com\/images\/social_share_button.png\" alt=\"Share\" class=\"linksalpha_image\" \/>\n\t\t\t\t\t<\/a><script type=\"text\/javascript\" src=\"\/\/www.linksalpha.com\/scripts\/loader_iconbox.js?v=2.4\"><\/script><\/span><\/div>","protected":false},"excerpt":{"rendered":"\n\t\t\t\t<div class=\"mr_social_sharing_wrapper\">\n\t\t\t\t<!-- Social Sharing Toolkit v2.2 --><span class=\"mr_social_sharing_top\"><span style=\"display: inline-block; width: 55px; height: 62px; overflow: hidden;\"><div class=\"fb-like\" data-href=\"http:\/\/www.blogdopilako.com.br\/wp\/2024\/02\/16\/troca-os-cardeais-abrilhantou-o-sabado-a-noite\/\" data-send=\"false\" data-layout=\"box_count\" data-width=\"55\" data-show-faces=\"false\"><\/div><\/span><\/span><span class=\"mr_social_sharing_top\"><fb:share-button type=\"box_count\" href=\"http:\/\/www.blogdopilako.com.br\/wp\/2024\/02\/16\/troca-os-cardeais-abrilhantou-o-sabado-a-noite\/\"><\/fb:share-button><\/span><span class=\"mr_social_sharing\"><a rel=\"nofollow\" class=\"linksalpha_button linksalpha_link\" href=\"\/\/www.linksalpha.com\/social\/mobile\" data-url=\"http:\/\/www.blogdopilako.com.br\/wp\/2024\/02\/16\/troca-os-cardeais-abrilhantou-o-sabado-a-noite\/\" data-text=\"Tro\u00e7a os Cardeais: abrilhantou o s\u00e1bado \u00e0 noite\u2026.\" data-desc=\"Reunindo elementos da nossa cultura popular, vinculados aos folguedos carnavalescos, a Tro\u00e7a Carnavalesca \u201cOs Cardeais\u201d, na noite do s\u00e1bado (10) realizou uma memor\u00e1vel apresenta\u00e7\u00e3o pelo circuito oficial do carnaval. Animados por orquestra de frevo, \u201cOs Cardeais\u201d arrastou um bom n\u00famero\" data-image=\"\" data-button=\"none\">\n\t\t\t\t\t<img src=\"\/\/www.linksalpha.com\/images\/social_share_button.png\" alt=\"Share\" class=\"linksalpha_image\" \/>\n\t\t\t\t\t<\/a><script type=\"text\/javascript\" src=\"\/\/www.linksalpha.com\/scripts\/loader_iconbox.js?v=2.4\"><\/script><\/span><\/div><p>Reunindo elementos da nossa cultura popular, vinculados aos folguedos carnavalescos, a Tro\u00e7a Carnavalesca \u201cOs Cardeais\u201d, na noite do s\u00e1bado (10) realizou uma memor\u00e1vel apresenta\u00e7\u00e3o pelo circuito oficial do carnaval. Animados por orquestra de frevo, \u201cOs Cardeais\u201d arrastou um bom n\u00famero &hellip; <a href=\"http:\/\/www.blogdopilako.com.br\/wp\/2024\/02\/16\/troca-os-cardeais-abrilhantou-o-sabado-a-noite\/\">Continue lendo <span class=\"meta-nav\">&rarr;<\/span><\/a><\/p>\n\n\t\t\t\t<div class=\"mr_social_sharing_wrapper\">\n\t\t\t\t<!-- Social Sharing Toolkit v2.2 --><span class=\"mr_social_sharing_top\"><span style=\"display: inline-block; width: 55px; height: 62px; overflow: hidden;\"><div class=\"fb-like\" data-href=\"http:\/\/www.blogdopilako.com.br\/wp\/2024\/02\/16\/troca-os-cardeais-abrilhantou-o-sabado-a-noite\/\" data-send=\"false\" data-layout=\"box_count\" data-width=\"55\" data-show-faces=\"false\"><\/div><\/span><\/span><span class=\"mr_social_sharing_top\"><fb:share-button type=\"box_count\" href=\"http:\/\/www.blogdopilako.com.br\/wp\/2024\/02\/16\/troca-os-cardeais-abrilhantou-o-sabado-a-noite\/\"><\/fb:share-button><\/span><span class=\"mr_social_sharing\"><a rel=\"nofollow\" class=\"linksalpha_button linksalpha_link\" href=\"\/\/www.linksalpha.com\/social\/mobile\" data-url=\"http:\/\/www.blogdopilako.com.br\/wp\/2024\/02\/16\/troca-os-cardeais-abrilhantou-o-sabado-a-noite\/\" data-text=\"Tro\u00e7a os Cardeais: abrilhantou o s\u00e1bado \u00e0 noite\u2026.\" data-desc=\"Reunindo elementos da nossa cultura popular, vinculados aos folguedos carnavalescos, a Tro\u00e7a Carnavalesca \u201cOs Cardeais\u201d, na noite do s\u00e1bado (10) realizou uma memor\u00e1vel apresenta\u00e7\u00e3o pelo circuito oficial do carnaval. Animados por orquestra de frevo, \u201cOs Cardeais\u201d arrastou um bom n\u00famero\" data-image=\"\" data-button=\"none\">\n\t\t\t\t\t<img src=\"\/\/www.linksalpha.com\/images\/social_share_button.png\" alt=\"Share\" class=\"linksalpha_image\" \/>\n\t\t\t\t\t<\/a><script type=\"text\/javascript\" src=\"\/\/www.linksalpha.com\/scripts\/loader_iconbox.js?v=2.4\"><\/script><\/span><\/div>","protected":false},"author":2,"featured_media":0,"comment_status":"open","ping_status":"open","sticky":false,"template":"","format":"standard","meta":[],"categories":[21],"tags":[],"_links":{"self":[{"href":"http:\/\/www.blogdopilako.com.br\/wp\/wp-json\/wp\/v2\/posts\/143545"}],"collection":[{"href":"http:\/\/www.blogdopilako.com.br\/wp\/wp-json\/wp\/v2\/posts"}],"about":[{"href":"http:\/\/www.blogdopilako.com.br\/wp\/wp-json\/wp\/v2\/types\/post"}],"author":[{"embeddable":true,"href":"http:\/\/www.blogdopilako.com.br\/wp\/wp-json\/wp\/v2\/users\/2"}],"replies":[{"embeddable":true,"href":"http:\/\/www.blogdopilako.com.br\/wp\/wp-json\/wp\/v2\/comments?post=143545"}],"version-history":[{"count":1,"href":"http:\/\/www.blogdopilako.com.br\/wp\/wp-json\/wp\/v2\/posts\/143545\/revisions"}],"predecessor-version":[{"id":143548,"href":"http:\/\/www.blogdopilako.com.br\/wp\/wp-json\/wp\/v2\/posts\/143545\/revisions\/143548"}],"wp:attachment":[{"href":"http:\/\/www.blogdopilako.com.br\/wp\/wp-json\/wp\/v2\/media?parent=143545"}],"wp:term":[{"taxonomy":"category","embeddable":true,"href":"http:\/\/www.blogdopilako.com.br\/wp\/wp-json\/wp\/v2\/categories?post=143545"},{"taxonomy":"post_tag","embeddable":true,"href":"http:\/\/www.blogdopilako.com.br\/wp\/wp-json\/wp\/v2\/tags?post=143545"}],"curies":[{"name":"wp","href":"https:\/\/api.w.org\/{rel}","templated":true}]}}