{"id":142694,"date":"2023-11-21T10:57:26","date_gmt":"2023-11-21T13:57:26","guid":{"rendered":"http:\/\/www.blogdopilako.com.br\/wp\/?p=142694"},"modified":"2023-11-21T10:59:55","modified_gmt":"2023-11-21T13:59:55","slug":"adelson-cardoso-nunca-esqueceu-suas-origens-antonenses","status":"publish","type":"post","link":"http:\/\/www.blogdopilako.com.br\/wp\/2023\/11\/21\/adelson-cardoso-nunca-esqueceu-suas-origens-antonenses\/","title":{"rendered":"Adelson Cardoso &#8211; nunca esqueceu suas origens antonenses&#8230;.."},"content":{"rendered":"\n\t\t\t\t<div class=\"mr_social_sharing_wrapper\">\n\t\t\t\t<!-- Social Sharing Toolkit v2.2 --><span class=\"mr_social_sharing_top\"><span style=\"display: inline-block; width: 55px; height: 62px; overflow: hidden;\"><div class=\"fb-like\" data-href=\"http:\/\/www.blogdopilako.com.br\/wp\/2023\/11\/21\/adelson-cardoso-nunca-esqueceu-suas-origens-antonenses\/\" data-send=\"false\" data-layout=\"box_count\" data-width=\"55\" data-show-faces=\"false\"><\/div><\/span><\/span><span class=\"mr_social_sharing_top\"><fb:share-button type=\"box_count\" href=\"http:\/\/www.blogdopilako.com.br\/wp\/2023\/11\/21\/adelson-cardoso-nunca-esqueceu-suas-origens-antonenses\/\"><\/fb:share-button><\/span><span class=\"mr_social_sharing\"><a rel=\"nofollow\" class=\"linksalpha_button linksalpha_link\" href=\"\/\/www.linksalpha.com\/social\/mobile\" data-url=\"http:\/\/www.blogdopilako.com.br\/wp\/2023\/11\/21\/adelson-cardoso-nunca-esqueceu-suas-origens-antonenses\/\" data-text=\"Adelson Cardoso \u2013 nunca esqueceu suas origens antonenses\u2026..\" data-desc=\"Em recente encontro realizado com diretores do nosso Instituto Hist\u00f3rico, o doutor Adelson Cardoso anunciou, para breve, o lan\u00e7amento do seu livro em que o mesmo busca\u00a0 relatar\u00a0 - recheado de registros fotogr\u00e1ficos - \u00a0a hist\u00f3ria da sua vida. Antonese da gema, como tantos outros que partiram\" data-image=\"http:\/\/www.blogdopilako.com.br\/wp\/wp-content\/uploads\/2023\/11\/e4fe37e2-f0d6-44d1-8319-1be710489899.jpg\" data-button=\"none\">\n\t\t\t\t\t<img src=\"\/\/www.linksalpha.com\/images\/social_share_button.png\" alt=\"Share\" class=\"linksalpha_image\" \/>\n\t\t\t\t\t<\/a><script type=\"text\/javascript\" src=\"\/\/www.linksalpha.com\/scripts\/loader_iconbox.js?v=2.4\"><\/script><\/span><\/div><p><img loading=\"lazy\" class=\"aligncenter wp-image-142695 size-full\" src=\"http:\/\/www.blogdopilako.com.br\/wp\/wp-content\/uploads\/2023\/11\/e4fe37e2-f0d6-44d1-8319-1be710489899.jpg\" alt=\"\" width=\"1600\" height=\"901\" srcset=\"http:\/\/www.blogdopilako.com.br\/wp\/wp-content\/uploads\/2023\/11\/e4fe37e2-f0d6-44d1-8319-1be710489899.jpg 1600w, http:\/\/www.blogdopilako.com.br\/wp\/wp-content\/uploads\/2023\/11\/e4fe37e2-f0d6-44d1-8319-1be710489899-300x169.jpg 300w, http:\/\/www.blogdopilako.com.br\/wp\/wp-content\/uploads\/2023\/11\/e4fe37e2-f0d6-44d1-8319-1be710489899-1024x577.jpg 1024w, http:\/\/www.blogdopilako.com.br\/wp\/wp-content\/uploads\/2023\/11\/e4fe37e2-f0d6-44d1-8319-1be710489899-768x432.jpg 768w, http:\/\/www.blogdopilako.com.br\/wp\/wp-content\/uploads\/2023\/11\/e4fe37e2-f0d6-44d1-8319-1be710489899-1536x865.jpg 1536w, http:\/\/www.blogdopilako.com.br\/wp\/wp-content\/uploads\/2023\/11\/e4fe37e2-f0d6-44d1-8319-1be710489899-500x282.jpg 500w\" sizes=\"(max-width: 1600px) 100vw, 1600px\" \/><\/p>\n<p style=\"text-align: justify;\">Em recente encontro realizado com diretores do nosso Instituto Hist\u00f3rico, o doutor Adelson Cardoso anunciou, para breve, o lan\u00e7amento do seu livro em que o mesmo busca\u00a0 relatar\u00a0 &#8211; recheado de registros fotogr\u00e1ficos &#8211; \u00a0a hist\u00f3ria da sua vida.<\/p>\n<p><img loading=\"lazy\" class=\"size-medium wp-image-142696 alignright\" src=\"http:\/\/www.blogdopilako.com.br\/wp\/wp-content\/uploads\/2023\/11\/825c4d32-a8c5-45f4-bd31-5570d491a0f2-207x300.jpg\" alt=\"\" width=\"207\" height=\"300\" srcset=\"http:\/\/www.blogdopilako.com.br\/wp\/wp-content\/uploads\/2023\/11\/825c4d32-a8c5-45f4-bd31-5570d491a0f2-207x300.jpg 207w, http:\/\/www.blogdopilako.com.br\/wp\/wp-content\/uploads\/2023\/11\/825c4d32-a8c5-45f4-bd31-5570d491a0f2-706x1024.jpg 706w, http:\/\/www.blogdopilako.com.br\/wp\/wp-content\/uploads\/2023\/11\/825c4d32-a8c5-45f4-bd31-5570d491a0f2-768x1114.jpg 768w, http:\/\/www.blogdopilako.com.br\/wp\/wp-content\/uploads\/2023\/11\/825c4d32-a8c5-45f4-bd31-5570d491a0f2-1059x1536.jpg 1059w, http:\/\/www.blogdopilako.com.br\/wp\/wp-content\/uploads\/2023\/11\/825c4d32-a8c5-45f4-bd31-5570d491a0f2.jpg 1103w\" sizes=\"(max-width: 207px) 100vw, 207px\" \/><\/p>\n<p style=\"text-align: justify;\">Antonese da gema, como tantos outros que partiram da terra natal na busca por melhores dias,\u00a0 noutras paisagens, o doutor Adelson,\u00a0 literalmente,\u00a0 desbravou as terras em fora levantada a nossa atual Capital Federal.<\/p>\n<p style=\"text-align: justify;\">Ainda garoto, por l\u00e1, fez de tudo um pouco. Hoje, j\u00e1 com rodagem de v\u00e1rias d\u00e9cadas de vida e gozando do privil\u00e9gio de haver colocados os p\u00e9s nas cidades mais importantes do Mundo, agora, quer come\u00e7ar pela terra natal \u2013 que nunca esqueceu \u2013 uma s\u00e9rie de eventos que tem como epicentro festivo o lan\u00e7amento da sua autobiografia. Vida longa para \u00a0o doutor Adelson Cardoso&#8230;..<\/p>\n<p><img loading=\"lazy\" class=\"aligncenter wp-image-142697 size-large\" src=\"http:\/\/www.blogdopilako.com.br\/wp\/wp-content\/uploads\/2023\/11\/Pix-arte-final-2-31-1024x401.png\" alt=\"\" width=\"584\" height=\"229\" srcset=\"http:\/\/www.blogdopilako.com.br\/wp\/wp-content\/uploads\/2023\/11\/Pix-arte-final-2-31-1024x401.png 1024w, http:\/\/www.blogdopilako.com.br\/wp\/wp-content\/uploads\/2023\/11\/Pix-arte-final-2-31-300x117.png 300w, http:\/\/www.blogdopilako.com.br\/wp\/wp-content\/uploads\/2023\/11\/Pix-arte-final-2-31-768x301.png 768w, http:\/\/www.blogdopilako.com.br\/wp\/wp-content\/uploads\/2023\/11\/Pix-arte-final-2-31-1536x601.png 1536w, http:\/\/www.blogdopilako.com.br\/wp\/wp-content\/uploads\/2023\/11\/Pix-arte-final-2-31-2048x802.png 2048w, http:\/\/www.blogdopilako.com.br\/wp\/wp-content\/uploads\/2023\/11\/Pix-arte-final-2-31-500x196.png 500w\" sizes=\"(max-width: 584px) 100vw, 584px\" \/><\/p>\n\n\t\t\t\t<div class=\"mr_social_sharing_wrapper\">\n\t\t\t\t<!-- Social Sharing Toolkit v2.2 --><span class=\"mr_social_sharing_top\"><span style=\"display: inline-block; width: 55px; height: 62px; overflow: hidden;\"><div class=\"fb-like\" data-href=\"http:\/\/www.blogdopilako.com.br\/wp\/2023\/11\/21\/adelson-cardoso-nunca-esqueceu-suas-origens-antonenses\/\" data-send=\"false\" data-layout=\"box_count\" data-width=\"55\" data-show-faces=\"false\"><\/div><\/span><\/span><span class=\"mr_social_sharing_top\"><fb:share-button type=\"box_count\" href=\"http:\/\/www.blogdopilako.com.br\/wp\/2023\/11\/21\/adelson-cardoso-nunca-esqueceu-suas-origens-antonenses\/\"><\/fb:share-button><\/span><span class=\"mr_social_sharing\"><a rel=\"nofollow\" class=\"linksalpha_button linksalpha_link\" href=\"\/\/www.linksalpha.com\/social\/mobile\" data-url=\"http:\/\/www.blogdopilako.com.br\/wp\/2023\/11\/21\/adelson-cardoso-nunca-esqueceu-suas-origens-antonenses\/\" data-text=\"Adelson Cardoso \u2013 nunca esqueceu suas origens antonenses\u2026..\" data-desc=\"Em recente encontro realizado com diretores do nosso Instituto Hist\u00f3rico, o doutor Adelson Cardoso anunciou, para breve, o lan\u00e7amento do seu livro em que o mesmo busca\u00a0 relatar\u00a0 - recheado de registros fotogr\u00e1ficos - \u00a0a hist\u00f3ria da sua vida. Antonese da gema, como tantos outros que partiram\" data-image=\"http:\/\/www.blogdopilako.com.br\/wp\/wp-content\/uploads\/2023\/11\/e4fe37e2-f0d6-44d1-8319-1be710489899.jpg\" data-button=\"none\">\n\t\t\t\t\t<img src=\"\/\/www.linksalpha.com\/images\/social_share_button.png\" alt=\"Share\" class=\"linksalpha_image\" \/>\n\t\t\t\t\t<\/a><script type=\"text\/javascript\" src=\"\/\/www.linksalpha.com\/scripts\/loader_iconbox.js?v=2.4\"><\/script><\/span><\/div>","protected":false},"excerpt":{"rendered":"\n\t\t\t\t<div class=\"mr_social_sharing_wrapper\">\n\t\t\t\t<!-- Social Sharing Toolkit v2.2 --><span class=\"mr_social_sharing_top\"><span style=\"display: inline-block; width: 55px; height: 62px; overflow: hidden;\"><div class=\"fb-like\" data-href=\"http:\/\/www.blogdopilako.com.br\/wp\/2023\/11\/21\/adelson-cardoso-nunca-esqueceu-suas-origens-antonenses\/\" data-send=\"false\" data-layout=\"box_count\" data-width=\"55\" data-show-faces=\"false\"><\/div><\/span><\/span><span class=\"mr_social_sharing_top\"><fb:share-button type=\"box_count\" href=\"http:\/\/www.blogdopilako.com.br\/wp\/2023\/11\/21\/adelson-cardoso-nunca-esqueceu-suas-origens-antonenses\/\"><\/fb:share-button><\/span><span class=\"mr_social_sharing\"><a rel=\"nofollow\" class=\"linksalpha_button linksalpha_link\" href=\"\/\/www.linksalpha.com\/social\/mobile\" data-url=\"http:\/\/www.blogdopilako.com.br\/wp\/2023\/11\/21\/adelson-cardoso-nunca-esqueceu-suas-origens-antonenses\/\" data-text=\"Adelson Cardoso \u2013 nunca esqueceu suas origens antonenses\u2026..\" data-desc=\"Em recente encontro realizado com diretores do nosso Instituto Hist\u00f3rico, o doutor Adelson Cardoso anunciou, para breve, o lan\u00e7amento do seu livro em que o mesmo busca\u00a0 relatar\u00a0 - recheado de registros fotogr\u00e1ficos - \u00a0a hist\u00f3ria da sua vida. Antonese da gema, como tantos outros que partiram\" data-image=\"\" data-button=\"none\">\n\t\t\t\t\t<img src=\"\/\/www.linksalpha.com\/images\/social_share_button.png\" alt=\"Share\" class=\"linksalpha_image\" \/>\n\t\t\t\t\t<\/a><script type=\"text\/javascript\" src=\"\/\/www.linksalpha.com\/scripts\/loader_iconbox.js?v=2.4\"><\/script><\/span><\/div><p>Em recente encontro realizado com diretores do nosso Instituto Hist\u00f3rico, o doutor Adelson Cardoso anunciou, para breve, o lan\u00e7amento do seu livro em que o mesmo busca\u00a0 relatar\u00a0 &#8211; recheado de registros fotogr\u00e1ficos &#8211; \u00a0a hist\u00f3ria da sua vida. Antonese &hellip; <a href=\"http:\/\/www.blogdopilako.com.br\/wp\/2023\/11\/21\/adelson-cardoso-nunca-esqueceu-suas-origens-antonenses\/\">Continue lendo <span class=\"meta-nav\">&rarr;<\/span><\/a><\/p>\n\n\t\t\t\t<div class=\"mr_social_sharing_wrapper\">\n\t\t\t\t<!-- Social Sharing Toolkit v2.2 --><span class=\"mr_social_sharing_top\"><span style=\"display: inline-block; width: 55px; height: 62px; overflow: hidden;\"><div class=\"fb-like\" data-href=\"http:\/\/www.blogdopilako.com.br\/wp\/2023\/11\/21\/adelson-cardoso-nunca-esqueceu-suas-origens-antonenses\/\" data-send=\"false\" data-layout=\"box_count\" data-width=\"55\" data-show-faces=\"false\"><\/div><\/span><\/span><span class=\"mr_social_sharing_top\"><fb:share-button type=\"box_count\" href=\"http:\/\/www.blogdopilako.com.br\/wp\/2023\/11\/21\/adelson-cardoso-nunca-esqueceu-suas-origens-antonenses\/\"><\/fb:share-button><\/span><span class=\"mr_social_sharing\"><a rel=\"nofollow\" class=\"linksalpha_button linksalpha_link\" href=\"\/\/www.linksalpha.com\/social\/mobile\" data-url=\"http:\/\/www.blogdopilako.com.br\/wp\/2023\/11\/21\/adelson-cardoso-nunca-esqueceu-suas-origens-antonenses\/\" data-text=\"Adelson Cardoso \u2013 nunca esqueceu suas origens antonenses\u2026..\" data-desc=\"Em recente encontro realizado com diretores do nosso Instituto Hist\u00f3rico, o doutor Adelson Cardoso anunciou, para breve, o lan\u00e7amento do seu livro em que o mesmo busca\u00a0 relatar\u00a0 - recheado de registros fotogr\u00e1ficos - \u00a0a hist\u00f3ria da sua vida. Antonese da gema, como tantos outros que partiram\" data-image=\"\" data-button=\"none\">\n\t\t\t\t\t<img src=\"\/\/www.linksalpha.com\/images\/social_share_button.png\" alt=\"Share\" class=\"linksalpha_image\" \/>\n\t\t\t\t\t<\/a><script type=\"text\/javascript\" src=\"\/\/www.linksalpha.com\/scripts\/loader_iconbox.js?v=2.4\"><\/script><\/span><\/div>","protected":false},"author":2,"featured_media":0,"comment_status":"open","ping_status":"open","sticky":false,"template":"","format":"standard","meta":[],"categories":[1],"tags":[],"_links":{"self":[{"href":"http:\/\/www.blogdopilako.com.br\/wp\/wp-json\/wp\/v2\/posts\/142694"}],"collection":[{"href":"http:\/\/www.blogdopilako.com.br\/wp\/wp-json\/wp\/v2\/posts"}],"about":[{"href":"http:\/\/www.blogdopilako.com.br\/wp\/wp-json\/wp\/v2\/types\/post"}],"author":[{"embeddable":true,"href":"http:\/\/www.blogdopilako.com.br\/wp\/wp-json\/wp\/v2\/users\/2"}],"replies":[{"embeddable":true,"href":"http:\/\/www.blogdopilako.com.br\/wp\/wp-json\/wp\/v2\/comments?post=142694"}],"version-history":[{"count":3,"href":"http:\/\/www.blogdopilako.com.br\/wp\/wp-json\/wp\/v2\/posts\/142694\/revisions"}],"predecessor-version":[{"id":142700,"href":"http:\/\/www.blogdopilako.com.br\/wp\/wp-json\/wp\/v2\/posts\/142694\/revisions\/142700"}],"wp:attachment":[{"href":"http:\/\/www.blogdopilako.com.br\/wp\/wp-json\/wp\/v2\/media?parent=142694"}],"wp:term":[{"taxonomy":"category","embeddable":true,"href":"http:\/\/www.blogdopilako.com.br\/wp\/wp-json\/wp\/v2\/categories?post=142694"},{"taxonomy":"post_tag","embeddable":true,"href":"http:\/\/www.blogdopilako.com.br\/wp\/wp-json\/wp\/v2\/tags?post=142694"}],"curies":[{"name":"wp","href":"https:\/\/api.w.org\/{rel}","templated":true}]}}