{"id":142397,"date":"2023-10-23T11:08:25","date_gmt":"2023-10-23T14:08:25","guid":{"rendered":"http:\/\/www.blogdopilako.com.br\/wp\/?p=142397"},"modified":"2023-10-23T11:08:25","modified_gmt":"2023-10-23T14:08:25","slug":"efetivo-do-nosso-tiro-de-guerra-visitou-o-museu-do-instituto-historico","status":"publish","type":"post","link":"http:\/\/www.blogdopilako.com.br\/wp\/2023\/10\/23\/efetivo-do-nosso-tiro-de-guerra-visitou-o-museu-do-instituto-historico\/","title":{"rendered":"Efetivo do nosso Tiro de Guerra visitou o Museu do Instituto Hist\u00f3rico."},"content":{"rendered":"\n\t\t\t\t<div class=\"mr_social_sharing_wrapper\">\n\t\t\t\t<!-- Social Sharing Toolkit v2.2 --><span class=\"mr_social_sharing_top\"><span style=\"display: inline-block; width: 55px; height: 62px; overflow: hidden;\"><div class=\"fb-like\" data-href=\"http:\/\/www.blogdopilako.com.br\/wp\/2023\/10\/23\/efetivo-do-nosso-tiro-de-guerra-visitou-o-museu-do-instituto-historico\/\" data-send=\"false\" data-layout=\"box_count\" data-width=\"55\" data-show-faces=\"false\"><\/div><\/span><\/span><span class=\"mr_social_sharing_top\"><fb:share-button type=\"box_count\" href=\"http:\/\/www.blogdopilako.com.br\/wp\/2023\/10\/23\/efetivo-do-nosso-tiro-de-guerra-visitou-o-museu-do-instituto-historico\/\"><\/fb:share-button><\/span><span class=\"mr_social_sharing\"><a rel=\"nofollow\" class=\"linksalpha_button linksalpha_link\" href=\"\/\/www.linksalpha.com\/social\/mobile\" data-url=\"http:\/\/www.blogdopilako.com.br\/wp\/2023\/10\/23\/efetivo-do-nosso-tiro-de-guerra-visitou-o-museu-do-instituto-historico\/\" data-text=\"Efetivo do nosso Tiro de Guerra visitou o Museu do Instituto Hist\u00f3rico.\" data-desc=\"Em visita programada, na manh\u00e3 de hoje (23), a diretoria\u00a0 do Instituto Hist\u00f3rico e Geogr\u00e1fico da Vit\u00f3ria de Santo Ant\u00e3o abriu as portas da Casa para receber o efetivo do nosso Tiro de Guerra. Comandados pelos Instrutores Sub Tenente Wagner e Sargento Valente, cerca de 80 atiradores\u00a0 puderam\" data-image=\"http:\/\/www.blogdopilako.com.br\/wp\/wp-content\/uploads\/2023\/10\/WhatsApp-Image-2023-10-23-at-09.36.39-scaled.jpeg\" data-button=\"none\">\n\t\t\t\t\t<img src=\"\/\/www.linksalpha.com\/images\/social_share_button.png\" alt=\"Share\" class=\"linksalpha_image\" \/>\n\t\t\t\t\t<\/a><script type=\"text\/javascript\" src=\"\/\/www.linksalpha.com\/scripts\/loader_iconbox.js?v=2.4\"><\/script><\/span><\/div><p><img loading=\"lazy\" class=\"aligncenter wp-image-142401 size-full\" src=\"http:\/\/www.blogdopilako.com.br\/wp\/wp-content\/uploads\/2023\/10\/WhatsApp-Image-2023-10-23-at-09.36.39-scaled.jpeg\" alt=\"\" width=\"2560\" height=\"1920\" srcset=\"http:\/\/www.blogdopilako.com.br\/wp\/wp-content\/uploads\/2023\/10\/WhatsApp-Image-2023-10-23-at-09.36.39-scaled.jpeg 2560w, http:\/\/www.blogdopilako.com.br\/wp\/wp-content\/uploads\/2023\/10\/WhatsApp-Image-2023-10-23-at-09.36.39-300x225.jpeg 300w, http:\/\/www.blogdopilako.com.br\/wp\/wp-content\/uploads\/2023\/10\/WhatsApp-Image-2023-10-23-at-09.36.39-1024x768.jpeg 1024w, http:\/\/www.blogdopilako.com.br\/wp\/wp-content\/uploads\/2023\/10\/WhatsApp-Image-2023-10-23-at-09.36.39-768x576.jpeg 768w, http:\/\/www.blogdopilako.com.br\/wp\/wp-content\/uploads\/2023\/10\/WhatsApp-Image-2023-10-23-at-09.36.39-1536x1152.jpeg 1536w, http:\/\/www.blogdopilako.com.br\/wp\/wp-content\/uploads\/2023\/10\/WhatsApp-Image-2023-10-23-at-09.36.39-2048x1536.jpeg 2048w, http:\/\/www.blogdopilako.com.br\/wp\/wp-content\/uploads\/2023\/10\/WhatsApp-Image-2023-10-23-at-09.36.39-400x300.jpeg 400w\" sizes=\"(max-width: 2560px) 100vw, 2560px\" \/><\/p>\n<p style=\"text-align: justify;\">Em visita programada, na manh\u00e3 de hoje (23), a diretoria\u00a0 do Instituto Hist\u00f3rico e Geogr\u00e1fico da Vit\u00f3ria de Santo Ant\u00e3o abriu as portas da Casa para receber o efetivo do nosso Tiro de Guerra.<\/p>\n<p style=\"text-align: justify;\">Comandados pelos Instrutores <strong>Sub Tenente Wagner e Sargento Valente<\/strong>, cerca de 80 atiradores\u00a0 puderam desfrutar da visita ao Museu da Casa do Imperador.<\/p>\n<p><img loading=\"lazy\" class=\"alignnone wp-image-142399 size-full\" src=\"http:\/\/www.blogdopilako.com.br\/wp\/wp-content\/uploads\/2023\/10\/70ab7660-84da-425c-a7eb-7062fa3bfbb6-1.jpg\" alt=\"\" width=\"1600\" height=\"1200\" srcset=\"http:\/\/www.blogdopilako.com.br\/wp\/wp-content\/uploads\/2023\/10\/70ab7660-84da-425c-a7eb-7062fa3bfbb6-1.jpg 1600w, http:\/\/www.blogdopilako.com.br\/wp\/wp-content\/uploads\/2023\/10\/70ab7660-84da-425c-a7eb-7062fa3bfbb6-1-300x225.jpg 300w, http:\/\/www.blogdopilako.com.br\/wp\/wp-content\/uploads\/2023\/10\/70ab7660-84da-425c-a7eb-7062fa3bfbb6-1-1024x768.jpg 1024w, http:\/\/www.blogdopilako.com.br\/wp\/wp-content\/uploads\/2023\/10\/70ab7660-84da-425c-a7eb-7062fa3bfbb6-1-768x576.jpg 768w, http:\/\/www.blogdopilako.com.br\/wp\/wp-content\/uploads\/2023\/10\/70ab7660-84da-425c-a7eb-7062fa3bfbb6-1-1536x1152.jpg 1536w, http:\/\/www.blogdopilako.com.br\/wp\/wp-content\/uploads\/2023\/10\/70ab7660-84da-425c-a7eb-7062fa3bfbb6-1-400x300.jpg 400w\" sizes=\"(max-width: 1600px) 100vw, 1600px\" \/><\/p>\n<p><img loading=\"lazy\" class=\"size-medium wp-image-142403 alignleft\" src=\"http:\/\/www.blogdopilako.com.br\/wp\/wp-content\/uploads\/2023\/10\/WhatsApp-Image-2023-10-23-at-09.36.40-300x225.jpeg\" alt=\"\" width=\"300\" height=\"225\" srcset=\"http:\/\/www.blogdopilako.com.br\/wp\/wp-content\/uploads\/2023\/10\/WhatsApp-Image-2023-10-23-at-09.36.40-300x225.jpeg 300w, http:\/\/www.blogdopilako.com.br\/wp\/wp-content\/uploads\/2023\/10\/WhatsApp-Image-2023-10-23-at-09.36.40-1024x768.jpeg 1024w, http:\/\/www.blogdopilako.com.br\/wp\/wp-content\/uploads\/2023\/10\/WhatsApp-Image-2023-10-23-at-09.36.40-768x576.jpeg 768w, http:\/\/www.blogdopilako.com.br\/wp\/wp-content\/uploads\/2023\/10\/WhatsApp-Image-2023-10-23-at-09.36.40-1536x1152.jpeg 1536w, http:\/\/www.blogdopilako.com.br\/wp\/wp-content\/uploads\/2023\/10\/WhatsApp-Image-2023-10-23-at-09.36.40-2048x1536.jpeg 2048w, http:\/\/www.blogdopilako.com.br\/wp\/wp-content\/uploads\/2023\/10\/WhatsApp-Image-2023-10-23-at-09.36.40-400x300.jpeg 400w\" sizes=\"(max-width: 300px) 100vw, 300px\" \/><\/p>\n<p style=\"text-align: justify;\">Na ocasi\u00e3o, inicialmente, \u00a0o grupo assistiu ao filme institucional para s\u00f3 depois circular nos mais diversos espa\u00e7os da casa. Al\u00e9m das muitas informa\u00e7\u00f5es hist\u00f3ricas, na medida do poss\u00edvel, tamb\u00e9m procuramos estabelecer \u201cpontes de liga\u00e7\u00e3o\u201d da Vit\u00f3ria do presente com os fatos hist\u00f3ricos mais long\u00ednquos e relevantes.<\/p>\n<p style=\"text-align: justify;\"><img loading=\"lazy\" class=\"size-medium wp-image-142402 alignright\" src=\"http:\/\/www.blogdopilako.com.br\/wp\/wp-content\/uploads\/2023\/10\/WhatsApp-Image-2023-10-23-at-10.39.56-1-300x225.jpeg\" alt=\"\" width=\"300\" height=\"225\" srcset=\"http:\/\/www.blogdopilako.com.br\/wp\/wp-content\/uploads\/2023\/10\/WhatsApp-Image-2023-10-23-at-10.39.56-1-300x225.jpeg 300w, http:\/\/www.blogdopilako.com.br\/wp\/wp-content\/uploads\/2023\/10\/WhatsApp-Image-2023-10-23-at-10.39.56-1-1024x768.jpeg 1024w, http:\/\/www.blogdopilako.com.br\/wp\/wp-content\/uploads\/2023\/10\/WhatsApp-Image-2023-10-23-at-10.39.56-1-768x576.jpeg 768w, http:\/\/www.blogdopilako.com.br\/wp\/wp-content\/uploads\/2023\/10\/WhatsApp-Image-2023-10-23-at-10.39.56-1-1536x1152.jpeg 1536w, http:\/\/www.blogdopilako.com.br\/wp\/wp-content\/uploads\/2023\/10\/WhatsApp-Image-2023-10-23-at-10.39.56-1-2048x1536.jpeg 2048w, http:\/\/www.blogdopilako.com.br\/wp\/wp-content\/uploads\/2023\/10\/WhatsApp-Image-2023-10-23-at-10.39.56-1-400x300.jpeg 400w\" sizes=\"(max-width: 300px) 100vw, 300px\" \/>Ao final da visita, pudemos perceber no semblante dos jovens soldados uma mistura de surpresa e satisfa\u00e7\u00e3o. Surpresos \u00a0pelo fato de muitos deles desconhecerem, at\u00e9 ent\u00e3o, o rico acervo da Casa do Imperador. E satisfeitos pela oportunidade criada pelos instrutores do Tiro de Guerra de estarem\u00a0 vivenciando\u00a0 um momento marcantes em suas respectivas hist\u00f3rias de vida.<\/p>\n<p><img loading=\"lazy\" class=\"aligncenter wp-image-142404 size-large\" src=\"http:\/\/www.blogdopilako.com.br\/wp\/wp-content\/uploads\/2023\/10\/Pix-arte-final-2-42-1024x401.png\" alt=\"\" width=\"584\" height=\"229\" srcset=\"http:\/\/www.blogdopilako.com.br\/wp\/wp-content\/uploads\/2023\/10\/Pix-arte-final-2-42-1024x401.png 1024w, http:\/\/www.blogdopilako.com.br\/wp\/wp-content\/uploads\/2023\/10\/Pix-arte-final-2-42-300x117.png 300w, http:\/\/www.blogdopilako.com.br\/wp\/wp-content\/uploads\/2023\/10\/Pix-arte-final-2-42-768x301.png 768w, http:\/\/www.blogdopilako.com.br\/wp\/wp-content\/uploads\/2023\/10\/Pix-arte-final-2-42-1536x601.png 1536w, http:\/\/www.blogdopilako.com.br\/wp\/wp-content\/uploads\/2023\/10\/Pix-arte-final-2-42-2048x802.png 2048w, http:\/\/www.blogdopilako.com.br\/wp\/wp-content\/uploads\/2023\/10\/Pix-arte-final-2-42-500x196.png 500w\" sizes=\"(max-width: 584px) 100vw, 584px\" \/><\/p>\n<p>&nbsp;<\/p>\n\n\t\t\t\t<div class=\"mr_social_sharing_wrapper\">\n\t\t\t\t<!-- Social Sharing Toolkit v2.2 --><span class=\"mr_social_sharing_top\"><span style=\"display: inline-block; width: 55px; height: 62px; overflow: hidden;\"><div class=\"fb-like\" data-href=\"http:\/\/www.blogdopilako.com.br\/wp\/2023\/10\/23\/efetivo-do-nosso-tiro-de-guerra-visitou-o-museu-do-instituto-historico\/\" data-send=\"false\" data-layout=\"box_count\" data-width=\"55\" data-show-faces=\"false\"><\/div><\/span><\/span><span class=\"mr_social_sharing_top\"><fb:share-button type=\"box_count\" href=\"http:\/\/www.blogdopilako.com.br\/wp\/2023\/10\/23\/efetivo-do-nosso-tiro-de-guerra-visitou-o-museu-do-instituto-historico\/\"><\/fb:share-button><\/span><span class=\"mr_social_sharing\"><a rel=\"nofollow\" class=\"linksalpha_button linksalpha_link\" href=\"\/\/www.linksalpha.com\/social\/mobile\" data-url=\"http:\/\/www.blogdopilako.com.br\/wp\/2023\/10\/23\/efetivo-do-nosso-tiro-de-guerra-visitou-o-museu-do-instituto-historico\/\" data-text=\"Efetivo do nosso Tiro de Guerra visitou o Museu do Instituto Hist\u00f3rico.\" data-desc=\"Em visita programada, na manh\u00e3 de hoje (23), a diretoria\u00a0 do Instituto Hist\u00f3rico e Geogr\u00e1fico da Vit\u00f3ria de Santo Ant\u00e3o abriu as portas da Casa para receber o efetivo do nosso Tiro de Guerra. Comandados pelos Instrutores Sub Tenente Wagner e Sargento Valente, cerca de 80 atiradores\u00a0 puderam\" data-image=\"http:\/\/www.blogdopilako.com.br\/wp\/wp-content\/uploads\/2023\/10\/WhatsApp-Image-2023-10-23-at-09.36.39-scaled.jpeg\" data-button=\"none\">\n\t\t\t\t\t<img src=\"\/\/www.linksalpha.com\/images\/social_share_button.png\" alt=\"Share\" class=\"linksalpha_image\" \/>\n\t\t\t\t\t<\/a><script type=\"text\/javascript\" src=\"\/\/www.linksalpha.com\/scripts\/loader_iconbox.js?v=2.4\"><\/script><\/span><\/div>","protected":false},"excerpt":{"rendered":"\n\t\t\t\t<div class=\"mr_social_sharing_wrapper\">\n\t\t\t\t<!-- Social Sharing Toolkit v2.2 --><span class=\"mr_social_sharing_top\"><span style=\"display: inline-block; width: 55px; height: 62px; overflow: hidden;\"><div class=\"fb-like\" data-href=\"http:\/\/www.blogdopilako.com.br\/wp\/2023\/10\/23\/efetivo-do-nosso-tiro-de-guerra-visitou-o-museu-do-instituto-historico\/\" data-send=\"false\" data-layout=\"box_count\" data-width=\"55\" data-show-faces=\"false\"><\/div><\/span><\/span><span class=\"mr_social_sharing_top\"><fb:share-button type=\"box_count\" href=\"http:\/\/www.blogdopilako.com.br\/wp\/2023\/10\/23\/efetivo-do-nosso-tiro-de-guerra-visitou-o-museu-do-instituto-historico\/\"><\/fb:share-button><\/span><span class=\"mr_social_sharing\"><a rel=\"nofollow\" class=\"linksalpha_button linksalpha_link\" href=\"\/\/www.linksalpha.com\/social\/mobile\" data-url=\"http:\/\/www.blogdopilako.com.br\/wp\/2023\/10\/23\/efetivo-do-nosso-tiro-de-guerra-visitou-o-museu-do-instituto-historico\/\" data-text=\"Efetivo do nosso Tiro de Guerra visitou o Museu do Instituto Hist\u00f3rico.\" data-desc=\"Em visita programada, na manh\u00e3 de hoje (23), a diretoria\u00a0 do Instituto Hist\u00f3rico e Geogr\u00e1fico da Vit\u00f3ria de Santo Ant\u00e3o abriu as portas da Casa para receber o efetivo do nosso Tiro de Guerra. Comandados pelos Instrutores Sub Tenente Wagner e Sargento Valente, cerca de 80 atiradores\u00a0 puderam\" data-image=\"\" data-button=\"none\">\n\t\t\t\t\t<img src=\"\/\/www.linksalpha.com\/images\/social_share_button.png\" alt=\"Share\" class=\"linksalpha_image\" \/>\n\t\t\t\t\t<\/a><script type=\"text\/javascript\" src=\"\/\/www.linksalpha.com\/scripts\/loader_iconbox.js?v=2.4\"><\/script><\/span><\/div><p>Em visita programada, na manh\u00e3 de hoje (23), a diretoria\u00a0 do Instituto Hist\u00f3rico e Geogr\u00e1fico da Vit\u00f3ria de Santo Ant\u00e3o abriu as portas da Casa para receber o efetivo do nosso Tiro de Guerra. Comandados pelos Instrutores Sub Tenente Wagner &hellip; <a href=\"http:\/\/www.blogdopilako.com.br\/wp\/2023\/10\/23\/efetivo-do-nosso-tiro-de-guerra-visitou-o-museu-do-instituto-historico\/\">Continue lendo <span class=\"meta-nav\">&rarr;<\/span><\/a><\/p>\n\n\t\t\t\t<div class=\"mr_social_sharing_wrapper\">\n\t\t\t\t<!-- Social Sharing Toolkit v2.2 --><span class=\"mr_social_sharing_top\"><span style=\"display: inline-block; width: 55px; height: 62px; overflow: hidden;\"><div class=\"fb-like\" data-href=\"http:\/\/www.blogdopilako.com.br\/wp\/2023\/10\/23\/efetivo-do-nosso-tiro-de-guerra-visitou-o-museu-do-instituto-historico\/\" data-send=\"false\" data-layout=\"box_count\" data-width=\"55\" data-show-faces=\"false\"><\/div><\/span><\/span><span class=\"mr_social_sharing_top\"><fb:share-button type=\"box_count\" href=\"http:\/\/www.blogdopilako.com.br\/wp\/2023\/10\/23\/efetivo-do-nosso-tiro-de-guerra-visitou-o-museu-do-instituto-historico\/\"><\/fb:share-button><\/span><span class=\"mr_social_sharing\"><a rel=\"nofollow\" class=\"linksalpha_button linksalpha_link\" href=\"\/\/www.linksalpha.com\/social\/mobile\" data-url=\"http:\/\/www.blogdopilako.com.br\/wp\/2023\/10\/23\/efetivo-do-nosso-tiro-de-guerra-visitou-o-museu-do-instituto-historico\/\" data-text=\"Efetivo do nosso Tiro de Guerra visitou o Museu do Instituto Hist\u00f3rico.\" data-desc=\"Em visita programada, na manh\u00e3 de hoje (23), a diretoria\u00a0 do Instituto Hist\u00f3rico e Geogr\u00e1fico da Vit\u00f3ria de Santo Ant\u00e3o abriu as portas da Casa para receber o efetivo do nosso Tiro de Guerra. Comandados pelos Instrutores Sub Tenente Wagner e Sargento Valente, cerca de 80 atiradores\u00a0 puderam\" data-image=\"\" data-button=\"none\">\n\t\t\t\t\t<img src=\"\/\/www.linksalpha.com\/images\/social_share_button.png\" alt=\"Share\" class=\"linksalpha_image\" \/>\n\t\t\t\t\t<\/a><script type=\"text\/javascript\" src=\"\/\/www.linksalpha.com\/scripts\/loader_iconbox.js?v=2.4\"><\/script><\/span><\/div>","protected":false},"author":2,"featured_media":0,"comment_status":"open","ping_status":"open","sticky":false,"template":"","format":"standard","meta":[],"categories":[21],"tags":[],"_links":{"self":[{"href":"http:\/\/www.blogdopilako.com.br\/wp\/wp-json\/wp\/v2\/posts\/142397"}],"collection":[{"href":"http:\/\/www.blogdopilako.com.br\/wp\/wp-json\/wp\/v2\/posts"}],"about":[{"href":"http:\/\/www.blogdopilako.com.br\/wp\/wp-json\/wp\/v2\/types\/post"}],"author":[{"embeddable":true,"href":"http:\/\/www.blogdopilako.com.br\/wp\/wp-json\/wp\/v2\/users\/2"}],"replies":[{"embeddable":true,"href":"http:\/\/www.blogdopilako.com.br\/wp\/wp-json\/wp\/v2\/comments?post=142397"}],"version-history":[{"count":1,"href":"http:\/\/www.blogdopilako.com.br\/wp\/wp-json\/wp\/v2\/posts\/142397\/revisions"}],"predecessor-version":[{"id":142405,"href":"http:\/\/www.blogdopilako.com.br\/wp\/wp-json\/wp\/v2\/posts\/142397\/revisions\/142405"}],"wp:attachment":[{"href":"http:\/\/www.blogdopilako.com.br\/wp\/wp-json\/wp\/v2\/media?parent=142397"}],"wp:term":[{"taxonomy":"category","embeddable":true,"href":"http:\/\/www.blogdopilako.com.br\/wp\/wp-json\/wp\/v2\/categories?post=142397"},{"taxonomy":"post_tag","embeddable":true,"href":"http:\/\/www.blogdopilako.com.br\/wp\/wp-json\/wp\/v2\/tags?post=142397"}],"curies":[{"name":"wp","href":"https:\/\/api.w.org\/{rel}","templated":true}]}}