{"id":142359,"date":"2023-10-19T10:57:08","date_gmt":"2023-10-19T13:57:08","guid":{"rendered":"http:\/\/www.blogdopilako.com.br\/wp\/?p=142359"},"modified":"2023-10-19T10:57:08","modified_gmt":"2023-10-19T13:57:08","slug":"instituto-historico-troca-de-experiencias-e-novas-acoes","status":"publish","type":"post","link":"http:\/\/www.blogdopilako.com.br\/wp\/2023\/10\/19\/instituto-historico-troca-de-experiencias-e-novas-acoes\/","title":{"rendered":"Instituto Hist\u00f3rico &#8211; troca de experi\u00eancias e novas a\u00e7\u00f5es&#8230;."},"content":{"rendered":"\n\t\t\t\t<div class=\"mr_social_sharing_wrapper\">\n\t\t\t\t<!-- Social Sharing Toolkit v2.2 --><span class=\"mr_social_sharing_top\"><span style=\"display: inline-block; width: 55px; height: 62px; overflow: hidden;\"><div class=\"fb-like\" data-href=\"http:\/\/www.blogdopilako.com.br\/wp\/2023\/10\/19\/instituto-historico-troca-de-experiencias-e-novas-acoes\/\" data-send=\"false\" data-layout=\"box_count\" data-width=\"55\" data-show-faces=\"false\"><\/div><\/span><\/span><span class=\"mr_social_sharing_top\"><fb:share-button type=\"box_count\" href=\"http:\/\/www.blogdopilako.com.br\/wp\/2023\/10\/19\/instituto-historico-troca-de-experiencias-e-novas-acoes\/\"><\/fb:share-button><\/span><span class=\"mr_social_sharing\"><a rel=\"nofollow\" class=\"linksalpha_button linksalpha_link\" href=\"\/\/www.linksalpha.com\/social\/mobile\" data-url=\"http:\/\/www.blogdopilako.com.br\/wp\/2023\/10\/19\/instituto-historico-troca-de-experiencias-e-novas-acoes\/\" data-text=\"Instituto Hist\u00f3rico \u2013 troca de experi\u00eancias e novas a\u00e7\u00f5es\u2026.\" data-desc=\"Durante o dia de ontem (18) aconteceu na cidade dos Palmares o 1\u00ba Encontro dos Institutos Hist\u00f3ricos da Zona da Mata Sul \u2013 pernambucana. Na pauta, entre outros assuntos, a promo\u00e7\u00e3o da integra\u00e7\u00e3o e troca de experi\u00eancias, no sentido da preserva\u00e7\u00e3o e educa\u00e7\u00e3o patrimonial. Nosso estado \u2013\" data-image=\"http:\/\/www.blogdopilako.com.br\/wp\/wp-content\/uploads\/2023\/10\/c7170ef5-2b15-4514-a2c0-5d7987928203.jpg\" data-button=\"none\">\n\t\t\t\t\t<img src=\"\/\/www.linksalpha.com\/images\/social_share_button.png\" alt=\"Share\" class=\"linksalpha_image\" \/>\n\t\t\t\t\t<\/a><script type=\"text\/javascript\" src=\"\/\/www.linksalpha.com\/scripts\/loader_iconbox.js?v=2.4\"><\/script><\/span><\/div><p><img loading=\"lazy\" class=\"alignnone wp-image-142360 size-full\" src=\"http:\/\/www.blogdopilako.com.br\/wp\/wp-content\/uploads\/2023\/10\/c7170ef5-2b15-4514-a2c0-5d7987928203.jpg\" alt=\"\" width=\"1024\" height=\"768\" srcset=\"http:\/\/www.blogdopilako.com.br\/wp\/wp-content\/uploads\/2023\/10\/c7170ef5-2b15-4514-a2c0-5d7987928203.jpg 1024w, http:\/\/www.blogdopilako.com.br\/wp\/wp-content\/uploads\/2023\/10\/c7170ef5-2b15-4514-a2c0-5d7987928203-300x225.jpg 300w, http:\/\/www.blogdopilako.com.br\/wp\/wp-content\/uploads\/2023\/10\/c7170ef5-2b15-4514-a2c0-5d7987928203-768x576.jpg 768w, http:\/\/www.blogdopilako.com.br\/wp\/wp-content\/uploads\/2023\/10\/c7170ef5-2b15-4514-a2c0-5d7987928203-400x300.jpg 400w\" sizes=\"(max-width: 1024px) 100vw, 1024px\" \/><\/p>\n<p style=\"text-align: justify;\">Durante o dia de ontem (18) aconteceu na cidade dos Palmares o <strong>1\u00ba Encontro dos Institutos Hist\u00f3ricos da Zona da Mata Sul \u2013 pernambucana.<\/strong> Na pauta, entre outros assuntos, a promo\u00e7\u00e3o da integra\u00e7\u00e3o e troca de experi\u00eancias, no sentido da preserva\u00e7\u00e3o e educa\u00e7\u00e3o patrimonial.<\/p>\n<p><img loading=\"lazy\" class=\"alignnone wp-image-142363 size-large\" src=\"http:\/\/www.blogdopilako.com.br\/wp\/wp-content\/uploads\/2023\/10\/29439bc9-2d0a-46ad-9b79-24aa04445736-1-1024x517.jpg\" alt=\"\" width=\"584\" height=\"295\" srcset=\"http:\/\/www.blogdopilako.com.br\/wp\/wp-content\/uploads\/2023\/10\/29439bc9-2d0a-46ad-9b79-24aa04445736-1-1024x517.jpg 1024w, http:\/\/www.blogdopilako.com.br\/wp\/wp-content\/uploads\/2023\/10\/29439bc9-2d0a-46ad-9b79-24aa04445736-1-300x151.jpg 300w, http:\/\/www.blogdopilako.com.br\/wp\/wp-content\/uploads\/2023\/10\/29439bc9-2d0a-46ad-9b79-24aa04445736-1-768x387.jpg 768w, http:\/\/www.blogdopilako.com.br\/wp\/wp-content\/uploads\/2023\/10\/29439bc9-2d0a-46ad-9b79-24aa04445736-1-500x252.jpg 500w, http:\/\/www.blogdopilako.com.br\/wp\/wp-content\/uploads\/2023\/10\/29439bc9-2d0a-46ad-9b79-24aa04445736-1.jpg 1463w\" sizes=\"(max-width: 584px) 100vw, 584px\" \/><\/p>\n<p><img loading=\"lazy\" class=\"alignnone size-medium wp-image-142364 alignright\" src=\"http:\/\/www.blogdopilako.com.br\/wp\/wp-content\/uploads\/2023\/10\/5f06f82d-7e89-4130-a3c9-e32fa1ee108c-1-242x300.jpg\" alt=\"\" width=\"242\" height=\"300\" srcset=\"http:\/\/www.blogdopilako.com.br\/wp\/wp-content\/uploads\/2023\/10\/5f06f82d-7e89-4130-a3c9-e32fa1ee108c-1-242x300.jpg 242w, http:\/\/www.blogdopilako.com.br\/wp\/wp-content\/uploads\/2023\/10\/5f06f82d-7e89-4130-a3c9-e32fa1ee108c-1.jpg 640w\" sizes=\"(max-width: 242px) 100vw, 242px\" \/><\/p>\n<p style=\"text-align: justify;\">Nosso estado \u2013 Pernambuco \u2013 desponta com um dos mais frut\u00edferos quando assunto \u00e9 Instituto Hist\u00f3rico. Possu\u00edmos 25 cidades que ostentam \u00a0esse tipo de equipamento. Vit\u00f3ria de Santo Ant\u00e3o possui um dos mais antigos \u2013 73 anos \u2013 fundado em 19 de novembro de 1950.<\/p>\n<p style=\"text-align: justify;\">Na qualidade de atual vice-presidente da referida institui\u00e7\u00e3o \u2013 IHGVSA -, juntamente com outros membros, participamos do evento que ocorreu nas depend\u00eancias do hist\u00f3rico e bem preservado Cine Teatro Apolo \u2013 Palmares. Na ocasi\u00e3o, tive a oportunidade de real\u00e7ar aos presentes algumas potencialidades do nosso sodal\u00edcio assim como contribuir na formata\u00e7\u00e3o de algumas reinvindica\u00e7\u00f5es que estamos elencando para em breve propormos no conjunto das pol\u00edticas p\u00fablicas governamentais.<\/p>\n<p style=\"text-align: justify;\">Para concluir, deixamos um sonoro parab\u00e9ns aos diretores do Instituto Hist\u00f3rico anfitri\u00e3o,\u00a0 pela condu\u00e7\u00e3o dos trabalhos.<\/p>\n<p><img loading=\"lazy\" class=\"aligncenter wp-image-142365 size-large\" src=\"http:\/\/www.blogdopilako.com.br\/wp\/wp-content\/uploads\/2023\/10\/Pix-arte-final-2-37-1024x401.png\" alt=\"\" width=\"584\" height=\"229\" srcset=\"http:\/\/www.blogdopilako.com.br\/wp\/wp-content\/uploads\/2023\/10\/Pix-arte-final-2-37-1024x401.png 1024w, http:\/\/www.blogdopilako.com.br\/wp\/wp-content\/uploads\/2023\/10\/Pix-arte-final-2-37-300x117.png 300w, http:\/\/www.blogdopilako.com.br\/wp\/wp-content\/uploads\/2023\/10\/Pix-arte-final-2-37-768x301.png 768w, http:\/\/www.blogdopilako.com.br\/wp\/wp-content\/uploads\/2023\/10\/Pix-arte-final-2-37-1536x601.png 1536w, http:\/\/www.blogdopilako.com.br\/wp\/wp-content\/uploads\/2023\/10\/Pix-arte-final-2-37-2048x802.png 2048w, http:\/\/www.blogdopilako.com.br\/wp\/wp-content\/uploads\/2023\/10\/Pix-arte-final-2-37-500x196.png 500w\" sizes=\"(max-width: 584px) 100vw, 584px\" \/><\/p>\n\n\t\t\t\t<div class=\"mr_social_sharing_wrapper\">\n\t\t\t\t<!-- Social Sharing Toolkit v2.2 --><span class=\"mr_social_sharing_top\"><span style=\"display: inline-block; width: 55px; height: 62px; overflow: hidden;\"><div class=\"fb-like\" data-href=\"http:\/\/www.blogdopilako.com.br\/wp\/2023\/10\/19\/instituto-historico-troca-de-experiencias-e-novas-acoes\/\" data-send=\"false\" data-layout=\"box_count\" data-width=\"55\" data-show-faces=\"false\"><\/div><\/span><\/span><span class=\"mr_social_sharing_top\"><fb:share-button type=\"box_count\" href=\"http:\/\/www.blogdopilako.com.br\/wp\/2023\/10\/19\/instituto-historico-troca-de-experiencias-e-novas-acoes\/\"><\/fb:share-button><\/span><span class=\"mr_social_sharing\"><a rel=\"nofollow\" class=\"linksalpha_button linksalpha_link\" href=\"\/\/www.linksalpha.com\/social\/mobile\" data-url=\"http:\/\/www.blogdopilako.com.br\/wp\/2023\/10\/19\/instituto-historico-troca-de-experiencias-e-novas-acoes\/\" data-text=\"Instituto Hist\u00f3rico \u2013 troca de experi\u00eancias e novas a\u00e7\u00f5es\u2026.\" data-desc=\"Durante o dia de ontem (18) aconteceu na cidade dos Palmares o 1\u00ba Encontro dos Institutos Hist\u00f3ricos da Zona da Mata Sul \u2013 pernambucana. Na pauta, entre outros assuntos, a promo\u00e7\u00e3o da integra\u00e7\u00e3o e troca de experi\u00eancias, no sentido da preserva\u00e7\u00e3o e educa\u00e7\u00e3o patrimonial. Nosso estado \u2013\" data-image=\"http:\/\/www.blogdopilako.com.br\/wp\/wp-content\/uploads\/2023\/10\/c7170ef5-2b15-4514-a2c0-5d7987928203.jpg\" data-button=\"none\">\n\t\t\t\t\t<img src=\"\/\/www.linksalpha.com\/images\/social_share_button.png\" alt=\"Share\" class=\"linksalpha_image\" \/>\n\t\t\t\t\t<\/a><script type=\"text\/javascript\" src=\"\/\/www.linksalpha.com\/scripts\/loader_iconbox.js?v=2.4\"><\/script><\/span><\/div>","protected":false},"excerpt":{"rendered":"\n\t\t\t\t<div class=\"mr_social_sharing_wrapper\">\n\t\t\t\t<!-- Social Sharing Toolkit v2.2 --><span class=\"mr_social_sharing_top\"><span style=\"display: inline-block; width: 55px; height: 62px; overflow: hidden;\"><div class=\"fb-like\" data-href=\"http:\/\/www.blogdopilako.com.br\/wp\/2023\/10\/19\/instituto-historico-troca-de-experiencias-e-novas-acoes\/\" data-send=\"false\" data-layout=\"box_count\" data-width=\"55\" data-show-faces=\"false\"><\/div><\/span><\/span><span class=\"mr_social_sharing_top\"><fb:share-button type=\"box_count\" href=\"http:\/\/www.blogdopilako.com.br\/wp\/2023\/10\/19\/instituto-historico-troca-de-experiencias-e-novas-acoes\/\"><\/fb:share-button><\/span><span class=\"mr_social_sharing\"><a rel=\"nofollow\" class=\"linksalpha_button linksalpha_link\" href=\"\/\/www.linksalpha.com\/social\/mobile\" data-url=\"http:\/\/www.blogdopilako.com.br\/wp\/2023\/10\/19\/instituto-historico-troca-de-experiencias-e-novas-acoes\/\" data-text=\"Instituto Hist\u00f3rico \u2013 troca de experi\u00eancias e novas a\u00e7\u00f5es\u2026.\" data-desc=\"Durante o dia de ontem (18) aconteceu na cidade dos Palmares o 1\u00ba Encontro dos Institutos Hist\u00f3ricos da Zona da Mata Sul \u2013 pernambucana. Na pauta, entre outros assuntos, a promo\u00e7\u00e3o da integra\u00e7\u00e3o e troca de experi\u00eancias, no sentido da preserva\u00e7\u00e3o e educa\u00e7\u00e3o patrimonial. Nosso estado \u2013\" data-image=\"\" data-button=\"none\">\n\t\t\t\t\t<img src=\"\/\/www.linksalpha.com\/images\/social_share_button.png\" alt=\"Share\" class=\"linksalpha_image\" \/>\n\t\t\t\t\t<\/a><script type=\"text\/javascript\" src=\"\/\/www.linksalpha.com\/scripts\/loader_iconbox.js?v=2.4\"><\/script><\/span><\/div><p>Durante o dia de ontem (18) aconteceu na cidade dos Palmares o 1\u00ba Encontro dos Institutos Hist\u00f3ricos da Zona da Mata Sul \u2013 pernambucana. Na pauta, entre outros assuntos, a promo\u00e7\u00e3o da integra\u00e7\u00e3o e troca de experi\u00eancias, no sentido da &hellip; <a href=\"http:\/\/www.blogdopilako.com.br\/wp\/2023\/10\/19\/instituto-historico-troca-de-experiencias-e-novas-acoes\/\">Continue lendo <span class=\"meta-nav\">&rarr;<\/span><\/a><\/p>\n\n\t\t\t\t<div class=\"mr_social_sharing_wrapper\">\n\t\t\t\t<!-- Social Sharing Toolkit v2.2 --><span class=\"mr_social_sharing_top\"><span style=\"display: inline-block; width: 55px; height: 62px; overflow: hidden;\"><div class=\"fb-like\" data-href=\"http:\/\/www.blogdopilako.com.br\/wp\/2023\/10\/19\/instituto-historico-troca-de-experiencias-e-novas-acoes\/\" data-send=\"false\" data-layout=\"box_count\" data-width=\"55\" data-show-faces=\"false\"><\/div><\/span><\/span><span class=\"mr_social_sharing_top\"><fb:share-button type=\"box_count\" href=\"http:\/\/www.blogdopilako.com.br\/wp\/2023\/10\/19\/instituto-historico-troca-de-experiencias-e-novas-acoes\/\"><\/fb:share-button><\/span><span class=\"mr_social_sharing\"><a rel=\"nofollow\" class=\"linksalpha_button linksalpha_link\" href=\"\/\/www.linksalpha.com\/social\/mobile\" data-url=\"http:\/\/www.blogdopilako.com.br\/wp\/2023\/10\/19\/instituto-historico-troca-de-experiencias-e-novas-acoes\/\" data-text=\"Instituto Hist\u00f3rico \u2013 troca de experi\u00eancias e novas a\u00e7\u00f5es\u2026.\" data-desc=\"Durante o dia de ontem (18) aconteceu na cidade dos Palmares o 1\u00ba Encontro dos Institutos Hist\u00f3ricos da Zona da Mata Sul \u2013 pernambucana. Na pauta, entre outros assuntos, a promo\u00e7\u00e3o da integra\u00e7\u00e3o e troca de experi\u00eancias, no sentido da preserva\u00e7\u00e3o e educa\u00e7\u00e3o patrimonial. Nosso estado \u2013\" data-image=\"\" data-button=\"none\">\n\t\t\t\t\t<img src=\"\/\/www.linksalpha.com\/images\/social_share_button.png\" alt=\"Share\" class=\"linksalpha_image\" \/>\n\t\t\t\t\t<\/a><script type=\"text\/javascript\" src=\"\/\/www.linksalpha.com\/scripts\/loader_iconbox.js?v=2.4\"><\/script><\/span><\/div>","protected":false},"author":2,"featured_media":0,"comment_status":"open","ping_status":"open","sticky":false,"template":"","format":"standard","meta":[],"categories":[21],"tags":[],"_links":{"self":[{"href":"http:\/\/www.blogdopilako.com.br\/wp\/wp-json\/wp\/v2\/posts\/142359"}],"collection":[{"href":"http:\/\/www.blogdopilako.com.br\/wp\/wp-json\/wp\/v2\/posts"}],"about":[{"href":"http:\/\/www.blogdopilako.com.br\/wp\/wp-json\/wp\/v2\/types\/post"}],"author":[{"embeddable":true,"href":"http:\/\/www.blogdopilako.com.br\/wp\/wp-json\/wp\/v2\/users\/2"}],"replies":[{"embeddable":true,"href":"http:\/\/www.blogdopilako.com.br\/wp\/wp-json\/wp\/v2\/comments?post=142359"}],"version-history":[{"count":1,"href":"http:\/\/www.blogdopilako.com.br\/wp\/wp-json\/wp\/v2\/posts\/142359\/revisions"}],"predecessor-version":[{"id":142366,"href":"http:\/\/www.blogdopilako.com.br\/wp\/wp-json\/wp\/v2\/posts\/142359\/revisions\/142366"}],"wp:attachment":[{"href":"http:\/\/www.blogdopilako.com.br\/wp\/wp-json\/wp\/v2\/media?parent=142359"}],"wp:term":[{"taxonomy":"category","embeddable":true,"href":"http:\/\/www.blogdopilako.com.br\/wp\/wp-json\/wp\/v2\/categories?post=142359"},{"taxonomy":"post_tag","embeddable":true,"href":"http:\/\/www.blogdopilako.com.br\/wp\/wp-json\/wp\/v2\/tags?post=142359"}],"curies":[{"name":"wp","href":"https:\/\/api.w.org\/{rel}","templated":true}]}}