{"id":142354,"date":"2023-10-19T10:00:15","date_gmt":"2023-10-19T13:00:15","guid":{"rendered":"http:\/\/www.blogdopilako.com.br\/wp\/?p=142354"},"modified":"2023-10-19T10:00:15","modified_gmt":"2023-10-19T13:00:15","slug":"o-grande-evento-do-ano-esta-chegando-grau-tecnico-vitoria","status":"publish","type":"post","link":"http:\/\/www.blogdopilako.com.br\/wp\/2023\/10\/19\/o-grande-evento-do-ano-esta-chegando-grau-tecnico-vitoria\/","title":{"rendered":"O GRANDE EVENTO DO ANO EST\u00c1 CHEGANDO!!! &#8211; GRAU T\u00c9CNICO VIT\u00d3RIA."},"content":{"rendered":"\n\t\t\t\t<div class=\"mr_social_sharing_wrapper\">\n\t\t\t\t<!-- Social Sharing Toolkit v2.2 --><span class=\"mr_social_sharing_top\"><span style=\"display: inline-block; width: 55px; height: 62px; overflow: hidden;\"><div class=\"fb-like\" data-href=\"http:\/\/www.blogdopilako.com.br\/wp\/2023\/10\/19\/o-grande-evento-do-ano-esta-chegando-grau-tecnico-vitoria\/\" data-send=\"false\" data-layout=\"box_count\" data-width=\"55\" data-show-faces=\"false\"><\/div><\/span><\/span><span class=\"mr_social_sharing_top\"><fb:share-button type=\"box_count\" href=\"http:\/\/www.blogdopilako.com.br\/wp\/2023\/10\/19\/o-grande-evento-do-ano-esta-chegando-grau-tecnico-vitoria\/\"><\/fb:share-button><\/span><span class=\"mr_social_sharing\"><a rel=\"nofollow\" class=\"linksalpha_button linksalpha_link\" href=\"\/\/www.linksalpha.com\/social\/mobile\" data-url=\"http:\/\/www.blogdopilako.com.br\/wp\/2023\/10\/19\/o-grande-evento-do-ano-esta-chegando-grau-tecnico-vitoria\/\" data-text=\"O GRANDE EVENTO DO ANO EST\u00c1 CHEGANDO!!! \u2013 GRAU T\u00c9CNICO VIT\u00d3RIA.\" data-desc=\"O GRANDE EVENTO DO ANO EST\u00c1 CHEGANDO!!! EEEEHH! A FEIRA DE EMPREGABILIDADE DO GRAU T\u00c9CNICO VIT\u00d3RIA EST\u00c1 DE VOLTA!!! VENHA PARTICIPAR DA QUARTA EDI\u00c7\u00c3O , NO DIA 27 DE OUTUBRO, DAS 9H AS 16H! V\u00c1RIAS EMPRESAS V\u00c3O ESTAR PRESENTES, EM BUSCA DO SEU CURR\u00cdCULO! ESSA \u00c9 A SUA GRANDE CHANCE DE ENTRAR\" data-image=\"http:\/\/www.blogdopilako.com.br\/wp\/wp-content\/uploads\/2023\/10\/2e9ff8bb-beb8-4176-be51-3b0749fdaa14.jpg\" data-button=\"none\">\n\t\t\t\t\t<img src=\"\/\/www.linksalpha.com\/images\/social_share_button.png\" alt=\"Share\" class=\"linksalpha_image\" \/>\n\t\t\t\t\t<\/a><script type=\"text\/javascript\" src=\"\/\/www.linksalpha.com\/scripts\/loader_iconbox.js?v=2.4\"><\/script><\/span><\/div><p><img loading=\"lazy\" class=\"aligncenter wp-image-142356 size-full\" src=\"http:\/\/www.blogdopilako.com.br\/wp\/wp-content\/uploads\/2023\/10\/2e9ff8bb-beb8-4176-be51-3b0749fdaa14.jpg\" alt=\"\" width=\"1175\" height=\"1600\" srcset=\"http:\/\/www.blogdopilako.com.br\/wp\/wp-content\/uploads\/2023\/10\/2e9ff8bb-beb8-4176-be51-3b0749fdaa14.jpg 1175w, http:\/\/www.blogdopilako.com.br\/wp\/wp-content\/uploads\/2023\/10\/2e9ff8bb-beb8-4176-be51-3b0749fdaa14-220x300.jpg 220w, http:\/\/www.blogdopilako.com.br\/wp\/wp-content\/uploads\/2023\/10\/2e9ff8bb-beb8-4176-be51-3b0749fdaa14-752x1024.jpg 752w, http:\/\/www.blogdopilako.com.br\/wp\/wp-content\/uploads\/2023\/10\/2e9ff8bb-beb8-4176-be51-3b0749fdaa14-768x1046.jpg 768w, http:\/\/www.blogdopilako.com.br\/wp\/wp-content\/uploads\/2023\/10\/2e9ff8bb-beb8-4176-be51-3b0749fdaa14-1128x1536.jpg 1128w\" sizes=\"(max-width: 1175px) 100vw, 1175px\" \/><\/p>\n<p style=\"text-align: justify;\">O GRANDE EVENTO DO ANO EST\u00c1 CHEGANDO!!! EEEEHH! A FEIRA DE EMPREGABILIDADE DO GRAU T\u00c9CNICO VIT\u00d3RIA EST\u00c1 DE VOLTA!!! VENHA PARTICIPAR DA QUARTA EDI\u00c7\u00c3O , NO DIA 27 DE OUTUBRO, DAS 9H AS 16H! V\u00c1RIAS EMPRESAS V\u00c3O ESTAR PRESENTES, EM BUSCA DO SEU CURR\u00cdCULO! ESSA \u00c9 A SUA GRANDE CHANCE DE ENTRAR NO MERCADO DE TRABALHO E MUDAR DE VIDA!<\/p>\n<p><img loading=\"lazy\" class=\"aligncenter wp-image-142357 size-full\" src=\"http:\/\/www.blogdopilako.com.br\/wp\/wp-content\/uploads\/2023\/10\/96fe5ddc-dc1e-4181-92a6-0855080fd1f7.jpg\" alt=\"\" width=\"1130\" height=\"1600\" srcset=\"http:\/\/www.blogdopilako.com.br\/wp\/wp-content\/uploads\/2023\/10\/96fe5ddc-dc1e-4181-92a6-0855080fd1f7.jpg 1130w, http:\/\/www.blogdopilako.com.br\/wp\/wp-content\/uploads\/2023\/10\/96fe5ddc-dc1e-4181-92a6-0855080fd1f7-212x300.jpg 212w, http:\/\/www.blogdopilako.com.br\/wp\/wp-content\/uploads\/2023\/10\/96fe5ddc-dc1e-4181-92a6-0855080fd1f7-723x1024.jpg 723w, http:\/\/www.blogdopilako.com.br\/wp\/wp-content\/uploads\/2023\/10\/96fe5ddc-dc1e-4181-92a6-0855080fd1f7-768x1087.jpg 768w, http:\/\/www.blogdopilako.com.br\/wp\/wp-content\/uploads\/2023\/10\/96fe5ddc-dc1e-4181-92a6-0855080fd1f7-1085x1536.jpg 1085w\" sizes=\"(max-width: 1130px) 100vw, 1130px\" \/><\/p>\n<p style=\"text-align: justify;\">ANOTE AI NA AGENDA E CHAME TODO MUNDO! FEIRA DE EMPREGABILIDADE GRAU T\u00c9CNICO VIT\u00d3RIA! DIA 27 DE OUTUBRO, DAS 9H \u00c0S 16H, NA AVENIDA HENRIQUE DE HOLANDA, NUMERO 1210! QUEM PENSA NO FUTURO<br \/>\nFAZ GRAU TECNICO!<\/p>\n<p><strong>Assessoria.\u00a0<\/strong><\/p>\n<p><img loading=\"lazy\" class=\"aligncenter wp-image-142355 size-large\" src=\"http:\/\/www.blogdopilako.com.br\/wp\/wp-content\/uploads\/2023\/10\/Pix-arte-final-2-36-1024x401.png\" alt=\"\" width=\"584\" height=\"229\" srcset=\"http:\/\/www.blogdopilako.com.br\/wp\/wp-content\/uploads\/2023\/10\/Pix-arte-final-2-36-1024x401.png 1024w, http:\/\/www.blogdopilako.com.br\/wp\/wp-content\/uploads\/2023\/10\/Pix-arte-final-2-36-300x117.png 300w, http:\/\/www.blogdopilako.com.br\/wp\/wp-content\/uploads\/2023\/10\/Pix-arte-final-2-36-768x301.png 768w, http:\/\/www.blogdopilako.com.br\/wp\/wp-content\/uploads\/2023\/10\/Pix-arte-final-2-36-1536x601.png 1536w, http:\/\/www.blogdopilako.com.br\/wp\/wp-content\/uploads\/2023\/10\/Pix-arte-final-2-36-2048x802.png 2048w, http:\/\/www.blogdopilako.com.br\/wp\/wp-content\/uploads\/2023\/10\/Pix-arte-final-2-36-500x196.png 500w\" sizes=\"(max-width: 584px) 100vw, 584px\" \/><\/p>\n\n\t\t\t\t<div class=\"mr_social_sharing_wrapper\">\n\t\t\t\t<!-- Social Sharing Toolkit v2.2 --><span class=\"mr_social_sharing_top\"><span style=\"display: inline-block; width: 55px; height: 62px; overflow: hidden;\"><div class=\"fb-like\" data-href=\"http:\/\/www.blogdopilako.com.br\/wp\/2023\/10\/19\/o-grande-evento-do-ano-esta-chegando-grau-tecnico-vitoria\/\" data-send=\"false\" data-layout=\"box_count\" data-width=\"55\" data-show-faces=\"false\"><\/div><\/span><\/span><span class=\"mr_social_sharing_top\"><fb:share-button type=\"box_count\" href=\"http:\/\/www.blogdopilako.com.br\/wp\/2023\/10\/19\/o-grande-evento-do-ano-esta-chegando-grau-tecnico-vitoria\/\"><\/fb:share-button><\/span><span class=\"mr_social_sharing\"><a rel=\"nofollow\" class=\"linksalpha_button linksalpha_link\" href=\"\/\/www.linksalpha.com\/social\/mobile\" data-url=\"http:\/\/www.blogdopilako.com.br\/wp\/2023\/10\/19\/o-grande-evento-do-ano-esta-chegando-grau-tecnico-vitoria\/\" data-text=\"O GRANDE EVENTO DO ANO EST\u00c1 CHEGANDO!!! \u2013 GRAU T\u00c9CNICO VIT\u00d3RIA.\" data-desc=\"O GRANDE EVENTO DO ANO EST\u00c1 CHEGANDO!!! EEEEHH! A FEIRA DE EMPREGABILIDADE DO GRAU T\u00c9CNICO VIT\u00d3RIA EST\u00c1 DE VOLTA!!! VENHA PARTICIPAR DA QUARTA EDI\u00c7\u00c3O , NO DIA 27 DE OUTUBRO, DAS 9H AS 16H! V\u00c1RIAS EMPRESAS V\u00c3O ESTAR PRESENTES, EM BUSCA DO SEU CURR\u00cdCULO! ESSA \u00c9 A SUA GRANDE CHANCE DE ENTRAR\" data-image=\"http:\/\/www.blogdopilako.com.br\/wp\/wp-content\/uploads\/2023\/10\/2e9ff8bb-beb8-4176-be51-3b0749fdaa14.jpg\" data-button=\"none\">\n\t\t\t\t\t<img src=\"\/\/www.linksalpha.com\/images\/social_share_button.png\" alt=\"Share\" class=\"linksalpha_image\" \/>\n\t\t\t\t\t<\/a><script type=\"text\/javascript\" src=\"\/\/www.linksalpha.com\/scripts\/loader_iconbox.js?v=2.4\"><\/script><\/span><\/div>","protected":false},"excerpt":{"rendered":"\n\t\t\t\t<div class=\"mr_social_sharing_wrapper\">\n\t\t\t\t<!-- Social Sharing Toolkit v2.2 --><span class=\"mr_social_sharing_top\"><span style=\"display: inline-block; width: 55px; height: 62px; overflow: hidden;\"><div class=\"fb-like\" data-href=\"http:\/\/www.blogdopilako.com.br\/wp\/2023\/10\/19\/o-grande-evento-do-ano-esta-chegando-grau-tecnico-vitoria\/\" data-send=\"false\" data-layout=\"box_count\" data-width=\"55\" data-show-faces=\"false\"><\/div><\/span><\/span><span class=\"mr_social_sharing_top\"><fb:share-button type=\"box_count\" href=\"http:\/\/www.blogdopilako.com.br\/wp\/2023\/10\/19\/o-grande-evento-do-ano-esta-chegando-grau-tecnico-vitoria\/\"><\/fb:share-button><\/span><span class=\"mr_social_sharing\"><a rel=\"nofollow\" class=\"linksalpha_button linksalpha_link\" href=\"\/\/www.linksalpha.com\/social\/mobile\" data-url=\"http:\/\/www.blogdopilako.com.br\/wp\/2023\/10\/19\/o-grande-evento-do-ano-esta-chegando-grau-tecnico-vitoria\/\" data-text=\"O GRANDE EVENTO DO ANO EST\u00c1 CHEGANDO!!! \u2013 GRAU T\u00c9CNICO VIT\u00d3RIA.\" data-desc=\"O GRANDE EVENTO DO ANO EST\u00c1 CHEGANDO!!! EEEEHH! A FEIRA DE EMPREGABILIDADE DO GRAU T\u00c9CNICO VIT\u00d3RIA EST\u00c1 DE VOLTA!!! VENHA PARTICIPAR DA QUARTA EDI\u00c7\u00c3O , NO DIA 27 DE OUTUBRO, DAS 9H AS 16H! V\u00c1RIAS EMPRESAS V\u00c3O ESTAR PRESENTES, EM BUSCA DO SEU CURR\u00cdCULO! ESSA \u00c9 A SUA GRANDE CHANCE DE ENTRAR\" data-image=\"\" data-button=\"none\">\n\t\t\t\t\t<img src=\"\/\/www.linksalpha.com\/images\/social_share_button.png\" alt=\"Share\" class=\"linksalpha_image\" \/>\n\t\t\t\t\t<\/a><script type=\"text\/javascript\" src=\"\/\/www.linksalpha.com\/scripts\/loader_iconbox.js?v=2.4\"><\/script><\/span><\/div><p>O GRANDE EVENTO DO ANO EST\u00c1 CHEGANDO!!! EEEEHH! A FEIRA DE EMPREGABILIDADE DO GRAU T\u00c9CNICO VIT\u00d3RIA EST\u00c1 DE VOLTA!!! VENHA PARTICIPAR DA QUARTA EDI\u00c7\u00c3O , NO DIA 27 DE OUTUBRO, DAS 9H AS 16H! V\u00c1RIAS EMPRESAS V\u00c3O ESTAR PRESENTES, EM &hellip; <a href=\"http:\/\/www.blogdopilako.com.br\/wp\/2023\/10\/19\/o-grande-evento-do-ano-esta-chegando-grau-tecnico-vitoria\/\">Continue lendo <span class=\"meta-nav\">&rarr;<\/span><\/a><\/p>\n\n\t\t\t\t<div class=\"mr_social_sharing_wrapper\">\n\t\t\t\t<!-- Social Sharing Toolkit v2.2 --><span class=\"mr_social_sharing_top\"><span style=\"display: inline-block; width: 55px; height: 62px; overflow: hidden;\"><div class=\"fb-like\" data-href=\"http:\/\/www.blogdopilako.com.br\/wp\/2023\/10\/19\/o-grande-evento-do-ano-esta-chegando-grau-tecnico-vitoria\/\" data-send=\"false\" data-layout=\"box_count\" data-width=\"55\" data-show-faces=\"false\"><\/div><\/span><\/span><span class=\"mr_social_sharing_top\"><fb:share-button type=\"box_count\" href=\"http:\/\/www.blogdopilako.com.br\/wp\/2023\/10\/19\/o-grande-evento-do-ano-esta-chegando-grau-tecnico-vitoria\/\"><\/fb:share-button><\/span><span class=\"mr_social_sharing\"><a rel=\"nofollow\" class=\"linksalpha_button linksalpha_link\" href=\"\/\/www.linksalpha.com\/social\/mobile\" data-url=\"http:\/\/www.blogdopilako.com.br\/wp\/2023\/10\/19\/o-grande-evento-do-ano-esta-chegando-grau-tecnico-vitoria\/\" data-text=\"O GRANDE EVENTO DO ANO EST\u00c1 CHEGANDO!!! \u2013 GRAU T\u00c9CNICO VIT\u00d3RIA.\" data-desc=\"O GRANDE EVENTO DO ANO EST\u00c1 CHEGANDO!!! EEEEHH! A FEIRA DE EMPREGABILIDADE DO GRAU T\u00c9CNICO VIT\u00d3RIA EST\u00c1 DE VOLTA!!! VENHA PARTICIPAR DA QUARTA EDI\u00c7\u00c3O , NO DIA 27 DE OUTUBRO, DAS 9H AS 16H! V\u00c1RIAS EMPRESAS V\u00c3O ESTAR PRESENTES, EM BUSCA DO SEU CURR\u00cdCULO! ESSA \u00c9 A SUA GRANDE CHANCE DE ENTRAR\" data-image=\"\" data-button=\"none\">\n\t\t\t\t\t<img src=\"\/\/www.linksalpha.com\/images\/social_share_button.png\" alt=\"Share\" class=\"linksalpha_image\" \/>\n\t\t\t\t\t<\/a><script type=\"text\/javascript\" src=\"\/\/www.linksalpha.com\/scripts\/loader_iconbox.js?v=2.4\"><\/script><\/span><\/div>","protected":false},"author":2,"featured_media":0,"comment_status":"open","ping_status":"open","sticky":false,"template":"","format":"standard","meta":[],"categories":[21,120],"tags":[],"_links":{"self":[{"href":"http:\/\/www.blogdopilako.com.br\/wp\/wp-json\/wp\/v2\/posts\/142354"}],"collection":[{"href":"http:\/\/www.blogdopilako.com.br\/wp\/wp-json\/wp\/v2\/posts"}],"about":[{"href":"http:\/\/www.blogdopilako.com.br\/wp\/wp-json\/wp\/v2\/types\/post"}],"author":[{"embeddable":true,"href":"http:\/\/www.blogdopilako.com.br\/wp\/wp-json\/wp\/v2\/users\/2"}],"replies":[{"embeddable":true,"href":"http:\/\/www.blogdopilako.com.br\/wp\/wp-json\/wp\/v2\/comments?post=142354"}],"version-history":[{"count":1,"href":"http:\/\/www.blogdopilako.com.br\/wp\/wp-json\/wp\/v2\/posts\/142354\/revisions"}],"predecessor-version":[{"id":142358,"href":"http:\/\/www.blogdopilako.com.br\/wp\/wp-json\/wp\/v2\/posts\/142354\/revisions\/142358"}],"wp:attachment":[{"href":"http:\/\/www.blogdopilako.com.br\/wp\/wp-json\/wp\/v2\/media?parent=142354"}],"wp:term":[{"taxonomy":"category","embeddable":true,"href":"http:\/\/www.blogdopilako.com.br\/wp\/wp-json\/wp\/v2\/categories?post=142354"},{"taxonomy":"post_tag","embeddable":true,"href":"http:\/\/www.blogdopilako.com.br\/wp\/wp-json\/wp\/v2\/tags?post=142354"}],"curies":[{"name":"wp","href":"https:\/\/api.w.org\/{rel}","templated":true}]}}