{"id":142350,"date":"2023-10-19T09:49:38","date_gmt":"2023-10-19T12:49:38","guid":{"rendered":"http:\/\/www.blogdopilako.com.br\/wp\/?p=142350"},"modified":"2023-10-19T09:49:38","modified_gmt":"2023-10-19T12:49:38","slug":"este-e-edgardo-tito-sicato-da-silva-por-historia_em_retalhos","status":"publish","type":"post","link":"http:\/\/www.blogdopilako.com.br\/wp\/2023\/10\/19\/este-e-edgardo-tito-sicato-da-silva-por-historia_em_retalhos\/","title":{"rendered":"Este \u00e9 Edgardo Tito Sicato da Silva &#8211; por @historia_em_retalhos."},"content":{"rendered":"\n\t\t\t\t<div class=\"mr_social_sharing_wrapper\">\n\t\t\t\t<!-- Social Sharing Toolkit v2.2 --><span class=\"mr_social_sharing_top\"><span style=\"display: inline-block; width: 55px; height: 62px; overflow: hidden;\"><div class=\"fb-like\" data-href=\"http:\/\/www.blogdopilako.com.br\/wp\/2023\/10\/19\/este-e-edgardo-tito-sicato-da-silva-por-historia_em_retalhos\/\" data-send=\"false\" data-layout=\"box_count\" data-width=\"55\" data-show-faces=\"false\"><\/div><\/span><\/span><span class=\"mr_social_sharing_top\"><fb:share-button type=\"box_count\" href=\"http:\/\/www.blogdopilako.com.br\/wp\/2023\/10\/19\/este-e-edgardo-tito-sicato-da-silva-por-historia_em_retalhos\/\"><\/fb:share-button><\/span><span class=\"mr_social_sharing\"><a rel=\"nofollow\" class=\"linksalpha_button linksalpha_link\" href=\"\/\/www.linksalpha.com\/social\/mobile\" data-url=\"http:\/\/www.blogdopilako.com.br\/wp\/2023\/10\/19\/este-e-edgardo-tito-sicato-da-silva-por-historia_em_retalhos\/\" data-text=\"Este \u00e9 Edgardo Tito Sicato da Silva \u2013 por @historia_em_retalhos.\" data-desc=\"Quem v\u00ea esse sorriso largo no rosto n\u00e3o imagina a hist\u00f3ria por tr\u00e1s deste angolano lutador, naturalizado brasileiro. Edgardo imigrou para o Brasil na condi\u00e7\u00e3o de refugiado no ano de 1989. \u00c0quela \u00e9poca, Angola vivia o horror de uma sangrenta guerra civil. T\u00e3o logo se tornou independente de\" data-image=\"http:\/\/www.blogdopilako.com.br\/wp\/wp-content\/uploads\/2023\/10\/07aff04f-f0e2-472b-9227-db74969da2f2.jpg\" data-button=\"none\">\n\t\t\t\t\t<img src=\"\/\/www.linksalpha.com\/images\/social_share_button.png\" alt=\"Share\" class=\"linksalpha_image\" \/>\n\t\t\t\t\t<\/a><script type=\"text\/javascript\" src=\"\/\/www.linksalpha.com\/scripts\/loader_iconbox.js?v=2.4\"><\/script><\/span><\/div><p><img loading=\"lazy\" class=\"aligncenter wp-image-142352 size-full\" src=\"http:\/\/www.blogdopilako.com.br\/wp\/wp-content\/uploads\/2023\/10\/07aff04f-f0e2-472b-9227-db74969da2f2.jpg\" alt=\"\" width=\"640\" height=\"622\" srcset=\"http:\/\/www.blogdopilako.com.br\/wp\/wp-content\/uploads\/2023\/10\/07aff04f-f0e2-472b-9227-db74969da2f2.jpg 640w, http:\/\/www.blogdopilako.com.br\/wp\/wp-content\/uploads\/2023\/10\/07aff04f-f0e2-472b-9227-db74969da2f2-300x292.jpg 300w, http:\/\/www.blogdopilako.com.br\/wp\/wp-content\/uploads\/2023\/10\/07aff04f-f0e2-472b-9227-db74969da2f2-309x300.jpg 309w\" sizes=\"(max-width: 640px) 100vw, 640px\" \/><\/p>\n<p style=\"text-align: justify;\">Quem v\u00ea esse sorriso largo no rosto n\u00e3o imagina a hist\u00f3ria por tr\u00e1s deste angolano lutador, naturalizado brasileiro.<\/p>\n<p style=\"text-align: justify;\">Edgardo imigrou para o Brasil na condi\u00e7\u00e3o de refugiado no ano de 1989.<\/p>\n<p style=\"text-align: justify;\">\u00c0quela \u00e9poca, Angola vivia o horror de uma sangrenta guerra civil.<\/p>\n<p style=\"text-align: justify;\">T\u00e3o logo se tornou independente de Portugal, em 1975, o pa\u00eds mergulhou em uma luta fraticida entre dois ex-movimentos de guerrilha anticolonial: o MPLA, apoiado pela antiga Uni\u00e3o Sovi\u00e9tica, e a UNITA, apoiada pelos EUA.<\/p>\n<p style=\"text-align: justify;\">Esta guerra interna teve um custo alt\u00edssimo, com milhares de mortos e mutilados, destrui\u00e7\u00f5es de vulto nas cidades e o comprometimento grave da infraestrutura do pa\u00eds (estradas, pontes, aeroportos etc).<\/p>\n<p style=\"text-align: justify;\">Antes de completar 11 anos, Edgardo vivenciou a maior trag\u00e9dia da sua vida: assistiu \u00e0 morte da pr\u00f3pria m\u00e3e, alvo de um bombardeio praticado pela UNITA, no local onde moravam.<\/p>\n<p style=\"text-align: justify;\">Dona Isabel, sua m\u00e3e, foi atingida pelos estilha\u00e7os de uma bomba que a feriram letalmente nas regi\u00f5es da cabe\u00e7a e do peito.<\/p>\n<p style=\"text-align: justify;\">O aspecto mais doloroso: sair de casa naquelas circunst\u00e2ncias de guerra para buscar socorro significaria a morte dos demais integrantes da fam\u00edlia, de sorte que a pr\u00f3pria dona Isabel pediu aos familiares que apenas se mantivessem ao seu redor, rezando, enquanto desfalecia aos poucos.<\/p>\n<p style=\"text-align: justify;\">Toda guerra \u00e9 insana e este dia mudou radicalmente a vida de Edgardo.<\/p>\n<p style=\"text-align: justify;\">Indefeso, \u00f3rf\u00e3o da m\u00e3e, afastado do pai e em um pa\u00eds banhado de sangue, a sua vida parecia fadada ao mesmo fim das demais crian\u00e7as angolanas: ser for\u00e7ado a incorporar-se \u00e0s guerrilhas ou morrer.<\/p>\n<p style=\"text-align: justify;\">Tr\u00eas anjos, todavia, entraram em seu caminho, trazendo-o para o Brasil: os tios Teodoro e Am\u00e9lia Chitunda (foto) e a freira Frances.<\/p>\n<p style=\"text-align: justify;\">Esta \u00faltima fez contato com as irm\u00e3s beneditinas da Academia Santa Gertrudes, em Olinda\/PE, que acolheram a todos, garantindo-lhes trabalho, moradia e educa\u00e7\u00e3o.<\/p>\n<p style=\"text-align: justify;\">No Brasil, Edgardo concluiu os seus estudos e, hoje, vive em paz em Caruaru, ao lado da esposa Helena.<\/p>\n<p style=\"text-align: justify;\">Para quem n\u00e3o sabe, h\u00e1 31 anos, este angolano\/brasileiro \u00e9 um amigo-irm\u00e3o deste subscritor.<\/p>\n<p style=\"text-align: justify;\">\u00c0 sua hist\u00f3ria de luta e supera\u00e7\u00e3o, eu presto esta homenagem no dia de hoje.<br \/>\n.<br \/>\n<strong>Siga: @historia_em_retalhos<\/strong><\/p>\n<p><a href=\"https:\/\/www.instagram.com\/p\/CyiVzmcOJZv\/?igshid=MTc4MmM1YmI2Ng%3D%3D\">https:\/\/www.instagram.com\/p\/CyiVzmcOJZv\/?igshid=MTc4MmM1YmI2Ng%3D%3D<\/a><\/p>\n<p><img loading=\"lazy\" class=\"aligncenter wp-image-142351 size-large\" src=\"http:\/\/www.blogdopilako.com.br\/wp\/wp-content\/uploads\/2023\/10\/Pix-arte-final-2-35-1024x401.png\" alt=\"\" width=\"584\" height=\"229\" srcset=\"http:\/\/www.blogdopilako.com.br\/wp\/wp-content\/uploads\/2023\/10\/Pix-arte-final-2-35-1024x401.png 1024w, http:\/\/www.blogdopilako.com.br\/wp\/wp-content\/uploads\/2023\/10\/Pix-arte-final-2-35-300x117.png 300w, http:\/\/www.blogdopilako.com.br\/wp\/wp-content\/uploads\/2023\/10\/Pix-arte-final-2-35-768x301.png 768w, http:\/\/www.blogdopilako.com.br\/wp\/wp-content\/uploads\/2023\/10\/Pix-arte-final-2-35-1536x601.png 1536w, http:\/\/www.blogdopilako.com.br\/wp\/wp-content\/uploads\/2023\/10\/Pix-arte-final-2-35-2048x802.png 2048w, http:\/\/www.blogdopilako.com.br\/wp\/wp-content\/uploads\/2023\/10\/Pix-arte-final-2-35-500x196.png 500w\" sizes=\"(max-width: 584px) 100vw, 584px\" \/><\/p>\n\n\t\t\t\t<div class=\"mr_social_sharing_wrapper\">\n\t\t\t\t<!-- Social Sharing Toolkit v2.2 --><span class=\"mr_social_sharing_top\"><span style=\"display: inline-block; width: 55px; height: 62px; overflow: hidden;\"><div class=\"fb-like\" data-href=\"http:\/\/www.blogdopilako.com.br\/wp\/2023\/10\/19\/este-e-edgardo-tito-sicato-da-silva-por-historia_em_retalhos\/\" data-send=\"false\" data-layout=\"box_count\" data-width=\"55\" data-show-faces=\"false\"><\/div><\/span><\/span><span class=\"mr_social_sharing_top\"><fb:share-button type=\"box_count\" href=\"http:\/\/www.blogdopilako.com.br\/wp\/2023\/10\/19\/este-e-edgardo-tito-sicato-da-silva-por-historia_em_retalhos\/\"><\/fb:share-button><\/span><span class=\"mr_social_sharing\"><a rel=\"nofollow\" class=\"linksalpha_button linksalpha_link\" href=\"\/\/www.linksalpha.com\/social\/mobile\" data-url=\"http:\/\/www.blogdopilako.com.br\/wp\/2023\/10\/19\/este-e-edgardo-tito-sicato-da-silva-por-historia_em_retalhos\/\" data-text=\"Este \u00e9 Edgardo Tito Sicato da Silva \u2013 por @historia_em_retalhos.\" data-desc=\"Quem v\u00ea esse sorriso largo no rosto n\u00e3o imagina a hist\u00f3ria por tr\u00e1s deste angolano lutador, naturalizado brasileiro. Edgardo imigrou para o Brasil na condi\u00e7\u00e3o de refugiado no ano de 1989. \u00c0quela \u00e9poca, Angola vivia o horror de uma sangrenta guerra civil. T\u00e3o logo se tornou independente de\" data-image=\"http:\/\/www.blogdopilako.com.br\/wp\/wp-content\/uploads\/2023\/10\/07aff04f-f0e2-472b-9227-db74969da2f2.jpg\" data-button=\"none\">\n\t\t\t\t\t<img src=\"\/\/www.linksalpha.com\/images\/social_share_button.png\" alt=\"Share\" class=\"linksalpha_image\" \/>\n\t\t\t\t\t<\/a><script type=\"text\/javascript\" src=\"\/\/www.linksalpha.com\/scripts\/loader_iconbox.js?v=2.4\"><\/script><\/span><\/div>","protected":false},"excerpt":{"rendered":"\n\t\t\t\t<div class=\"mr_social_sharing_wrapper\">\n\t\t\t\t<!-- Social Sharing Toolkit v2.2 --><span class=\"mr_social_sharing_top\"><span style=\"display: inline-block; width: 55px; height: 62px; overflow: hidden;\"><div class=\"fb-like\" data-href=\"http:\/\/www.blogdopilako.com.br\/wp\/2023\/10\/19\/este-e-edgardo-tito-sicato-da-silva-por-historia_em_retalhos\/\" data-send=\"false\" data-layout=\"box_count\" data-width=\"55\" data-show-faces=\"false\"><\/div><\/span><\/span><span class=\"mr_social_sharing_top\"><fb:share-button type=\"box_count\" href=\"http:\/\/www.blogdopilako.com.br\/wp\/2023\/10\/19\/este-e-edgardo-tito-sicato-da-silva-por-historia_em_retalhos\/\"><\/fb:share-button><\/span><span class=\"mr_social_sharing\"><a rel=\"nofollow\" class=\"linksalpha_button linksalpha_link\" href=\"\/\/www.linksalpha.com\/social\/mobile\" data-url=\"http:\/\/www.blogdopilako.com.br\/wp\/2023\/10\/19\/este-e-edgardo-tito-sicato-da-silva-por-historia_em_retalhos\/\" data-text=\"Este \u00e9 Edgardo Tito Sicato da Silva \u2013 por @historia_em_retalhos.\" data-desc=\"Quem v\u00ea esse sorriso largo no rosto n\u00e3o imagina a hist\u00f3ria por tr\u00e1s deste angolano lutador, naturalizado brasileiro. Edgardo imigrou para o Brasil na condi\u00e7\u00e3o de refugiado no ano de 1989. \u00c0quela \u00e9poca, Angola vivia o horror de uma sangrenta guerra civil. T\u00e3o logo se tornou independente de\" data-image=\"\" data-button=\"none\">\n\t\t\t\t\t<img src=\"\/\/www.linksalpha.com\/images\/social_share_button.png\" alt=\"Share\" class=\"linksalpha_image\" \/>\n\t\t\t\t\t<\/a><script type=\"text\/javascript\" src=\"\/\/www.linksalpha.com\/scripts\/loader_iconbox.js?v=2.4\"><\/script><\/span><\/div><p>Quem v\u00ea esse sorriso largo no rosto n\u00e3o imagina a hist\u00f3ria por tr\u00e1s deste angolano lutador, naturalizado brasileiro. Edgardo imigrou para o Brasil na condi\u00e7\u00e3o de refugiado no ano de 1989. \u00c0quela \u00e9poca, Angola vivia o horror de uma sangrenta &hellip; <a href=\"http:\/\/www.blogdopilako.com.br\/wp\/2023\/10\/19\/este-e-edgardo-tito-sicato-da-silva-por-historia_em_retalhos\/\">Continue lendo <span class=\"meta-nav\">&rarr;<\/span><\/a><\/p>\n\n\t\t\t\t<div class=\"mr_social_sharing_wrapper\">\n\t\t\t\t<!-- Social Sharing Toolkit v2.2 --><span class=\"mr_social_sharing_top\"><span style=\"display: inline-block; width: 55px; height: 62px; overflow: hidden;\"><div class=\"fb-like\" data-href=\"http:\/\/www.blogdopilako.com.br\/wp\/2023\/10\/19\/este-e-edgardo-tito-sicato-da-silva-por-historia_em_retalhos\/\" data-send=\"false\" data-layout=\"box_count\" data-width=\"55\" data-show-faces=\"false\"><\/div><\/span><\/span><span class=\"mr_social_sharing_top\"><fb:share-button type=\"box_count\" href=\"http:\/\/www.blogdopilako.com.br\/wp\/2023\/10\/19\/este-e-edgardo-tito-sicato-da-silva-por-historia_em_retalhos\/\"><\/fb:share-button><\/span><span class=\"mr_social_sharing\"><a rel=\"nofollow\" class=\"linksalpha_button linksalpha_link\" href=\"\/\/www.linksalpha.com\/social\/mobile\" data-url=\"http:\/\/www.blogdopilako.com.br\/wp\/2023\/10\/19\/este-e-edgardo-tito-sicato-da-silva-por-historia_em_retalhos\/\" data-text=\"Este \u00e9 Edgardo Tito Sicato da Silva \u2013 por @historia_em_retalhos.\" data-desc=\"Quem v\u00ea esse sorriso largo no rosto n\u00e3o imagina a hist\u00f3ria por tr\u00e1s deste angolano lutador, naturalizado brasileiro. Edgardo imigrou para o Brasil na condi\u00e7\u00e3o de refugiado no ano de 1989. \u00c0quela \u00e9poca, Angola vivia o horror de uma sangrenta guerra civil. T\u00e3o logo se tornou independente de\" data-image=\"\" data-button=\"none\">\n\t\t\t\t\t<img src=\"\/\/www.linksalpha.com\/images\/social_share_button.png\" alt=\"Share\" class=\"linksalpha_image\" \/>\n\t\t\t\t\t<\/a><script type=\"text\/javascript\" src=\"\/\/www.linksalpha.com\/scripts\/loader_iconbox.js?v=2.4\"><\/script><\/span><\/div>","protected":false},"author":2,"featured_media":0,"comment_status":"open","ping_status":"open","sticky":false,"template":"","format":"standard","meta":[],"categories":[21],"tags":[],"_links":{"self":[{"href":"http:\/\/www.blogdopilako.com.br\/wp\/wp-json\/wp\/v2\/posts\/142350"}],"collection":[{"href":"http:\/\/www.blogdopilako.com.br\/wp\/wp-json\/wp\/v2\/posts"}],"about":[{"href":"http:\/\/www.blogdopilako.com.br\/wp\/wp-json\/wp\/v2\/types\/post"}],"author":[{"embeddable":true,"href":"http:\/\/www.blogdopilako.com.br\/wp\/wp-json\/wp\/v2\/users\/2"}],"replies":[{"embeddable":true,"href":"http:\/\/www.blogdopilako.com.br\/wp\/wp-json\/wp\/v2\/comments?post=142350"}],"version-history":[{"count":1,"href":"http:\/\/www.blogdopilako.com.br\/wp\/wp-json\/wp\/v2\/posts\/142350\/revisions"}],"predecessor-version":[{"id":142353,"href":"http:\/\/www.blogdopilako.com.br\/wp\/wp-json\/wp\/v2\/posts\/142350\/revisions\/142353"}],"wp:attachment":[{"href":"http:\/\/www.blogdopilako.com.br\/wp\/wp-json\/wp\/v2\/media?parent=142350"}],"wp:term":[{"taxonomy":"category","embeddable":true,"href":"http:\/\/www.blogdopilako.com.br\/wp\/wp-json\/wp\/v2\/categories?post=142350"},{"taxonomy":"post_tag","embeddable":true,"href":"http:\/\/www.blogdopilako.com.br\/wp\/wp-json\/wp\/v2\/tags?post=142350"}],"curies":[{"name":"wp","href":"https:\/\/api.w.org\/{rel}","templated":true}]}}