{"id":142338,"date":"2023-10-18T11:00:23","date_gmt":"2023-10-18T14:00:23","guid":{"rendered":"http:\/\/www.blogdopilako.com.br\/wp\/?p=142338"},"modified":"2023-10-17T11:16:06","modified_gmt":"2023-10-17T14:16:06","slug":"o-cinema-braga-por-marcus-prado","status":"publish","type":"post","link":"http:\/\/www.blogdopilako.com.br\/wp\/2023\/10\/18\/o-cinema-braga-por-marcus-prado\/","title":{"rendered":"O CINEMA BRAGA &#8211; por Marcus Prado."},"content":{"rendered":"\n\t\t\t\t<div class=\"mr_social_sharing_wrapper\">\n\t\t\t\t<!-- Social Sharing Toolkit v2.2 --><span class=\"mr_social_sharing_top\"><span style=\"display: inline-block; width: 55px; height: 62px; overflow: hidden;\"><div class=\"fb-like\" data-href=\"http:\/\/www.blogdopilako.com.br\/wp\/2023\/10\/18\/o-cinema-braga-por-marcus-prado\/\" data-send=\"false\" data-layout=\"box_count\" data-width=\"55\" data-show-faces=\"false\"><\/div><\/span><\/span><span class=\"mr_social_sharing_top\"><fb:share-button type=\"box_count\" href=\"http:\/\/www.blogdopilako.com.br\/wp\/2023\/10\/18\/o-cinema-braga-por-marcus-prado\/\"><\/fb:share-button><\/span><span class=\"mr_social_sharing\"><a rel=\"nofollow\" class=\"linksalpha_button linksalpha_link\" href=\"\/\/www.linksalpha.com\/social\/mobile\" data-url=\"http:\/\/www.blogdopilako.com.br\/wp\/2023\/10\/18\/o-cinema-braga-por-marcus-prado\/\" data-text=\"O CINEMA BRAGA \u2013 por Marcus Prado.\" data-desc=\"QUANDO O CINEMA BRAGA estava prestes a fechar e ser demolido, fotografei um painel floral que existia ao lado da tela. Foi o que restou das cinzas da demoli\u00e7\u00e3o de uma sala que nos deu tantas alegrias e devaneios no nosso tempo vitoriense. Me lembro de uma pe\u00e7a teatral que foi encenada nesse\" data-image=\"http:\/\/www.blogdopilako.com.br\/wp\/wp-content\/uploads\/2023\/10\/a3a5dc0e-e7de-4506-84e1-8d2fbd9c6173.jpg\" data-button=\"none\">\n\t\t\t\t\t<img src=\"\/\/www.linksalpha.com\/images\/social_share_button.png\" alt=\"Share\" class=\"linksalpha_image\" \/>\n\t\t\t\t\t<\/a><script type=\"text\/javascript\" src=\"\/\/www.linksalpha.com\/scripts\/loader_iconbox.js?v=2.4\"><\/script><\/span><\/div><p><img loading=\"lazy\" class=\"aligncenter wp-image-142340 size-full\" src=\"http:\/\/www.blogdopilako.com.br\/wp\/wp-content\/uploads\/2023\/10\/a3a5dc0e-e7de-4506-84e1-8d2fbd9c6173.jpg\" alt=\"\" width=\"1442\" height=\"909\" srcset=\"http:\/\/www.blogdopilako.com.br\/wp\/wp-content\/uploads\/2023\/10\/a3a5dc0e-e7de-4506-84e1-8d2fbd9c6173.jpg 1442w, http:\/\/www.blogdopilako.com.br\/wp\/wp-content\/uploads\/2023\/10\/a3a5dc0e-e7de-4506-84e1-8d2fbd9c6173-300x189.jpg 300w, http:\/\/www.blogdopilako.com.br\/wp\/wp-content\/uploads\/2023\/10\/a3a5dc0e-e7de-4506-84e1-8d2fbd9c6173-1024x646.jpg 1024w, http:\/\/www.blogdopilako.com.br\/wp\/wp-content\/uploads\/2023\/10\/a3a5dc0e-e7de-4506-84e1-8d2fbd9c6173-768x484.jpg 768w, http:\/\/www.blogdopilako.com.br\/wp\/wp-content\/uploads\/2023\/10\/a3a5dc0e-e7de-4506-84e1-8d2fbd9c6173-476x300.jpg 476w\" sizes=\"(max-width: 1442px) 100vw, 1442px\" \/><\/p>\n<p style=\"text-align: justify;\">QUANDO O CINEMA BRAGA estava prestes a fechar e ser demolido, fotografei um painel floral que existia ao lado da tela. Foi o que restou das cinzas da demoli\u00e7\u00e3o de uma sala que nos deu tantas alegrias e devaneios no nosso tempo vitoriense. Me lembro de uma pe\u00e7a teatral que foi encenada nesse palco, JOANINHA BUSCAP\u00c9, com Pedro Ramalho e uma mo\u00e7a (n\u00e3o me recordo mais do seu nome) da fam\u00edlia Floro.<\/p>\n<p><img loading=\"lazy\" class=\"aligncenter wp-image-142339 size-large\" src=\"http:\/\/www.blogdopilako.com.br\/wp\/wp-content\/uploads\/2023\/10\/Pix-arte-final-2-32-1024x401.png\" alt=\"\" width=\"584\" height=\"229\" srcset=\"http:\/\/www.blogdopilako.com.br\/wp\/wp-content\/uploads\/2023\/10\/Pix-arte-final-2-32-1024x401.png 1024w, http:\/\/www.blogdopilako.com.br\/wp\/wp-content\/uploads\/2023\/10\/Pix-arte-final-2-32-300x117.png 300w, http:\/\/www.blogdopilako.com.br\/wp\/wp-content\/uploads\/2023\/10\/Pix-arte-final-2-32-768x301.png 768w, http:\/\/www.blogdopilako.com.br\/wp\/wp-content\/uploads\/2023\/10\/Pix-arte-final-2-32-1536x601.png 1536w, http:\/\/www.blogdopilako.com.br\/wp\/wp-content\/uploads\/2023\/10\/Pix-arte-final-2-32-2048x802.png 2048w, http:\/\/www.blogdopilako.com.br\/wp\/wp-content\/uploads\/2023\/10\/Pix-arte-final-2-32-500x196.png 500w\" sizes=\"(max-width: 584px) 100vw, 584px\" \/><\/p>\n<p>&nbsp;<\/p>\n\n\t\t\t\t<div class=\"mr_social_sharing_wrapper\">\n\t\t\t\t<!-- Social Sharing Toolkit v2.2 --><span class=\"mr_social_sharing_top\"><span style=\"display: inline-block; width: 55px; height: 62px; overflow: hidden;\"><div class=\"fb-like\" data-href=\"http:\/\/www.blogdopilako.com.br\/wp\/2023\/10\/18\/o-cinema-braga-por-marcus-prado\/\" data-send=\"false\" data-layout=\"box_count\" data-width=\"55\" data-show-faces=\"false\"><\/div><\/span><\/span><span class=\"mr_social_sharing_top\"><fb:share-button type=\"box_count\" href=\"http:\/\/www.blogdopilako.com.br\/wp\/2023\/10\/18\/o-cinema-braga-por-marcus-prado\/\"><\/fb:share-button><\/span><span class=\"mr_social_sharing\"><a rel=\"nofollow\" class=\"linksalpha_button linksalpha_link\" href=\"\/\/www.linksalpha.com\/social\/mobile\" data-url=\"http:\/\/www.blogdopilako.com.br\/wp\/2023\/10\/18\/o-cinema-braga-por-marcus-prado\/\" data-text=\"O CINEMA BRAGA \u2013 por Marcus Prado.\" data-desc=\"QUANDO O CINEMA BRAGA estava prestes a fechar e ser demolido, fotografei um painel floral que existia ao lado da tela. Foi o que restou das cinzas da demoli\u00e7\u00e3o de uma sala que nos deu tantas alegrias e devaneios no nosso tempo vitoriense. Me lembro de uma pe\u00e7a teatral que foi encenada nesse\" data-image=\"http:\/\/www.blogdopilako.com.br\/wp\/wp-content\/uploads\/2023\/10\/a3a5dc0e-e7de-4506-84e1-8d2fbd9c6173.jpg\" data-button=\"none\">\n\t\t\t\t\t<img src=\"\/\/www.linksalpha.com\/images\/social_share_button.png\" alt=\"Share\" class=\"linksalpha_image\" \/>\n\t\t\t\t\t<\/a><script type=\"text\/javascript\" src=\"\/\/www.linksalpha.com\/scripts\/loader_iconbox.js?v=2.4\"><\/script><\/span><\/div>","protected":false},"excerpt":{"rendered":"\n\t\t\t\t<div class=\"mr_social_sharing_wrapper\">\n\t\t\t\t<!-- Social Sharing Toolkit v2.2 --><span class=\"mr_social_sharing_top\"><span style=\"display: inline-block; width: 55px; height: 62px; overflow: hidden;\"><div class=\"fb-like\" data-href=\"http:\/\/www.blogdopilako.com.br\/wp\/2023\/10\/18\/o-cinema-braga-por-marcus-prado\/\" data-send=\"false\" data-layout=\"box_count\" data-width=\"55\" data-show-faces=\"false\"><\/div><\/span><\/span><span class=\"mr_social_sharing_top\"><fb:share-button type=\"box_count\" href=\"http:\/\/www.blogdopilako.com.br\/wp\/2023\/10\/18\/o-cinema-braga-por-marcus-prado\/\"><\/fb:share-button><\/span><span class=\"mr_social_sharing\"><a rel=\"nofollow\" class=\"linksalpha_button linksalpha_link\" href=\"\/\/www.linksalpha.com\/social\/mobile\" data-url=\"http:\/\/www.blogdopilako.com.br\/wp\/2023\/10\/18\/o-cinema-braga-por-marcus-prado\/\" data-text=\"O CINEMA BRAGA \u2013 por Marcus Prado.\" data-desc=\"QUANDO O CINEMA BRAGA estava prestes a fechar e ser demolido, fotografei um painel floral que existia ao lado da tela. Foi o que restou das cinzas da demoli\u00e7\u00e3o de uma sala que nos deu tantas alegrias e devaneios no nosso tempo vitoriense. Me lembro de uma pe\u00e7a teatral que foi encenada nesse\" data-image=\"\" data-button=\"none\">\n\t\t\t\t\t<img src=\"\/\/www.linksalpha.com\/images\/social_share_button.png\" alt=\"Share\" class=\"linksalpha_image\" \/>\n\t\t\t\t\t<\/a><script type=\"text\/javascript\" src=\"\/\/www.linksalpha.com\/scripts\/loader_iconbox.js?v=2.4\"><\/script><\/span><\/div><p>QUANDO O CINEMA BRAGA estava prestes a fechar e ser demolido, fotografei um painel floral que existia ao lado da tela. Foi o que restou das cinzas da demoli\u00e7\u00e3o de uma sala que nos deu tantas alegrias e devaneios no &hellip; <a href=\"http:\/\/www.blogdopilako.com.br\/wp\/2023\/10\/18\/o-cinema-braga-por-marcus-prado\/\">Continue lendo <span class=\"meta-nav\">&rarr;<\/span><\/a><\/p>\n\n\t\t\t\t<div class=\"mr_social_sharing_wrapper\">\n\t\t\t\t<!-- Social Sharing Toolkit v2.2 --><span class=\"mr_social_sharing_top\"><span style=\"display: inline-block; width: 55px; height: 62px; overflow: hidden;\"><div class=\"fb-like\" data-href=\"http:\/\/www.blogdopilako.com.br\/wp\/2023\/10\/18\/o-cinema-braga-por-marcus-prado\/\" data-send=\"false\" data-layout=\"box_count\" data-width=\"55\" data-show-faces=\"false\"><\/div><\/span><\/span><span class=\"mr_social_sharing_top\"><fb:share-button type=\"box_count\" href=\"http:\/\/www.blogdopilako.com.br\/wp\/2023\/10\/18\/o-cinema-braga-por-marcus-prado\/\"><\/fb:share-button><\/span><span class=\"mr_social_sharing\"><a rel=\"nofollow\" class=\"linksalpha_button linksalpha_link\" href=\"\/\/www.linksalpha.com\/social\/mobile\" data-url=\"http:\/\/www.blogdopilako.com.br\/wp\/2023\/10\/18\/o-cinema-braga-por-marcus-prado\/\" data-text=\"O CINEMA BRAGA \u2013 por Marcus Prado.\" data-desc=\"QUANDO O CINEMA BRAGA estava prestes a fechar e ser demolido, fotografei um painel floral que existia ao lado da tela. Foi o que restou das cinzas da demoli\u00e7\u00e3o de uma sala que nos deu tantas alegrias e devaneios no nosso tempo vitoriense. Me lembro de uma pe\u00e7a teatral que foi encenada nesse\" data-image=\"\" data-button=\"none\">\n\t\t\t\t\t<img src=\"\/\/www.linksalpha.com\/images\/social_share_button.png\" alt=\"Share\" class=\"linksalpha_image\" \/>\n\t\t\t\t\t<\/a><script type=\"text\/javascript\" src=\"\/\/www.linksalpha.com\/scripts\/loader_iconbox.js?v=2.4\"><\/script><\/span><\/div>","protected":false},"author":2,"featured_media":0,"comment_status":"open","ping_status":"open","sticky":false,"template":"","format":"standard","meta":[],"categories":[21],"tags":[],"_links":{"self":[{"href":"http:\/\/www.blogdopilako.com.br\/wp\/wp-json\/wp\/v2\/posts\/142338"}],"collection":[{"href":"http:\/\/www.blogdopilako.com.br\/wp\/wp-json\/wp\/v2\/posts"}],"about":[{"href":"http:\/\/www.blogdopilako.com.br\/wp\/wp-json\/wp\/v2\/types\/post"}],"author":[{"embeddable":true,"href":"http:\/\/www.blogdopilako.com.br\/wp\/wp-json\/wp\/v2\/users\/2"}],"replies":[{"embeddable":true,"href":"http:\/\/www.blogdopilako.com.br\/wp\/wp-json\/wp\/v2\/comments?post=142338"}],"version-history":[{"count":1,"href":"http:\/\/www.blogdopilako.com.br\/wp\/wp-json\/wp\/v2\/posts\/142338\/revisions"}],"predecessor-version":[{"id":142341,"href":"http:\/\/www.blogdopilako.com.br\/wp\/wp-json\/wp\/v2\/posts\/142338\/revisions\/142341"}],"wp:attachment":[{"href":"http:\/\/www.blogdopilako.com.br\/wp\/wp-json\/wp\/v2\/media?parent=142338"}],"wp:term":[{"taxonomy":"category","embeddable":true,"href":"http:\/\/www.blogdopilako.com.br\/wp\/wp-json\/wp\/v2\/categories?post=142338"},{"taxonomy":"post_tag","embeddable":true,"href":"http:\/\/www.blogdopilako.com.br\/wp\/wp-json\/wp\/v2\/tags?post=142338"}],"curies":[{"name":"wp","href":"https:\/\/api.w.org\/{rel}","templated":true}]}}