{"id":141796,"date":"2023-08-28T09:32:24","date_gmt":"2023-08-28T12:32:24","guid":{"rendered":"http:\/\/www.blogdopilako.com.br\/wp\/?p=141796"},"modified":"2023-08-28T09:59:51","modified_gmt":"2023-08-28T12:59:51","slug":"o-atentado-a-oab-historia_em_retalhos","status":"publish","type":"post","link":"http:\/\/www.blogdopilako.com.br\/wp\/2023\/08\/28\/o-atentado-a-oab-historia_em_retalhos\/","title":{"rendered":"O atentado \u00e0 OAB &#8211; @historia_em_retalhos."},"content":{"rendered":"\n\t\t\t\t<div class=\"mr_social_sharing_wrapper\">\n\t\t\t\t<!-- Social Sharing Toolkit v2.2 --><span class=\"mr_social_sharing_top\"><span style=\"display: inline-block; width: 55px; height: 62px; overflow: hidden;\"><div class=\"fb-like\" data-href=\"http:\/\/www.blogdopilako.com.br\/wp\/2023\/08\/28\/o-atentado-a-oab-historia_em_retalhos\/\" data-send=\"false\" data-layout=\"box_count\" data-width=\"55\" data-show-faces=\"false\"><\/div><\/span><\/span><span class=\"mr_social_sharing_top\"><fb:share-button type=\"box_count\" href=\"http:\/\/www.blogdopilako.com.br\/wp\/2023\/08\/28\/o-atentado-a-oab-historia_em_retalhos\/\"><\/fb:share-button><\/span><span class=\"mr_social_sharing\"><a rel=\"nofollow\" class=\"linksalpha_button linksalpha_link\" href=\"\/\/www.linksalpha.com\/social\/mobile\" data-url=\"http:\/\/www.blogdopilako.com.br\/wp\/2023\/08\/28\/o-atentado-a-oab-historia_em_retalhos\/\" data-text=\"O atentado \u00e0 OAB \u2013 @historia_em_retalhos.\" data-desc=\"Rio de Janeiro, 13h:40min do dia 27 de agosto de 1980. O pa\u00eds caminhava lentamente para a abertura do regime pol\u00edtico, com a promulga\u00e7\u00e3o, um ano antes, da Lei da Anistia (1979). Naquele 27 de agosto, o ex-ministro do STF Sep\u00falveda Pertence estava no exerc\u00edcio da presid\u00eancia da OAB nacional,\" data-image=\"http:\/\/www.blogdopilako.com.br\/wp\/wp-content\/uploads\/2023\/08\/fcb5b428-cd39-451b-a3fb-0a234490bd8e.jpg\" data-button=\"none\">\n\t\t\t\t\t<img src=\"\/\/www.linksalpha.com\/images\/social_share_button.png\" alt=\"Share\" class=\"linksalpha_image\" \/>\n\t\t\t\t\t<\/a><script type=\"text\/javascript\" src=\"\/\/www.linksalpha.com\/scripts\/loader_iconbox.js?v=2.4\"><\/script><\/span><\/div><p><img loading=\"lazy\" class=\"aligncenter wp-image-141798 size-full\" src=\"http:\/\/www.blogdopilako.com.br\/wp\/wp-content\/uploads\/2023\/08\/fcb5b428-cd39-451b-a3fb-0a234490bd8e.jpg\" alt=\"\" width=\"640\" height=\"633\" srcset=\"http:\/\/www.blogdopilako.com.br\/wp\/wp-content\/uploads\/2023\/08\/fcb5b428-cd39-451b-a3fb-0a234490bd8e.jpg 640w, http:\/\/www.blogdopilako.com.br\/wp\/wp-content\/uploads\/2023\/08\/fcb5b428-cd39-451b-a3fb-0a234490bd8e-300x297.jpg 300w, http:\/\/www.blogdopilako.com.br\/wp\/wp-content\/uploads\/2023\/08\/fcb5b428-cd39-451b-a3fb-0a234490bd8e-303x300.jpg 303w\" sizes=\"(max-width: 640px) 100vw, 640px\" \/><\/p>\n<p style=\"text-align: justify;\">Rio de Janeiro, 13h:40min do dia 27 de agosto de 1980.<\/p>\n<p style=\"text-align: justify;\">O pa\u00eds caminhava lentamente para a abertura do regime pol\u00edtico, com a promulga\u00e7\u00e3o, um ano antes, da Lei da Anistia (1979).<\/p>\n<p style=\"text-align: justify;\">Naquele 27 de agosto, o ex-ministro do STF Sep\u00falveda Pertence estava no exerc\u00edcio da presid\u00eancia da OAB nacional, visto que o titular Eduardo Seabra Fagundes estava viajando.<\/p>\n<p style=\"text-align: justify;\">Pertence retornava do almo\u00e7o quando percebeu uma movimenta\u00e7\u00e3o estranha no pr\u00e9dio da entidade, no centro do Rio de Janeiro.<\/p>\n<p style=\"text-align: justify;\">Um atentato acabara de acontecer.<\/p>\n<p style=\"text-align: justify;\">Uma carta-bomba endere\u00e7ada ao presidente Seabra Fagundes fora aberta por sua secret\u00e1ria Lyda Monteiro, que teve o bra\u00e7o decepado, al\u00e9m de outras mutila\u00e7\u00f5es, vindo \u00e0 morte.<\/p>\n<p style=\"text-align: justify;\">No mesmo dia, outros dois atentados aconteceram no RJ: uma bomba explodiu na C\u00e2mara Municipal, ferindo gravemente Jos\u00e9 Ribamar, assessor do vereador Antonio Carlos de Carvalho, e mais quatro pessoas, e uma terceira bomba, de madrugada, foi detonada no jornal Tribuna da Luta Oper\u00e1ria.<\/p>\n<p style=\"text-align: justify;\">Quem estava por tr\u00e1s de tais atos?<\/p>\n<p style=\"text-align: justify;\">Em 2015, a Comiss\u00e3o Estadual da Verdade do RJ conseguiu ter acesso a uma testemunha ocular que trabalhava na OAB.<\/p>\n<p style=\"text-align: justify;\">Com base em seu depoimento, a comiss\u00e3o identificou a participa\u00e7\u00e3o do sargento Magno Cantarino, codinome Guarany, que entregou a bomba pessoalmente na sede da OAB.<\/p>\n<p style=\"text-align: justify;\">Al\u00e9m dele, o sargento Guilherme Pereira, que confeccionou o artefato, e o coronel Freddie Perdig\u00e3o, que coordenou a a\u00e7\u00e3o.<\/p>\n<p style=\"text-align: justify;\">Restou constatado que os agentes militares que participaram da a\u00e7\u00e3o contra a OAB foram os mesmos envolvidos no fracassado atentado a bomba do Riocentro.<\/p>\n<p style=\"text-align: justify;\">Em verdade, tais a\u00e7\u00f5es eram praticadas por grupos extremistas dentro do pr\u00f3prio governo militar, insatisfeitos com o in\u00edcio da abertura pol\u00edtica.<\/p>\n<p style=\"text-align: justify;\">Dona Lyda tinha 59 anos, 44 deles dedicados \u00e0 ordem.<\/p>\n<p style=\"text-align: justify;\">Cerca de 6 mil pessoas acompanharam o seu enterro, em oito quil\u00f4metros de caminhada, at\u00e9 o cemit\u00e9rio, em Botafogo.<\/p>\n<p style=\"text-align: justify;\">Dona Lyda transformou-se em m\u00e1rtir e a morte dela virou um s\u00edmbolo da resist\u00eancia \u00e0 ditadura militar.<\/p>\n<p style=\"text-align: justify;\">O dia de sua morte tornou-se o Dia Nacional de Luto dos Advogados.<\/p>\n<p style=\"text-align: justify;\">Este fato \u00e9 considerado um marco na hist\u00f3ria da OAB.<br \/>\n.<br \/>\n<strong>Siga: @historia_em_retalhos<\/strong><\/p>\n<p><a href=\"https:\/\/www.instagram.com\/p\/CwceICHuMvI\/?igshid=MTc4MmM1YmI2Ng%3D%3D\">https:\/\/www.instagram.com\/p\/CwceICHuMvI\/?igshid=MTc4MmM1YmI2Ng%3D%3D<\/a><\/p>\n<p><img loading=\"lazy\" class=\"aligncenter wp-image-141797 size-large\" src=\"http:\/\/www.blogdopilako.com.br\/wp\/wp-content\/uploads\/2023\/08\/Pix-arte-final-2-32-1024x401.png\" alt=\"\" width=\"584\" height=\"229\" srcset=\"http:\/\/www.blogdopilako.com.br\/wp\/wp-content\/uploads\/2023\/08\/Pix-arte-final-2-32-1024x401.png 1024w, http:\/\/www.blogdopilako.com.br\/wp\/wp-content\/uploads\/2023\/08\/Pix-arte-final-2-32-300x117.png 300w, http:\/\/www.blogdopilako.com.br\/wp\/wp-content\/uploads\/2023\/08\/Pix-arte-final-2-32-768x301.png 768w, http:\/\/www.blogdopilako.com.br\/wp\/wp-content\/uploads\/2023\/08\/Pix-arte-final-2-32-1536x601.png 1536w, http:\/\/www.blogdopilako.com.br\/wp\/wp-content\/uploads\/2023\/08\/Pix-arte-final-2-32-2048x802.png 2048w, http:\/\/www.blogdopilako.com.br\/wp\/wp-content\/uploads\/2023\/08\/Pix-arte-final-2-32-500x196.png 500w\" sizes=\"(max-width: 584px) 100vw, 584px\" \/><\/p>\n\n\t\t\t\t<div class=\"mr_social_sharing_wrapper\">\n\t\t\t\t<!-- Social Sharing Toolkit v2.2 --><span class=\"mr_social_sharing_top\"><span style=\"display: inline-block; width: 55px; height: 62px; overflow: hidden;\"><div class=\"fb-like\" data-href=\"http:\/\/www.blogdopilako.com.br\/wp\/2023\/08\/28\/o-atentado-a-oab-historia_em_retalhos\/\" data-send=\"false\" data-layout=\"box_count\" data-width=\"55\" data-show-faces=\"false\"><\/div><\/span><\/span><span class=\"mr_social_sharing_top\"><fb:share-button type=\"box_count\" href=\"http:\/\/www.blogdopilako.com.br\/wp\/2023\/08\/28\/o-atentado-a-oab-historia_em_retalhos\/\"><\/fb:share-button><\/span><span class=\"mr_social_sharing\"><a rel=\"nofollow\" class=\"linksalpha_button linksalpha_link\" href=\"\/\/www.linksalpha.com\/social\/mobile\" data-url=\"http:\/\/www.blogdopilako.com.br\/wp\/2023\/08\/28\/o-atentado-a-oab-historia_em_retalhos\/\" data-text=\"O atentado \u00e0 OAB \u2013 @historia_em_retalhos.\" data-desc=\"Rio de Janeiro, 13h:40min do dia 27 de agosto de 1980. O pa\u00eds caminhava lentamente para a abertura do regime pol\u00edtico, com a promulga\u00e7\u00e3o, um ano antes, da Lei da Anistia (1979). Naquele 27 de agosto, o ex-ministro do STF Sep\u00falveda Pertence estava no exerc\u00edcio da presid\u00eancia da OAB nacional,\" data-image=\"http:\/\/www.blogdopilako.com.br\/wp\/wp-content\/uploads\/2023\/08\/fcb5b428-cd39-451b-a3fb-0a234490bd8e.jpg\" data-button=\"none\">\n\t\t\t\t\t<img src=\"\/\/www.linksalpha.com\/images\/social_share_button.png\" alt=\"Share\" class=\"linksalpha_image\" \/>\n\t\t\t\t\t<\/a><script type=\"text\/javascript\" src=\"\/\/www.linksalpha.com\/scripts\/loader_iconbox.js?v=2.4\"><\/script><\/span><\/div>","protected":false},"excerpt":{"rendered":"\n\t\t\t\t<div class=\"mr_social_sharing_wrapper\">\n\t\t\t\t<!-- Social Sharing Toolkit v2.2 --><span class=\"mr_social_sharing_top\"><span style=\"display: inline-block; width: 55px; height: 62px; overflow: hidden;\"><div class=\"fb-like\" data-href=\"http:\/\/www.blogdopilako.com.br\/wp\/2023\/08\/28\/o-atentado-a-oab-historia_em_retalhos\/\" data-send=\"false\" data-layout=\"box_count\" data-width=\"55\" data-show-faces=\"false\"><\/div><\/span><\/span><span class=\"mr_social_sharing_top\"><fb:share-button type=\"box_count\" href=\"http:\/\/www.blogdopilako.com.br\/wp\/2023\/08\/28\/o-atentado-a-oab-historia_em_retalhos\/\"><\/fb:share-button><\/span><span class=\"mr_social_sharing\"><a rel=\"nofollow\" class=\"linksalpha_button linksalpha_link\" href=\"\/\/www.linksalpha.com\/social\/mobile\" data-url=\"http:\/\/www.blogdopilako.com.br\/wp\/2023\/08\/28\/o-atentado-a-oab-historia_em_retalhos\/\" data-text=\"O atentado \u00e0 OAB \u2013 @historia_em_retalhos.\" data-desc=\"Rio de Janeiro, 13h:40min do dia 27 de agosto de 1980. O pa\u00eds caminhava lentamente para a abertura do regime pol\u00edtico, com a promulga\u00e7\u00e3o, um ano antes, da Lei da Anistia (1979). Naquele 27 de agosto, o ex-ministro do STF Sep\u00falveda Pertence estava no exerc\u00edcio da presid\u00eancia da OAB nacional,\" data-image=\"\" data-button=\"none\">\n\t\t\t\t\t<img src=\"\/\/www.linksalpha.com\/images\/social_share_button.png\" alt=\"Share\" class=\"linksalpha_image\" \/>\n\t\t\t\t\t<\/a><script type=\"text\/javascript\" src=\"\/\/www.linksalpha.com\/scripts\/loader_iconbox.js?v=2.4\"><\/script><\/span><\/div><p>Rio de Janeiro, 13h:40min do dia 27 de agosto de 1980. O pa\u00eds caminhava lentamente para a abertura do regime pol\u00edtico, com a promulga\u00e7\u00e3o, um ano antes, da Lei da Anistia (1979). Naquele 27 de agosto, o ex-ministro do STF &hellip; <a href=\"http:\/\/www.blogdopilako.com.br\/wp\/2023\/08\/28\/o-atentado-a-oab-historia_em_retalhos\/\">Continue lendo <span class=\"meta-nav\">&rarr;<\/span><\/a><\/p>\n\n\t\t\t\t<div class=\"mr_social_sharing_wrapper\">\n\t\t\t\t<!-- Social Sharing Toolkit v2.2 --><span class=\"mr_social_sharing_top\"><span style=\"display: inline-block; width: 55px; height: 62px; overflow: hidden;\"><div class=\"fb-like\" data-href=\"http:\/\/www.blogdopilako.com.br\/wp\/2023\/08\/28\/o-atentado-a-oab-historia_em_retalhos\/\" data-send=\"false\" data-layout=\"box_count\" data-width=\"55\" data-show-faces=\"false\"><\/div><\/span><\/span><span class=\"mr_social_sharing_top\"><fb:share-button type=\"box_count\" href=\"http:\/\/www.blogdopilako.com.br\/wp\/2023\/08\/28\/o-atentado-a-oab-historia_em_retalhos\/\"><\/fb:share-button><\/span><span class=\"mr_social_sharing\"><a rel=\"nofollow\" class=\"linksalpha_button linksalpha_link\" href=\"\/\/www.linksalpha.com\/social\/mobile\" data-url=\"http:\/\/www.blogdopilako.com.br\/wp\/2023\/08\/28\/o-atentado-a-oab-historia_em_retalhos\/\" data-text=\"O atentado \u00e0 OAB \u2013 @historia_em_retalhos.\" data-desc=\"Rio de Janeiro, 13h:40min do dia 27 de agosto de 1980. O pa\u00eds caminhava lentamente para a abertura do regime pol\u00edtico, com a promulga\u00e7\u00e3o, um ano antes, da Lei da Anistia (1979). Naquele 27 de agosto, o ex-ministro do STF Sep\u00falveda Pertence estava no exerc\u00edcio da presid\u00eancia da OAB nacional,\" data-image=\"\" data-button=\"none\">\n\t\t\t\t\t<img src=\"\/\/www.linksalpha.com\/images\/social_share_button.png\" alt=\"Share\" class=\"linksalpha_image\" \/>\n\t\t\t\t\t<\/a><script type=\"text\/javascript\" src=\"\/\/www.linksalpha.com\/scripts\/loader_iconbox.js?v=2.4\"><\/script><\/span><\/div>","protected":false},"author":2,"featured_media":0,"comment_status":"open","ping_status":"open","sticky":false,"template":"","format":"standard","meta":[],"categories":[21,1],"tags":[],"_links":{"self":[{"href":"http:\/\/www.blogdopilako.com.br\/wp\/wp-json\/wp\/v2\/posts\/141796"}],"collection":[{"href":"http:\/\/www.blogdopilako.com.br\/wp\/wp-json\/wp\/v2\/posts"}],"about":[{"href":"http:\/\/www.blogdopilako.com.br\/wp\/wp-json\/wp\/v2\/types\/post"}],"author":[{"embeddable":true,"href":"http:\/\/www.blogdopilako.com.br\/wp\/wp-json\/wp\/v2\/users\/2"}],"replies":[{"embeddable":true,"href":"http:\/\/www.blogdopilako.com.br\/wp\/wp-json\/wp\/v2\/comments?post=141796"}],"version-history":[{"count":3,"href":"http:\/\/www.blogdopilako.com.br\/wp\/wp-json\/wp\/v2\/posts\/141796\/revisions"}],"predecessor-version":[{"id":141801,"href":"http:\/\/www.blogdopilako.com.br\/wp\/wp-json\/wp\/v2\/posts\/141796\/revisions\/141801"}],"wp:attachment":[{"href":"http:\/\/www.blogdopilako.com.br\/wp\/wp-json\/wp\/v2\/media?parent=141796"}],"wp:term":[{"taxonomy":"category","embeddable":true,"href":"http:\/\/www.blogdopilako.com.br\/wp\/wp-json\/wp\/v2\/categories?post=141796"},{"taxonomy":"post_tag","embeddable":true,"href":"http:\/\/www.blogdopilako.com.br\/wp\/wp-json\/wp\/v2\/tags?post=141796"}],"curies":[{"name":"wp","href":"https:\/\/api.w.org\/{rel}","templated":true}]}}