{"id":141766,"date":"2023-08-24T09:40:39","date_gmt":"2023-08-24T12:40:39","guid":{"rendered":"http:\/\/www.blogdopilako.com.br\/wp\/?p=141766"},"modified":"2023-08-24T09:43:12","modified_gmt":"2023-08-24T12:43:12","slug":"este-e-pedro-jose-de-lima-guimaraes-por-historia_em_retalhos","status":"publish","type":"post","link":"http:\/\/www.blogdopilako.com.br\/wp\/2023\/08\/24\/este-e-pedro-jose-de-lima-guimaraes-por-historia_em_retalhos\/","title":{"rendered":"Este \u00e9 Pedro Jos\u00e9 de Lima Guimar\u00e3es &#8211; por @historia_em_retalhos."},"content":{"rendered":"\n\t\t\t\t<div class=\"mr_social_sharing_wrapper\">\n\t\t\t\t<!-- Social Sharing Toolkit v2.2 --><span class=\"mr_social_sharing_top\"><span style=\"display: inline-block; width: 55px; height: 62px; overflow: hidden;\"><div class=\"fb-like\" data-href=\"http:\/\/www.blogdopilako.com.br\/wp\/2023\/08\/24\/este-e-pedro-jose-de-lima-guimaraes-por-historia_em_retalhos\/\" data-send=\"false\" data-layout=\"box_count\" data-width=\"55\" data-show-faces=\"false\"><\/div><\/span><\/span><span class=\"mr_social_sharing_top\"><fb:share-button type=\"box_count\" href=\"http:\/\/www.blogdopilako.com.br\/wp\/2023\/08\/24\/este-e-pedro-jose-de-lima-guimaraes-por-historia_em_retalhos\/\"><\/fb:share-button><\/span><span class=\"mr_social_sharing\"><a rel=\"nofollow\" class=\"linksalpha_button linksalpha_link\" href=\"\/\/www.linksalpha.com\/social\/mobile\" data-url=\"http:\/\/www.blogdopilako.com.br\/wp\/2023\/08\/24\/este-e-pedro-jose-de-lima-guimaraes-por-historia_em_retalhos\/\" data-text=\"Este \u00e9 Pedro Jos\u00e9 de Lima Guimar\u00e3es \u2013 por @historia_em_retalhos.\" data-desc=\"Como a imensa maioria dos brasileiros, Pedro n\u00e3o era de fam\u00edlia abastada, nem tinha parentes influentes, vencendo na vida na base do esfor\u00e7o e sacrif\u00edcio pessoais. Ingressou nas fileiras da Pol\u00edcia Militar de Pernambuco, como oficial, alcan\u00e7ando o posto de tenente. Paralelamente, acalentava o\" data-image=\"http:\/\/www.blogdopilako.com.br\/wp\/wp-content\/uploads\/2023\/08\/7ff36692-d3d4-4bd9-b993-dac04c021a32.jpg\" data-button=\"none\">\n\t\t\t\t\t<img src=\"\/\/www.linksalpha.com\/images\/social_share_button.png\" alt=\"Share\" class=\"linksalpha_image\" \/>\n\t\t\t\t\t<\/a><script type=\"text\/javascript\" src=\"\/\/www.linksalpha.com\/scripts\/loader_iconbox.js?v=2.4\"><\/script><\/span><\/div><p><img loading=\"lazy\" class=\"aligncenter wp-image-141768 size-full\" src=\"http:\/\/www.blogdopilako.com.br\/wp\/wp-content\/uploads\/2023\/08\/7ff36692-d3d4-4bd9-b993-dac04c021a32.jpg\" alt=\"\" width=\"640\" height=\"630\" srcset=\"http:\/\/www.blogdopilako.com.br\/wp\/wp-content\/uploads\/2023\/08\/7ff36692-d3d4-4bd9-b993-dac04c021a32.jpg 640w, http:\/\/www.blogdopilako.com.br\/wp\/wp-content\/uploads\/2023\/08\/7ff36692-d3d4-4bd9-b993-dac04c021a32-300x295.jpg 300w, http:\/\/www.blogdopilako.com.br\/wp\/wp-content\/uploads\/2023\/08\/7ff36692-d3d4-4bd9-b993-dac04c021a32-305x300.jpg 305w\" sizes=\"(max-width: 640px) 100vw, 640px\" \/><\/p>\n<p style=\"text-align: justify;\">Como a imensa maioria dos brasileiros, Pedro n\u00e3o era de fam\u00edlia abastada, nem tinha parentes influentes, vencendo na vida na base do esfor\u00e7o e sacrif\u00edcio pessoais.<\/p>\n<p style=\"text-align: justify;\">Ingressou nas fileiras da Pol\u00edcia Militar de Pernambuco, como oficial, alcan\u00e7ando o posto de tenente.<\/p>\n<p style=\"text-align: justify;\">Paralelamente, acalentava o desejo de tornar-se bacharel em Direito, conseguindo entrar na tradicional Faculdade de Direito do Recife.<\/p>\n<p style=\"text-align: justify;\">Aluno aplicado e tenente dedicado, enfrentava uma rotina puxada e cansativa.<\/p>\n<p style=\"text-align: justify;\">Era casado com Ana Paula, com quem planejava ter filhos e viver uma vida feliz.<\/p>\n<p style=\"text-align: justify;\">H\u00e1 20 anos, por\u00e9m, em 14.10.2003, 11 meses antes de terminar o seu curso, uma trag\u00e9dia p\u00f4s fim \u00e0 trajet\u00f3ria desse jovem lutador.<\/p>\n<p style=\"text-align: justify;\">Ap\u00f3s um dia de servi\u00e7o, decidiu ir visitar a m\u00e3e, no bairro de Casa Caiada, em Olinda.<\/p>\n<p style=\"text-align: justify;\">Na sa\u00edda, \u00e0s 18h:15min, fora abordado por dois assaltantes.<\/p>\n<p style=\"text-align: justify;\">N\u00e3o sabia ele o que aquele encontro o reservava.<\/p>\n<p style=\"text-align: justify;\">Os indiv\u00edduos, ao perceberem que Pedro estava armado, com uma pistola, identificaram-o como policial e, em um ato de extrema covardia, decidiram ceifar a sua vida com dois tiros na cabe\u00e7a.<\/p>\n<p style=\"text-align: justify;\">Em seus depoimentos, os assaltantes confessaram que assim agiram porque se tratava de um policial, com o objetivo de retirar-lhe a vida, bem como de levar a sua arma.<\/p>\n<p style=\"text-align: justify;\">Todas as aspira\u00e7\u00f5es de Pedro, alicer\u00e7adas em uma vida honesta, foram subjugadas e destru\u00eddas pela viol\u00eancia.<\/p>\n<p style=\"text-align: justify;\">Nada, nem ningu\u00e9m, devolver-lhe-\u00e1 os sonhos.<\/p>\n<p style=\"text-align: justify;\">A sua pena foi perp\u00e9tua.<\/p>\n<p style=\"text-align: justify;\">Honrosamente, Pedro Guimar\u00e3es deu nome \u00e0 turma de Direito 2004.1 da Faculdade de Direito do Recife, da qual este subscritor fez parte.<\/p>\n<p style=\"text-align: justify;\">Em 2005, foi promovido &#8220;post mortem&#8221; \u00e0 gradua\u00e7\u00e3o de capit\u00e3o da PM pelo estado de Pernambuco.<\/p>\n<p style=\"text-align: justify;\">Se ainda estivesse entre n\u00f3s, Pedro teria completado 50 anos no \u00faltimo dia 14 de julho de 2023.<\/p>\n<p style=\"text-align: justify;\">Agrade\u00e7o aos amigos @andrebarros15, @judallan, \u00e0 minha querida prima @angelinamendes29 e, especialmente, a Ana Paula @anaprsg, pela cess\u00e3o generosa das fotografias.<\/p>\n<p style=\"text-align: justify;\">\u00c0 mem\u00f3ria de Pedro Guimar\u00e3es, eu dedico este retalho de hoje.<br \/>\n.<br \/>\n<strong>Siga: @historia_em_retalhos<\/strong><\/p>\n<p><a href=\"https:\/\/www.instagram.com\/p\/CwUpvPJud13\/?igshid=MTc4MmM1YmI2Ng%3D%3D\">https:\/\/www.instagram.com\/p\/CwUpvPJud13\/?igshid=MTc4MmM1YmI2Ng%3D%3D<\/a><\/p>\n<p><img loading=\"lazy\" class=\"aligncenter wp-image-141767 size-large\" src=\"http:\/\/www.blogdopilako.com.br\/wp\/wp-content\/uploads\/2023\/08\/Pix-arte-final-2-28-1024x401.png\" alt=\"\" width=\"584\" height=\"229\" srcset=\"http:\/\/www.blogdopilako.com.br\/wp\/wp-content\/uploads\/2023\/08\/Pix-arte-final-2-28-1024x401.png 1024w, http:\/\/www.blogdopilako.com.br\/wp\/wp-content\/uploads\/2023\/08\/Pix-arte-final-2-28-300x117.png 300w, http:\/\/www.blogdopilako.com.br\/wp\/wp-content\/uploads\/2023\/08\/Pix-arte-final-2-28-768x301.png 768w, http:\/\/www.blogdopilako.com.br\/wp\/wp-content\/uploads\/2023\/08\/Pix-arte-final-2-28-1536x601.png 1536w, http:\/\/www.blogdopilako.com.br\/wp\/wp-content\/uploads\/2023\/08\/Pix-arte-final-2-28-2048x802.png 2048w, http:\/\/www.blogdopilako.com.br\/wp\/wp-content\/uploads\/2023\/08\/Pix-arte-final-2-28-500x196.png 500w\" sizes=\"(max-width: 584px) 100vw, 584px\" \/><\/p>\n<p style=\"text-align: justify;\">\n\n\t\t\t\t<div class=\"mr_social_sharing_wrapper\">\n\t\t\t\t<!-- Social Sharing Toolkit v2.2 --><span class=\"mr_social_sharing_top\"><span style=\"display: inline-block; width: 55px; height: 62px; overflow: hidden;\"><div class=\"fb-like\" data-href=\"http:\/\/www.blogdopilako.com.br\/wp\/2023\/08\/24\/este-e-pedro-jose-de-lima-guimaraes-por-historia_em_retalhos\/\" data-send=\"false\" data-layout=\"box_count\" data-width=\"55\" data-show-faces=\"false\"><\/div><\/span><\/span><span class=\"mr_social_sharing_top\"><fb:share-button type=\"box_count\" href=\"http:\/\/www.blogdopilako.com.br\/wp\/2023\/08\/24\/este-e-pedro-jose-de-lima-guimaraes-por-historia_em_retalhos\/\"><\/fb:share-button><\/span><span class=\"mr_social_sharing\"><a rel=\"nofollow\" class=\"linksalpha_button linksalpha_link\" href=\"\/\/www.linksalpha.com\/social\/mobile\" data-url=\"http:\/\/www.blogdopilako.com.br\/wp\/2023\/08\/24\/este-e-pedro-jose-de-lima-guimaraes-por-historia_em_retalhos\/\" data-text=\"Este \u00e9 Pedro Jos\u00e9 de Lima Guimar\u00e3es \u2013 por @historia_em_retalhos.\" data-desc=\"Como a imensa maioria dos brasileiros, Pedro n\u00e3o era de fam\u00edlia abastada, nem tinha parentes influentes, vencendo na vida na base do esfor\u00e7o e sacrif\u00edcio pessoais. Ingressou nas fileiras da Pol\u00edcia Militar de Pernambuco, como oficial, alcan\u00e7ando o posto de tenente. Paralelamente, acalentava o\" data-image=\"http:\/\/www.blogdopilako.com.br\/wp\/wp-content\/uploads\/2023\/08\/7ff36692-d3d4-4bd9-b993-dac04c021a32.jpg\" data-button=\"none\">\n\t\t\t\t\t<img src=\"\/\/www.linksalpha.com\/images\/social_share_button.png\" alt=\"Share\" class=\"linksalpha_image\" \/>\n\t\t\t\t\t<\/a><script type=\"text\/javascript\" src=\"\/\/www.linksalpha.com\/scripts\/loader_iconbox.js?v=2.4\"><\/script><\/span><\/div>","protected":false},"excerpt":{"rendered":"\n\t\t\t\t<div class=\"mr_social_sharing_wrapper\">\n\t\t\t\t<!-- Social Sharing Toolkit v2.2 --><span class=\"mr_social_sharing_top\"><span style=\"display: inline-block; width: 55px; height: 62px; overflow: hidden;\"><div class=\"fb-like\" data-href=\"http:\/\/www.blogdopilako.com.br\/wp\/2023\/08\/24\/este-e-pedro-jose-de-lima-guimaraes-por-historia_em_retalhos\/\" data-send=\"false\" data-layout=\"box_count\" data-width=\"55\" data-show-faces=\"false\"><\/div><\/span><\/span><span class=\"mr_social_sharing_top\"><fb:share-button type=\"box_count\" href=\"http:\/\/www.blogdopilako.com.br\/wp\/2023\/08\/24\/este-e-pedro-jose-de-lima-guimaraes-por-historia_em_retalhos\/\"><\/fb:share-button><\/span><span class=\"mr_social_sharing\"><a rel=\"nofollow\" class=\"linksalpha_button linksalpha_link\" href=\"\/\/www.linksalpha.com\/social\/mobile\" data-url=\"http:\/\/www.blogdopilako.com.br\/wp\/2023\/08\/24\/este-e-pedro-jose-de-lima-guimaraes-por-historia_em_retalhos\/\" data-text=\"Este \u00e9 Pedro Jos\u00e9 de Lima Guimar\u00e3es \u2013 por @historia_em_retalhos.\" data-desc=\"Como a imensa maioria dos brasileiros, Pedro n\u00e3o era de fam\u00edlia abastada, nem tinha parentes influentes, vencendo na vida na base do esfor\u00e7o e sacrif\u00edcio pessoais. Ingressou nas fileiras da Pol\u00edcia Militar de Pernambuco, como oficial, alcan\u00e7ando o posto de tenente. Paralelamente, acalentava o\" data-image=\"\" data-button=\"none\">\n\t\t\t\t\t<img src=\"\/\/www.linksalpha.com\/images\/social_share_button.png\" alt=\"Share\" class=\"linksalpha_image\" \/>\n\t\t\t\t\t<\/a><script type=\"text\/javascript\" src=\"\/\/www.linksalpha.com\/scripts\/loader_iconbox.js?v=2.4\"><\/script><\/span><\/div><p>Como a imensa maioria dos brasileiros, Pedro n\u00e3o era de fam\u00edlia abastada, nem tinha parentes influentes, vencendo na vida na base do esfor\u00e7o e sacrif\u00edcio pessoais. Ingressou nas fileiras da Pol\u00edcia Militar de Pernambuco, como oficial, alcan\u00e7ando o posto de &hellip; <a href=\"http:\/\/www.blogdopilako.com.br\/wp\/2023\/08\/24\/este-e-pedro-jose-de-lima-guimaraes-por-historia_em_retalhos\/\">Continue lendo <span class=\"meta-nav\">&rarr;<\/span><\/a><\/p>\n\n\t\t\t\t<div class=\"mr_social_sharing_wrapper\">\n\t\t\t\t<!-- Social Sharing Toolkit v2.2 --><span class=\"mr_social_sharing_top\"><span style=\"display: inline-block; width: 55px; height: 62px; overflow: hidden;\"><div class=\"fb-like\" data-href=\"http:\/\/www.blogdopilako.com.br\/wp\/2023\/08\/24\/este-e-pedro-jose-de-lima-guimaraes-por-historia_em_retalhos\/\" data-send=\"false\" data-layout=\"box_count\" data-width=\"55\" data-show-faces=\"false\"><\/div><\/span><\/span><span class=\"mr_social_sharing_top\"><fb:share-button type=\"box_count\" href=\"http:\/\/www.blogdopilako.com.br\/wp\/2023\/08\/24\/este-e-pedro-jose-de-lima-guimaraes-por-historia_em_retalhos\/\"><\/fb:share-button><\/span><span class=\"mr_social_sharing\"><a rel=\"nofollow\" class=\"linksalpha_button linksalpha_link\" href=\"\/\/www.linksalpha.com\/social\/mobile\" data-url=\"http:\/\/www.blogdopilako.com.br\/wp\/2023\/08\/24\/este-e-pedro-jose-de-lima-guimaraes-por-historia_em_retalhos\/\" data-text=\"Este \u00e9 Pedro Jos\u00e9 de Lima Guimar\u00e3es \u2013 por @historia_em_retalhos.\" data-desc=\"Como a imensa maioria dos brasileiros, Pedro n\u00e3o era de fam\u00edlia abastada, nem tinha parentes influentes, vencendo na vida na base do esfor\u00e7o e sacrif\u00edcio pessoais. Ingressou nas fileiras da Pol\u00edcia Militar de Pernambuco, como oficial, alcan\u00e7ando o posto de tenente. Paralelamente, acalentava o\" data-image=\"\" data-button=\"none\">\n\t\t\t\t\t<img src=\"\/\/www.linksalpha.com\/images\/social_share_button.png\" alt=\"Share\" class=\"linksalpha_image\" \/>\n\t\t\t\t\t<\/a><script type=\"text\/javascript\" src=\"\/\/www.linksalpha.com\/scripts\/loader_iconbox.js?v=2.4\"><\/script><\/span><\/div>","protected":false},"author":2,"featured_media":0,"comment_status":"open","ping_status":"open","sticky":false,"template":"","format":"standard","meta":[],"categories":[21],"tags":[],"_links":{"self":[{"href":"http:\/\/www.blogdopilako.com.br\/wp\/wp-json\/wp\/v2\/posts\/141766"}],"collection":[{"href":"http:\/\/www.blogdopilako.com.br\/wp\/wp-json\/wp\/v2\/posts"}],"about":[{"href":"http:\/\/www.blogdopilako.com.br\/wp\/wp-json\/wp\/v2\/types\/post"}],"author":[{"embeddable":true,"href":"http:\/\/www.blogdopilako.com.br\/wp\/wp-json\/wp\/v2\/users\/2"}],"replies":[{"embeddable":true,"href":"http:\/\/www.blogdopilako.com.br\/wp\/wp-json\/wp\/v2\/comments?post=141766"}],"version-history":[{"count":1,"href":"http:\/\/www.blogdopilako.com.br\/wp\/wp-json\/wp\/v2\/posts\/141766\/revisions"}],"predecessor-version":[{"id":141769,"href":"http:\/\/www.blogdopilako.com.br\/wp\/wp-json\/wp\/v2\/posts\/141766\/revisions\/141769"}],"wp:attachment":[{"href":"http:\/\/www.blogdopilako.com.br\/wp\/wp-json\/wp\/v2\/media?parent=141766"}],"wp:term":[{"taxonomy":"category","embeddable":true,"href":"http:\/\/www.blogdopilako.com.br\/wp\/wp-json\/wp\/v2\/categories?post=141766"},{"taxonomy":"post_tag","embeddable":true,"href":"http:\/\/www.blogdopilako.com.br\/wp\/wp-json\/wp\/v2\/tags?post=141766"}],"curies":[{"name":"wp","href":"https:\/\/api.w.org\/{rel}","templated":true}]}}