{"id":141431,"date":"2023-07-18T10:00:08","date_gmt":"2023-07-18T13:00:08","guid":{"rendered":"http:\/\/www.blogdopilako.com.br\/wp\/?p=141431"},"modified":"2023-07-18T10:00:08","modified_gmt":"2023-07-18T13:00:08","slug":"os-quintais-de-paulo-freire-luciano-pinheiro-e-luzila-por-marcus-prado","status":"publish","type":"post","link":"http:\/\/www.blogdopilako.com.br\/wp\/2023\/07\/18\/os-quintais-de-paulo-freire-luciano-pinheiro-e-luzila-por-marcus-prado\/","title":{"rendered":"Os quintais de Paulo Freire, Luciano Pinheiro e Luzil\u00e1 &#8211; por Marcus Prado."},"content":{"rendered":"\n\t\t\t\t<div class=\"mr_social_sharing_wrapper\">\n\t\t\t\t<!-- Social Sharing Toolkit v2.2 --><span class=\"mr_social_sharing_top\"><span style=\"display: inline-block; width: 55px; height: 62px; overflow: hidden;\"><div class=\"fb-like\" data-href=\"http:\/\/www.blogdopilako.com.br\/wp\/2023\/07\/18\/os-quintais-de-paulo-freire-luciano-pinheiro-e-luzila-por-marcus-prado\/\" data-send=\"false\" data-layout=\"box_count\" data-width=\"55\" data-show-faces=\"false\"><\/div><\/span><\/span><span class=\"mr_social_sharing_top\"><fb:share-button type=\"box_count\" href=\"http:\/\/www.blogdopilako.com.br\/wp\/2023\/07\/18\/os-quintais-de-paulo-freire-luciano-pinheiro-e-luzila-por-marcus-prado\/\"><\/fb:share-button><\/span><span class=\"mr_social_sharing\"><a rel=\"nofollow\" class=\"linksalpha_button linksalpha_link\" href=\"\/\/www.linksalpha.com\/social\/mobile\" data-url=\"http:\/\/www.blogdopilako.com.br\/wp\/2023\/07\/18\/os-quintais-de-paulo-freire-luciano-pinheiro-e-luzila-por-marcus-prado\/\" data-text=\"Os quintais de Paulo Freire, Luciano Pinheiro e Luzil\u00e1 \u2013 por Marcus Prado.\" data-desc=\"No in\u00edcio das pesquisas voltadas para o meu livro Recife e Olinda. (Da imobilidade do instante), in\u00e9dito, tive a curiosidade de fotografar alguns dos mais antigos quintais das duas cidades, um deles, da resid\u00eancia do artista pl\u00e1stico Luciano Pinheiro e Vera Millet, em Olinda, \u201cnascedouro\u201d\" data-image=\"http:\/\/www.blogdopilako.com.br\/wp\/wp-content\/uploads\/2023\/07\/R-2.jpg\" data-button=\"none\">\n\t\t\t\t\t<img src=\"\/\/www.linksalpha.com\/images\/social_share_button.png\" alt=\"Share\" class=\"linksalpha_image\" \/>\n\t\t\t\t\t<\/a><script type=\"text\/javascript\" src=\"\/\/www.linksalpha.com\/scripts\/loader_iconbox.js?v=2.4\"><\/script><\/span><\/div><p><img loading=\"lazy\" class=\"aligncenter wp-image-141433 size-full\" src=\"http:\/\/www.blogdopilako.com.br\/wp\/wp-content\/uploads\/2023\/07\/R-2.jpg\" alt=\"\" width=\"900\" height=\"750\" srcset=\"http:\/\/www.blogdopilako.com.br\/wp\/wp-content\/uploads\/2023\/07\/R-2.jpg 900w, http:\/\/www.blogdopilako.com.br\/wp\/wp-content\/uploads\/2023\/07\/R-2-300x250.jpg 300w, http:\/\/www.blogdopilako.com.br\/wp\/wp-content\/uploads\/2023\/07\/R-2-768x640.jpg 768w, http:\/\/www.blogdopilako.com.br\/wp\/wp-content\/uploads\/2023\/07\/R-2-360x300.jpg 360w\" sizes=\"(max-width: 900px) 100vw, 900px\" \/><\/p>\n<p style=\"text-align: justify;\">No in\u00edcio das pesquisas voltadas para o meu livro Recife e Olinda. (Da imobilidade do instante), in\u00e9dito, tive a curiosidade de fotografar alguns dos mais antigos quintais das duas cidades, um deles, da resid\u00eancia do artista pl\u00e1stico Luciano Pinheiro e Vera Millet, em Olinda, \u201cnascedouro\u201d do centen\u00e1rio Horto Bot\u00e2nico D\u2019El Rey, no passado, a maior \u00e1rea verde urbana da cidade, o segundo na sua especialidade no mapa do pa\u00eds. Na casa de Luciano, n\u00e3o \u00e9 s\u00f3 o quintal como prolongamento da casa, \u00e9 a casa como extens\u00e3o afetiva do quintal, parte integrante do seu atelier. N\u00e3o s\u00f3 um lugar cheio de possibilidades inspiradoras de cores da sua pintura. Ali, crescem flores, \u00e1rvores, p\u00e9s de fruta, plantas medicinais e forrageiras, al\u00e9m das folhas verdes e dos temperos da horta. O ch\u00e1 da tarde que se toma na casa-atelier do Alto da S\u00e9, vem desse ambiente, onde se ouve rumores de ninhos de p\u00e1ssaros. Eu diria que o quintal de Luciano e Vera nos inspira em saber qual \u00e9 o sonho e a fun\u00e7\u00e3o de cada um nos dias de hoje, e no amanh\u00e3, nesta era de tantos espig\u00f5es urbanos no amontoado da paisagem urbana.\u00a0 Os quintais como espa\u00e7os de vida, um peda\u00e7o da natureza n\u00e3o contaminada, como vejo o quintal recifense da escritora Luzil\u00e1 Gon\u00e7alves Ferreira, no Po\u00e7o da Panela. Um lugar cortado pelo rio que banha o bairro, povoado de significados, micromundos.<\/p>\n<p style=\"text-align: justify;\">Ao passar pelo bairro recifense de Casa Amarela, na Estrada do Encanamento, n\u00e3o vi mais a casa, nem o quintal, onde nasceu o mundialmente famoso educador e fil\u00f3sofo Paulo Freire. Foi demolida, nada ficou como lembran\u00e7a, nem uma parede com o retrato na parede. N\u00e3o houve quem cuidasse disso no \u00e2mbito local de preserva\u00e7\u00e3o do Patrim\u00f4nio Hist\u00f3rico. Nesse quintal e no que nele existia de plantas, galhos,\u00a0 \u00e1rvores e sonhos, o menino pobre foi alfabetizado. Conta-se que sua m\u00e3e, Edeltrudes Neves Freire, vi\u00fava de um policial militar e pobre, teria feito uso para a alfabetiza\u00e7\u00e3o do filho, apenas, sem poder comprar livros, de pequenos galhos de \u00e1rvores do local. \u201c\u00c0 sombra das mangueiras e tendo o ch\u00e3o por quadro negro e gravetos como giz\u201d. Da\u00ed, entre outros motivos (v\u00e1rios e surpreendentes), a import\u00e2ncia que procuro dar no meu livro aos quintais, que est\u00e3o caindo em desuso, perdendo o seu espa\u00e7o, o encantamento, o frescor do verde.<\/p>\n<p>Paulo Freire foi agraciado com cerca de 50 t\u00edtulos, entre doutorados honoris causa e outras honrarias de universidades e organiza\u00e7\u00f5es brasileiras e do exterior. \u00c9 considerado o brasileiro com mais t\u00edtulos de doutorados honoris causa e \u00e9 o escritor da terceira obra mais citada em trabalhos de ci\u00eancias humanas do mundo.<\/p>\n<p>Por possibilitar a alfabetiza\u00e7\u00e3o de jovens e adultos em cerca de 40 horas e com baixos custos, o m\u00e9todo desenvolvido por Paulo Freire inspirou o Plano Nacional de Alfabetiza\u00e7\u00e3o, que come\u00e7ou a ser encabe\u00e7ado pelo Minist\u00e9rio da Educa\u00e7\u00e3o e Cultura (MEC) ainda no governo de Jo\u00e3o Goulart. Hoje, vejo com simpatia a decis\u00e3o da dirigente da Funda\u00e7\u00e3o Joaquim Nabuco, professora M\u00e1rcia \u00c2ngela Aguiar (anunciada no seu discurso de posse), de resgatar, n\u00e3o s\u00f3 no Recife (Fundaj tem a\u00e7\u00f5es culturais de \u00e2mbito regional), a mem\u00f3ria e a obra desse pernambucano, como fil\u00f3sofo da educa\u00e7\u00e3o, comprometido com a vida e a exist\u00eancia, defensor da Educa\u00e7\u00e3o Libertadora, contra a domina\u00e7\u00e3o e opress\u00e3o.<\/p>\n<p>Procuro ver, nos quintais dom\u00e9sticos (tema repleto de leituras sens\u00edveis na voz de grandes poetas e escritores de Pernambuco), n\u00e3o s\u00f3 o que eles representavam. A rela\u00e7\u00e3o que muitos tiveram com os seus quintais n\u00e3o foi ego\u00edsta. Ser\u00e3o vistos como extens\u00e3o a c\u00e9u aberto do ambiente dom\u00e9stico, potencialmente importantes para os que tiveram a sorte de possui-los.<\/p>\n<p style=\"text-align: justify;\"><strong>Marcus Prado &#8211; jornalista\u00a0<\/strong><\/p>\n<p><img loading=\"lazy\" class=\"aligncenter wp-image-141432 size-large\" src=\"http:\/\/www.blogdopilako.com.br\/wp\/wp-content\/uploads\/2023\/07\/Pix-arte-final-2-25-1024x401.png\" alt=\"\" width=\"584\" height=\"229\" srcset=\"http:\/\/www.blogdopilako.com.br\/wp\/wp-content\/uploads\/2023\/07\/Pix-arte-final-2-25-1024x401.png 1024w, http:\/\/www.blogdopilako.com.br\/wp\/wp-content\/uploads\/2023\/07\/Pix-arte-final-2-25-300x117.png 300w, http:\/\/www.blogdopilako.com.br\/wp\/wp-content\/uploads\/2023\/07\/Pix-arte-final-2-25-768x301.png 768w, http:\/\/www.blogdopilako.com.br\/wp\/wp-content\/uploads\/2023\/07\/Pix-arte-final-2-25-1536x601.png 1536w, http:\/\/www.blogdopilako.com.br\/wp\/wp-content\/uploads\/2023\/07\/Pix-arte-final-2-25-2048x802.png 2048w, http:\/\/www.blogdopilako.com.br\/wp\/wp-content\/uploads\/2023\/07\/Pix-arte-final-2-25-500x196.png 500w\" sizes=\"(max-width: 584px) 100vw, 584px\" \/><\/p>\n\n\t\t\t\t<div class=\"mr_social_sharing_wrapper\">\n\t\t\t\t<!-- Social Sharing Toolkit v2.2 --><span class=\"mr_social_sharing_top\"><span style=\"display: inline-block; width: 55px; height: 62px; overflow: hidden;\"><div class=\"fb-like\" data-href=\"http:\/\/www.blogdopilako.com.br\/wp\/2023\/07\/18\/os-quintais-de-paulo-freire-luciano-pinheiro-e-luzila-por-marcus-prado\/\" data-send=\"false\" data-layout=\"box_count\" data-width=\"55\" data-show-faces=\"false\"><\/div><\/span><\/span><span class=\"mr_social_sharing_top\"><fb:share-button type=\"box_count\" href=\"http:\/\/www.blogdopilako.com.br\/wp\/2023\/07\/18\/os-quintais-de-paulo-freire-luciano-pinheiro-e-luzila-por-marcus-prado\/\"><\/fb:share-button><\/span><span class=\"mr_social_sharing\"><a rel=\"nofollow\" class=\"linksalpha_button linksalpha_link\" href=\"\/\/www.linksalpha.com\/social\/mobile\" data-url=\"http:\/\/www.blogdopilako.com.br\/wp\/2023\/07\/18\/os-quintais-de-paulo-freire-luciano-pinheiro-e-luzila-por-marcus-prado\/\" data-text=\"Os quintais de Paulo Freire, Luciano Pinheiro e Luzil\u00e1 \u2013 por Marcus Prado.\" data-desc=\"No in\u00edcio das pesquisas voltadas para o meu livro Recife e Olinda. (Da imobilidade do instante), in\u00e9dito, tive a curiosidade de fotografar alguns dos mais antigos quintais das duas cidades, um deles, da resid\u00eancia do artista pl\u00e1stico Luciano Pinheiro e Vera Millet, em Olinda, \u201cnascedouro\u201d\" data-image=\"http:\/\/www.blogdopilako.com.br\/wp\/wp-content\/uploads\/2023\/07\/R-2.jpg\" data-button=\"none\">\n\t\t\t\t\t<img src=\"\/\/www.linksalpha.com\/images\/social_share_button.png\" alt=\"Share\" class=\"linksalpha_image\" \/>\n\t\t\t\t\t<\/a><script type=\"text\/javascript\" src=\"\/\/www.linksalpha.com\/scripts\/loader_iconbox.js?v=2.4\"><\/script><\/span><\/div>","protected":false},"excerpt":{"rendered":"\n\t\t\t\t<div class=\"mr_social_sharing_wrapper\">\n\t\t\t\t<!-- Social Sharing Toolkit v2.2 --><span class=\"mr_social_sharing_top\"><span style=\"display: inline-block; width: 55px; height: 62px; overflow: hidden;\"><div class=\"fb-like\" data-href=\"http:\/\/www.blogdopilako.com.br\/wp\/2023\/07\/18\/os-quintais-de-paulo-freire-luciano-pinheiro-e-luzila-por-marcus-prado\/\" data-send=\"false\" data-layout=\"box_count\" data-width=\"55\" data-show-faces=\"false\"><\/div><\/span><\/span><span class=\"mr_social_sharing_top\"><fb:share-button type=\"box_count\" href=\"http:\/\/www.blogdopilako.com.br\/wp\/2023\/07\/18\/os-quintais-de-paulo-freire-luciano-pinheiro-e-luzila-por-marcus-prado\/\"><\/fb:share-button><\/span><span class=\"mr_social_sharing\"><a rel=\"nofollow\" class=\"linksalpha_button linksalpha_link\" href=\"\/\/www.linksalpha.com\/social\/mobile\" data-url=\"http:\/\/www.blogdopilako.com.br\/wp\/2023\/07\/18\/os-quintais-de-paulo-freire-luciano-pinheiro-e-luzila-por-marcus-prado\/\" data-text=\"Os quintais de Paulo Freire, Luciano Pinheiro e Luzil\u00e1 \u2013 por Marcus Prado.\" data-desc=\"No in\u00edcio das pesquisas voltadas para o meu livro Recife e Olinda. (Da imobilidade do instante), in\u00e9dito, tive a curiosidade de fotografar alguns dos mais antigos quintais das duas cidades, um deles, da resid\u00eancia do artista pl\u00e1stico Luciano Pinheiro e Vera Millet, em Olinda, \u201cnascedouro\u201d\" data-image=\"\" data-button=\"none\">\n\t\t\t\t\t<img src=\"\/\/www.linksalpha.com\/images\/social_share_button.png\" alt=\"Share\" class=\"linksalpha_image\" \/>\n\t\t\t\t\t<\/a><script type=\"text\/javascript\" src=\"\/\/www.linksalpha.com\/scripts\/loader_iconbox.js?v=2.4\"><\/script><\/span><\/div><p>No in\u00edcio das pesquisas voltadas para o meu livro Recife e Olinda. (Da imobilidade do instante), in\u00e9dito, tive a curiosidade de fotografar alguns dos mais antigos quintais das duas cidades, um deles, da resid\u00eancia do artista pl\u00e1stico Luciano Pinheiro e &hellip; <a href=\"http:\/\/www.blogdopilako.com.br\/wp\/2023\/07\/18\/os-quintais-de-paulo-freire-luciano-pinheiro-e-luzila-por-marcus-prado\/\">Continue lendo <span class=\"meta-nav\">&rarr;<\/span><\/a><\/p>\n\n\t\t\t\t<div class=\"mr_social_sharing_wrapper\">\n\t\t\t\t<!-- Social Sharing Toolkit v2.2 --><span class=\"mr_social_sharing_top\"><span style=\"display: inline-block; width: 55px; height: 62px; overflow: hidden;\"><div class=\"fb-like\" data-href=\"http:\/\/www.blogdopilako.com.br\/wp\/2023\/07\/18\/os-quintais-de-paulo-freire-luciano-pinheiro-e-luzila-por-marcus-prado\/\" data-send=\"false\" data-layout=\"box_count\" data-width=\"55\" data-show-faces=\"false\"><\/div><\/span><\/span><span class=\"mr_social_sharing_top\"><fb:share-button type=\"box_count\" href=\"http:\/\/www.blogdopilako.com.br\/wp\/2023\/07\/18\/os-quintais-de-paulo-freire-luciano-pinheiro-e-luzila-por-marcus-prado\/\"><\/fb:share-button><\/span><span class=\"mr_social_sharing\"><a rel=\"nofollow\" class=\"linksalpha_button linksalpha_link\" href=\"\/\/www.linksalpha.com\/social\/mobile\" data-url=\"http:\/\/www.blogdopilako.com.br\/wp\/2023\/07\/18\/os-quintais-de-paulo-freire-luciano-pinheiro-e-luzila-por-marcus-prado\/\" data-text=\"Os quintais de Paulo Freire, Luciano Pinheiro e Luzil\u00e1 \u2013 por Marcus Prado.\" data-desc=\"No in\u00edcio das pesquisas voltadas para o meu livro Recife e Olinda. (Da imobilidade do instante), in\u00e9dito, tive a curiosidade de fotografar alguns dos mais antigos quintais das duas cidades, um deles, da resid\u00eancia do artista pl\u00e1stico Luciano Pinheiro e Vera Millet, em Olinda, \u201cnascedouro\u201d\" data-image=\"\" data-button=\"none\">\n\t\t\t\t\t<img src=\"\/\/www.linksalpha.com\/images\/social_share_button.png\" alt=\"Share\" class=\"linksalpha_image\" \/>\n\t\t\t\t\t<\/a><script type=\"text\/javascript\" src=\"\/\/www.linksalpha.com\/scripts\/loader_iconbox.js?v=2.4\"><\/script><\/span><\/div>","protected":false},"author":2,"featured_media":0,"comment_status":"open","ping_status":"open","sticky":false,"template":"","format":"standard","meta":[],"categories":[21],"tags":[],"_links":{"self":[{"href":"http:\/\/www.blogdopilako.com.br\/wp\/wp-json\/wp\/v2\/posts\/141431"}],"collection":[{"href":"http:\/\/www.blogdopilako.com.br\/wp\/wp-json\/wp\/v2\/posts"}],"about":[{"href":"http:\/\/www.blogdopilako.com.br\/wp\/wp-json\/wp\/v2\/types\/post"}],"author":[{"embeddable":true,"href":"http:\/\/www.blogdopilako.com.br\/wp\/wp-json\/wp\/v2\/users\/2"}],"replies":[{"embeddable":true,"href":"http:\/\/www.blogdopilako.com.br\/wp\/wp-json\/wp\/v2\/comments?post=141431"}],"version-history":[{"count":1,"href":"http:\/\/www.blogdopilako.com.br\/wp\/wp-json\/wp\/v2\/posts\/141431\/revisions"}],"predecessor-version":[{"id":141434,"href":"http:\/\/www.blogdopilako.com.br\/wp\/wp-json\/wp\/v2\/posts\/141431\/revisions\/141434"}],"wp:attachment":[{"href":"http:\/\/www.blogdopilako.com.br\/wp\/wp-json\/wp\/v2\/media?parent=141431"}],"wp:term":[{"taxonomy":"category","embeddable":true,"href":"http:\/\/www.blogdopilako.com.br\/wp\/wp-json\/wp\/v2\/categories?post=141431"},{"taxonomy":"post_tag","embeddable":true,"href":"http:\/\/www.blogdopilako.com.br\/wp\/wp-json\/wp\/v2\/tags?post=141431"}],"curies":[{"name":"wp","href":"https:\/\/api.w.org\/{rel}","templated":true}]}}