{"id":141301,"date":"2023-07-04T10:02:18","date_gmt":"2023-07-04T13:02:18","guid":{"rendered":"http:\/\/www.blogdopilako.com.br\/wp\/?p=141301"},"modified":"2023-07-04T10:02:18","modified_gmt":"2023-07-04T13:02:18","slug":"independencia-da-bahia-por-historia_em_retalhos","status":"publish","type":"post","link":"http:\/\/www.blogdopilako.com.br\/wp\/2023\/07\/04\/independencia-da-bahia-por-historia_em_retalhos\/","title":{"rendered":"&#8220;Independ\u00eancia da Bahia&#8221; &#8211; por @historia_em_retalhos."},"content":{"rendered":"\n\t\t\t\t<div class=\"mr_social_sharing_wrapper\">\n\t\t\t\t<!-- Social Sharing Toolkit v2.2 --><span class=\"mr_social_sharing_top\"><span style=\"display: inline-block; width: 55px; height: 62px; overflow: hidden;\"><div class=\"fb-like\" data-href=\"http:\/\/www.blogdopilako.com.br\/wp\/2023\/07\/04\/independencia-da-bahia-por-historia_em_retalhos\/\" data-send=\"false\" data-layout=\"box_count\" data-width=\"55\" data-show-faces=\"false\"><\/div><\/span><\/span><span class=\"mr_social_sharing_top\"><fb:share-button type=\"box_count\" href=\"http:\/\/www.blogdopilako.com.br\/wp\/2023\/07\/04\/independencia-da-bahia-por-historia_em_retalhos\/\"><\/fb:share-button><\/span><span class=\"mr_social_sharing\"><a rel=\"nofollow\" class=\"linksalpha_button linksalpha_link\" href=\"\/\/www.linksalpha.com\/social\/mobile\" data-url=\"http:\/\/www.blogdopilako.com.br\/wp\/2023\/07\/04\/independencia-da-bahia-por-historia_em_retalhos\/\" data-text=\"\u201cIndepend\u00eancia da Bahia\u201d \u2013 por @historia_em_retalhos.\" data-desc=\"2 de julho: dia da chamada \"Independ\u00eancia da Bahia\". Como j\u00e1 comentamos em retalhos anteriores, \u00e9 preciso desconstruir o mito de que as regi\u00f5es N e NE simplesmente aderiram ao Grito do Ipiranga. N\u00e3o \u00e9 verdade. A ades\u00e3o deu-se no Centro-Sul do pa\u00eds. Nas demais regi\u00f5es, ocorreu um sofrido\" data-image=\"http:\/\/www.blogdopilako.com.br\/wp\/wp-content\/uploads\/2023\/07\/4892290b-6a8e-48fc-a0c6-41d1db499536.jpg\" data-button=\"none\">\n\t\t\t\t\t<img src=\"\/\/www.linksalpha.com\/images\/social_share_button.png\" alt=\"Share\" class=\"linksalpha_image\" \/>\n\t\t\t\t\t<\/a><script type=\"text\/javascript\" src=\"\/\/www.linksalpha.com\/scripts\/loader_iconbox.js?v=2.4\"><\/script><\/span><\/div><p><img loading=\"lazy\" class=\"aligncenter wp-image-141303 size-full\" src=\"http:\/\/www.blogdopilako.com.br\/wp\/wp-content\/uploads\/2023\/07\/4892290b-6a8e-48fc-a0c6-41d1db499536.jpg\" alt=\"\" width=\"640\" height=\"613\" srcset=\"http:\/\/www.blogdopilako.com.br\/wp\/wp-content\/uploads\/2023\/07\/4892290b-6a8e-48fc-a0c6-41d1db499536.jpg 640w, http:\/\/www.blogdopilako.com.br\/wp\/wp-content\/uploads\/2023\/07\/4892290b-6a8e-48fc-a0c6-41d1db499536-300x287.jpg 300w, http:\/\/www.blogdopilako.com.br\/wp\/wp-content\/uploads\/2023\/07\/4892290b-6a8e-48fc-a0c6-41d1db499536-313x300.jpg 313w\" sizes=\"(max-width: 640px) 100vw, 640px\" \/><\/p>\n<p style=\"text-align: justify;\">2 de julho: dia da chamada &#8220;Independ\u00eancia da Bahia&#8221;.<\/p>\n<p style=\"text-align: justify;\">Como j\u00e1 comentamos em retalhos anteriores, \u00e9 preciso desconstruir o mito de que as regi\u00f5es N e NE simplesmente aderiram ao Grito do Ipiranga.<\/p>\n<p style=\"text-align: justify;\">N\u00e3o \u00e9 verdade.<\/p>\n<p style=\"text-align: justify;\">A ades\u00e3o deu-se no Centro-Sul do pa\u00eds.<\/p>\n<p style=\"text-align: justify;\">Nas demais regi\u00f5es, ocorreu um sofrido processo de emancipa\u00e7\u00e3o, marcado por lutas sangrentas, que, al\u00e9m de consolidarem a independ\u00eancia, puseram fim aos planos de Portugal no norte do BR.<\/p>\n<p style=\"text-align: justify;\">Depois da expuls\u00e3o das tropas de Jorge de Avilez do RJ, em fev\/1822, a metr\u00f3pole decidiu concentrar em Salvador todos os seus esfor\u00e7os militares.<\/p>\n<p style=\"text-align: justify;\">O objetivo era dividir o BR e, quem sabe, mais na frente, retomar o RJ e o restante do pa\u00eds.<\/p>\n<p style=\"text-align: justify;\">Gra\u00e7as ao povo baiano isso n\u00e3o aconteceu.<\/p>\n<p style=\"text-align: justify;\">A guerra contra os portugueses na BA durou 1 ano e 5 meses, mobilizou mais de 16.000 pessoas e custou centenas de vidas.<\/p>\n<p style=\"text-align: justify;\">Iniciou-se com a rebeli\u00e3o do dia 19.02.1822, no Forte S\u00e3o Pedro, em Salvador, que foi derrotada, mas que deu ensejo \u00e0 organiza\u00e7\u00e3o da resist\u00eancia no Rec\u00f4ncavo Baiano.<\/p>\n<p style=\"text-align: justify;\">Batalh\u00f5es de volunt\u00e1rios foram recrutados, sendo o mais famoso deles aquele batizado de &#8220;batalh\u00e3o dos periquitos&#8221;, pela cor verde usada nos uniformes.<\/p>\n<p style=\"text-align: justify;\">A tarefa de organizar esse ex\u00e9rcito coube, inicialmente, ao gal. franc\u00eas Pierre Labatut, que, depois, foi substitu\u00eddo pelo cel. Jos\u00e9 Joaquim de Lima e Silva (tio do futuro Duque de Caxias).<\/p>\n<p style=\"text-align: justify;\">Houve duas tentativas portuguesas de romper o cerco brasileiro a Salvador: a Batalha do Piraj\u00e1 (08.11.1822), o principal confronto, e o ataque \u00e0 Ilha de Itaparica (07.01.1823), ambas fracassadas, selando o destino de Portugal na BA.<\/p>\n<p style=\"text-align: justify;\">Em 2 de julho de 1823, 301 anos ap\u00f3s a chegada de Cabral a Porto Seguro, a esquadra lusitana deixava, derrotada, o litoral baiano.<\/p>\n<p style=\"text-align: justify;\">A freira Joana Ang\u00e9lica, assassinada por golpes de baioneta, e a hero\u00edna Maria Quit\u00e9ria, que se disfar\u00e7ou de homem para lutar pelo BR, s\u00e3o duas dos principais personagens da &#8220;independ\u00eancia baiana&#8221;.<\/p>\n<p style=\"text-align: justify;\">Lamentavelmente, em 1998, o aeroporto de Salvador perdeu a designa\u00e7\u00e3o &#8220;Dois de Julho&#8221;, em desrespeito ao fato mais importante da hist\u00f3ria da Bahia e ao sangue dos seus m\u00e1rtires.<\/p>\n<p style=\"text-align: justify;\">\u00c9 festa c\u00edvica na Bahia!<\/p>\n<p style=\"text-align: justify;\">Salvem os her\u00f3is do 2 de julho!<br \/>\n.<br \/>\n<strong>Siga: @historia_em_retalhos<\/strong><\/p>\n<p><a href=\"https:\/\/www.instagram.com\/p\/CuMPJR0uRes\/?igshid=MTc4MmM1YmI2Ng%3D%3D\">https:\/\/www.instagram.com\/p\/CuMPJR0uRes\/?igshid=MTc4MmM1YmI2Ng%3D%3D<\/a><\/p>\n<p><img loading=\"lazy\" class=\"aligncenter wp-image-141302 size-large\" src=\"http:\/\/www.blogdopilako.com.br\/wp\/wp-content\/uploads\/2023\/07\/Pix-arte-final-2-2-1024x401.png\" alt=\"\" width=\"584\" height=\"229\" srcset=\"http:\/\/www.blogdopilako.com.br\/wp\/wp-content\/uploads\/2023\/07\/Pix-arte-final-2-2-1024x401.png 1024w, http:\/\/www.blogdopilako.com.br\/wp\/wp-content\/uploads\/2023\/07\/Pix-arte-final-2-2-300x117.png 300w, http:\/\/www.blogdopilako.com.br\/wp\/wp-content\/uploads\/2023\/07\/Pix-arte-final-2-2-768x301.png 768w, http:\/\/www.blogdopilako.com.br\/wp\/wp-content\/uploads\/2023\/07\/Pix-arte-final-2-2-1536x601.png 1536w, http:\/\/www.blogdopilako.com.br\/wp\/wp-content\/uploads\/2023\/07\/Pix-arte-final-2-2-2048x802.png 2048w, http:\/\/www.blogdopilako.com.br\/wp\/wp-content\/uploads\/2023\/07\/Pix-arte-final-2-2-500x196.png 500w\" sizes=\"(max-width: 584px) 100vw, 584px\" \/><\/p>\n\n\t\t\t\t<div class=\"mr_social_sharing_wrapper\">\n\t\t\t\t<!-- Social Sharing Toolkit v2.2 --><span class=\"mr_social_sharing_top\"><span style=\"display: inline-block; width: 55px; height: 62px; overflow: hidden;\"><div class=\"fb-like\" data-href=\"http:\/\/www.blogdopilako.com.br\/wp\/2023\/07\/04\/independencia-da-bahia-por-historia_em_retalhos\/\" data-send=\"false\" data-layout=\"box_count\" data-width=\"55\" data-show-faces=\"false\"><\/div><\/span><\/span><span class=\"mr_social_sharing_top\"><fb:share-button type=\"box_count\" href=\"http:\/\/www.blogdopilako.com.br\/wp\/2023\/07\/04\/independencia-da-bahia-por-historia_em_retalhos\/\"><\/fb:share-button><\/span><span class=\"mr_social_sharing\"><a rel=\"nofollow\" class=\"linksalpha_button linksalpha_link\" href=\"\/\/www.linksalpha.com\/social\/mobile\" data-url=\"http:\/\/www.blogdopilako.com.br\/wp\/2023\/07\/04\/independencia-da-bahia-por-historia_em_retalhos\/\" data-text=\"\u201cIndepend\u00eancia da Bahia\u201d \u2013 por @historia_em_retalhos.\" data-desc=\"2 de julho: dia da chamada \"Independ\u00eancia da Bahia\". Como j\u00e1 comentamos em retalhos anteriores, \u00e9 preciso desconstruir o mito de que as regi\u00f5es N e NE simplesmente aderiram ao Grito do Ipiranga. N\u00e3o \u00e9 verdade. A ades\u00e3o deu-se no Centro-Sul do pa\u00eds. Nas demais regi\u00f5es, ocorreu um sofrido\" data-image=\"http:\/\/www.blogdopilako.com.br\/wp\/wp-content\/uploads\/2023\/07\/4892290b-6a8e-48fc-a0c6-41d1db499536.jpg\" data-button=\"none\">\n\t\t\t\t\t<img src=\"\/\/www.linksalpha.com\/images\/social_share_button.png\" alt=\"Share\" class=\"linksalpha_image\" \/>\n\t\t\t\t\t<\/a><script type=\"text\/javascript\" src=\"\/\/www.linksalpha.com\/scripts\/loader_iconbox.js?v=2.4\"><\/script><\/span><\/div>","protected":false},"excerpt":{"rendered":"\n\t\t\t\t<div class=\"mr_social_sharing_wrapper\">\n\t\t\t\t<!-- Social Sharing Toolkit v2.2 --><span class=\"mr_social_sharing_top\"><span style=\"display: inline-block; width: 55px; height: 62px; overflow: hidden;\"><div class=\"fb-like\" data-href=\"http:\/\/www.blogdopilako.com.br\/wp\/2023\/07\/04\/independencia-da-bahia-por-historia_em_retalhos\/\" data-send=\"false\" data-layout=\"box_count\" data-width=\"55\" data-show-faces=\"false\"><\/div><\/span><\/span><span class=\"mr_social_sharing_top\"><fb:share-button type=\"box_count\" href=\"http:\/\/www.blogdopilako.com.br\/wp\/2023\/07\/04\/independencia-da-bahia-por-historia_em_retalhos\/\"><\/fb:share-button><\/span><span class=\"mr_social_sharing\"><a rel=\"nofollow\" class=\"linksalpha_button linksalpha_link\" href=\"\/\/www.linksalpha.com\/social\/mobile\" data-url=\"http:\/\/www.blogdopilako.com.br\/wp\/2023\/07\/04\/independencia-da-bahia-por-historia_em_retalhos\/\" data-text=\"\u201cIndepend\u00eancia da Bahia\u201d \u2013 por @historia_em_retalhos.\" data-desc=\"2 de julho: dia da chamada \"Independ\u00eancia da Bahia\". Como j\u00e1 comentamos em retalhos anteriores, \u00e9 preciso desconstruir o mito de que as regi\u00f5es N e NE simplesmente aderiram ao Grito do Ipiranga. N\u00e3o \u00e9 verdade. A ades\u00e3o deu-se no Centro-Sul do pa\u00eds. Nas demais regi\u00f5es, ocorreu um sofrido\" data-image=\"\" data-button=\"none\">\n\t\t\t\t\t<img src=\"\/\/www.linksalpha.com\/images\/social_share_button.png\" alt=\"Share\" class=\"linksalpha_image\" \/>\n\t\t\t\t\t<\/a><script type=\"text\/javascript\" src=\"\/\/www.linksalpha.com\/scripts\/loader_iconbox.js?v=2.4\"><\/script><\/span><\/div><p>2 de julho: dia da chamada &#8220;Independ\u00eancia da Bahia&#8221;. Como j\u00e1 comentamos em retalhos anteriores, \u00e9 preciso desconstruir o mito de que as regi\u00f5es N e NE simplesmente aderiram ao Grito do Ipiranga. N\u00e3o \u00e9 verdade. A ades\u00e3o deu-se no &hellip; <a href=\"http:\/\/www.blogdopilako.com.br\/wp\/2023\/07\/04\/independencia-da-bahia-por-historia_em_retalhos\/\">Continue lendo <span class=\"meta-nav\">&rarr;<\/span><\/a><\/p>\n\n\t\t\t\t<div class=\"mr_social_sharing_wrapper\">\n\t\t\t\t<!-- Social Sharing Toolkit v2.2 --><span class=\"mr_social_sharing_top\"><span style=\"display: inline-block; width: 55px; height: 62px; overflow: hidden;\"><div class=\"fb-like\" data-href=\"http:\/\/www.blogdopilako.com.br\/wp\/2023\/07\/04\/independencia-da-bahia-por-historia_em_retalhos\/\" data-send=\"false\" data-layout=\"box_count\" data-width=\"55\" data-show-faces=\"false\"><\/div><\/span><\/span><span class=\"mr_social_sharing_top\"><fb:share-button type=\"box_count\" href=\"http:\/\/www.blogdopilako.com.br\/wp\/2023\/07\/04\/independencia-da-bahia-por-historia_em_retalhos\/\"><\/fb:share-button><\/span><span class=\"mr_social_sharing\"><a rel=\"nofollow\" class=\"linksalpha_button linksalpha_link\" href=\"\/\/www.linksalpha.com\/social\/mobile\" data-url=\"http:\/\/www.blogdopilako.com.br\/wp\/2023\/07\/04\/independencia-da-bahia-por-historia_em_retalhos\/\" data-text=\"\u201cIndepend\u00eancia da Bahia\u201d \u2013 por @historia_em_retalhos.\" data-desc=\"2 de julho: dia da chamada \"Independ\u00eancia da Bahia\". Como j\u00e1 comentamos em retalhos anteriores, \u00e9 preciso desconstruir o mito de que as regi\u00f5es N e NE simplesmente aderiram ao Grito do Ipiranga. N\u00e3o \u00e9 verdade. A ades\u00e3o deu-se no Centro-Sul do pa\u00eds. Nas demais regi\u00f5es, ocorreu um sofrido\" data-image=\"\" data-button=\"none\">\n\t\t\t\t\t<img src=\"\/\/www.linksalpha.com\/images\/social_share_button.png\" alt=\"Share\" class=\"linksalpha_image\" \/>\n\t\t\t\t\t<\/a><script type=\"text\/javascript\" src=\"\/\/www.linksalpha.com\/scripts\/loader_iconbox.js?v=2.4\"><\/script><\/span><\/div>","protected":false},"author":2,"featured_media":0,"comment_status":"open","ping_status":"open","sticky":false,"template":"","format":"standard","meta":[],"categories":[21],"tags":[],"_links":{"self":[{"href":"http:\/\/www.blogdopilako.com.br\/wp\/wp-json\/wp\/v2\/posts\/141301"}],"collection":[{"href":"http:\/\/www.blogdopilako.com.br\/wp\/wp-json\/wp\/v2\/posts"}],"about":[{"href":"http:\/\/www.blogdopilako.com.br\/wp\/wp-json\/wp\/v2\/types\/post"}],"author":[{"embeddable":true,"href":"http:\/\/www.blogdopilako.com.br\/wp\/wp-json\/wp\/v2\/users\/2"}],"replies":[{"embeddable":true,"href":"http:\/\/www.blogdopilako.com.br\/wp\/wp-json\/wp\/v2\/comments?post=141301"}],"version-history":[{"count":1,"href":"http:\/\/www.blogdopilako.com.br\/wp\/wp-json\/wp\/v2\/posts\/141301\/revisions"}],"predecessor-version":[{"id":141304,"href":"http:\/\/www.blogdopilako.com.br\/wp\/wp-json\/wp\/v2\/posts\/141301\/revisions\/141304"}],"wp:attachment":[{"href":"http:\/\/www.blogdopilako.com.br\/wp\/wp-json\/wp\/v2\/media?parent=141301"}],"wp:term":[{"taxonomy":"category","embeddable":true,"href":"http:\/\/www.blogdopilako.com.br\/wp\/wp-json\/wp\/v2\/categories?post=141301"},{"taxonomy":"post_tag","embeddable":true,"href":"http:\/\/www.blogdopilako.com.br\/wp\/wp-json\/wp\/v2\/tags?post=141301"}],"curies":[{"name":"wp","href":"https:\/\/api.w.org\/{rel}","templated":true}]}}