{"id":141280,"date":"2023-06-30T10:53:54","date_gmt":"2023-06-30T13:53:54","guid":{"rendered":"http:\/\/www.blogdopilako.com.br\/wp\/?p=141280"},"modified":"2023-06-30T10:53:54","modified_gmt":"2023-06-30T13:53:54","slug":"6a-festa-da-saudade-super-oara-19-de-agosto-4","status":"publish","type":"post","link":"http:\/\/www.blogdopilako.com.br\/wp\/2023\/06\/30\/6a-festa-da-saudade-super-oara-19-de-agosto-4\/","title":{"rendered":"6\u00aa Festa da Saudade \u2013 Super OARA \u2013 19 de agosto."},"content":{"rendered":"\n\t\t\t\t<div class=\"mr_social_sharing_wrapper\">\n\t\t\t\t<!-- Social Sharing Toolkit v2.2 --><span class=\"mr_social_sharing_top\"><span style=\"display: inline-block; width: 55px; height: 62px; overflow: hidden;\"><div class=\"fb-like\" data-href=\"http:\/\/www.blogdopilako.com.br\/wp\/2023\/06\/30\/6a-festa-da-saudade-super-oara-19-de-agosto-4\/\" data-send=\"false\" data-layout=\"box_count\" data-width=\"55\" data-show-faces=\"false\"><\/div><\/span><\/span><span class=\"mr_social_sharing_top\"><fb:share-button type=\"box_count\" href=\"http:\/\/www.blogdopilako.com.br\/wp\/2023\/06\/30\/6a-festa-da-saudade-super-oara-19-de-agosto-4\/\"><\/fb:share-button><\/span><span class=\"mr_social_sharing\"><a rel=\"nofollow\" class=\"linksalpha_button linksalpha_link\" href=\"\/\/www.linksalpha.com\/social\/mobile\" data-url=\"http:\/\/www.blogdopilako.com.br\/wp\/2023\/06\/30\/6a-festa-da-saudade-super-oara-19-de-agosto-4\/\" data-text=\"6\u00aa Festa da Saudade \u2013 Super OARA \u2013 19 de agosto.\" data-desc=\"J\u00e1 estamos fazendo as reservas de mesas e camarotes para a 6\u00aa Edi\u00e7\u00e3o da Festa da Saudade que acontecer\u00e1 com no Clube Abanadores \u201cO Le\u00e3o\u201d e ter\u00e1 com principal atra\u00e7\u00e3o musical a Orquestra Super OARA. https:\/\/youtu.be\/XKk4RzbHfHc SERVI\u00c7O:\u00a0 Evento: 6\u00aa Festa da Saudade. Local: Clube\" data-image=\"http:\/\/www.blogdopilako.com.br\/wp\/wp-content\/uploads\/2023\/06\/a2dc2318-9ff0-4cd1-b0ae-fd6bb4a0db71-4.jpg\" data-button=\"none\">\n\t\t\t\t\t<img src=\"\/\/www.linksalpha.com\/images\/social_share_button.png\" alt=\"Share\" class=\"linksalpha_image\" \/>\n\t\t\t\t\t<\/a><script type=\"text\/javascript\" src=\"\/\/www.linksalpha.com\/scripts\/loader_iconbox.js?v=2.4\"><\/script><\/span><\/div><p><img loading=\"lazy\" class=\"aligncenter wp-image-141281 size-full\" src=\"http:\/\/www.blogdopilako.com.br\/wp\/wp-content\/uploads\/2023\/06\/a2dc2318-9ff0-4cd1-b0ae-fd6bb4a0db71-4.jpg\" alt=\"\" width=\"1080\" height=\"1080\" srcset=\"http:\/\/www.blogdopilako.com.br\/wp\/wp-content\/uploads\/2023\/06\/a2dc2318-9ff0-4cd1-b0ae-fd6bb4a0db71-4.jpg 1080w, http:\/\/www.blogdopilako.com.br\/wp\/wp-content\/uploads\/2023\/06\/a2dc2318-9ff0-4cd1-b0ae-fd6bb4a0db71-4-300x300.jpg 300w, http:\/\/www.blogdopilako.com.br\/wp\/wp-content\/uploads\/2023\/06\/a2dc2318-9ff0-4cd1-b0ae-fd6bb4a0db71-4-1024x1024.jpg 1024w, http:\/\/www.blogdopilako.com.br\/wp\/wp-content\/uploads\/2023\/06\/a2dc2318-9ff0-4cd1-b0ae-fd6bb4a0db71-4-150x150.jpg 150w, http:\/\/www.blogdopilako.com.br\/wp\/wp-content\/uploads\/2023\/06\/a2dc2318-9ff0-4cd1-b0ae-fd6bb4a0db71-4-768x768.jpg 768w\" sizes=\"(max-width: 1080px) 100vw, 1080px\" \/><\/p>\n<p style=\"text-align: justify;\"><strong>J\u00e1 estamos fazendo as reservas de mesas e camarotes para a 6\u00aa Edi\u00e7\u00e3o da Festa da Saudade que acontecer\u00e1 com no Clube Abanadores \u201cO Le\u00e3o\u201d e ter\u00e1 com principal atra\u00e7\u00e3o musical a Orquestra Super OARA.<\/strong><\/p>\n<p><iframe loading=\"lazy\" title=\"Blog do Pilako: VIT\u00d3RIA DE SANTO ANT\u00c3O - 4\u00aa FESTA DA SAUDADE - OARA - 24-08-2019\" width=\"584\" height=\"329\" src=\"https:\/\/www.youtube.com\/embed\/XKk4RzbHfHc?feature=oembed\" frameborder=\"0\" allow=\"accelerometer; autoplay; clipboard-write; encrypted-media; gyroscope; picture-in-picture; web-share\" allowfullscreen><\/iframe><\/p>\n<p><strong>SERVI\u00c7O:\u00a0<\/strong><\/p>\n<p><strong>Evento: 6\u00aa Festa da Saudade.<\/strong><\/p>\n<p><strong>Local: Clube Abanadores \u201cO Le\u00e3o\u201d.<\/strong><\/p>\n<p><strong>Data: 19 de agosto.<\/strong><\/p>\n<p><strong>hor\u00e1rio: a partir das 21h.\u00a0<\/strong><\/p>\n<p><strong>Reservas de Mesas e Camarotes: Pilako \u2013 9.9192.5094.\u00a0<\/strong><\/p>\n<p><img loading=\"lazy\" class=\"aligncenter wp-image-141282 size-large\" src=\"http:\/\/www.blogdopilako.com.br\/wp\/wp-content\/uploads\/2023\/06\/Pix-arte-final-2-51-1024x401.png\" alt=\"\" width=\"584\" height=\"229\" srcset=\"http:\/\/www.blogdopilako.com.br\/wp\/wp-content\/uploads\/2023\/06\/Pix-arte-final-2-51-1024x401.png 1024w, http:\/\/www.blogdopilako.com.br\/wp\/wp-content\/uploads\/2023\/06\/Pix-arte-final-2-51-300x117.png 300w, http:\/\/www.blogdopilako.com.br\/wp\/wp-content\/uploads\/2023\/06\/Pix-arte-final-2-51-768x301.png 768w, http:\/\/www.blogdopilako.com.br\/wp\/wp-content\/uploads\/2023\/06\/Pix-arte-final-2-51-1536x601.png 1536w, http:\/\/www.blogdopilako.com.br\/wp\/wp-content\/uploads\/2023\/06\/Pix-arte-final-2-51-2048x802.png 2048w, http:\/\/www.blogdopilako.com.br\/wp\/wp-content\/uploads\/2023\/06\/Pix-arte-final-2-51-500x196.png 500w\" sizes=\"(max-width: 584px) 100vw, 584px\" \/><\/p>\n\n\t\t\t\t<div class=\"mr_social_sharing_wrapper\">\n\t\t\t\t<!-- Social Sharing Toolkit v2.2 --><span class=\"mr_social_sharing_top\"><span style=\"display: inline-block; width: 55px; height: 62px; overflow: hidden;\"><div class=\"fb-like\" data-href=\"http:\/\/www.blogdopilako.com.br\/wp\/2023\/06\/30\/6a-festa-da-saudade-super-oara-19-de-agosto-4\/\" data-send=\"false\" data-layout=\"box_count\" data-width=\"55\" data-show-faces=\"false\"><\/div><\/span><\/span><span class=\"mr_social_sharing_top\"><fb:share-button type=\"box_count\" href=\"http:\/\/www.blogdopilako.com.br\/wp\/2023\/06\/30\/6a-festa-da-saudade-super-oara-19-de-agosto-4\/\"><\/fb:share-button><\/span><span class=\"mr_social_sharing\"><a rel=\"nofollow\" class=\"linksalpha_button linksalpha_link\" href=\"\/\/www.linksalpha.com\/social\/mobile\" data-url=\"http:\/\/www.blogdopilako.com.br\/wp\/2023\/06\/30\/6a-festa-da-saudade-super-oara-19-de-agosto-4\/\" data-text=\"6\u00aa Festa da Saudade \u2013 Super OARA \u2013 19 de agosto.\" data-desc=\"J\u00e1 estamos fazendo as reservas de mesas e camarotes para a 6\u00aa Edi\u00e7\u00e3o da Festa da Saudade que acontecer\u00e1 com no Clube Abanadores \u201cO Le\u00e3o\u201d e ter\u00e1 com principal atra\u00e7\u00e3o musical a Orquestra Super OARA. https:\/\/youtu.be\/XKk4RzbHfHc SERVI\u00c7O:\u00a0 Evento: 6\u00aa Festa da Saudade. Local: Clube\" data-image=\"http:\/\/www.blogdopilako.com.br\/wp\/wp-content\/uploads\/2023\/06\/a2dc2318-9ff0-4cd1-b0ae-fd6bb4a0db71-4.jpg\" data-button=\"none\">\n\t\t\t\t\t<img src=\"\/\/www.linksalpha.com\/images\/social_share_button.png\" alt=\"Share\" class=\"linksalpha_image\" \/>\n\t\t\t\t\t<\/a><script type=\"text\/javascript\" src=\"\/\/www.linksalpha.com\/scripts\/loader_iconbox.js?v=2.4\"><\/script><\/span><\/div>","protected":false},"excerpt":{"rendered":"\n\t\t\t\t<div class=\"mr_social_sharing_wrapper\">\n\t\t\t\t<!-- Social Sharing Toolkit v2.2 --><span class=\"mr_social_sharing_top\"><span style=\"display: inline-block; width: 55px; height: 62px; overflow: hidden;\"><div class=\"fb-like\" data-href=\"http:\/\/www.blogdopilako.com.br\/wp\/2023\/06\/30\/6a-festa-da-saudade-super-oara-19-de-agosto-4\/\" data-send=\"false\" data-layout=\"box_count\" data-width=\"55\" data-show-faces=\"false\"><\/div><\/span><\/span><span class=\"mr_social_sharing_top\"><fb:share-button type=\"box_count\" href=\"http:\/\/www.blogdopilako.com.br\/wp\/2023\/06\/30\/6a-festa-da-saudade-super-oara-19-de-agosto-4\/\"><\/fb:share-button><\/span><span class=\"mr_social_sharing\"><a rel=\"nofollow\" class=\"linksalpha_button linksalpha_link\" href=\"\/\/www.linksalpha.com\/social\/mobile\" data-url=\"http:\/\/www.blogdopilako.com.br\/wp\/2023\/06\/30\/6a-festa-da-saudade-super-oara-19-de-agosto-4\/\" data-text=\"6\u00aa Festa da Saudade \u2013 Super OARA \u2013 19 de agosto.\" data-desc=\"J\u00e1 estamos fazendo as reservas de mesas e camarotes para a 6\u00aa Edi\u00e7\u00e3o da Festa da Saudade que acontecer\u00e1 com no Clube Abanadores \u201cO Le\u00e3o\u201d e ter\u00e1 com principal atra\u00e7\u00e3o musical a Orquestra Super OARA. https:\/\/youtu.be\/XKk4RzbHfHc SERVI\u00c7O:\u00a0 Evento: 6\u00aa Festa da Saudade. Local: Clube\" data-image=\"\" data-button=\"none\">\n\t\t\t\t\t<img src=\"\/\/www.linksalpha.com\/images\/social_share_button.png\" alt=\"Share\" class=\"linksalpha_image\" \/>\n\t\t\t\t\t<\/a><script type=\"text\/javascript\" src=\"\/\/www.linksalpha.com\/scripts\/loader_iconbox.js?v=2.4\"><\/script><\/span><\/div><p>J\u00e1 estamos fazendo as reservas de mesas e camarotes para a 6\u00aa Edi\u00e7\u00e3o da Festa da Saudade que acontecer\u00e1 com no Clube Abanadores \u201cO Le\u00e3o\u201d e ter\u00e1 com principal atra\u00e7\u00e3o musical a Orquestra Super OARA. SERVI\u00c7O:\u00a0 Evento: 6\u00aa Festa da &hellip; <a href=\"http:\/\/www.blogdopilako.com.br\/wp\/2023\/06\/30\/6a-festa-da-saudade-super-oara-19-de-agosto-4\/\">Continue lendo <span class=\"meta-nav\">&rarr;<\/span><\/a><\/p>\n\n\t\t\t\t<div class=\"mr_social_sharing_wrapper\">\n\t\t\t\t<!-- Social Sharing Toolkit v2.2 --><span class=\"mr_social_sharing_top\"><span style=\"display: inline-block; width: 55px; height: 62px; overflow: hidden;\"><div class=\"fb-like\" data-href=\"http:\/\/www.blogdopilako.com.br\/wp\/2023\/06\/30\/6a-festa-da-saudade-super-oara-19-de-agosto-4\/\" data-send=\"false\" data-layout=\"box_count\" data-width=\"55\" data-show-faces=\"false\"><\/div><\/span><\/span><span class=\"mr_social_sharing_top\"><fb:share-button type=\"box_count\" href=\"http:\/\/www.blogdopilako.com.br\/wp\/2023\/06\/30\/6a-festa-da-saudade-super-oara-19-de-agosto-4\/\"><\/fb:share-button><\/span><span class=\"mr_social_sharing\"><a rel=\"nofollow\" class=\"linksalpha_button linksalpha_link\" href=\"\/\/www.linksalpha.com\/social\/mobile\" data-url=\"http:\/\/www.blogdopilako.com.br\/wp\/2023\/06\/30\/6a-festa-da-saudade-super-oara-19-de-agosto-4\/\" data-text=\"6\u00aa Festa da Saudade \u2013 Super OARA \u2013 19 de agosto.\" data-desc=\"J\u00e1 estamos fazendo as reservas de mesas e camarotes para a 6\u00aa Edi\u00e7\u00e3o da Festa da Saudade que acontecer\u00e1 com no Clube Abanadores \u201cO Le\u00e3o\u201d e ter\u00e1 com principal atra\u00e7\u00e3o musical a Orquestra Super OARA. https:\/\/youtu.be\/XKk4RzbHfHc SERVI\u00c7O:\u00a0 Evento: 6\u00aa Festa da Saudade. Local: Clube\" data-image=\"\" data-button=\"none\">\n\t\t\t\t\t<img src=\"\/\/www.linksalpha.com\/images\/social_share_button.png\" alt=\"Share\" class=\"linksalpha_image\" \/>\n\t\t\t\t\t<\/a><script type=\"text\/javascript\" src=\"\/\/www.linksalpha.com\/scripts\/loader_iconbox.js?v=2.4\"><\/script><\/span><\/div>","protected":false},"author":2,"featured_media":0,"comment_status":"open","ping_status":"open","sticky":false,"template":"","format":"standard","meta":[],"categories":[21],"tags":[],"_links":{"self":[{"href":"http:\/\/www.blogdopilako.com.br\/wp\/wp-json\/wp\/v2\/posts\/141280"}],"collection":[{"href":"http:\/\/www.blogdopilako.com.br\/wp\/wp-json\/wp\/v2\/posts"}],"about":[{"href":"http:\/\/www.blogdopilako.com.br\/wp\/wp-json\/wp\/v2\/types\/post"}],"author":[{"embeddable":true,"href":"http:\/\/www.blogdopilako.com.br\/wp\/wp-json\/wp\/v2\/users\/2"}],"replies":[{"embeddable":true,"href":"http:\/\/www.blogdopilako.com.br\/wp\/wp-json\/wp\/v2\/comments?post=141280"}],"version-history":[{"count":1,"href":"http:\/\/www.blogdopilako.com.br\/wp\/wp-json\/wp\/v2\/posts\/141280\/revisions"}],"predecessor-version":[{"id":141283,"href":"http:\/\/www.blogdopilako.com.br\/wp\/wp-json\/wp\/v2\/posts\/141280\/revisions\/141283"}],"wp:attachment":[{"href":"http:\/\/www.blogdopilako.com.br\/wp\/wp-json\/wp\/v2\/media?parent=141280"}],"wp:term":[{"taxonomy":"category","embeddable":true,"href":"http:\/\/www.blogdopilako.com.br\/wp\/wp-json\/wp\/v2\/categories?post=141280"},{"taxonomy":"post_tag","embeddable":true,"href":"http:\/\/www.blogdopilako.com.br\/wp\/wp-json\/wp\/v2\/tags?post=141280"}],"curies":[{"name":"wp","href":"https:\/\/api.w.org\/{rel}","templated":true}]}}