{"id":141197,"date":"2023-06-22T09:47:50","date_gmt":"2023-06-22T12:47:50","guid":{"rendered":"http:\/\/www.blogdopilako.com.br\/wp\/?p=141197"},"modified":"2023-06-22T09:47:51","modified_gmt":"2023-06-22T12:47:51","slug":"o-tempo-voa-capela-sao-joao-batista-3","status":"publish","type":"post","link":"http:\/\/www.blogdopilako.com.br\/wp\/2023\/06\/22\/o-tempo-voa-capela-sao-joao-batista-3\/","title":{"rendered":"O Tempo Voa: Capela S\u00e3o Jo\u00e3o Batista."},"content":{"rendered":"\n\t\t\t\t<div class=\"mr_social_sharing_wrapper\">\n\t\t\t\t<!-- Social Sharing Toolkit v2.2 --><span class=\"mr_social_sharing_top\"><span style=\"display: inline-block; width: 55px; height: 62px; overflow: hidden;\"><div class=\"fb-like\" data-href=\"http:\/\/www.blogdopilako.com.br\/wp\/2023\/06\/22\/o-tempo-voa-capela-sao-joao-batista-3\/\" data-send=\"false\" data-layout=\"box_count\" data-width=\"55\" data-show-faces=\"false\"><\/div><\/span><\/span><span class=\"mr_social_sharing_top\"><fb:share-button type=\"box_count\" href=\"http:\/\/www.blogdopilako.com.br\/wp\/2023\/06\/22\/o-tempo-voa-capela-sao-joao-batista-3\/\"><\/fb:share-button><\/span><span class=\"mr_social_sharing\"><a rel=\"nofollow\" class=\"linksalpha_button linksalpha_link\" href=\"\/\/www.linksalpha.com\/social\/mobile\" data-url=\"http:\/\/www.blogdopilako.com.br\/wp\/2023\/06\/22\/o-tempo-voa-capela-sao-joao-batista-3\/\" data-text=\"O Tempo Voa: Capela S\u00e3o Jo\u00e3o Batista.\" data-desc=\"Capela de S\u00e3o Jo\u00e3o Batista \u2013 \u00a0pr\u00f3ximo ao Restaurante Gamela de Ouro, ap\u00f3s missa em comemora\u00e7\u00e3o aos 50 anos de \u201cSeu\u201d\u00a0 Zito Mariano - foto registrada em 1978.\u00a0\" data-image=\"http:\/\/www.blogdopilako.com.br\/wp\/wp-content\/uploads\/2023\/06\/O-TEMPO-VOA-07-03.jpg\" data-button=\"none\">\n\t\t\t\t\t<img src=\"\/\/www.linksalpha.com\/images\/social_share_button.png\" alt=\"Share\" class=\"linksalpha_image\" \/>\n\t\t\t\t\t<\/a><script type=\"text\/javascript\" src=\"\/\/www.linksalpha.com\/scripts\/loader_iconbox.js?v=2.4\"><\/script><\/span><\/div><p><img loading=\"lazy\" class=\"aligncenter wp-image-141199 size-full\" src=\"http:\/\/www.blogdopilako.com.br\/wp\/wp-content\/uploads\/2023\/06\/O-TEMPO-VOA-07-03.jpg\" alt=\"\" width=\"576\" height=\"440\" srcset=\"http:\/\/www.blogdopilako.com.br\/wp\/wp-content\/uploads\/2023\/06\/O-TEMPO-VOA-07-03.jpg 576w, http:\/\/www.blogdopilako.com.br\/wp\/wp-content\/uploads\/2023\/06\/O-TEMPO-VOA-07-03-300x229.jpg 300w, http:\/\/www.blogdopilako.com.br\/wp\/wp-content\/uploads\/2023\/06\/O-TEMPO-VOA-07-03-393x300.jpg 393w\" sizes=\"(max-width: 576px) 100vw, 576px\" \/><\/p>\n<p style=\"text-align: justify;\"><strong>Capela de S\u00e3o Jo\u00e3o Batista \u2013 \u00a0pr\u00f3ximo ao Restaurante Gamela de Ouro, ap\u00f3s missa em comemora\u00e7\u00e3o aos 50 anos de \u201cSeu\u201d\u00a0 Zito Mariano &#8211; foto registrada em 1978.\u00a0<\/strong><\/p>\n<p><img loading=\"lazy\" class=\"aligncenter wp-image-141198 size-large\" src=\"http:\/\/www.blogdopilako.com.br\/wp\/wp-content\/uploads\/2023\/06\/Pix-arte-final-2-35-1024x401.png\" alt=\"\" width=\"584\" height=\"229\" srcset=\"http:\/\/www.blogdopilako.com.br\/wp\/wp-content\/uploads\/2023\/06\/Pix-arte-final-2-35-1024x401.png 1024w, http:\/\/www.blogdopilako.com.br\/wp\/wp-content\/uploads\/2023\/06\/Pix-arte-final-2-35-300x117.png 300w, http:\/\/www.blogdopilako.com.br\/wp\/wp-content\/uploads\/2023\/06\/Pix-arte-final-2-35-768x301.png 768w, http:\/\/www.blogdopilako.com.br\/wp\/wp-content\/uploads\/2023\/06\/Pix-arte-final-2-35-1536x601.png 1536w, http:\/\/www.blogdopilako.com.br\/wp\/wp-content\/uploads\/2023\/06\/Pix-arte-final-2-35-2048x802.png 2048w, http:\/\/www.blogdopilako.com.br\/wp\/wp-content\/uploads\/2023\/06\/Pix-arte-final-2-35-500x196.png 500w\" sizes=\"(max-width: 584px) 100vw, 584px\" \/><\/p>\n\n\t\t\t\t<div class=\"mr_social_sharing_wrapper\">\n\t\t\t\t<!-- Social Sharing Toolkit v2.2 --><span class=\"mr_social_sharing_top\"><span style=\"display: inline-block; width: 55px; height: 62px; overflow: hidden;\"><div class=\"fb-like\" data-href=\"http:\/\/www.blogdopilako.com.br\/wp\/2023\/06\/22\/o-tempo-voa-capela-sao-joao-batista-3\/\" data-send=\"false\" data-layout=\"box_count\" data-width=\"55\" data-show-faces=\"false\"><\/div><\/span><\/span><span class=\"mr_social_sharing_top\"><fb:share-button type=\"box_count\" href=\"http:\/\/www.blogdopilako.com.br\/wp\/2023\/06\/22\/o-tempo-voa-capela-sao-joao-batista-3\/\"><\/fb:share-button><\/span><span class=\"mr_social_sharing\"><a rel=\"nofollow\" class=\"linksalpha_button linksalpha_link\" href=\"\/\/www.linksalpha.com\/social\/mobile\" data-url=\"http:\/\/www.blogdopilako.com.br\/wp\/2023\/06\/22\/o-tempo-voa-capela-sao-joao-batista-3\/\" data-text=\"O Tempo Voa: Capela S\u00e3o Jo\u00e3o Batista.\" data-desc=\"Capela de S\u00e3o Jo\u00e3o Batista \u2013 \u00a0pr\u00f3ximo ao Restaurante Gamela de Ouro, ap\u00f3s missa em comemora\u00e7\u00e3o aos 50 anos de \u201cSeu\u201d\u00a0 Zito Mariano - foto registrada em 1978.\u00a0\" data-image=\"http:\/\/www.blogdopilako.com.br\/wp\/wp-content\/uploads\/2023\/06\/O-TEMPO-VOA-07-03.jpg\" data-button=\"none\">\n\t\t\t\t\t<img src=\"\/\/www.linksalpha.com\/images\/social_share_button.png\" alt=\"Share\" class=\"linksalpha_image\" \/>\n\t\t\t\t\t<\/a><script type=\"text\/javascript\" src=\"\/\/www.linksalpha.com\/scripts\/loader_iconbox.js?v=2.4\"><\/script><\/span><\/div>","protected":false},"excerpt":{"rendered":"\n\t\t\t\t<div class=\"mr_social_sharing_wrapper\">\n\t\t\t\t<!-- Social Sharing Toolkit v2.2 --><span class=\"mr_social_sharing_top\"><span style=\"display: inline-block; width: 55px; height: 62px; overflow: hidden;\"><div class=\"fb-like\" data-href=\"http:\/\/www.blogdopilako.com.br\/wp\/2023\/06\/22\/o-tempo-voa-capela-sao-joao-batista-3\/\" data-send=\"false\" data-layout=\"box_count\" data-width=\"55\" data-show-faces=\"false\"><\/div><\/span><\/span><span class=\"mr_social_sharing_top\"><fb:share-button type=\"box_count\" href=\"http:\/\/www.blogdopilako.com.br\/wp\/2023\/06\/22\/o-tempo-voa-capela-sao-joao-batista-3\/\"><\/fb:share-button><\/span><span class=\"mr_social_sharing\"><a rel=\"nofollow\" class=\"linksalpha_button linksalpha_link\" href=\"\/\/www.linksalpha.com\/social\/mobile\" data-url=\"http:\/\/www.blogdopilako.com.br\/wp\/2023\/06\/22\/o-tempo-voa-capela-sao-joao-batista-3\/\" data-text=\"O Tempo Voa: Capela S\u00e3o Jo\u00e3o Batista.\" data-desc=\"Capela de S\u00e3o Jo\u00e3o Batista \u2013 \u00a0pr\u00f3ximo ao Restaurante Gamela de Ouro, ap\u00f3s missa em comemora\u00e7\u00e3o aos 50 anos de \u201cSeu\u201d\u00a0 Zito Mariano - foto registrada em 1978.\u00a0\" data-image=\"\" data-button=\"none\">\n\t\t\t\t\t<img src=\"\/\/www.linksalpha.com\/images\/social_share_button.png\" alt=\"Share\" class=\"linksalpha_image\" \/>\n\t\t\t\t\t<\/a><script type=\"text\/javascript\" src=\"\/\/www.linksalpha.com\/scripts\/loader_iconbox.js?v=2.4\"><\/script><\/span><\/div><p>Capela de S\u00e3o Jo\u00e3o Batista \u2013 \u00a0pr\u00f3ximo ao Restaurante Gamela de Ouro, ap\u00f3s missa em comemora\u00e7\u00e3o aos 50 anos de \u201cSeu\u201d\u00a0 Zito Mariano &#8211; foto registrada em 1978.\u00a0<\/p>\n\n\t\t\t\t<div class=\"mr_social_sharing_wrapper\">\n\t\t\t\t<!-- Social Sharing Toolkit v2.2 --><span class=\"mr_social_sharing_top\"><span style=\"display: inline-block; width: 55px; height: 62px; overflow: hidden;\"><div class=\"fb-like\" data-href=\"http:\/\/www.blogdopilako.com.br\/wp\/2023\/06\/22\/o-tempo-voa-capela-sao-joao-batista-3\/\" data-send=\"false\" data-layout=\"box_count\" data-width=\"55\" data-show-faces=\"false\"><\/div><\/span><\/span><span class=\"mr_social_sharing_top\"><fb:share-button type=\"box_count\" href=\"http:\/\/www.blogdopilako.com.br\/wp\/2023\/06\/22\/o-tempo-voa-capela-sao-joao-batista-3\/\"><\/fb:share-button><\/span><span class=\"mr_social_sharing\"><a rel=\"nofollow\" class=\"linksalpha_button linksalpha_link\" href=\"\/\/www.linksalpha.com\/social\/mobile\" data-url=\"http:\/\/www.blogdopilako.com.br\/wp\/2023\/06\/22\/o-tempo-voa-capela-sao-joao-batista-3\/\" data-text=\"O Tempo Voa: Capela S\u00e3o Jo\u00e3o Batista.\" data-desc=\"Capela de S\u00e3o Jo\u00e3o Batista \u2013 \u00a0pr\u00f3ximo ao Restaurante Gamela de Ouro, ap\u00f3s missa em comemora\u00e7\u00e3o aos 50 anos de \u201cSeu\u201d\u00a0 Zito Mariano - foto registrada em 1978.\u00a0\" data-image=\"\" data-button=\"none\">\n\t\t\t\t\t<img src=\"\/\/www.linksalpha.com\/images\/social_share_button.png\" alt=\"Share\" class=\"linksalpha_image\" \/>\n\t\t\t\t\t<\/a><script type=\"text\/javascript\" src=\"\/\/www.linksalpha.com\/scripts\/loader_iconbox.js?v=2.4\"><\/script><\/span><\/div>","protected":false},"author":2,"featured_media":0,"comment_status":"open","ping_status":"open","sticky":false,"template":"","format":"standard","meta":[],"categories":[23],"tags":[],"_links":{"self":[{"href":"http:\/\/www.blogdopilako.com.br\/wp\/wp-json\/wp\/v2\/posts\/141197"}],"collection":[{"href":"http:\/\/www.blogdopilako.com.br\/wp\/wp-json\/wp\/v2\/posts"}],"about":[{"href":"http:\/\/www.blogdopilako.com.br\/wp\/wp-json\/wp\/v2\/types\/post"}],"author":[{"embeddable":true,"href":"http:\/\/www.blogdopilako.com.br\/wp\/wp-json\/wp\/v2\/users\/2"}],"replies":[{"embeddable":true,"href":"http:\/\/www.blogdopilako.com.br\/wp\/wp-json\/wp\/v2\/comments?post=141197"}],"version-history":[{"count":1,"href":"http:\/\/www.blogdopilako.com.br\/wp\/wp-json\/wp\/v2\/posts\/141197\/revisions"}],"predecessor-version":[{"id":141200,"href":"http:\/\/www.blogdopilako.com.br\/wp\/wp-json\/wp\/v2\/posts\/141197\/revisions\/141200"}],"wp:attachment":[{"href":"http:\/\/www.blogdopilako.com.br\/wp\/wp-json\/wp\/v2\/media?parent=141197"}],"wp:term":[{"taxonomy":"category","embeddable":true,"href":"http:\/\/www.blogdopilako.com.br\/wp\/wp-json\/wp\/v2\/categories?post=141197"},{"taxonomy":"post_tag","embeddable":true,"href":"http:\/\/www.blogdopilako.com.br\/wp\/wp-json\/wp\/v2\/tags?post=141197"}],"curies":[{"name":"wp","href":"https:\/\/api.w.org\/{rel}","templated":true}]}}