{"id":140932,"date":"2023-05-24T09:49:56","date_gmt":"2023-05-24T12:49:56","guid":{"rendered":"http:\/\/www.blogdopilako.com.br\/wp\/?p=140932"},"modified":"2023-05-24T09:49:56","modified_gmt":"2023-05-24T12:49:56","slug":"nota-de-falecimento-carlos-freire-carlos-da-grafica","status":"publish","type":"post","link":"http:\/\/www.blogdopilako.com.br\/wp\/2023\/05\/24\/nota-de-falecimento-carlos-freire-carlos-da-grafica\/","title":{"rendered":"Nota de Falecimento: Carlos Freire &#8211; &#8220;Carlos da Gr\u00e1fica&#8221;."},"content":{"rendered":"\n\t\t\t\t<div class=\"mr_social_sharing_wrapper\">\n\t\t\t\t<!-- Social Sharing Toolkit v2.2 --><span class=\"mr_social_sharing_top\"><span style=\"display: inline-block; width: 55px; height: 62px; overflow: hidden;\"><div class=\"fb-like\" data-href=\"http:\/\/www.blogdopilako.com.br\/wp\/2023\/05\/24\/nota-de-falecimento-carlos-freire-carlos-da-grafica\/\" data-send=\"false\" data-layout=\"box_count\" data-width=\"55\" data-show-faces=\"false\"><\/div><\/span><\/span><span class=\"mr_social_sharing_top\"><fb:share-button type=\"box_count\" href=\"http:\/\/www.blogdopilako.com.br\/wp\/2023\/05\/24\/nota-de-falecimento-carlos-freire-carlos-da-grafica\/\"><\/fb:share-button><\/span><span class=\"mr_social_sharing\"><a rel=\"nofollow\" class=\"linksalpha_button linksalpha_link\" href=\"\/\/www.linksalpha.com\/social\/mobile\" data-url=\"http:\/\/www.blogdopilako.com.br\/wp\/2023\/05\/24\/nota-de-falecimento-carlos-freire-carlos-da-grafica\/\" data-text=\"Nota de Falecimento: Carlos Freire \u2013 \u201cCarlos da Gr\u00e1fica\u201d.\" data-desc=\"Girafa - ter\u00e7a-feira do Carnaval 2023 Na manh\u00e3 de hoje (24\/05\/2023) recebemos a not\u00edcia da morte repentina do empres\u00e1rio Carlos Freire, tamb\u00e9m conhecido por \u201cCarlos da Gr\u00e1fica\u201d. Amigo dos amigos, Carlos era diretor do nosso Instituto Hist\u00f3rico,\u00a0 exercendo a fun\u00e7\u00e3o de tesoureiro. De\" data-image=\"http:\/\/www.blogdopilako.com.br\/wp\/wp-content\/uploads\/2023\/05\/6103e91f-cd9c-40e6-beae-ec914c63e048-1.jpg\" data-button=\"none\">\n\t\t\t\t\t<img src=\"\/\/www.linksalpha.com\/images\/social_share_button.png\" alt=\"Share\" class=\"linksalpha_image\" \/>\n\t\t\t\t\t<\/a><script type=\"text\/javascript\" src=\"\/\/www.linksalpha.com\/scripts\/loader_iconbox.js?v=2.4\"><\/script><\/span><\/div><div id=\"attachment_140933\" style=\"width: 807px\" class=\"wp-caption aligncenter\"><img aria-describedby=\"caption-attachment-140933\" loading=\"lazy\" class=\"wp-image-140933 size-full\" src=\"http:\/\/www.blogdopilako.com.br\/wp\/wp-content\/uploads\/2023\/05\/6103e91f-cd9c-40e6-beae-ec914c63e048-1.jpg\" alt=\"Girafa - ter\u00e7a-feira do Carnaval 2023\" width=\"797\" height=\"768\" srcset=\"http:\/\/www.blogdopilako.com.br\/wp\/wp-content\/uploads\/2023\/05\/6103e91f-cd9c-40e6-beae-ec914c63e048-1.jpg 797w, http:\/\/www.blogdopilako.com.br\/wp\/wp-content\/uploads\/2023\/05\/6103e91f-cd9c-40e6-beae-ec914c63e048-1-300x289.jpg 300w, http:\/\/www.blogdopilako.com.br\/wp\/wp-content\/uploads\/2023\/05\/6103e91f-cd9c-40e6-beae-ec914c63e048-1-768x740.jpg 768w, http:\/\/www.blogdopilako.com.br\/wp\/wp-content\/uploads\/2023\/05\/6103e91f-cd9c-40e6-beae-ec914c63e048-1-311x300.jpg 311w\" sizes=\"(max-width: 797px) 100vw, 797px\" \/><p id=\"caption-attachment-140933\" class=\"wp-caption-text\">Girafa &#8211; ter\u00e7a-feira do Carnaval 2023<\/p><\/div>\n<p style=\"text-align: justify;\"><strong>Na manh\u00e3 de hoje (24\/05\/2023) recebemos a not\u00edcia da morte repentina do empres\u00e1rio Carlos Freire, tamb\u00e9m conhecido por \u201cCarlos da Gr\u00e1fica\u201d. Amigo dos amigos, Carlos era diretor do nosso Instituto Hist\u00f3rico,\u00a0 exercendo a fun\u00e7\u00e3o de tesoureiro.<\/strong><\/p>\n<p style=\"text-align: justify;\"><strong>De bem com a vida, ele era figura carimbada no nosso carnaval e gostava, tamb\u00e9m, \u00a0de participar de todo tipo de manifesta\u00e7\u00e3o festiva. Perdemos um amigo de conviv\u00eancia pr\u00f3xima&#8230;.<\/strong><\/p>\n<p style=\"text-align: justify;\"><strong>Vel\u00f3rio: a partir das 9h &#8211; Instituto Hist\u00f3rico da Vit\u00f3ria\u00a0<\/strong><\/p>\n<p style=\"text-align: justify;\"><strong>sepultamento: \u00e0s 16h.\u00a0<\/strong><\/p>\n\n\t\t\t\t<div class=\"mr_social_sharing_wrapper\">\n\t\t\t\t<!-- Social Sharing Toolkit v2.2 --><span class=\"mr_social_sharing_top\"><span style=\"display: inline-block; width: 55px; height: 62px; overflow: hidden;\"><div class=\"fb-like\" data-href=\"http:\/\/www.blogdopilako.com.br\/wp\/2023\/05\/24\/nota-de-falecimento-carlos-freire-carlos-da-grafica\/\" data-send=\"false\" data-layout=\"box_count\" data-width=\"55\" data-show-faces=\"false\"><\/div><\/span><\/span><span class=\"mr_social_sharing_top\"><fb:share-button type=\"box_count\" href=\"http:\/\/www.blogdopilako.com.br\/wp\/2023\/05\/24\/nota-de-falecimento-carlos-freire-carlos-da-grafica\/\"><\/fb:share-button><\/span><span class=\"mr_social_sharing\"><a rel=\"nofollow\" class=\"linksalpha_button linksalpha_link\" href=\"\/\/www.linksalpha.com\/social\/mobile\" data-url=\"http:\/\/www.blogdopilako.com.br\/wp\/2023\/05\/24\/nota-de-falecimento-carlos-freire-carlos-da-grafica\/\" data-text=\"Nota de Falecimento: Carlos Freire \u2013 \u201cCarlos da Gr\u00e1fica\u201d.\" data-desc=\"Girafa - ter\u00e7a-feira do Carnaval 2023 Na manh\u00e3 de hoje (24\/05\/2023) recebemos a not\u00edcia da morte repentina do empres\u00e1rio Carlos Freire, tamb\u00e9m conhecido por \u201cCarlos da Gr\u00e1fica\u201d. Amigo dos amigos, Carlos era diretor do nosso Instituto Hist\u00f3rico,\u00a0 exercendo a fun\u00e7\u00e3o de tesoureiro. De\" data-image=\"http:\/\/www.blogdopilako.com.br\/wp\/wp-content\/uploads\/2023\/05\/6103e91f-cd9c-40e6-beae-ec914c63e048-1.jpg\" data-button=\"none\">\n\t\t\t\t\t<img src=\"\/\/www.linksalpha.com\/images\/social_share_button.png\" alt=\"Share\" class=\"linksalpha_image\" \/>\n\t\t\t\t\t<\/a><script type=\"text\/javascript\" src=\"\/\/www.linksalpha.com\/scripts\/loader_iconbox.js?v=2.4\"><\/script><\/span><\/div>","protected":false},"excerpt":{"rendered":"\n\t\t\t\t<div class=\"mr_social_sharing_wrapper\">\n\t\t\t\t<!-- Social Sharing Toolkit v2.2 --><span class=\"mr_social_sharing_top\"><span style=\"display: inline-block; width: 55px; height: 62px; overflow: hidden;\"><div class=\"fb-like\" data-href=\"http:\/\/www.blogdopilako.com.br\/wp\/2023\/05\/24\/nota-de-falecimento-carlos-freire-carlos-da-grafica\/\" data-send=\"false\" data-layout=\"box_count\" data-width=\"55\" data-show-faces=\"false\"><\/div><\/span><\/span><span class=\"mr_social_sharing_top\"><fb:share-button type=\"box_count\" href=\"http:\/\/www.blogdopilako.com.br\/wp\/2023\/05\/24\/nota-de-falecimento-carlos-freire-carlos-da-grafica\/\"><\/fb:share-button><\/span><span class=\"mr_social_sharing\"><a rel=\"nofollow\" class=\"linksalpha_button linksalpha_link\" href=\"\/\/www.linksalpha.com\/social\/mobile\" data-url=\"http:\/\/www.blogdopilako.com.br\/wp\/2023\/05\/24\/nota-de-falecimento-carlos-freire-carlos-da-grafica\/\" data-text=\"Nota de Falecimento: Carlos Freire \u2013 \u201cCarlos da Gr\u00e1fica\u201d.\" data-desc=\"Girafa - ter\u00e7a-feira do Carnaval 2023 Na manh\u00e3 de hoje (24\/05\/2023) recebemos a not\u00edcia da morte repentina do empres\u00e1rio Carlos Freire, tamb\u00e9m conhecido por \u201cCarlos da Gr\u00e1fica\u201d. Amigo dos amigos, Carlos era diretor do nosso Instituto Hist\u00f3rico,\u00a0 exercendo a fun\u00e7\u00e3o de tesoureiro. De\" data-image=\"\" data-button=\"none\">\n\t\t\t\t\t<img src=\"\/\/www.linksalpha.com\/images\/social_share_button.png\" alt=\"Share\" class=\"linksalpha_image\" \/>\n\t\t\t\t\t<\/a><script type=\"text\/javascript\" src=\"\/\/www.linksalpha.com\/scripts\/loader_iconbox.js?v=2.4\"><\/script><\/span><\/div><p>Na manh\u00e3 de hoje (24\/05\/2023) recebemos a not\u00edcia da morte repentina do empres\u00e1rio Carlos Freire, tamb\u00e9m conhecido por \u201cCarlos da Gr\u00e1fica\u201d. Amigo dos amigos, Carlos era diretor do nosso Instituto Hist\u00f3rico,\u00a0 exercendo a fun\u00e7\u00e3o de tesoureiro. De bem com a &hellip; <a href=\"http:\/\/www.blogdopilako.com.br\/wp\/2023\/05\/24\/nota-de-falecimento-carlos-freire-carlos-da-grafica\/\">Continue lendo <span class=\"meta-nav\">&rarr;<\/span><\/a><\/p>\n\n\t\t\t\t<div class=\"mr_social_sharing_wrapper\">\n\t\t\t\t<!-- Social Sharing Toolkit v2.2 --><span class=\"mr_social_sharing_top\"><span style=\"display: inline-block; width: 55px; height: 62px; overflow: hidden;\"><div class=\"fb-like\" data-href=\"http:\/\/www.blogdopilako.com.br\/wp\/2023\/05\/24\/nota-de-falecimento-carlos-freire-carlos-da-grafica\/\" data-send=\"false\" data-layout=\"box_count\" data-width=\"55\" data-show-faces=\"false\"><\/div><\/span><\/span><span class=\"mr_social_sharing_top\"><fb:share-button type=\"box_count\" href=\"http:\/\/www.blogdopilako.com.br\/wp\/2023\/05\/24\/nota-de-falecimento-carlos-freire-carlos-da-grafica\/\"><\/fb:share-button><\/span><span class=\"mr_social_sharing\"><a rel=\"nofollow\" class=\"linksalpha_button linksalpha_link\" href=\"\/\/www.linksalpha.com\/social\/mobile\" data-url=\"http:\/\/www.blogdopilako.com.br\/wp\/2023\/05\/24\/nota-de-falecimento-carlos-freire-carlos-da-grafica\/\" data-text=\"Nota de Falecimento: Carlos Freire \u2013 \u201cCarlos da Gr\u00e1fica\u201d.\" data-desc=\"Girafa - ter\u00e7a-feira do Carnaval 2023 Na manh\u00e3 de hoje (24\/05\/2023) recebemos a not\u00edcia da morte repentina do empres\u00e1rio Carlos Freire, tamb\u00e9m conhecido por \u201cCarlos da Gr\u00e1fica\u201d. Amigo dos amigos, Carlos era diretor do nosso Instituto Hist\u00f3rico,\u00a0 exercendo a fun\u00e7\u00e3o de tesoureiro. De\" data-image=\"\" data-button=\"none\">\n\t\t\t\t\t<img src=\"\/\/www.linksalpha.com\/images\/social_share_button.png\" alt=\"Share\" class=\"linksalpha_image\" \/>\n\t\t\t\t\t<\/a><script type=\"text\/javascript\" src=\"\/\/www.linksalpha.com\/scripts\/loader_iconbox.js?v=2.4\"><\/script><\/span><\/div>","protected":false},"author":2,"featured_media":0,"comment_status":"open","ping_status":"open","sticky":false,"template":"","format":"standard","meta":[],"categories":[21],"tags":[],"_links":{"self":[{"href":"http:\/\/www.blogdopilako.com.br\/wp\/wp-json\/wp\/v2\/posts\/140932"}],"collection":[{"href":"http:\/\/www.blogdopilako.com.br\/wp\/wp-json\/wp\/v2\/posts"}],"about":[{"href":"http:\/\/www.blogdopilako.com.br\/wp\/wp-json\/wp\/v2\/types\/post"}],"author":[{"embeddable":true,"href":"http:\/\/www.blogdopilako.com.br\/wp\/wp-json\/wp\/v2\/users\/2"}],"replies":[{"embeddable":true,"href":"http:\/\/www.blogdopilako.com.br\/wp\/wp-json\/wp\/v2\/comments?post=140932"}],"version-history":[{"count":1,"href":"http:\/\/www.blogdopilako.com.br\/wp\/wp-json\/wp\/v2\/posts\/140932\/revisions"}],"predecessor-version":[{"id":140934,"href":"http:\/\/www.blogdopilako.com.br\/wp\/wp-json\/wp\/v2\/posts\/140932\/revisions\/140934"}],"wp:attachment":[{"href":"http:\/\/www.blogdopilako.com.br\/wp\/wp-json\/wp\/v2\/media?parent=140932"}],"wp:term":[{"taxonomy":"category","embeddable":true,"href":"http:\/\/www.blogdopilako.com.br\/wp\/wp-json\/wp\/v2\/categories?post=140932"},{"taxonomy":"post_tag","embeddable":true,"href":"http:\/\/www.blogdopilako.com.br\/wp\/wp-json\/wp\/v2\/tags?post=140932"}],"curies":[{"name":"wp","href":"https:\/\/api.w.org\/{rel}","templated":true}]}}