{"id":140739,"date":"2023-04-28T09:56:18","date_gmt":"2023-04-28T12:56:18","guid":{"rendered":"https:\/\/www.blogdopilako.com.br\/wp\/?p=140739"},"modified":"2023-04-28T09:56:18","modified_gmt":"2023-04-28T12:56:18","slug":"tulio-gadelha-visita-hospitais-em-vitoria-de-santo-antao-a-convite-do-vereador-andre-carvalho","status":"publish","type":"post","link":"http:\/\/www.blogdopilako.com.br\/wp\/2023\/04\/28\/tulio-gadelha-visita-hospitais-em-vitoria-de-santo-antao-a-convite-do-vereador-andre-carvalho\/","title":{"rendered":"T\u00daLIO GAD\u00caLHA VISITA HOSPITAIS EM VIT\u00d3RIA DE SANTO ANT\u00c3O A CONVITE DO VEREADOR ANDR\u00c9 CARVALHO."},"content":{"rendered":"\n\t\t\t\t<div class=\"mr_social_sharing_wrapper\">\n\t\t\t\t<!-- Social Sharing Toolkit v2.2 --><span class=\"mr_social_sharing_top\"><span style=\"display: inline-block; width: 55px; height: 62px; overflow: hidden;\"><div class=\"fb-like\" data-href=\"http:\/\/www.blogdopilako.com.br\/wp\/2023\/04\/28\/tulio-gadelha-visita-hospitais-em-vitoria-de-santo-antao-a-convite-do-vereador-andre-carvalho\/\" data-send=\"false\" data-layout=\"box_count\" data-width=\"55\" data-show-faces=\"false\"><\/div><\/span><\/span><span class=\"mr_social_sharing_top\"><fb:share-button type=\"box_count\" href=\"http:\/\/www.blogdopilako.com.br\/wp\/2023\/04\/28\/tulio-gadelha-visita-hospitais-em-vitoria-de-santo-antao-a-convite-do-vereador-andre-carvalho\/\"><\/fb:share-button><\/span><span class=\"mr_social_sharing\"><a rel=\"nofollow\" class=\"linksalpha_button linksalpha_link\" href=\"\/\/www.linksalpha.com\/social\/mobile\" data-url=\"http:\/\/www.blogdopilako.com.br\/wp\/2023\/04\/28\/tulio-gadelha-visita-hospitais-em-vitoria-de-santo-antao-a-convite-do-vereador-andre-carvalho\/\" data-text=\"T\u00daLIO GAD\u00caLHA VISITA HOSPITAIS EM VIT\u00d3RIA DE SANTO ANT\u00c3O A CONVITE DO VEREADOR ANDR\u00c9 CARVALHO.\" data-desc=\"A convite do vereador Andr\u00e9 Carvalho, o Deputado Federal esteve nesta quinta-feira (27) nos hospitais da cidade de Vit\u00f3ria de Santo Ant\u00e3o. O hospital Jo\u00e3o Murilo recebeu a indica\u00e7\u00e3o de 1,2 milh\u00f5es em emendas federais e j\u00e1 \u00e9 o maior aporte que um Deputado j\u00e1 deu para o hospital. Por\u00e9m,\" data-image=\"http:\/\/www.blogdopilako.com.br\/wp\/wp-content\/uploads\/2023\/04\/13e30e82-da15-47a0-8a55-2988ca51d527.jpg\" data-button=\"none\">\n\t\t\t\t\t<img src=\"\/\/www.linksalpha.com\/images\/social_share_button.png\" alt=\"Share\" class=\"linksalpha_image\" \/>\n\t\t\t\t\t<\/a><script type=\"text\/javascript\" src=\"\/\/www.linksalpha.com\/scripts\/loader_iconbox.js?v=2.4\"><\/script><\/span><\/div><p><img loading=\"lazy\" class=\"aligncenter wp-image-140741 size-full\" src=\"http:\/\/www.blogdopilako.com.br\/wp\/wp-content\/uploads\/2023\/04\/13e30e82-da15-47a0-8a55-2988ca51d527.jpg\" alt=\"\" width=\"1600\" height=\"1066\" srcset=\"http:\/\/www.blogdopilako.com.br\/wp\/wp-content\/uploads\/2023\/04\/13e30e82-da15-47a0-8a55-2988ca51d527.jpg 1600w, http:\/\/www.blogdopilako.com.br\/wp\/wp-content\/uploads\/2023\/04\/13e30e82-da15-47a0-8a55-2988ca51d527-300x200.jpg 300w, http:\/\/www.blogdopilako.com.br\/wp\/wp-content\/uploads\/2023\/04\/13e30e82-da15-47a0-8a55-2988ca51d527-1024x682.jpg 1024w, http:\/\/www.blogdopilako.com.br\/wp\/wp-content\/uploads\/2023\/04\/13e30e82-da15-47a0-8a55-2988ca51d527-768x512.jpg 768w, http:\/\/www.blogdopilako.com.br\/wp\/wp-content\/uploads\/2023\/04\/13e30e82-da15-47a0-8a55-2988ca51d527-1536x1023.jpg 1536w, http:\/\/www.blogdopilako.com.br\/wp\/wp-content\/uploads\/2023\/04\/13e30e82-da15-47a0-8a55-2988ca51d527-450x300.jpg 450w\" sizes=\"(max-width: 1600px) 100vw, 1600px\" \/><\/p>\n<p style=\"text-align: justify;\">A convite do vereador Andr\u00e9 Carvalho, o Deputado Federal esteve nesta quinta-feira (27) nos hospitais da cidade de Vit\u00f3ria de Santo Ant\u00e3o. O hospital Jo\u00e3o Murilo recebeu a indica\u00e7\u00e3o de 1,2 milh\u00f5es em emendas federais e j\u00e1 \u00e9 o maior aporte que um Deputado j\u00e1 deu para o hospital. Por\u00e9m, s\u00f3 houve a execu\u00e7\u00e3o de 400 mil reais at\u00e9 o momento.<\/p>\n<p><img loading=\"lazy\" class=\"aligncenter wp-image-140742 size-full\" src=\"http:\/\/www.blogdopilako.com.br\/wp\/wp-content\/uploads\/2023\/04\/83070e2f-0587-48fa-a7da-6696fd92e4a2.jpg\" alt=\"\" width=\"1600\" height=\"1066\" srcset=\"http:\/\/www.blogdopilako.com.br\/wp\/wp-content\/uploads\/2023\/04\/83070e2f-0587-48fa-a7da-6696fd92e4a2.jpg 1600w, http:\/\/www.blogdopilako.com.br\/wp\/wp-content\/uploads\/2023\/04\/83070e2f-0587-48fa-a7da-6696fd92e4a2-300x200.jpg 300w, http:\/\/www.blogdopilako.com.br\/wp\/wp-content\/uploads\/2023\/04\/83070e2f-0587-48fa-a7da-6696fd92e4a2-1024x682.jpg 1024w, http:\/\/www.blogdopilako.com.br\/wp\/wp-content\/uploads\/2023\/04\/83070e2f-0587-48fa-a7da-6696fd92e4a2-768x512.jpg 768w, http:\/\/www.blogdopilako.com.br\/wp\/wp-content\/uploads\/2023\/04\/83070e2f-0587-48fa-a7da-6696fd92e4a2-1536x1023.jpg 1536w, http:\/\/www.blogdopilako.com.br\/wp\/wp-content\/uploads\/2023\/04\/83070e2f-0587-48fa-a7da-6696fd92e4a2-450x300.jpg 450w\" sizes=\"(max-width: 1600px) 100vw, 1600px\" \/><\/p>\n<p style=\"text-align: justify;\"><strong><em>\u201cA gente ainda t\u00e1 com um desafio de aplicar esses recursos. Ainda faltam 850.000 reais a serem aplicados. Falta equipamento de raio-x, de hemodi\u00e1lise e ainda falta a reforma do refeit\u00f3rio, dos espa\u00e7os de conviv\u00eancia, da enfermagem\u2026<\/em><\/strong>\u201d afirmou T\u00falio.<\/p>\n<p style=\"text-align: justify;\">J\u00e1 no Hospital Apami, a emenda indicada pelo parlamentar foi de 500 mil para a concretiza\u00e7\u00e3o de alguns leitos de UTI, em 2021. Passados 2 anos, uma boa not\u00edcia: 80% do recurso foi destravado, levando em considera\u00e7\u00e3o as dificuldades de execu\u00e7\u00e3o da emenda em raz\u00e3o da mudan\u00e7a de governo a n\u00edvel estadual e federal.<\/p>\n<p><img loading=\"lazy\" class=\"size-medium wp-image-140743 alignleft\" src=\"http:\/\/www.blogdopilako.com.br\/wp\/wp-content\/uploads\/2023\/04\/73da940f-eb8d-4108-9e7f-88b0c04062ef-300x225.jpg\" alt=\"\" width=\"300\" height=\"225\" srcset=\"http:\/\/www.blogdopilako.com.br\/wp\/wp-content\/uploads\/2023\/04\/73da940f-eb8d-4108-9e7f-88b0c04062ef-300x225.jpg 300w, http:\/\/www.blogdopilako.com.br\/wp\/wp-content\/uploads\/2023\/04\/73da940f-eb8d-4108-9e7f-88b0c04062ef-768x576.jpg 768w, http:\/\/www.blogdopilako.com.br\/wp\/wp-content\/uploads\/2023\/04\/73da940f-eb8d-4108-9e7f-88b0c04062ef-400x300.jpg 400w, http:\/\/www.blogdopilako.com.br\/wp\/wp-content\/uploads\/2023\/04\/73da940f-eb8d-4108-9e7f-88b0c04062ef.jpg 1024w\" sizes=\"(max-width: 300px) 100vw, 300px\" \/><\/p>\n<p style=\"text-align: justify;\">O hospital Apami, apesar de ser o hospital mais antigo da cidade, passa algumas dificuldades por n\u00e3o ter mais contrato com a prefeitura municipal. Na ocasi\u00e3o da visita, <strong>os vereadores Carlos Henrique e Dr Saulo<\/strong> tamb\u00e9m participaram da reuni\u00e3o, onde T\u00falio se comprometeu em tentar buscar mais recursos para o hospital.<\/p>\n<p style=\"text-align: justify;\">A indica\u00e7\u00e3o do recurso para os hospitais se deu a partir de um processo de participa\u00e7\u00e3o dos cidad\u00e3os. Essas emendas participativas s\u00e3o recursos do or\u00e7amento p\u00fablico apontados por membros do Congresso Nacional ou Assembleias Legislativas dos estados, para que a comunidade decida para onde o dinheiro dever\u00e1 ser investido. A vota\u00e7\u00e3o em quest\u00e3o foi feita a partir de plataforma on-line do deputado federal.<\/p>\n<p style=\"text-align: justify;\"><strong>O vereador vitoriense Andr\u00e9 Carvalho (PDT)<\/strong>, que esteve envolvido no processo de implanta\u00e7\u00e3o e indica\u00e7\u00e3o de emendas para a cidade, disse que o recurso \u00e9 fundamental para a sa\u00fade p\u00fablica do munic\u00edpio:<\/p>\n<p style=\"text-align: justify;\"><strong><em>\u201cVoc\u00ea foi o \u00fanico Deputado que trouxe tantos recursos aqui para o Jo\u00e3o Murilo. Vou lutar muito para voc\u00ea trazer mais, at\u00e9 porque, a sa\u00fade p\u00fablica, aqui no Munic\u00edpio, precisa de muita aten\u00e7\u00e3o. N\u00e3o s\u00f3 de Vit\u00f3ria de Santo Ant\u00e3o, mais de todo o estado\u201d.<\/em><\/strong> Afirmou o vereador.<\/p>\n<p><strong>Assessoria parlamentar.\u00a0<\/strong><\/p>\n<p><img loading=\"lazy\" class=\"alignnone wp-image-140732 size-large\" src=\"http:\/\/www.blogdopilako.com.br\/wp\/wp-content\/uploads\/2023\/04\/Pix-arte-final-2-34-1024x401.png\" alt=\"\" width=\"584\" height=\"229\" srcset=\"http:\/\/www.blogdopilako.com.br\/wp\/wp-content\/uploads\/2023\/04\/Pix-arte-final-2-34-1024x401.png 1024w, http:\/\/www.blogdopilako.com.br\/wp\/wp-content\/uploads\/2023\/04\/Pix-arte-final-2-34-300x117.png 300w, http:\/\/www.blogdopilako.com.br\/wp\/wp-content\/uploads\/2023\/04\/Pix-arte-final-2-34-768x301.png 768w, http:\/\/www.blogdopilako.com.br\/wp\/wp-content\/uploads\/2023\/04\/Pix-arte-final-2-34-1536x601.png 1536w, http:\/\/www.blogdopilako.com.br\/wp\/wp-content\/uploads\/2023\/04\/Pix-arte-final-2-34-2048x802.png 2048w, http:\/\/www.blogdopilako.com.br\/wp\/wp-content\/uploads\/2023\/04\/Pix-arte-final-2-34-500x196.png 500w\" sizes=\"(max-width: 584px) 100vw, 584px\" \/><\/p>\n<p>&nbsp;<\/p>\n\n\t\t\t\t<div class=\"mr_social_sharing_wrapper\">\n\t\t\t\t<!-- Social Sharing Toolkit v2.2 --><span class=\"mr_social_sharing_top\"><span style=\"display: inline-block; width: 55px; height: 62px; overflow: hidden;\"><div class=\"fb-like\" data-href=\"http:\/\/www.blogdopilako.com.br\/wp\/2023\/04\/28\/tulio-gadelha-visita-hospitais-em-vitoria-de-santo-antao-a-convite-do-vereador-andre-carvalho\/\" data-send=\"false\" data-layout=\"box_count\" data-width=\"55\" data-show-faces=\"false\"><\/div><\/span><\/span><span class=\"mr_social_sharing_top\"><fb:share-button type=\"box_count\" href=\"http:\/\/www.blogdopilako.com.br\/wp\/2023\/04\/28\/tulio-gadelha-visita-hospitais-em-vitoria-de-santo-antao-a-convite-do-vereador-andre-carvalho\/\"><\/fb:share-button><\/span><span class=\"mr_social_sharing\"><a rel=\"nofollow\" class=\"linksalpha_button linksalpha_link\" href=\"\/\/www.linksalpha.com\/social\/mobile\" data-url=\"http:\/\/www.blogdopilako.com.br\/wp\/2023\/04\/28\/tulio-gadelha-visita-hospitais-em-vitoria-de-santo-antao-a-convite-do-vereador-andre-carvalho\/\" data-text=\"T\u00daLIO GAD\u00caLHA VISITA HOSPITAIS EM VIT\u00d3RIA DE SANTO ANT\u00c3O A CONVITE DO VEREADOR ANDR\u00c9 CARVALHO.\" data-desc=\"A convite do vereador Andr\u00e9 Carvalho, o Deputado Federal esteve nesta quinta-feira (27) nos hospitais da cidade de Vit\u00f3ria de Santo Ant\u00e3o. O hospital Jo\u00e3o Murilo recebeu a indica\u00e7\u00e3o de 1,2 milh\u00f5es em emendas federais e j\u00e1 \u00e9 o maior aporte que um Deputado j\u00e1 deu para o hospital. Por\u00e9m,\" data-image=\"http:\/\/www.blogdopilako.com.br\/wp\/wp-content\/uploads\/2023\/04\/13e30e82-da15-47a0-8a55-2988ca51d527.jpg\" data-button=\"none\">\n\t\t\t\t\t<img src=\"\/\/www.linksalpha.com\/images\/social_share_button.png\" alt=\"Share\" class=\"linksalpha_image\" \/>\n\t\t\t\t\t<\/a><script type=\"text\/javascript\" src=\"\/\/www.linksalpha.com\/scripts\/loader_iconbox.js?v=2.4\"><\/script><\/span><\/div>","protected":false},"excerpt":{"rendered":"\n\t\t\t\t<div class=\"mr_social_sharing_wrapper\">\n\t\t\t\t<!-- Social Sharing Toolkit v2.2 --><span class=\"mr_social_sharing_top\"><span style=\"display: inline-block; width: 55px; height: 62px; overflow: hidden;\"><div class=\"fb-like\" data-href=\"http:\/\/www.blogdopilako.com.br\/wp\/2023\/04\/28\/tulio-gadelha-visita-hospitais-em-vitoria-de-santo-antao-a-convite-do-vereador-andre-carvalho\/\" data-send=\"false\" data-layout=\"box_count\" data-width=\"55\" data-show-faces=\"false\"><\/div><\/span><\/span><span class=\"mr_social_sharing_top\"><fb:share-button type=\"box_count\" href=\"http:\/\/www.blogdopilako.com.br\/wp\/2023\/04\/28\/tulio-gadelha-visita-hospitais-em-vitoria-de-santo-antao-a-convite-do-vereador-andre-carvalho\/\"><\/fb:share-button><\/span><span class=\"mr_social_sharing\"><a rel=\"nofollow\" class=\"linksalpha_button linksalpha_link\" href=\"\/\/www.linksalpha.com\/social\/mobile\" data-url=\"http:\/\/www.blogdopilako.com.br\/wp\/2023\/04\/28\/tulio-gadelha-visita-hospitais-em-vitoria-de-santo-antao-a-convite-do-vereador-andre-carvalho\/\" data-text=\"T\u00daLIO GAD\u00caLHA VISITA HOSPITAIS EM VIT\u00d3RIA DE SANTO ANT\u00c3O A CONVITE DO VEREADOR ANDR\u00c9 CARVALHO.\" data-desc=\"A convite do vereador Andr\u00e9 Carvalho, o Deputado Federal esteve nesta quinta-feira (27) nos hospitais da cidade de Vit\u00f3ria de Santo Ant\u00e3o. O hospital Jo\u00e3o Murilo recebeu a indica\u00e7\u00e3o de 1,2 milh\u00f5es em emendas federais e j\u00e1 \u00e9 o maior aporte que um Deputado j\u00e1 deu para o hospital. Por\u00e9m,\" data-image=\"\" data-button=\"none\">\n\t\t\t\t\t<img src=\"\/\/www.linksalpha.com\/images\/social_share_button.png\" alt=\"Share\" class=\"linksalpha_image\" \/>\n\t\t\t\t\t<\/a><script type=\"text\/javascript\" src=\"\/\/www.linksalpha.com\/scripts\/loader_iconbox.js?v=2.4\"><\/script><\/span><\/div><p>A convite do vereador Andr\u00e9 Carvalho, o Deputado Federal esteve nesta quinta-feira (27) nos hospitais da cidade de Vit\u00f3ria de Santo Ant\u00e3o. O hospital Jo\u00e3o Murilo recebeu a indica\u00e7\u00e3o de 1,2 milh\u00f5es em emendas federais e j\u00e1 \u00e9 o maior &hellip; <a href=\"http:\/\/www.blogdopilako.com.br\/wp\/2023\/04\/28\/tulio-gadelha-visita-hospitais-em-vitoria-de-santo-antao-a-convite-do-vereador-andre-carvalho\/\">Continue lendo <span class=\"meta-nav\">&rarr;<\/span><\/a><\/p>\n\n\t\t\t\t<div class=\"mr_social_sharing_wrapper\">\n\t\t\t\t<!-- Social Sharing Toolkit v2.2 --><span class=\"mr_social_sharing_top\"><span style=\"display: inline-block; width: 55px; height: 62px; overflow: hidden;\"><div class=\"fb-like\" data-href=\"http:\/\/www.blogdopilako.com.br\/wp\/2023\/04\/28\/tulio-gadelha-visita-hospitais-em-vitoria-de-santo-antao-a-convite-do-vereador-andre-carvalho\/\" data-send=\"false\" data-layout=\"box_count\" data-width=\"55\" data-show-faces=\"false\"><\/div><\/span><\/span><span class=\"mr_social_sharing_top\"><fb:share-button type=\"box_count\" href=\"http:\/\/www.blogdopilako.com.br\/wp\/2023\/04\/28\/tulio-gadelha-visita-hospitais-em-vitoria-de-santo-antao-a-convite-do-vereador-andre-carvalho\/\"><\/fb:share-button><\/span><span class=\"mr_social_sharing\"><a rel=\"nofollow\" class=\"linksalpha_button linksalpha_link\" href=\"\/\/www.linksalpha.com\/social\/mobile\" data-url=\"http:\/\/www.blogdopilako.com.br\/wp\/2023\/04\/28\/tulio-gadelha-visita-hospitais-em-vitoria-de-santo-antao-a-convite-do-vereador-andre-carvalho\/\" data-text=\"T\u00daLIO GAD\u00caLHA VISITA HOSPITAIS EM VIT\u00d3RIA DE SANTO ANT\u00c3O A CONVITE DO VEREADOR ANDR\u00c9 CARVALHO.\" data-desc=\"A convite do vereador Andr\u00e9 Carvalho, o Deputado Federal esteve nesta quinta-feira (27) nos hospitais da cidade de Vit\u00f3ria de Santo Ant\u00e3o. O hospital Jo\u00e3o Murilo recebeu a indica\u00e7\u00e3o de 1,2 milh\u00f5es em emendas federais e j\u00e1 \u00e9 o maior aporte que um Deputado j\u00e1 deu para o hospital. Por\u00e9m,\" data-image=\"\" data-button=\"none\">\n\t\t\t\t\t<img src=\"\/\/www.linksalpha.com\/images\/social_share_button.png\" alt=\"Share\" class=\"linksalpha_image\" \/>\n\t\t\t\t\t<\/a><script type=\"text\/javascript\" src=\"\/\/www.linksalpha.com\/scripts\/loader_iconbox.js?v=2.4\"><\/script><\/span><\/div>","protected":false},"author":2,"featured_media":0,"comment_status":"open","ping_status":"open","sticky":false,"template":"","format":"standard","meta":[],"categories":[21],"tags":[],"_links":{"self":[{"href":"http:\/\/www.blogdopilako.com.br\/wp\/wp-json\/wp\/v2\/posts\/140739"}],"collection":[{"href":"http:\/\/www.blogdopilako.com.br\/wp\/wp-json\/wp\/v2\/posts"}],"about":[{"href":"http:\/\/www.blogdopilako.com.br\/wp\/wp-json\/wp\/v2\/types\/post"}],"author":[{"embeddable":true,"href":"http:\/\/www.blogdopilako.com.br\/wp\/wp-json\/wp\/v2\/users\/2"}],"replies":[{"embeddable":true,"href":"http:\/\/www.blogdopilako.com.br\/wp\/wp-json\/wp\/v2\/comments?post=140739"}],"version-history":[{"count":1,"href":"http:\/\/www.blogdopilako.com.br\/wp\/wp-json\/wp\/v2\/posts\/140739\/revisions"}],"predecessor-version":[{"id":140744,"href":"http:\/\/www.blogdopilako.com.br\/wp\/wp-json\/wp\/v2\/posts\/140739\/revisions\/140744"}],"wp:attachment":[{"href":"http:\/\/www.blogdopilako.com.br\/wp\/wp-json\/wp\/v2\/media?parent=140739"}],"wp:term":[{"taxonomy":"category","embeddable":true,"href":"http:\/\/www.blogdopilako.com.br\/wp\/wp-json\/wp\/v2\/categories?post=140739"},{"taxonomy":"post_tag","embeddable":true,"href":"http:\/\/www.blogdopilako.com.br\/wp\/wp-json\/wp\/v2\/tags?post=140739"}],"curies":[{"name":"wp","href":"https:\/\/api.w.org\/{rel}","templated":true}]}}