{"id":140651,"date":"2023-04-14T09:16:53","date_gmt":"2023-04-14T12:16:53","guid":{"rendered":"https:\/\/www.blogdopilako.com.br\/wp\/?p=140651"},"modified":"2023-04-14T09:18:49","modified_gmt":"2023-04-14T12:18:49","slug":"jucival-amorim-atleta-vencedor-e-cidadao-de-bem","status":"publish","type":"post","link":"http:\/\/www.blogdopilako.com.br\/wp\/2023\/04\/14\/jucival-amorim-atleta-vencedor-e-cidadao-de-bem\/","title":{"rendered":"Jucival Amorim: atleta vencedor e cidad\u00e3o de bem!"},"content":{"rendered":"\n\t\t\t\t<div class=\"mr_social_sharing_wrapper\">\n\t\t\t\t<!-- Social Sharing Toolkit v2.2 --><span class=\"mr_social_sharing_top\"><span style=\"display: inline-block; width: 55px; height: 62px; overflow: hidden;\"><div class=\"fb-like\" data-href=\"http:\/\/www.blogdopilako.com.br\/wp\/2023\/04\/14\/jucival-amorim-atleta-vencedor-e-cidadao-de-bem\/\" data-send=\"false\" data-layout=\"box_count\" data-width=\"55\" data-show-faces=\"false\"><\/div><\/span><\/span><span class=\"mr_social_sharing_top\"><fb:share-button type=\"box_count\" href=\"http:\/\/www.blogdopilako.com.br\/wp\/2023\/04\/14\/jucival-amorim-atleta-vencedor-e-cidadao-de-bem\/\"><\/fb:share-button><\/span><span class=\"mr_social_sharing\"><a rel=\"nofollow\" class=\"linksalpha_button linksalpha_link\" href=\"\/\/www.linksalpha.com\/social\/mobile\" data-url=\"http:\/\/www.blogdopilako.com.br\/wp\/2023\/04\/14\/jucival-amorim-atleta-vencedor-e-cidadao-de-bem\/\" data-text=\"Jucival Amorim: atleta vencedor e cidad\u00e3o de bem!\" data-desc=\"N\u00e3o fosse um tr\u00e1gico acidente automobil\u00edstico, ocorrido em 1985, nossa \u201caldeia\u201d \u2013 Vit\u00f3ria de Santo Ant\u00e3o \u2013 possivelmente ostentaria algum tipo de destaque nacional\u00a0 relevante no segmento da corrida de rua. O detentor\u00a0 dessa fa\u00e7anha, por assim dizer, teria nome e sobrenome: Jucival\" data-image=\"http:\/\/www.blogdopilako.com.br\/wp\/wp-content\/uploads\/2023\/04\/e2b71661-ee4b-43a5-90b0-46fbeccedc9d.jpg\" data-button=\"none\">\n\t\t\t\t\t<img src=\"\/\/www.linksalpha.com\/images\/social_share_button.png\" alt=\"Share\" class=\"linksalpha_image\" \/>\n\t\t\t\t\t<\/a><script type=\"text\/javascript\" src=\"\/\/www.linksalpha.com\/scripts\/loader_iconbox.js?v=2.4\"><\/script><\/span><\/div><p><img loading=\"lazy\" class=\"aligncenter wp-image-140652 size-full\" src=\"http:\/\/www.blogdopilako.com.br\/wp\/wp-content\/uploads\/2023\/04\/e2b71661-ee4b-43a5-90b0-46fbeccedc9d.jpg\" alt=\"\" width=\"855\" height=\"560\" srcset=\"http:\/\/www.blogdopilako.com.br\/wp\/wp-content\/uploads\/2023\/04\/e2b71661-ee4b-43a5-90b0-46fbeccedc9d.jpg 855w, http:\/\/www.blogdopilako.com.br\/wp\/wp-content\/uploads\/2023\/04\/e2b71661-ee4b-43a5-90b0-46fbeccedc9d-300x196.jpg 300w, http:\/\/www.blogdopilako.com.br\/wp\/wp-content\/uploads\/2023\/04\/e2b71661-ee4b-43a5-90b0-46fbeccedc9d-768x503.jpg 768w, http:\/\/www.blogdopilako.com.br\/wp\/wp-content\/uploads\/2023\/04\/e2b71661-ee4b-43a5-90b0-46fbeccedc9d-458x300.jpg 458w\" sizes=\"(max-width: 855px) 100vw, 855px\" \/><\/p>\n<p style=\"text-align: justify;\">N\u00e3o fosse um tr\u00e1gico acidente automobil\u00edstico, ocorrido em 1985, nossa \u201caldeia\u201d \u2013 Vit\u00f3ria de Santo Ant\u00e3o \u2013 possivelmente ostentaria algum tipo de destaque nacional\u00a0 relevante no segmento da corrida de rua. O detentor\u00a0 dessa fa\u00e7anha, por assim dizer, teria nome e sobrenome: <strong>Jucival Amorim.<\/strong><\/p>\n<p style=\"text-align: justify;\">Desde muito jovem Jucival se apaixonou pela modalidade num tempo em que correr nas ruas ainda n\u00e3o havia virado \u201cmoda\u201d,\u00a0 muito menos ganhado\u00a0 destaque nos mais variados quadros da grande m\u00eddia nacional e na internet, atrav\u00e9s das redes sociais.<\/p>\n<p><img loading=\"lazy\" class=\"aligncenter wp-image-140653 size-full\" src=\"http:\/\/www.blogdopilako.com.br\/wp\/wp-content\/uploads\/2023\/04\/e1e854c8-29d5-4b66-b4f8-ce2a2721d8c8.jpg\" alt=\"\" width=\"753\" height=\"530\" srcset=\"http:\/\/www.blogdopilako.com.br\/wp\/wp-content\/uploads\/2023\/04\/e1e854c8-29d5-4b66-b4f8-ce2a2721d8c8.jpg 753w, http:\/\/www.blogdopilako.com.br\/wp\/wp-content\/uploads\/2023\/04\/e1e854c8-29d5-4b66-b4f8-ce2a2721d8c8-300x211.jpg 300w, http:\/\/www.blogdopilako.com.br\/wp\/wp-content\/uploads\/2023\/04\/e1e854c8-29d5-4b66-b4f8-ce2a2721d8c8-426x300.jpg 426w\" sizes=\"(max-width: 753px) 100vw, 753px\" \/><\/p>\n<p style=\"text-align: justify;\">Nesse contexto, a <strong>2\u00aa Edi\u00e7\u00e3o da Corrida e Caminhada da Vit\u00f3ria<\/strong>, de maneira just\u00edssima, est\u00e1 real\u00e7ando o seu nome \u00a0&#8211; <strong>Jucival Amorim<\/strong> &#8211; como atleta homenageado. Entre outros objetivos do evento \u2013 que s\u00e3o v\u00e1rios \u2013 destacar figuras que contribu\u00edram e continua contribuindo para o engrandecimento da atividade f\u00edsica \u00e9 algo muito enriquecedor.<\/p>\n<p style=\"text-align: justify;\">Abaixo, portanto, segue dois v\u00eddeos de uma s\u00e9rie,\u00a0 protagonizado pelo \u00a0pr\u00f3prio personagem, resgatando um pouco da hist\u00f3ria desse grande atleta e cidad\u00e3o antonense.<\/p>\n<p>V\u00eddeo 01 &#8211;<\/p>\n<p><iframe loading=\"lazy\" title=\"Blog do Pilako: JUCIVAL AMORIM - HOMENAGEADO DA CORRIDA DA VIT\u00d3RIA 2023 - PARTE 01\" width=\"584\" height=\"329\" src=\"https:\/\/www.youtube.com\/embed\/PU1pdQ64u00?feature=oembed\" frameborder=\"0\" allow=\"accelerometer; autoplay; clipboard-write; encrypted-media; gyroscope; picture-in-picture; web-share\" allowfullscreen><\/iframe><\/p>\n<p><iframe loading=\"lazy\" title=\"Blog do Pilako: JUCIAL AMORIM - ATLETA HOMENAGEADO - 2\u00aa  CORRIDA E CAMINHADA DA VIT\u00d3RIA - 2023\" width=\"584\" height=\"329\" src=\"https:\/\/www.youtube.com\/embed\/IivETHdtKB0?feature=oembed\" frameborder=\"0\" allow=\"accelerometer; autoplay; clipboard-write; encrypted-media; gyroscope; picture-in-picture; web-share\" allowfullscreen><\/iframe><\/p>\n<p><img loading=\"lazy\" class=\"aligncenter wp-image-140642 size-large\" src=\"http:\/\/www.blogdopilako.com.br\/wp\/wp-content\/uploads\/2023\/04\/Pix-arte-final-2-16-1024x401.png\" alt=\"\" width=\"584\" height=\"229\" srcset=\"http:\/\/www.blogdopilako.com.br\/wp\/wp-content\/uploads\/2023\/04\/Pix-arte-final-2-16-1024x401.png 1024w, http:\/\/www.blogdopilako.com.br\/wp\/wp-content\/uploads\/2023\/04\/Pix-arte-final-2-16-300x117.png 300w, http:\/\/www.blogdopilako.com.br\/wp\/wp-content\/uploads\/2023\/04\/Pix-arte-final-2-16-768x301.png 768w, http:\/\/www.blogdopilako.com.br\/wp\/wp-content\/uploads\/2023\/04\/Pix-arte-final-2-16-1536x601.png 1536w, http:\/\/www.blogdopilako.com.br\/wp\/wp-content\/uploads\/2023\/04\/Pix-arte-final-2-16-2048x802.png 2048w, http:\/\/www.blogdopilako.com.br\/wp\/wp-content\/uploads\/2023\/04\/Pix-arte-final-2-16-500x196.png 500w\" sizes=\"(max-width: 584px) 100vw, 584px\" \/><\/p>\n\n\t\t\t\t<div class=\"mr_social_sharing_wrapper\">\n\t\t\t\t<!-- Social Sharing Toolkit v2.2 --><span class=\"mr_social_sharing_top\"><span style=\"display: inline-block; width: 55px; height: 62px; overflow: hidden;\"><div class=\"fb-like\" data-href=\"http:\/\/www.blogdopilako.com.br\/wp\/2023\/04\/14\/jucival-amorim-atleta-vencedor-e-cidadao-de-bem\/\" data-send=\"false\" data-layout=\"box_count\" data-width=\"55\" data-show-faces=\"false\"><\/div><\/span><\/span><span class=\"mr_social_sharing_top\"><fb:share-button type=\"box_count\" href=\"http:\/\/www.blogdopilako.com.br\/wp\/2023\/04\/14\/jucival-amorim-atleta-vencedor-e-cidadao-de-bem\/\"><\/fb:share-button><\/span><span class=\"mr_social_sharing\"><a rel=\"nofollow\" class=\"linksalpha_button linksalpha_link\" href=\"\/\/www.linksalpha.com\/social\/mobile\" data-url=\"http:\/\/www.blogdopilako.com.br\/wp\/2023\/04\/14\/jucival-amorim-atleta-vencedor-e-cidadao-de-bem\/\" data-text=\"Jucival Amorim: atleta vencedor e cidad\u00e3o de bem!\" data-desc=\"N\u00e3o fosse um tr\u00e1gico acidente automobil\u00edstico, ocorrido em 1985, nossa \u201caldeia\u201d \u2013 Vit\u00f3ria de Santo Ant\u00e3o \u2013 possivelmente ostentaria algum tipo de destaque nacional\u00a0 relevante no segmento da corrida de rua. O detentor\u00a0 dessa fa\u00e7anha, por assim dizer, teria nome e sobrenome: Jucival\" data-image=\"http:\/\/www.blogdopilako.com.br\/wp\/wp-content\/uploads\/2023\/04\/e2b71661-ee4b-43a5-90b0-46fbeccedc9d.jpg\" data-button=\"none\">\n\t\t\t\t\t<img src=\"\/\/www.linksalpha.com\/images\/social_share_button.png\" alt=\"Share\" class=\"linksalpha_image\" \/>\n\t\t\t\t\t<\/a><script type=\"text\/javascript\" src=\"\/\/www.linksalpha.com\/scripts\/loader_iconbox.js?v=2.4\"><\/script><\/span><\/div>","protected":false},"excerpt":{"rendered":"\n\t\t\t\t<div class=\"mr_social_sharing_wrapper\">\n\t\t\t\t<!-- Social Sharing Toolkit v2.2 --><span class=\"mr_social_sharing_top\"><span style=\"display: inline-block; width: 55px; height: 62px; overflow: hidden;\"><div class=\"fb-like\" data-href=\"http:\/\/www.blogdopilako.com.br\/wp\/2023\/04\/14\/jucival-amorim-atleta-vencedor-e-cidadao-de-bem\/\" data-send=\"false\" data-layout=\"box_count\" data-width=\"55\" data-show-faces=\"false\"><\/div><\/span><\/span><span class=\"mr_social_sharing_top\"><fb:share-button type=\"box_count\" href=\"http:\/\/www.blogdopilako.com.br\/wp\/2023\/04\/14\/jucival-amorim-atleta-vencedor-e-cidadao-de-bem\/\"><\/fb:share-button><\/span><span class=\"mr_social_sharing\"><a rel=\"nofollow\" class=\"linksalpha_button linksalpha_link\" href=\"\/\/www.linksalpha.com\/social\/mobile\" data-url=\"http:\/\/www.blogdopilako.com.br\/wp\/2023\/04\/14\/jucival-amorim-atleta-vencedor-e-cidadao-de-bem\/\" data-text=\"Jucival Amorim: atleta vencedor e cidad\u00e3o de bem!\" data-desc=\"N\u00e3o fosse um tr\u00e1gico acidente automobil\u00edstico, ocorrido em 1985, nossa \u201caldeia\u201d \u2013 Vit\u00f3ria de Santo Ant\u00e3o \u2013 possivelmente ostentaria algum tipo de destaque nacional\u00a0 relevante no segmento da corrida de rua. O detentor\u00a0 dessa fa\u00e7anha, por assim dizer, teria nome e sobrenome: Jucival\" data-image=\"\" data-button=\"none\">\n\t\t\t\t\t<img src=\"\/\/www.linksalpha.com\/images\/social_share_button.png\" alt=\"Share\" class=\"linksalpha_image\" \/>\n\t\t\t\t\t<\/a><script type=\"text\/javascript\" src=\"\/\/www.linksalpha.com\/scripts\/loader_iconbox.js?v=2.4\"><\/script><\/span><\/div><p>N\u00e3o fosse um tr\u00e1gico acidente automobil\u00edstico, ocorrido em 1985, nossa \u201caldeia\u201d \u2013 Vit\u00f3ria de Santo Ant\u00e3o \u2013 possivelmente ostentaria algum tipo de destaque nacional\u00a0 relevante no segmento da corrida de rua. O detentor\u00a0 dessa fa\u00e7anha, por assim dizer, teria nome &hellip; <a href=\"http:\/\/www.blogdopilako.com.br\/wp\/2023\/04\/14\/jucival-amorim-atleta-vencedor-e-cidadao-de-bem\/\">Continue lendo <span class=\"meta-nav\">&rarr;<\/span><\/a><\/p>\n\n\t\t\t\t<div class=\"mr_social_sharing_wrapper\">\n\t\t\t\t<!-- Social Sharing Toolkit v2.2 --><span class=\"mr_social_sharing_top\"><span style=\"display: inline-block; width: 55px; height: 62px; overflow: hidden;\"><div class=\"fb-like\" data-href=\"http:\/\/www.blogdopilako.com.br\/wp\/2023\/04\/14\/jucival-amorim-atleta-vencedor-e-cidadao-de-bem\/\" data-send=\"false\" data-layout=\"box_count\" data-width=\"55\" data-show-faces=\"false\"><\/div><\/span><\/span><span class=\"mr_social_sharing_top\"><fb:share-button type=\"box_count\" href=\"http:\/\/www.blogdopilako.com.br\/wp\/2023\/04\/14\/jucival-amorim-atleta-vencedor-e-cidadao-de-bem\/\"><\/fb:share-button><\/span><span class=\"mr_social_sharing\"><a rel=\"nofollow\" class=\"linksalpha_button linksalpha_link\" href=\"\/\/www.linksalpha.com\/social\/mobile\" data-url=\"http:\/\/www.blogdopilako.com.br\/wp\/2023\/04\/14\/jucival-amorim-atleta-vencedor-e-cidadao-de-bem\/\" data-text=\"Jucival Amorim: atleta vencedor e cidad\u00e3o de bem!\" data-desc=\"N\u00e3o fosse um tr\u00e1gico acidente automobil\u00edstico, ocorrido em 1985, nossa \u201caldeia\u201d \u2013 Vit\u00f3ria de Santo Ant\u00e3o \u2013 possivelmente ostentaria algum tipo de destaque nacional\u00a0 relevante no segmento da corrida de rua. O detentor\u00a0 dessa fa\u00e7anha, por assim dizer, teria nome e sobrenome: Jucival\" data-image=\"\" data-button=\"none\">\n\t\t\t\t\t<img src=\"\/\/www.linksalpha.com\/images\/social_share_button.png\" alt=\"Share\" class=\"linksalpha_image\" \/>\n\t\t\t\t\t<\/a><script type=\"text\/javascript\" src=\"\/\/www.linksalpha.com\/scripts\/loader_iconbox.js?v=2.4\"><\/script><\/span><\/div>","protected":false},"author":2,"featured_media":0,"comment_status":"open","ping_status":"open","sticky":false,"template":"","format":"standard","meta":[],"categories":[21],"tags":[],"_links":{"self":[{"href":"http:\/\/www.blogdopilako.com.br\/wp\/wp-json\/wp\/v2\/posts\/140651"}],"collection":[{"href":"http:\/\/www.blogdopilako.com.br\/wp\/wp-json\/wp\/v2\/posts"}],"about":[{"href":"http:\/\/www.blogdopilako.com.br\/wp\/wp-json\/wp\/v2\/types\/post"}],"author":[{"embeddable":true,"href":"http:\/\/www.blogdopilako.com.br\/wp\/wp-json\/wp\/v2\/users\/2"}],"replies":[{"embeddable":true,"href":"http:\/\/www.blogdopilako.com.br\/wp\/wp-json\/wp\/v2\/comments?post=140651"}],"version-history":[{"count":1,"href":"http:\/\/www.blogdopilako.com.br\/wp\/wp-json\/wp\/v2\/posts\/140651\/revisions"}],"predecessor-version":[{"id":140655,"href":"http:\/\/www.blogdopilako.com.br\/wp\/wp-json\/wp\/v2\/posts\/140651\/revisions\/140655"}],"wp:attachment":[{"href":"http:\/\/www.blogdopilako.com.br\/wp\/wp-json\/wp\/v2\/media?parent=140651"}],"wp:term":[{"taxonomy":"category","embeddable":true,"href":"http:\/\/www.blogdopilako.com.br\/wp\/wp-json\/wp\/v2\/categories?post=140651"},{"taxonomy":"post_tag","embeddable":true,"href":"http:\/\/www.blogdopilako.com.br\/wp\/wp-json\/wp\/v2\/tags?post=140651"}],"curies":[{"name":"wp","href":"https:\/\/api.w.org\/{rel}","templated":true}]}}