{"id":140645,"date":"2023-04-13T09:24:56","date_gmt":"2023-04-13T12:24:56","guid":{"rendered":"https:\/\/www.blogdopilako.com.br\/wp\/?p=140645"},"modified":"2023-04-13T09:26:14","modified_gmt":"2023-04-13T12:26:14","slug":"corrida-e-caminhada-da-vitoria-ultimos-ate-o-proximo-domingo-16","status":"publish","type":"post","link":"http:\/\/www.blogdopilako.com.br\/wp\/2023\/04\/13\/corrida-e-caminhada-da-vitoria-ultimos-ate-o-proximo-domingo-16\/","title":{"rendered":"Corrida e Caminhada da Vit\u00f3ria \u2013 \u00faltimos at\u00e9 o pr\u00f3ximo domingo (16)&#8230;.\u2026"},"content":{"rendered":"\n\t\t\t\t<div class=\"mr_social_sharing_wrapper\">\n\t\t\t\t<!-- Social Sharing Toolkit v2.2 --><span class=\"mr_social_sharing_top\"><span style=\"display: inline-block; width: 55px; height: 62px; overflow: hidden;\"><div class=\"fb-like\" data-href=\"http:\/\/www.blogdopilako.com.br\/wp\/2023\/04\/13\/corrida-e-caminhada-da-vitoria-ultimos-ate-o-proximo-domingo-16\/\" data-send=\"false\" data-layout=\"box_count\" data-width=\"55\" data-show-faces=\"false\"><\/div><\/span><\/span><span class=\"mr_social_sharing_top\"><fb:share-button type=\"box_count\" href=\"http:\/\/www.blogdopilako.com.br\/wp\/2023\/04\/13\/corrida-e-caminhada-da-vitoria-ultimos-ate-o-proximo-domingo-16\/\"><\/fb:share-button><\/span><span class=\"mr_social_sharing\"><a rel=\"nofollow\" class=\"linksalpha_button linksalpha_link\" href=\"\/\/www.linksalpha.com\/social\/mobile\" data-url=\"http:\/\/www.blogdopilako.com.br\/wp\/2023\/04\/13\/corrida-e-caminhada-da-vitoria-ultimos-ate-o-proximo-domingo-16\/\" data-text=\"Corrida e Caminhada da Vit\u00f3ria \u2013 \u00faltimos at\u00e9 o pr\u00f3ximo domingo (16)\u2026.\u2026\" data-desc=\"INSCRI\u00c7\u00c3O:\u00a0http:\/\/WWW.UPTEMPO.COM.BR SITE OFICIAL:\u00a0http:\/\/WWW.CORRIDADAVITORIA.COM.BR\" data-image=\"http:\/\/www.blogdopilako.com.br\/wp\/wp-content\/uploads\/2023\/04\/b6bb13e7-49b9-4879-b795-ab133aa13c31-3.jpg\" data-button=\"none\">\n\t\t\t\t\t<img src=\"\/\/www.linksalpha.com\/images\/social_share_button.png\" alt=\"Share\" class=\"linksalpha_image\" \/>\n\t\t\t\t\t<\/a><script type=\"text\/javascript\" src=\"\/\/www.linksalpha.com\/scripts\/loader_iconbox.js?v=2.4\"><\/script><\/span><\/div><p><strong>INSCRI\u00c7\u00c3O:\u00a0<a href=\"http:\/\/www.uptempo.com.br\/\">http:\/\/WWW.UPTEMPO.COM.BR<\/a><\/strong><\/p>\n<p><strong>SITE OFICIAL:\u00a0<a href=\"http:\/\/www.corridadavitoria.com.br\/\">http:\/\/WWW.CORRIDADAVITORIA.COM.BR<\/a><\/strong><\/p>\n<p><img loading=\"lazy\" class=\"aligncenter wp-image-140646 size-full\" src=\"http:\/\/www.blogdopilako.com.br\/wp\/wp-content\/uploads\/2023\/04\/b6bb13e7-49b9-4879-b795-ab133aa13c31-3.jpg\" alt=\"\" width=\"1080\" height=\"1350\" srcset=\"http:\/\/www.blogdopilako.com.br\/wp\/wp-content\/uploads\/2023\/04\/b6bb13e7-49b9-4879-b795-ab133aa13c31-3.jpg 1080w, http:\/\/www.blogdopilako.com.br\/wp\/wp-content\/uploads\/2023\/04\/b6bb13e7-49b9-4879-b795-ab133aa13c31-3-240x300.jpg 240w, http:\/\/www.blogdopilako.com.br\/wp\/wp-content\/uploads\/2023\/04\/b6bb13e7-49b9-4879-b795-ab133aa13c31-3-819x1024.jpg 819w, http:\/\/www.blogdopilako.com.br\/wp\/wp-content\/uploads\/2023\/04\/b6bb13e7-49b9-4879-b795-ab133aa13c31-3-768x960.jpg 768w\" sizes=\"(max-width: 1080px) 100vw, 1080px\" \/><\/p>\n\n\t\t\t\t<div class=\"mr_social_sharing_wrapper\">\n\t\t\t\t<!-- Social Sharing Toolkit v2.2 --><span class=\"mr_social_sharing_top\"><span style=\"display: inline-block; width: 55px; height: 62px; overflow: hidden;\"><div class=\"fb-like\" data-href=\"http:\/\/www.blogdopilako.com.br\/wp\/2023\/04\/13\/corrida-e-caminhada-da-vitoria-ultimos-ate-o-proximo-domingo-16\/\" data-send=\"false\" data-layout=\"box_count\" data-width=\"55\" data-show-faces=\"false\"><\/div><\/span><\/span><span class=\"mr_social_sharing_top\"><fb:share-button type=\"box_count\" href=\"http:\/\/www.blogdopilako.com.br\/wp\/2023\/04\/13\/corrida-e-caminhada-da-vitoria-ultimos-ate-o-proximo-domingo-16\/\"><\/fb:share-button><\/span><span class=\"mr_social_sharing\"><a rel=\"nofollow\" class=\"linksalpha_button linksalpha_link\" href=\"\/\/www.linksalpha.com\/social\/mobile\" data-url=\"http:\/\/www.blogdopilako.com.br\/wp\/2023\/04\/13\/corrida-e-caminhada-da-vitoria-ultimos-ate-o-proximo-domingo-16\/\" data-text=\"Corrida e Caminhada da Vit\u00f3ria \u2013 \u00faltimos at\u00e9 o pr\u00f3ximo domingo (16)\u2026.\u2026\" data-desc=\"INSCRI\u00c7\u00c3O:\u00a0http:\/\/WWW.UPTEMPO.COM.BR SITE OFICIAL:\u00a0http:\/\/WWW.CORRIDADAVITORIA.COM.BR\" data-image=\"http:\/\/www.blogdopilako.com.br\/wp\/wp-content\/uploads\/2023\/04\/b6bb13e7-49b9-4879-b795-ab133aa13c31-3.jpg\" data-button=\"none\">\n\t\t\t\t\t<img src=\"\/\/www.linksalpha.com\/images\/social_share_button.png\" alt=\"Share\" class=\"linksalpha_image\" \/>\n\t\t\t\t\t<\/a><script type=\"text\/javascript\" src=\"\/\/www.linksalpha.com\/scripts\/loader_iconbox.js?v=2.4\"><\/script><\/span><\/div>","protected":false},"excerpt":{"rendered":"\n\t\t\t\t<div class=\"mr_social_sharing_wrapper\">\n\t\t\t\t<!-- Social Sharing Toolkit v2.2 --><span class=\"mr_social_sharing_top\"><span style=\"display: inline-block; width: 55px; height: 62px; overflow: hidden;\"><div class=\"fb-like\" data-href=\"http:\/\/www.blogdopilako.com.br\/wp\/2023\/04\/13\/corrida-e-caminhada-da-vitoria-ultimos-ate-o-proximo-domingo-16\/\" data-send=\"false\" data-layout=\"box_count\" data-width=\"55\" data-show-faces=\"false\"><\/div><\/span><\/span><span class=\"mr_social_sharing_top\"><fb:share-button type=\"box_count\" href=\"http:\/\/www.blogdopilako.com.br\/wp\/2023\/04\/13\/corrida-e-caminhada-da-vitoria-ultimos-ate-o-proximo-domingo-16\/\"><\/fb:share-button><\/span><span class=\"mr_social_sharing\"><a rel=\"nofollow\" class=\"linksalpha_button linksalpha_link\" href=\"\/\/www.linksalpha.com\/social\/mobile\" data-url=\"http:\/\/www.blogdopilako.com.br\/wp\/2023\/04\/13\/corrida-e-caminhada-da-vitoria-ultimos-ate-o-proximo-domingo-16\/\" data-text=\"Corrida e Caminhada da Vit\u00f3ria \u2013 \u00faltimos at\u00e9 o pr\u00f3ximo domingo (16)\u2026.\u2026\" data-desc=\"INSCRI\u00c7\u00c3O:\u00a0http:\/\/WWW.UPTEMPO.COM.BR SITE OFICIAL:\u00a0http:\/\/WWW.CORRIDADAVITORIA.COM.BR\" data-image=\"\" data-button=\"none\">\n\t\t\t\t\t<img src=\"\/\/www.linksalpha.com\/images\/social_share_button.png\" alt=\"Share\" class=\"linksalpha_image\" \/>\n\t\t\t\t\t<\/a><script type=\"text\/javascript\" src=\"\/\/www.linksalpha.com\/scripts\/loader_iconbox.js?v=2.4\"><\/script><\/span><\/div><p>INSCRI\u00c7\u00c3O:\u00a0http:\/\/WWW.UPTEMPO.COM.BR SITE OFICIAL:\u00a0http:\/\/WWW.CORRIDADAVITORIA.COM.BR<\/p>\n\n\t\t\t\t<div class=\"mr_social_sharing_wrapper\">\n\t\t\t\t<!-- Social Sharing Toolkit v2.2 --><span class=\"mr_social_sharing_top\"><span style=\"display: inline-block; width: 55px; height: 62px; overflow: hidden;\"><div class=\"fb-like\" data-href=\"http:\/\/www.blogdopilako.com.br\/wp\/2023\/04\/13\/corrida-e-caminhada-da-vitoria-ultimos-ate-o-proximo-domingo-16\/\" data-send=\"false\" data-layout=\"box_count\" data-width=\"55\" data-show-faces=\"false\"><\/div><\/span><\/span><span class=\"mr_social_sharing_top\"><fb:share-button type=\"box_count\" href=\"http:\/\/www.blogdopilako.com.br\/wp\/2023\/04\/13\/corrida-e-caminhada-da-vitoria-ultimos-ate-o-proximo-domingo-16\/\"><\/fb:share-button><\/span><span class=\"mr_social_sharing\"><a rel=\"nofollow\" class=\"linksalpha_button linksalpha_link\" href=\"\/\/www.linksalpha.com\/social\/mobile\" data-url=\"http:\/\/www.blogdopilako.com.br\/wp\/2023\/04\/13\/corrida-e-caminhada-da-vitoria-ultimos-ate-o-proximo-domingo-16\/\" data-text=\"Corrida e Caminhada da Vit\u00f3ria \u2013 \u00faltimos at\u00e9 o pr\u00f3ximo domingo (16)\u2026.\u2026\" data-desc=\"INSCRI\u00c7\u00c3O:\u00a0http:\/\/WWW.UPTEMPO.COM.BR SITE OFICIAL:\u00a0http:\/\/WWW.CORRIDADAVITORIA.COM.BR\" data-image=\"\" data-button=\"none\">\n\t\t\t\t\t<img src=\"\/\/www.linksalpha.com\/images\/social_share_button.png\" alt=\"Share\" class=\"linksalpha_image\" \/>\n\t\t\t\t\t<\/a><script type=\"text\/javascript\" src=\"\/\/www.linksalpha.com\/scripts\/loader_iconbox.js?v=2.4\"><\/script><\/span><\/div>","protected":false},"author":2,"featured_media":0,"comment_status":"open","ping_status":"open","sticky":false,"template":"","format":"standard","meta":[],"categories":[21],"tags":[],"_links":{"self":[{"href":"http:\/\/www.blogdopilako.com.br\/wp\/wp-json\/wp\/v2\/posts\/140645"}],"collection":[{"href":"http:\/\/www.blogdopilako.com.br\/wp\/wp-json\/wp\/v2\/posts"}],"about":[{"href":"http:\/\/www.blogdopilako.com.br\/wp\/wp-json\/wp\/v2\/types\/post"}],"author":[{"embeddable":true,"href":"http:\/\/www.blogdopilako.com.br\/wp\/wp-json\/wp\/v2\/users\/2"}],"replies":[{"embeddable":true,"href":"http:\/\/www.blogdopilako.com.br\/wp\/wp-json\/wp\/v2\/comments?post=140645"}],"version-history":[{"count":1,"href":"http:\/\/www.blogdopilako.com.br\/wp\/wp-json\/wp\/v2\/posts\/140645\/revisions"}],"predecessor-version":[{"id":140647,"href":"http:\/\/www.blogdopilako.com.br\/wp\/wp-json\/wp\/v2\/posts\/140645\/revisions\/140647"}],"wp:attachment":[{"href":"http:\/\/www.blogdopilako.com.br\/wp\/wp-json\/wp\/v2\/media?parent=140645"}],"wp:term":[{"taxonomy":"category","embeddable":true,"href":"http:\/\/www.blogdopilako.com.br\/wp\/wp-json\/wp\/v2\/categories?post=140645"},{"taxonomy":"post_tag","embeddable":true,"href":"http:\/\/www.blogdopilako.com.br\/wp\/wp-json\/wp\/v2\/tags?post=140645"}],"curies":[{"name":"wp","href":"https:\/\/api.w.org\/{rel}","templated":true}]}}