{"id":140532,"date":"2023-03-30T08:03:47","date_gmt":"2023-03-30T11:03:47","guid":{"rendered":"https:\/\/www.blogdopilako.com.br\/wp\/?p=140532"},"modified":"2023-03-30T08:03:47","modified_gmt":"2023-03-30T11:03:47","slug":"ivan-rocha-e-jonas-albuquerque-por-historia_em_retalhos","status":"publish","type":"post","link":"http:\/\/www.blogdopilako.com.br\/wp\/2023\/03\/30\/ivan-rocha-e-jonas-albuquerque-por-historia_em_retalhos\/","title":{"rendered":"Ivan Rocha e Jonas Albuquerque &#8211; por @historia_em_retalhos."},"content":{"rendered":"\n\t\t\t\t<div class=\"mr_social_sharing_wrapper\">\n\t\t\t\t<!-- Social Sharing Toolkit v2.2 --><span class=\"mr_social_sharing_top\"><span style=\"display: inline-block; width: 55px; height: 62px; overflow: hidden;\"><div class=\"fb-like\" data-href=\"http:\/\/www.blogdopilako.com.br\/wp\/2023\/03\/30\/ivan-rocha-e-jonas-albuquerque-por-historia_em_retalhos\/\" data-send=\"false\" data-layout=\"box_count\" data-width=\"55\" data-show-faces=\"false\"><\/div><\/span><\/span><span class=\"mr_social_sharing_top\"><fb:share-button type=\"box_count\" href=\"http:\/\/www.blogdopilako.com.br\/wp\/2023\/03\/30\/ivan-rocha-e-jonas-albuquerque-por-historia_em_retalhos\/\"><\/fb:share-button><\/span><span class=\"mr_social_sharing\"><a rel=\"nofollow\" class=\"linksalpha_button linksalpha_link\" href=\"\/\/www.linksalpha.com\/social\/mobile\" data-url=\"http:\/\/www.blogdopilako.com.br\/wp\/2023\/03\/30\/ivan-rocha-e-jonas-albuquerque-por-historia_em_retalhos\/\" data-text=\"Ivan Rocha e Jonas Albuquerque \u2013 por @historia_em_retalhos.\" data-desc=\"Estes s\u00e3o os estudantes Ivan Rocha e Jonas Albuquerque, as primeiras v\u00edtimas fatais da ditadura militar em Pernambuco. Naquele 1.\u00b0 de abril de 1964, estudantes estavam reunidos na Faculdade de Engenharia do Recife. Por volta das 14h, expulsos pelos militares, sa\u00edram em marcha pelas ruas da\" data-image=\"http:\/\/www.blogdopilako.com.br\/wp\/wp-content\/uploads\/2023\/03\/download-16.jpg\" data-button=\"none\">\n\t\t\t\t\t<img src=\"\/\/www.linksalpha.com\/images\/social_share_button.png\" alt=\"Share\" class=\"linksalpha_image\" \/>\n\t\t\t\t\t<\/a><script type=\"text\/javascript\" src=\"\/\/www.linksalpha.com\/scripts\/loader_iconbox.js?v=2.4\"><\/script><\/span><\/div><p><img loading=\"lazy\" class=\"aligncenter wp-image-140534 size-full\" src=\"http:\/\/www.blogdopilako.com.br\/wp\/wp-content\/uploads\/2023\/03\/download-16.jpg\" alt=\"\" width=\"640\" height=\"640\" srcset=\"http:\/\/www.blogdopilako.com.br\/wp\/wp-content\/uploads\/2023\/03\/download-16.jpg 640w, http:\/\/www.blogdopilako.com.br\/wp\/wp-content\/uploads\/2023\/03\/download-16-300x300.jpg 300w, http:\/\/www.blogdopilako.com.br\/wp\/wp-content\/uploads\/2023\/03\/download-16-150x150.jpg 150w\" sizes=\"(max-width: 640px) 100vw, 640px\" \/><\/p>\n<p style=\"text-align: justify;\">Estes s\u00e3o os estudantes Ivan Rocha e Jonas Albuquerque, as primeiras v\u00edtimas fatais da ditadura militar em Pernambuco.<\/p>\n<p style=\"text-align: justify;\">Naquele 1.\u00b0 de abril de 1964, estudantes estavam reunidos na Faculdade de Engenharia do Recife.<\/p>\n<p style=\"text-align: justify;\">Por volta das 14h, expulsos pelos militares, sa\u00edram em marcha pelas ruas da capital, com o objetivo de chegarem at\u00e9 o Pal\u00e1cio do Campo das Princesas, protestando contra o golpe militar e buscando apoio popular.<\/p>\n<p style=\"text-align: justify;\">Na esquina das ruas Dantas Barreto e Marqu\u00eas do Recife, os soldados formaram uma barreira.<\/p>\n<p style=\"text-align: justify;\">Os estudantes entoavam palavras de ordem.<\/p>\n<p style=\"text-align: justify;\">Deflagrou-se um clima de tens\u00e3o.<\/p>\n<p style=\"text-align: justify;\">Um disparo para o ar foi realizado.<\/p>\n<p style=\"text-align: justify;\">Os estudantes continuaram a gritar e, a partir de ent\u00e3o, passaram a ser os alvos dos disparos.<\/p>\n<p style=\"text-align: justify;\">Dois ca\u00edram mortos.<\/p>\n<p style=\"text-align: justify;\">Jonas tinha 17 anos e era estudante secundarista do Col\u00e9gio Estadual de Pernambuco.<\/p>\n<p style=\"text-align: justify;\">Ivan, de 23, era acad\u00eamico de engenharia.<\/p>\n<p style=\"text-align: justify;\">Jonas foi atingido por um tiro mortal de rev\u00f3lver na boca, que estilha\u00e7ou o seu maxilar (&#8220;O caso eu conto como o caso foi&#8221;, de Paulo Cavalcanti).<\/p>\n<p style=\"text-align: justify;\">Enquanto isso, Miguel Arraes resistia no Pal\u00e1cio do Campo das Princesas, recusando-se a aceitar as ofertas apresentadas pelos militares para que renunciasse ao seu mandato.<\/p>\n<p style=\"text-align: justify;\">Mais tarde, \u00e0 noite, os coron\u00e9is Jo\u00e3o Dutra Castilho e Ivan Rui de Andrade chegaram ao Pal\u00e1cio para prender Arraes, levando-o para o 14.\u00ba Regimento de Infantaria, no bairro de Socorro, em Jaboat\u00e3o dos Guararapes.<\/p>\n<p style=\"text-align: justify;\">Arraes deixou o Pal\u00e1cio em um fusca dirigido por Valdir Ximenes, seu primo e diretor da Companhia de Revenda e Coloniza\u00e7\u00e3o (foto).<\/p>\n<p style=\"text-align: justify;\">No mesmo dia, em uma sess\u00e3o extraordin\u00e1ria, acompanhada por militares, a Assembleia Legislativa, por 45 votos a 16, declarou a vac\u00e2ncia do cargo de governador.<\/p>\n<p style=\"text-align: justify;\">No dia seguinte, Arraes seria mandado para Fernando de Noronha, que funcionava como pris\u00e3o.<\/p>\n<p style=\"text-align: justify;\">O vice-governador Paulo Guerra (Arena) foi empossado governador de Pernambuco.<\/p>\n<p style=\"text-align: justify;\">Assim foi o triste dia 1.\u00b0 de abril de 1964 no Recife.<\/p>\n<p style=\"text-align: justify;\">Jamais aceitemos revisionismos hist\u00f3ricos de ocasi\u00e3o.<\/p>\n<p style=\"text-align: justify;\">#ditaduranuncamais<br \/>\n.<br \/>\n<strong>Siga: @historia_em_retalhos<\/strong><\/p>\n<p><a href=\"https:\/\/www.instagram.com\/p\/CqaOYMyuIkf\/?igshid=MDJmNzVkMjY%3D\">https:\/\/www.instagram.com\/p\/CqaOYMyuIkf\/?igshid=MDJmNzVkMjY%3D<\/a><\/p>\n<p><img loading=\"lazy\" class=\"aligncenter wp-image-140533 size-large\" src=\"http:\/\/www.blogdopilako.com.br\/wp\/wp-content\/uploads\/2023\/03\/Pix-arte-final-2-39-1024x401.png\" alt=\"\" width=\"584\" height=\"229\" srcset=\"http:\/\/www.blogdopilako.com.br\/wp\/wp-content\/uploads\/2023\/03\/Pix-arte-final-2-39-1024x401.png 1024w, http:\/\/www.blogdopilako.com.br\/wp\/wp-content\/uploads\/2023\/03\/Pix-arte-final-2-39-300x117.png 300w, http:\/\/www.blogdopilako.com.br\/wp\/wp-content\/uploads\/2023\/03\/Pix-arte-final-2-39-768x301.png 768w, http:\/\/www.blogdopilako.com.br\/wp\/wp-content\/uploads\/2023\/03\/Pix-arte-final-2-39-1536x601.png 1536w, http:\/\/www.blogdopilako.com.br\/wp\/wp-content\/uploads\/2023\/03\/Pix-arte-final-2-39-2048x802.png 2048w, http:\/\/www.blogdopilako.com.br\/wp\/wp-content\/uploads\/2023\/03\/Pix-arte-final-2-39-500x196.png 500w\" sizes=\"(max-width: 584px) 100vw, 584px\" \/><\/p>\n\n\t\t\t\t<div class=\"mr_social_sharing_wrapper\">\n\t\t\t\t<!-- Social Sharing Toolkit v2.2 --><span class=\"mr_social_sharing_top\"><span style=\"display: inline-block; width: 55px; height: 62px; overflow: hidden;\"><div class=\"fb-like\" data-href=\"http:\/\/www.blogdopilako.com.br\/wp\/2023\/03\/30\/ivan-rocha-e-jonas-albuquerque-por-historia_em_retalhos\/\" data-send=\"false\" data-layout=\"box_count\" data-width=\"55\" data-show-faces=\"false\"><\/div><\/span><\/span><span class=\"mr_social_sharing_top\"><fb:share-button type=\"box_count\" href=\"http:\/\/www.blogdopilako.com.br\/wp\/2023\/03\/30\/ivan-rocha-e-jonas-albuquerque-por-historia_em_retalhos\/\"><\/fb:share-button><\/span><span class=\"mr_social_sharing\"><a rel=\"nofollow\" class=\"linksalpha_button linksalpha_link\" href=\"\/\/www.linksalpha.com\/social\/mobile\" data-url=\"http:\/\/www.blogdopilako.com.br\/wp\/2023\/03\/30\/ivan-rocha-e-jonas-albuquerque-por-historia_em_retalhos\/\" data-text=\"Ivan Rocha e Jonas Albuquerque \u2013 por @historia_em_retalhos.\" data-desc=\"Estes s\u00e3o os estudantes Ivan Rocha e Jonas Albuquerque, as primeiras v\u00edtimas fatais da ditadura militar em Pernambuco. Naquele 1.\u00b0 de abril de 1964, estudantes estavam reunidos na Faculdade de Engenharia do Recife. Por volta das 14h, expulsos pelos militares, sa\u00edram em marcha pelas ruas da\" data-image=\"http:\/\/www.blogdopilako.com.br\/wp\/wp-content\/uploads\/2023\/03\/download-16.jpg\" data-button=\"none\">\n\t\t\t\t\t<img src=\"\/\/www.linksalpha.com\/images\/social_share_button.png\" alt=\"Share\" class=\"linksalpha_image\" \/>\n\t\t\t\t\t<\/a><script type=\"text\/javascript\" src=\"\/\/www.linksalpha.com\/scripts\/loader_iconbox.js?v=2.4\"><\/script><\/span><\/div>","protected":false},"excerpt":{"rendered":"\n\t\t\t\t<div class=\"mr_social_sharing_wrapper\">\n\t\t\t\t<!-- Social Sharing Toolkit v2.2 --><span class=\"mr_social_sharing_top\"><span style=\"display: inline-block; width: 55px; height: 62px; overflow: hidden;\"><div class=\"fb-like\" data-href=\"http:\/\/www.blogdopilako.com.br\/wp\/2023\/03\/30\/ivan-rocha-e-jonas-albuquerque-por-historia_em_retalhos\/\" data-send=\"false\" data-layout=\"box_count\" data-width=\"55\" data-show-faces=\"false\"><\/div><\/span><\/span><span class=\"mr_social_sharing_top\"><fb:share-button type=\"box_count\" href=\"http:\/\/www.blogdopilako.com.br\/wp\/2023\/03\/30\/ivan-rocha-e-jonas-albuquerque-por-historia_em_retalhos\/\"><\/fb:share-button><\/span><span class=\"mr_social_sharing\"><a rel=\"nofollow\" class=\"linksalpha_button linksalpha_link\" href=\"\/\/www.linksalpha.com\/social\/mobile\" data-url=\"http:\/\/www.blogdopilako.com.br\/wp\/2023\/03\/30\/ivan-rocha-e-jonas-albuquerque-por-historia_em_retalhos\/\" data-text=\"Ivan Rocha e Jonas Albuquerque \u2013 por @historia_em_retalhos.\" data-desc=\"Estes s\u00e3o os estudantes Ivan Rocha e Jonas Albuquerque, as primeiras v\u00edtimas fatais da ditadura militar em Pernambuco. Naquele 1.\u00b0 de abril de 1964, estudantes estavam reunidos na Faculdade de Engenharia do Recife. Por volta das 14h, expulsos pelos militares, sa\u00edram em marcha pelas ruas da\" data-image=\"\" data-button=\"none\">\n\t\t\t\t\t<img src=\"\/\/www.linksalpha.com\/images\/social_share_button.png\" alt=\"Share\" class=\"linksalpha_image\" \/>\n\t\t\t\t\t<\/a><script type=\"text\/javascript\" src=\"\/\/www.linksalpha.com\/scripts\/loader_iconbox.js?v=2.4\"><\/script><\/span><\/div><p>Estes s\u00e3o os estudantes Ivan Rocha e Jonas Albuquerque, as primeiras v\u00edtimas fatais da ditadura militar em Pernambuco. Naquele 1.\u00b0 de abril de 1964, estudantes estavam reunidos na Faculdade de Engenharia do Recife. Por volta das 14h, expulsos pelos militares, &hellip; <a href=\"http:\/\/www.blogdopilako.com.br\/wp\/2023\/03\/30\/ivan-rocha-e-jonas-albuquerque-por-historia_em_retalhos\/\">Continue lendo <span class=\"meta-nav\">&rarr;<\/span><\/a><\/p>\n\n\t\t\t\t<div class=\"mr_social_sharing_wrapper\">\n\t\t\t\t<!-- Social Sharing Toolkit v2.2 --><span class=\"mr_social_sharing_top\"><span style=\"display: inline-block; width: 55px; height: 62px; overflow: hidden;\"><div class=\"fb-like\" data-href=\"http:\/\/www.blogdopilako.com.br\/wp\/2023\/03\/30\/ivan-rocha-e-jonas-albuquerque-por-historia_em_retalhos\/\" data-send=\"false\" data-layout=\"box_count\" data-width=\"55\" data-show-faces=\"false\"><\/div><\/span><\/span><span class=\"mr_social_sharing_top\"><fb:share-button type=\"box_count\" href=\"http:\/\/www.blogdopilako.com.br\/wp\/2023\/03\/30\/ivan-rocha-e-jonas-albuquerque-por-historia_em_retalhos\/\"><\/fb:share-button><\/span><span class=\"mr_social_sharing\"><a rel=\"nofollow\" class=\"linksalpha_button linksalpha_link\" href=\"\/\/www.linksalpha.com\/social\/mobile\" data-url=\"http:\/\/www.blogdopilako.com.br\/wp\/2023\/03\/30\/ivan-rocha-e-jonas-albuquerque-por-historia_em_retalhos\/\" data-text=\"Ivan Rocha e Jonas Albuquerque \u2013 por @historia_em_retalhos.\" data-desc=\"Estes s\u00e3o os estudantes Ivan Rocha e Jonas Albuquerque, as primeiras v\u00edtimas fatais da ditadura militar em Pernambuco. Naquele 1.\u00b0 de abril de 1964, estudantes estavam reunidos na Faculdade de Engenharia do Recife. Por volta das 14h, expulsos pelos militares, sa\u00edram em marcha pelas ruas da\" data-image=\"\" data-button=\"none\">\n\t\t\t\t\t<img src=\"\/\/www.linksalpha.com\/images\/social_share_button.png\" alt=\"Share\" class=\"linksalpha_image\" \/>\n\t\t\t\t\t<\/a><script type=\"text\/javascript\" src=\"\/\/www.linksalpha.com\/scripts\/loader_iconbox.js?v=2.4\"><\/script><\/span><\/div>","protected":false},"author":2,"featured_media":0,"comment_status":"open","ping_status":"open","sticky":false,"template":"","format":"standard","meta":[],"categories":[21],"tags":[],"_links":{"self":[{"href":"http:\/\/www.blogdopilako.com.br\/wp\/wp-json\/wp\/v2\/posts\/140532"}],"collection":[{"href":"http:\/\/www.blogdopilako.com.br\/wp\/wp-json\/wp\/v2\/posts"}],"about":[{"href":"http:\/\/www.blogdopilako.com.br\/wp\/wp-json\/wp\/v2\/types\/post"}],"author":[{"embeddable":true,"href":"http:\/\/www.blogdopilako.com.br\/wp\/wp-json\/wp\/v2\/users\/2"}],"replies":[{"embeddable":true,"href":"http:\/\/www.blogdopilako.com.br\/wp\/wp-json\/wp\/v2\/comments?post=140532"}],"version-history":[{"count":1,"href":"http:\/\/www.blogdopilako.com.br\/wp\/wp-json\/wp\/v2\/posts\/140532\/revisions"}],"predecessor-version":[{"id":140535,"href":"http:\/\/www.blogdopilako.com.br\/wp\/wp-json\/wp\/v2\/posts\/140532\/revisions\/140535"}],"wp:attachment":[{"href":"http:\/\/www.blogdopilako.com.br\/wp\/wp-json\/wp\/v2\/media?parent=140532"}],"wp:term":[{"taxonomy":"category","embeddable":true,"href":"http:\/\/www.blogdopilako.com.br\/wp\/wp-json\/wp\/v2\/categories?post=140532"},{"taxonomy":"post_tag","embeddable":true,"href":"http:\/\/www.blogdopilako.com.br\/wp\/wp-json\/wp\/v2\/tags?post=140532"}],"curies":[{"name":"wp","href":"https:\/\/api.w.org\/{rel}","templated":true}]}}