{"id":139813,"date":"2023-02-03T14:40:11","date_gmt":"2023-02-03T17:40:11","guid":{"rendered":"https:\/\/www.blogdopilako.com.br\/wp\/?p=139813"},"modified":"2023-02-03T14:40:11","modified_gmt":"2023-02-03T17:40:11","slug":"o-recife-tem-a-sua-casa-branca-por-historia_em_retalhos","status":"publish","type":"post","link":"http:\/\/www.blogdopilako.com.br\/wp\/2023\/02\/03\/o-recife-tem-a-sua-casa-branca-por-historia_em_retalhos\/","title":{"rendered":"O Recife tem a sua Casa Branca! &#8211; por @historia_em_retalhos."},"content":{"rendered":"\n\t\t\t\t<div class=\"mr_social_sharing_wrapper\">\n\t\t\t\t<!-- Social Sharing Toolkit v2.2 --><span class=\"mr_social_sharing_top\"><span style=\"display: inline-block; width: 55px; height: 62px; overflow: hidden;\"><div class=\"fb-like\" data-href=\"http:\/\/www.blogdopilako.com.br\/wp\/2023\/02\/03\/o-recife-tem-a-sua-casa-branca-por-historia_em_retalhos\/\" data-send=\"false\" data-layout=\"box_count\" data-width=\"55\" data-show-faces=\"false\"><\/div><\/span><\/span><span class=\"mr_social_sharing_top\"><fb:share-button type=\"box_count\" href=\"http:\/\/www.blogdopilako.com.br\/wp\/2023\/02\/03\/o-recife-tem-a-sua-casa-branca-por-historia_em_retalhos\/\"><\/fb:share-button><\/span><span class=\"mr_social_sharing\"><a rel=\"nofollow\" class=\"linksalpha_button linksalpha_link\" href=\"\/\/www.linksalpha.com\/social\/mobile\" data-url=\"http:\/\/www.blogdopilako.com.br\/wp\/2023\/02\/03\/o-recife-tem-a-sua-casa-branca-por-historia_em_retalhos\/\" data-text=\"O Recife tem a sua Casa Branca! \u2013 por @historia_em_retalhos.\" data-desc=\"Voc\u00ea sabia\u2753 Pois \u00e9! O Recife tem a sua Casa Branca! Em 1906, o Col\u00e9gio Americano Batista foi fundado pelo mission\u00e1rio norte-americano W.H. Canad\u00e1. A escola foi iniciada numa pequena casa vizinha \u00e0 primeira\u00a0Igreja Batista\u00a0de Pernambuco, com apenas treze alunos. Passados alguns anos, o\" data-image=\"http:\/\/www.blogdopilako.com.br\/wp\/wp-content\/uploads\/2023\/02\/download-4.jpg\" data-button=\"none\">\n\t\t\t\t\t<img src=\"\/\/www.linksalpha.com\/images\/social_share_button.png\" alt=\"Share\" class=\"linksalpha_image\" \/>\n\t\t\t\t\t<\/a><script type=\"text\/javascript\" src=\"\/\/www.linksalpha.com\/scripts\/loader_iconbox.js?v=2.4\"><\/script><\/span><\/div><p><img loading=\"lazy\" class=\"aligncenter wp-image-139815 size-full\" src=\"http:\/\/www.blogdopilako.com.br\/wp\/wp-content\/uploads\/2023\/02\/download-4.jpg\" alt=\"\" width=\"640\" height=\"640\" srcset=\"http:\/\/www.blogdopilako.com.br\/wp\/wp-content\/uploads\/2023\/02\/download-4.jpg 640w, http:\/\/www.blogdopilako.com.br\/wp\/wp-content\/uploads\/2023\/02\/download-4-300x300.jpg 300w, http:\/\/www.blogdopilako.com.br\/wp\/wp-content\/uploads\/2023\/02\/download-4-150x150.jpg 150w\" sizes=\"(max-width: 640px) 100vw, 640px\" \/><\/p>\n<p style=\"text-align: justify;\">Voc\u00ea sabia&#x2753;<\/p>\n<p style=\"text-align: justify;\">Pois \u00e9!<\/p>\n<p style=\"text-align: justify;\">O Recife tem a sua Casa Branca!<\/p>\n<p style=\"text-align: justify;\">Em 1906, o Col\u00e9gio Americano Batista foi fundado pelo mission\u00e1rio norte-americano W.H. Canad\u00e1.<\/p>\n<p style=\"text-align: justify;\">A escola foi iniciada numa pequena casa vizinha \u00e0 primeira\u00a0Igreja Batista\u00a0de Pernambuco, com apenas treze alunos.<\/p>\n<p style=\"text-align: justify;\">Passados alguns anos, o ent\u00e3o diretor da institui\u00e7\u00e3o, o mission\u00e1rio H.H. Muirhead, comprou uma ch\u00e1cara localizada no lugar que hoje conhecemos como Parque Amorim, onde foi instalado o col\u00e9gio.<\/p>\n<p style=\"text-align: justify;\">Depois do terreno, veio a constru\u00e7\u00e3o de seu primeiro edif\u00edcio e, a\u00ed, pasmem, a ideia original era exatamente essa: reproduzir a fachada da famosa Casa Branca, sede da presid\u00eancia dos\u00a0Estados Unidos da Am\u00e9rica! &#x1f604;<\/p>\n<p style=\"text-align: justify;\">Dois dos alunos mais not\u00e1veis que estudaram na institui\u00e7\u00e3o centen\u00e1ria foram Ariano Suassuna e Gilberto Freyre.<\/p>\n<p style=\"text-align: justify;\">Sabias dessa?<\/p>\n<p style=\"text-align: justify;\">Se n\u00e3o, compartilha!<br \/>\n.<br \/>\n<strong>Siga: @historia_em_retalhos<\/strong><\/p>\n<p><a href=\"https:\/\/www.instagram.com\/p\/CoNSRhWOJaV\/?igshid=MDJmNzVkMjY%3D\">https:\/\/www.instagram.com\/p\/CoNSRhWOJaV\/?igshid=MDJmNzVkMjY%3D<\/a><\/p>\n<p><img loading=\"lazy\" class=\"aligncenter wp-image-139809 size-large\" src=\"http:\/\/www.blogdopilako.com.br\/wp\/wp-content\/uploads\/2023\/02\/Pix-arte-final-2-7-1024x401.png\" alt=\"\" width=\"584\" height=\"229\" srcset=\"http:\/\/www.blogdopilako.com.br\/wp\/wp-content\/uploads\/2023\/02\/Pix-arte-final-2-7-1024x401.png 1024w, http:\/\/www.blogdopilako.com.br\/wp\/wp-content\/uploads\/2023\/02\/Pix-arte-final-2-7-300x117.png 300w, http:\/\/www.blogdopilako.com.br\/wp\/wp-content\/uploads\/2023\/02\/Pix-arte-final-2-7-768x301.png 768w, http:\/\/www.blogdopilako.com.br\/wp\/wp-content\/uploads\/2023\/02\/Pix-arte-final-2-7-1536x601.png 1536w, http:\/\/www.blogdopilako.com.br\/wp\/wp-content\/uploads\/2023\/02\/Pix-arte-final-2-7-2048x802.png 2048w, http:\/\/www.blogdopilako.com.br\/wp\/wp-content\/uploads\/2023\/02\/Pix-arte-final-2-7-500x196.png 500w\" sizes=\"(max-width: 584px) 100vw, 584px\" \/><\/p>\n\n\t\t\t\t<div class=\"mr_social_sharing_wrapper\">\n\t\t\t\t<!-- Social Sharing Toolkit v2.2 --><span class=\"mr_social_sharing_top\"><span style=\"display: inline-block; width: 55px; height: 62px; overflow: hidden;\"><div class=\"fb-like\" data-href=\"http:\/\/www.blogdopilako.com.br\/wp\/2023\/02\/03\/o-recife-tem-a-sua-casa-branca-por-historia_em_retalhos\/\" data-send=\"false\" data-layout=\"box_count\" data-width=\"55\" data-show-faces=\"false\"><\/div><\/span><\/span><span class=\"mr_social_sharing_top\"><fb:share-button type=\"box_count\" href=\"http:\/\/www.blogdopilako.com.br\/wp\/2023\/02\/03\/o-recife-tem-a-sua-casa-branca-por-historia_em_retalhos\/\"><\/fb:share-button><\/span><span class=\"mr_social_sharing\"><a rel=\"nofollow\" class=\"linksalpha_button linksalpha_link\" href=\"\/\/www.linksalpha.com\/social\/mobile\" data-url=\"http:\/\/www.blogdopilako.com.br\/wp\/2023\/02\/03\/o-recife-tem-a-sua-casa-branca-por-historia_em_retalhos\/\" data-text=\"O Recife tem a sua Casa Branca! \u2013 por @historia_em_retalhos.\" data-desc=\"Voc\u00ea sabia\u2753 Pois \u00e9! O Recife tem a sua Casa Branca! Em 1906, o Col\u00e9gio Americano Batista foi fundado pelo mission\u00e1rio norte-americano W.H. Canad\u00e1. A escola foi iniciada numa pequena casa vizinha \u00e0 primeira\u00a0Igreja Batista\u00a0de Pernambuco, com apenas treze alunos. Passados alguns anos, o\" data-image=\"http:\/\/www.blogdopilako.com.br\/wp\/wp-content\/uploads\/2023\/02\/download-4.jpg\" data-button=\"none\">\n\t\t\t\t\t<img src=\"\/\/www.linksalpha.com\/images\/social_share_button.png\" alt=\"Share\" class=\"linksalpha_image\" \/>\n\t\t\t\t\t<\/a><script type=\"text\/javascript\" src=\"\/\/www.linksalpha.com\/scripts\/loader_iconbox.js?v=2.4\"><\/script><\/span><\/div>","protected":false},"excerpt":{"rendered":"\n\t\t\t\t<div class=\"mr_social_sharing_wrapper\">\n\t\t\t\t<!-- Social Sharing Toolkit v2.2 --><span class=\"mr_social_sharing_top\"><span style=\"display: inline-block; width: 55px; height: 62px; overflow: hidden;\"><div class=\"fb-like\" data-href=\"http:\/\/www.blogdopilako.com.br\/wp\/2023\/02\/03\/o-recife-tem-a-sua-casa-branca-por-historia_em_retalhos\/\" data-send=\"false\" data-layout=\"box_count\" data-width=\"55\" data-show-faces=\"false\"><\/div><\/span><\/span><span class=\"mr_social_sharing_top\"><fb:share-button type=\"box_count\" href=\"http:\/\/www.blogdopilako.com.br\/wp\/2023\/02\/03\/o-recife-tem-a-sua-casa-branca-por-historia_em_retalhos\/\"><\/fb:share-button><\/span><span class=\"mr_social_sharing\"><a rel=\"nofollow\" class=\"linksalpha_button linksalpha_link\" href=\"\/\/www.linksalpha.com\/social\/mobile\" data-url=\"http:\/\/www.blogdopilako.com.br\/wp\/2023\/02\/03\/o-recife-tem-a-sua-casa-branca-por-historia_em_retalhos\/\" data-text=\"O Recife tem a sua Casa Branca! \u2013 por @historia_em_retalhos.\" data-desc=\"Voc\u00ea sabia\u2753 Pois \u00e9! O Recife tem a sua Casa Branca! Em 1906, o Col\u00e9gio Americano Batista foi fundado pelo mission\u00e1rio norte-americano W.H. Canad\u00e1. A escola foi iniciada numa pequena casa vizinha \u00e0 primeira\u00a0Igreja Batista\u00a0de Pernambuco, com apenas treze alunos. Passados alguns anos, o\" data-image=\"\" data-button=\"none\">\n\t\t\t\t\t<img src=\"\/\/www.linksalpha.com\/images\/social_share_button.png\" alt=\"Share\" class=\"linksalpha_image\" \/>\n\t\t\t\t\t<\/a><script type=\"text\/javascript\" src=\"\/\/www.linksalpha.com\/scripts\/loader_iconbox.js?v=2.4\"><\/script><\/span><\/div><p>Voc\u00ea sabia&#x2753; Pois \u00e9! O Recife tem a sua Casa Branca! Em 1906, o Col\u00e9gio Americano Batista foi fundado pelo mission\u00e1rio norte-americano W.H. Canad\u00e1. A escola foi iniciada numa pequena casa vizinha \u00e0 primeira\u00a0Igreja Batista\u00a0de Pernambuco, com apenas treze alunos. &hellip; <a href=\"http:\/\/www.blogdopilako.com.br\/wp\/2023\/02\/03\/o-recife-tem-a-sua-casa-branca-por-historia_em_retalhos\/\">Continue lendo <span class=\"meta-nav\">&rarr;<\/span><\/a><\/p>\n\n\t\t\t\t<div class=\"mr_social_sharing_wrapper\">\n\t\t\t\t<!-- Social Sharing Toolkit v2.2 --><span class=\"mr_social_sharing_top\"><span style=\"display: inline-block; width: 55px; height: 62px; overflow: hidden;\"><div class=\"fb-like\" data-href=\"http:\/\/www.blogdopilako.com.br\/wp\/2023\/02\/03\/o-recife-tem-a-sua-casa-branca-por-historia_em_retalhos\/\" data-send=\"false\" data-layout=\"box_count\" data-width=\"55\" data-show-faces=\"false\"><\/div><\/span><\/span><span class=\"mr_social_sharing_top\"><fb:share-button type=\"box_count\" href=\"http:\/\/www.blogdopilako.com.br\/wp\/2023\/02\/03\/o-recife-tem-a-sua-casa-branca-por-historia_em_retalhos\/\"><\/fb:share-button><\/span><span class=\"mr_social_sharing\"><a rel=\"nofollow\" class=\"linksalpha_button linksalpha_link\" href=\"\/\/www.linksalpha.com\/social\/mobile\" data-url=\"http:\/\/www.blogdopilako.com.br\/wp\/2023\/02\/03\/o-recife-tem-a-sua-casa-branca-por-historia_em_retalhos\/\" data-text=\"O Recife tem a sua Casa Branca! \u2013 por @historia_em_retalhos.\" data-desc=\"Voc\u00ea sabia\u2753 Pois \u00e9! O Recife tem a sua Casa Branca! Em 1906, o Col\u00e9gio Americano Batista foi fundado pelo mission\u00e1rio norte-americano W.H. Canad\u00e1. A escola foi iniciada numa pequena casa vizinha \u00e0 primeira\u00a0Igreja Batista\u00a0de Pernambuco, com apenas treze alunos. Passados alguns anos, o\" data-image=\"\" data-button=\"none\">\n\t\t\t\t\t<img src=\"\/\/www.linksalpha.com\/images\/social_share_button.png\" alt=\"Share\" class=\"linksalpha_image\" \/>\n\t\t\t\t\t<\/a><script type=\"text\/javascript\" src=\"\/\/www.linksalpha.com\/scripts\/loader_iconbox.js?v=2.4\"><\/script><\/span><\/div>","protected":false},"author":2,"featured_media":0,"comment_status":"open","ping_status":"open","sticky":false,"template":"","format":"standard","meta":[],"categories":[21],"tags":[],"_links":{"self":[{"href":"http:\/\/www.blogdopilako.com.br\/wp\/wp-json\/wp\/v2\/posts\/139813"}],"collection":[{"href":"http:\/\/www.blogdopilako.com.br\/wp\/wp-json\/wp\/v2\/posts"}],"about":[{"href":"http:\/\/www.blogdopilako.com.br\/wp\/wp-json\/wp\/v2\/types\/post"}],"author":[{"embeddable":true,"href":"http:\/\/www.blogdopilako.com.br\/wp\/wp-json\/wp\/v2\/users\/2"}],"replies":[{"embeddable":true,"href":"http:\/\/www.blogdopilako.com.br\/wp\/wp-json\/wp\/v2\/comments?post=139813"}],"version-history":[{"count":1,"href":"http:\/\/www.blogdopilako.com.br\/wp\/wp-json\/wp\/v2\/posts\/139813\/revisions"}],"predecessor-version":[{"id":139816,"href":"http:\/\/www.blogdopilako.com.br\/wp\/wp-json\/wp\/v2\/posts\/139813\/revisions\/139816"}],"wp:attachment":[{"href":"http:\/\/www.blogdopilako.com.br\/wp\/wp-json\/wp\/v2\/media?parent=139813"}],"wp:term":[{"taxonomy":"category","embeddable":true,"href":"http:\/\/www.blogdopilako.com.br\/wp\/wp-json\/wp\/v2\/categories?post=139813"},{"taxonomy":"post_tag","embeddable":true,"href":"http:\/\/www.blogdopilako.com.br\/wp\/wp-json\/wp\/v2\/tags?post=139813"}],"curies":[{"name":"wp","href":"https:\/\/api.w.org\/{rel}","templated":true}]}}