{"id":139731,"date":"2023-01-27T09:40:42","date_gmt":"2023-01-27T12:40:42","guid":{"rendered":"https:\/\/www.blogdopilako.com.br\/wp\/?p=139731"},"modified":"2023-01-26T16:14:42","modified_gmt":"2023-01-26T19:14:42","slug":"jose-mucio-e-a-eleicao-de-1986-por-historia_em_retalhos","status":"publish","type":"post","link":"http:\/\/www.blogdopilako.com.br\/wp\/2023\/01\/27\/jose-mucio-e-a-eleicao-de-1986-por-historia_em_retalhos\/","title":{"rendered":"Jos\u00e9 M\u00facio e a elei\u00e7\u00e3o de 1986 &#8211; por @historia_em_retalhos."},"content":{"rendered":"\n\t\t\t\t<div class=\"mr_social_sharing_wrapper\">\n\t\t\t\t<!-- Social Sharing Toolkit v2.2 --><span class=\"mr_social_sharing_top\"><span style=\"display: inline-block; width: 55px; height: 62px; overflow: hidden;\"><div class=\"fb-like\" data-href=\"http:\/\/www.blogdopilako.com.br\/wp\/2023\/01\/27\/jose-mucio-e-a-eleicao-de-1986-por-historia_em_retalhos\/\" data-send=\"false\" data-layout=\"box_count\" data-width=\"55\" data-show-faces=\"false\"><\/div><\/span><\/span><span class=\"mr_social_sharing_top\"><fb:share-button type=\"box_count\" href=\"http:\/\/www.blogdopilako.com.br\/wp\/2023\/01\/27\/jose-mucio-e-a-eleicao-de-1986-por-historia_em_retalhos\/\"><\/fb:share-button><\/span><span class=\"mr_social_sharing\"><a rel=\"nofollow\" class=\"linksalpha_button linksalpha_link\" href=\"\/\/www.linksalpha.com\/social\/mobile\" data-url=\"http:\/\/www.blogdopilako.com.br\/wp\/2023\/01\/27\/jose-mucio-e-a-eleicao-de-1986-por-historia_em_retalhos\/\" data-text=\"Jos\u00e9 M\u00facio e a elei\u00e7\u00e3o de 1986 \u2013 por @historia_em_retalhos.\" data-desc=\"A elei\u00e7\u00e3o de 1986 para o governo de Pernambuco foi marcada pela previsibilidade, com a vit\u00f3ria tranquila de Miguel Arraes sobre Jos\u00e9 M\u00facio Monteiro. Mesmo assim, \u00e0 \u00e9poca, com apenas 38 anos, M\u00facio foi tido como um \"derrotado vitorioso\", porque viria a ser, depois, 5 vezes deputado federal,\" data-image=\"http:\/\/www.blogdopilako.com.br\/wp\/wp-content\/uploads\/2023\/01\/download-14.jpg\" data-button=\"none\">\n\t\t\t\t\t<img src=\"\/\/www.linksalpha.com\/images\/social_share_button.png\" alt=\"Share\" class=\"linksalpha_image\" \/>\n\t\t\t\t\t<\/a><script type=\"text\/javascript\" src=\"\/\/www.linksalpha.com\/scripts\/loader_iconbox.js?v=2.4\"><\/script><\/span><\/div><p><img loading=\"lazy\" class=\"aligncenter wp-image-139732 size-full\" src=\"http:\/\/www.blogdopilako.com.br\/wp\/wp-content\/uploads\/2023\/01\/download-14.jpg\" alt=\"\" width=\"640\" height=\"640\" srcset=\"http:\/\/www.blogdopilako.com.br\/wp\/wp-content\/uploads\/2023\/01\/download-14.jpg 640w, http:\/\/www.blogdopilako.com.br\/wp\/wp-content\/uploads\/2023\/01\/download-14-300x300.jpg 300w, http:\/\/www.blogdopilako.com.br\/wp\/wp-content\/uploads\/2023\/01\/download-14-150x150.jpg 150w\" sizes=\"(max-width: 640px) 100vw, 640px\" \/><\/p>\n<p style=\"text-align: justify;\">A elei\u00e7\u00e3o de 1986 para o governo de Pernambuco foi marcada pela previsibilidade, com a vit\u00f3ria tranquila de Miguel Arraes sobre Jos\u00e9 M\u00facio Monteiro.<\/p>\n<p style=\"text-align: justify;\">Mesmo assim, \u00e0 \u00e9poca, com apenas 38 anos, M\u00facio foi tido como um &#8220;derrotado vitorioso&#8221;, porque viria a ser, depois, 5 vezes deputado federal, ministro das rela\u00e7\u00f5es institucionais e presidente do Tribunal de Contas da Uni\u00e3o.<\/p>\n<p style=\"text-align: justify;\">O PFL, sucessor da Arena e do PDS, tinha tr\u00eas nomes para o pleito: o primeiro era Gustavo Krause, que, sabendo da dificuldade da elei\u00e7\u00e3o, n\u00e3o quis entrar na disputa.<\/p>\n<p style=\"text-align: justify;\">O segundo, Joaquim Francisco, que havia sido prefeito do Recife e voltaria a ser, dois anos depois, em 1988.<\/p>\n<p style=\"text-align: justify;\">Por\u00e9m, o partido preferiu lan\u00e7ar o jovem Jos\u00e9 M\u00facio, que havia sido vice-prefeito e prefeito de Rio Formoso.<\/p>\n<p style=\"text-align: justify;\">Ent\u00e3o governador de Pernambuco, Roberto Magalh\u00e3es renunciou ao mandato para disputar o Senado e tinha amplo favoritismo naquela disputa.<\/p>\n<p style=\"text-align: justify;\">Roberto desejava ser senador constituinte.<\/p>\n<p style=\"text-align: justify;\">A chapa do PFL tinha, al\u00e9m de Jos\u00e9 M\u00facio, Roberto Magalh\u00e3es e Margarida Cantarelli, que tentavam o Senado.<\/p>\n<p style=\"text-align: justify;\">O inusitado, todavia, aconteceu.<\/p>\n<p style=\"text-align: justify;\">Roberto dormiu senador e acordou sem mandato, pois Arraes deu aos seus dois candidatos ao Senado, Mansueto de Lavor e Ant\u00f4nio Farias, 1.280.388 e 1.204.869 votos, respectivamente.<\/p>\n<p style=\"text-align: justify;\">Franco favorito, ent\u00e3o, com 70 anos de idade, Arraes era tido como o novo, o candidato dos jovens e da esquerda, enquanto M\u00facio era o candidato dos mais velhos e conservadores.<\/p>\n<p style=\"text-align: justify;\">Esse paradoxo demonstrava o quanto Miguel Arraes era uma figura ic\u00f4nica em Pernambuco.<\/p>\n<p style=\"text-align: justify;\">A campanha n\u00e3o teve muitas surpresas, com Arraes confirmando o seu favoritismo.<\/p>\n<p style=\"text-align: justify;\">Muitos acreditavam, por\u00e9m, que Jos\u00e9 M\u00facio poderia vir a ser governador de Pernambuco no futuro.<\/p>\n<p style=\"text-align: justify;\">Essa possibilidade nunca aconteceu.<br \/>\n.<br \/>\n<strong>Siga: @historia_em_retalhos<\/strong><\/p>\n<p><a href=\"https:\/\/www.instagram.com\/p\/CnZHZG1udpw\/?igshid=MDJmNzVkMjY%3D\">https:\/\/www.instagram.com\/p\/CnZHZG1udpw\/?igshid=MDJmNzVkMjY%3D<\/a><\/p>\n<p><img loading=\"lazy\" class=\"aligncenter wp-image-139733 size-large\" src=\"http:\/\/www.blogdopilako.com.br\/wp\/wp-content\/uploads\/2023\/01\/Pix-arte-final-2-51-1024x401.png\" alt=\"\" width=\"584\" height=\"229\" srcset=\"http:\/\/www.blogdopilako.com.br\/wp\/wp-content\/uploads\/2023\/01\/Pix-arte-final-2-51-1024x401.png 1024w, http:\/\/www.blogdopilako.com.br\/wp\/wp-content\/uploads\/2023\/01\/Pix-arte-final-2-51-300x117.png 300w, http:\/\/www.blogdopilako.com.br\/wp\/wp-content\/uploads\/2023\/01\/Pix-arte-final-2-51-768x301.png 768w, http:\/\/www.blogdopilako.com.br\/wp\/wp-content\/uploads\/2023\/01\/Pix-arte-final-2-51-1536x601.png 1536w, http:\/\/www.blogdopilako.com.br\/wp\/wp-content\/uploads\/2023\/01\/Pix-arte-final-2-51-2048x802.png 2048w, http:\/\/www.blogdopilako.com.br\/wp\/wp-content\/uploads\/2023\/01\/Pix-arte-final-2-51-500x196.png 500w\" sizes=\"(max-width: 584px) 100vw, 584px\" \/><\/p>\n\n\t\t\t\t<div class=\"mr_social_sharing_wrapper\">\n\t\t\t\t<!-- Social Sharing Toolkit v2.2 --><span class=\"mr_social_sharing_top\"><span style=\"display: inline-block; width: 55px; height: 62px; overflow: hidden;\"><div class=\"fb-like\" data-href=\"http:\/\/www.blogdopilako.com.br\/wp\/2023\/01\/27\/jose-mucio-e-a-eleicao-de-1986-por-historia_em_retalhos\/\" data-send=\"false\" data-layout=\"box_count\" data-width=\"55\" data-show-faces=\"false\"><\/div><\/span><\/span><span class=\"mr_social_sharing_top\"><fb:share-button type=\"box_count\" href=\"http:\/\/www.blogdopilako.com.br\/wp\/2023\/01\/27\/jose-mucio-e-a-eleicao-de-1986-por-historia_em_retalhos\/\"><\/fb:share-button><\/span><span class=\"mr_social_sharing\"><a rel=\"nofollow\" class=\"linksalpha_button linksalpha_link\" href=\"\/\/www.linksalpha.com\/social\/mobile\" data-url=\"http:\/\/www.blogdopilako.com.br\/wp\/2023\/01\/27\/jose-mucio-e-a-eleicao-de-1986-por-historia_em_retalhos\/\" data-text=\"Jos\u00e9 M\u00facio e a elei\u00e7\u00e3o de 1986 \u2013 por @historia_em_retalhos.\" data-desc=\"A elei\u00e7\u00e3o de 1986 para o governo de Pernambuco foi marcada pela previsibilidade, com a vit\u00f3ria tranquila de Miguel Arraes sobre Jos\u00e9 M\u00facio Monteiro. Mesmo assim, \u00e0 \u00e9poca, com apenas 38 anos, M\u00facio foi tido como um \"derrotado vitorioso\", porque viria a ser, depois, 5 vezes deputado federal,\" data-image=\"http:\/\/www.blogdopilako.com.br\/wp\/wp-content\/uploads\/2023\/01\/download-14.jpg\" data-button=\"none\">\n\t\t\t\t\t<img src=\"\/\/www.linksalpha.com\/images\/social_share_button.png\" alt=\"Share\" class=\"linksalpha_image\" \/>\n\t\t\t\t\t<\/a><script type=\"text\/javascript\" src=\"\/\/www.linksalpha.com\/scripts\/loader_iconbox.js?v=2.4\"><\/script><\/span><\/div>","protected":false},"excerpt":{"rendered":"\n\t\t\t\t<div class=\"mr_social_sharing_wrapper\">\n\t\t\t\t<!-- Social Sharing Toolkit v2.2 --><span class=\"mr_social_sharing_top\"><span style=\"display: inline-block; width: 55px; height: 62px; overflow: hidden;\"><div class=\"fb-like\" data-href=\"http:\/\/www.blogdopilako.com.br\/wp\/2023\/01\/27\/jose-mucio-e-a-eleicao-de-1986-por-historia_em_retalhos\/\" data-send=\"false\" data-layout=\"box_count\" data-width=\"55\" data-show-faces=\"false\"><\/div><\/span><\/span><span class=\"mr_social_sharing_top\"><fb:share-button type=\"box_count\" href=\"http:\/\/www.blogdopilako.com.br\/wp\/2023\/01\/27\/jose-mucio-e-a-eleicao-de-1986-por-historia_em_retalhos\/\"><\/fb:share-button><\/span><span class=\"mr_social_sharing\"><a rel=\"nofollow\" class=\"linksalpha_button linksalpha_link\" href=\"\/\/www.linksalpha.com\/social\/mobile\" data-url=\"http:\/\/www.blogdopilako.com.br\/wp\/2023\/01\/27\/jose-mucio-e-a-eleicao-de-1986-por-historia_em_retalhos\/\" data-text=\"Jos\u00e9 M\u00facio e a elei\u00e7\u00e3o de 1986 \u2013 por @historia_em_retalhos.\" data-desc=\"A elei\u00e7\u00e3o de 1986 para o governo de Pernambuco foi marcada pela previsibilidade, com a vit\u00f3ria tranquila de Miguel Arraes sobre Jos\u00e9 M\u00facio Monteiro. Mesmo assim, \u00e0 \u00e9poca, com apenas 38 anos, M\u00facio foi tido como um \"derrotado vitorioso\", porque viria a ser, depois, 5 vezes deputado federal,\" data-image=\"\" data-button=\"none\">\n\t\t\t\t\t<img src=\"\/\/www.linksalpha.com\/images\/social_share_button.png\" alt=\"Share\" class=\"linksalpha_image\" \/>\n\t\t\t\t\t<\/a><script type=\"text\/javascript\" src=\"\/\/www.linksalpha.com\/scripts\/loader_iconbox.js?v=2.4\"><\/script><\/span><\/div><p>A elei\u00e7\u00e3o de 1986 para o governo de Pernambuco foi marcada pela previsibilidade, com a vit\u00f3ria tranquila de Miguel Arraes sobre Jos\u00e9 M\u00facio Monteiro. Mesmo assim, \u00e0 \u00e9poca, com apenas 38 anos, M\u00facio foi tido como um &#8220;derrotado vitorioso&#8221;, porque &hellip; <a href=\"http:\/\/www.blogdopilako.com.br\/wp\/2023\/01\/27\/jose-mucio-e-a-eleicao-de-1986-por-historia_em_retalhos\/\">Continue lendo <span class=\"meta-nav\">&rarr;<\/span><\/a><\/p>\n\n\t\t\t\t<div class=\"mr_social_sharing_wrapper\">\n\t\t\t\t<!-- Social Sharing Toolkit v2.2 --><span class=\"mr_social_sharing_top\"><span style=\"display: inline-block; width: 55px; height: 62px; overflow: hidden;\"><div class=\"fb-like\" data-href=\"http:\/\/www.blogdopilako.com.br\/wp\/2023\/01\/27\/jose-mucio-e-a-eleicao-de-1986-por-historia_em_retalhos\/\" data-send=\"false\" data-layout=\"box_count\" data-width=\"55\" data-show-faces=\"false\"><\/div><\/span><\/span><span class=\"mr_social_sharing_top\"><fb:share-button type=\"box_count\" href=\"http:\/\/www.blogdopilako.com.br\/wp\/2023\/01\/27\/jose-mucio-e-a-eleicao-de-1986-por-historia_em_retalhos\/\"><\/fb:share-button><\/span><span class=\"mr_social_sharing\"><a rel=\"nofollow\" class=\"linksalpha_button linksalpha_link\" href=\"\/\/www.linksalpha.com\/social\/mobile\" data-url=\"http:\/\/www.blogdopilako.com.br\/wp\/2023\/01\/27\/jose-mucio-e-a-eleicao-de-1986-por-historia_em_retalhos\/\" data-text=\"Jos\u00e9 M\u00facio e a elei\u00e7\u00e3o de 1986 \u2013 por @historia_em_retalhos.\" data-desc=\"A elei\u00e7\u00e3o de 1986 para o governo de Pernambuco foi marcada pela previsibilidade, com a vit\u00f3ria tranquila de Miguel Arraes sobre Jos\u00e9 M\u00facio Monteiro. Mesmo assim, \u00e0 \u00e9poca, com apenas 38 anos, M\u00facio foi tido como um \"derrotado vitorioso\", porque viria a ser, depois, 5 vezes deputado federal,\" data-image=\"\" data-button=\"none\">\n\t\t\t\t\t<img src=\"\/\/www.linksalpha.com\/images\/social_share_button.png\" alt=\"Share\" class=\"linksalpha_image\" \/>\n\t\t\t\t\t<\/a><script type=\"text\/javascript\" src=\"\/\/www.linksalpha.com\/scripts\/loader_iconbox.js?v=2.4\"><\/script><\/span><\/div>","protected":false},"author":2,"featured_media":0,"comment_status":"open","ping_status":"open","sticky":false,"template":"","format":"standard","meta":[],"categories":[21],"tags":[],"_links":{"self":[{"href":"http:\/\/www.blogdopilako.com.br\/wp\/wp-json\/wp\/v2\/posts\/139731"}],"collection":[{"href":"http:\/\/www.blogdopilako.com.br\/wp\/wp-json\/wp\/v2\/posts"}],"about":[{"href":"http:\/\/www.blogdopilako.com.br\/wp\/wp-json\/wp\/v2\/types\/post"}],"author":[{"embeddable":true,"href":"http:\/\/www.blogdopilako.com.br\/wp\/wp-json\/wp\/v2\/users\/2"}],"replies":[{"embeddable":true,"href":"http:\/\/www.blogdopilako.com.br\/wp\/wp-json\/wp\/v2\/comments?post=139731"}],"version-history":[{"count":1,"href":"http:\/\/www.blogdopilako.com.br\/wp\/wp-json\/wp\/v2\/posts\/139731\/revisions"}],"predecessor-version":[{"id":139734,"href":"http:\/\/www.blogdopilako.com.br\/wp\/wp-json\/wp\/v2\/posts\/139731\/revisions\/139734"}],"wp:attachment":[{"href":"http:\/\/www.blogdopilako.com.br\/wp\/wp-json\/wp\/v2\/media?parent=139731"}],"wp:term":[{"taxonomy":"category","embeddable":true,"href":"http:\/\/www.blogdopilako.com.br\/wp\/wp-json\/wp\/v2\/categories?post=139731"},{"taxonomy":"post_tag","embeddable":true,"href":"http:\/\/www.blogdopilako.com.br\/wp\/wp-json\/wp\/v2\/tags?post=139731"}],"curies":[{"name":"wp","href":"https:\/\/api.w.org\/{rel}","templated":true}]}}