{"id":139706,"date":"2023-01-25T10:00:27","date_gmt":"2023-01-25T13:00:27","guid":{"rendered":"https:\/\/www.blogdopilako.com.br\/wp\/?p=139706"},"modified":"2023-01-24T15:56:31","modified_gmt":"2023-01-24T18:56:31","slug":"mae-gilda-por-historia_em_retalhos","status":"publish","type":"post","link":"http:\/\/www.blogdopilako.com.br\/wp\/2023\/01\/25\/mae-gilda-por-historia_em_retalhos\/","title":{"rendered":"M\u00e3e Gilda &#8211; por @historia_em_retalhos,"},"content":{"rendered":"\n\t\t\t\t<div class=\"mr_social_sharing_wrapper\">\n\t\t\t\t<!-- Social Sharing Toolkit v2.2 --><span class=\"mr_social_sharing_top\"><span style=\"display: inline-block; width: 55px; height: 62px; overflow: hidden;\"><div class=\"fb-like\" data-href=\"http:\/\/www.blogdopilako.com.br\/wp\/2023\/01\/25\/mae-gilda-por-historia_em_retalhos\/\" data-send=\"false\" data-layout=\"box_count\" data-width=\"55\" data-show-faces=\"false\"><\/div><\/span><\/span><span class=\"mr_social_sharing_top\"><fb:share-button type=\"box_count\" href=\"http:\/\/www.blogdopilako.com.br\/wp\/2023\/01\/25\/mae-gilda-por-historia_em_retalhos\/\"><\/fb:share-button><\/span><span class=\"mr_social_sharing\"><a rel=\"nofollow\" class=\"linksalpha_button linksalpha_link\" href=\"\/\/www.linksalpha.com\/social\/mobile\" data-url=\"http:\/\/www.blogdopilako.com.br\/wp\/2023\/01\/25\/mae-gilda-por-historia_em_retalhos\/\" data-text=\"M\u00e3e Gilda \u2013 por @historia_em_retalhos,\" data-desc=\"M\u00e3e Gilda, vida e morte de luta contra a intoler\u00e2ncia religiosa. Esta \u00e9 a\u00a0ialorix\u00e1\u00a0Gild\u00e1sia dos Santos, a\u00a0M\u00e3e Gilda. S\u00edmbolo da luta contra a intoler\u00e2ncia religiosa, a ialorix\u00e1 \u00e9 fundadora do Il\u00ea Ax\u00e9 Abass\u00e1 de Ogum, Terreiro de Candombl\u00e9 localizado nas imedia\u00e7\u00f5es da Lagoa do\" data-image=\"http:\/\/www.blogdopilako.com.br\/wp\/wp-content\/uploads\/2023\/01\/download-12.jpg\" data-button=\"none\">\n\t\t\t\t\t<img src=\"\/\/www.linksalpha.com\/images\/social_share_button.png\" alt=\"Share\" class=\"linksalpha_image\" \/>\n\t\t\t\t\t<\/a><script type=\"text\/javascript\" src=\"\/\/www.linksalpha.com\/scripts\/loader_iconbox.js?v=2.4\"><\/script><\/span><\/div><p><img loading=\"lazy\" class=\"aligncenter wp-image-139707 size-full\" src=\"http:\/\/www.blogdopilako.com.br\/wp\/wp-content\/uploads\/2023\/01\/download-12.jpg\" alt=\"\" width=\"640\" height=\"640\" srcset=\"http:\/\/www.blogdopilako.com.br\/wp\/wp-content\/uploads\/2023\/01\/download-12.jpg 640w, http:\/\/www.blogdopilako.com.br\/wp\/wp-content\/uploads\/2023\/01\/download-12-300x300.jpg 300w, http:\/\/www.blogdopilako.com.br\/wp\/wp-content\/uploads\/2023\/01\/download-12-150x150.jpg 150w\" sizes=\"(max-width: 640px) 100vw, 640px\" \/><\/p>\n<p style=\"text-align: justify;\">M\u00e3e Gilda, vida e morte de luta contra a intoler\u00e2ncia religiosa.<\/p>\n<p style=\"text-align: justify;\">Esta \u00e9 a\u00a0ialorix\u00e1\u00a0Gild\u00e1sia dos Santos, a\u00a0M\u00e3e Gilda.<\/p>\n<p style=\"text-align: justify;\">S\u00edmbolo da luta contra a intoler\u00e2ncia religiosa, a ialorix\u00e1 \u00e9 fundadora do Il\u00ea Ax\u00e9 Abass\u00e1 de Ogum, Terreiro de Candombl\u00e9 localizado nas imedia\u00e7\u00f5es da Lagoa do Abaet\u00e9, em Salvador\/BA.<\/p>\n<p style=\"text-align: justify;\">Como todos aqueles que lutam pelo respeito \u00e0 sua ancestralidade africana neste pa\u00eds, M\u00e3e Gilda sofreu com ataques de preconceito, \u00f3dio, intoler\u00e2ncia e viol\u00eancia.<\/p>\n<p style=\"text-align: justify;\">No caso dela, custou a pr\u00f3pria vida.<\/p>\n<p style=\"text-align: justify;\">Em 1999, teve a sua imagem utilizada no jornal Folha Universal, vinculado \u00e0 Igreja Universal do Reino de Deus (Iurd), com a manchete \u201cMacumbeiros charlat\u00f5es lesam o bolso e a vida dos clientes\u201d.<\/p>\n<p style=\"text-align: justify;\">Na \u00e9poca, a reportagem dizia que estava crescendo um &#8220;mercado de engana\u00e7\u00e3o&#8221; no pa\u00eds.<\/p>\n<p style=\"text-align: justify;\">E o pior, com um detalhe s\u00f3rdido: a imagem de M\u00e3e Gilda aparecia com uma tarja preta nos olhos.<\/p>\n<p style=\"text-align: justify;\">A publica\u00e7\u00e3o dessa foto marcou o in\u00edcio de um doloroso, por\u00e9m importante processo de luta por justi\u00e7a da fam\u00edlia e de todos os religiosos do Candombl\u00e9.<\/p>\n<p style=\"text-align: justify;\">Infelizmente, dada a fragilidade do momento, adeptos de outras religi\u00f5es hegem\u00f4nicas sentiram-se no direito de atacar diretamente a casa de M\u00e3e Gilda, agredindo-a, verbal e fisicamente, dentro das depend\u00eancias do terreiro, at\u00e9 quebrando objetos sagrados l\u00e1 existentes.<\/p>\n<p style=\"text-align: justify;\">Diante desses fatos, com a sa\u00fade fragilizada, M\u00e3e Gilda n\u00e3o suportou: o seu estado piorou, sofreu um infarto e ela faleceu no dia 21 de janeiro de 2000.<\/p>\n<p style=\"text-align: justify;\">Custa-nos a acreditar, mas, periodicamente, o busto que foi erguido em sua homenagem dentro do Parque do Abaet\u00e9 (foto), em Salvador, \u00e9 alvo de atos de racismo religioso.<\/p>\n<p style=\"text-align: justify;\">O autores desses atos costumam justificar a conduta dizendo que apedrejam &#8220;a mando de Deus&#8221;.<\/p>\n<p style=\"text-align: justify;\">Racismo religioso \u00e9 crime.<\/p>\n<p style=\"text-align: justify;\">O primeiro passo para cultuar uma religi\u00e3o \u00e9 aprender a respeitar as demais.<\/p>\n<p style=\"text-align: justify;\"><strong>Desde 2007, celebra-se em 21 de janeiro o &#8220;Dia Nacional de Combate \u00e0 Intoler\u00e2ncia Religiosa&#8221;, em mem\u00f3ria de M\u00e3e Gilda.<\/strong><br \/>\n.<br \/>\n<strong>Siga: @historia_em_retalhos<\/strong><\/p>\n<p><a href=\"https:\/\/www.instagram.com\/p\/CnsErNCuhF-\/?igshid=MDJmNzVkMjY%3D\">https:\/\/www.instagram.com\/p\/CnsErNCuhF-\/?igshid=MDJmNzVkMjY%3D<\/a><\/p>\n<p><img loading=\"lazy\" class=\"aligncenter wp-image-139708 size-large\" src=\"http:\/\/www.blogdopilako.com.br\/wp\/wp-content\/uploads\/2023\/01\/Pix-arte-final-2-48-1024x401.png\" alt=\"\" width=\"584\" height=\"229\" srcset=\"http:\/\/www.blogdopilako.com.br\/wp\/wp-content\/uploads\/2023\/01\/Pix-arte-final-2-48-1024x401.png 1024w, http:\/\/www.blogdopilako.com.br\/wp\/wp-content\/uploads\/2023\/01\/Pix-arte-final-2-48-300x117.png 300w, http:\/\/www.blogdopilako.com.br\/wp\/wp-content\/uploads\/2023\/01\/Pix-arte-final-2-48-768x301.png 768w, http:\/\/www.blogdopilako.com.br\/wp\/wp-content\/uploads\/2023\/01\/Pix-arte-final-2-48-1536x601.png 1536w, http:\/\/www.blogdopilako.com.br\/wp\/wp-content\/uploads\/2023\/01\/Pix-arte-final-2-48-2048x802.png 2048w, http:\/\/www.blogdopilako.com.br\/wp\/wp-content\/uploads\/2023\/01\/Pix-arte-final-2-48-500x196.png 500w\" sizes=\"(max-width: 584px) 100vw, 584px\" \/><\/p>\n\n\t\t\t\t<div class=\"mr_social_sharing_wrapper\">\n\t\t\t\t<!-- Social Sharing Toolkit v2.2 --><span class=\"mr_social_sharing_top\"><span style=\"display: inline-block; width: 55px; height: 62px; overflow: hidden;\"><div class=\"fb-like\" data-href=\"http:\/\/www.blogdopilako.com.br\/wp\/2023\/01\/25\/mae-gilda-por-historia_em_retalhos\/\" data-send=\"false\" data-layout=\"box_count\" data-width=\"55\" data-show-faces=\"false\"><\/div><\/span><\/span><span class=\"mr_social_sharing_top\"><fb:share-button type=\"box_count\" href=\"http:\/\/www.blogdopilako.com.br\/wp\/2023\/01\/25\/mae-gilda-por-historia_em_retalhos\/\"><\/fb:share-button><\/span><span class=\"mr_social_sharing\"><a rel=\"nofollow\" class=\"linksalpha_button linksalpha_link\" href=\"\/\/www.linksalpha.com\/social\/mobile\" data-url=\"http:\/\/www.blogdopilako.com.br\/wp\/2023\/01\/25\/mae-gilda-por-historia_em_retalhos\/\" data-text=\"M\u00e3e Gilda \u2013 por @historia_em_retalhos,\" data-desc=\"M\u00e3e Gilda, vida e morte de luta contra a intoler\u00e2ncia religiosa. Esta \u00e9 a\u00a0ialorix\u00e1\u00a0Gild\u00e1sia dos Santos, a\u00a0M\u00e3e Gilda. S\u00edmbolo da luta contra a intoler\u00e2ncia religiosa, a ialorix\u00e1 \u00e9 fundadora do Il\u00ea Ax\u00e9 Abass\u00e1 de Ogum, Terreiro de Candombl\u00e9 localizado nas imedia\u00e7\u00f5es da Lagoa do\" data-image=\"http:\/\/www.blogdopilako.com.br\/wp\/wp-content\/uploads\/2023\/01\/download-12.jpg\" data-button=\"none\">\n\t\t\t\t\t<img src=\"\/\/www.linksalpha.com\/images\/social_share_button.png\" alt=\"Share\" class=\"linksalpha_image\" \/>\n\t\t\t\t\t<\/a><script type=\"text\/javascript\" src=\"\/\/www.linksalpha.com\/scripts\/loader_iconbox.js?v=2.4\"><\/script><\/span><\/div>","protected":false},"excerpt":{"rendered":"\n\t\t\t\t<div class=\"mr_social_sharing_wrapper\">\n\t\t\t\t<!-- Social Sharing Toolkit v2.2 --><span class=\"mr_social_sharing_top\"><span style=\"display: inline-block; width: 55px; height: 62px; overflow: hidden;\"><div class=\"fb-like\" data-href=\"http:\/\/www.blogdopilako.com.br\/wp\/2023\/01\/25\/mae-gilda-por-historia_em_retalhos\/\" data-send=\"false\" data-layout=\"box_count\" data-width=\"55\" data-show-faces=\"false\"><\/div><\/span><\/span><span class=\"mr_social_sharing_top\"><fb:share-button type=\"box_count\" href=\"http:\/\/www.blogdopilako.com.br\/wp\/2023\/01\/25\/mae-gilda-por-historia_em_retalhos\/\"><\/fb:share-button><\/span><span class=\"mr_social_sharing\"><a rel=\"nofollow\" class=\"linksalpha_button linksalpha_link\" href=\"\/\/www.linksalpha.com\/social\/mobile\" data-url=\"http:\/\/www.blogdopilako.com.br\/wp\/2023\/01\/25\/mae-gilda-por-historia_em_retalhos\/\" data-text=\"M\u00e3e Gilda \u2013 por @historia_em_retalhos,\" data-desc=\"M\u00e3e Gilda, vida e morte de luta contra a intoler\u00e2ncia religiosa. Esta \u00e9 a\u00a0ialorix\u00e1\u00a0Gild\u00e1sia dos Santos, a\u00a0M\u00e3e Gilda. S\u00edmbolo da luta contra a intoler\u00e2ncia religiosa, a ialorix\u00e1 \u00e9 fundadora do Il\u00ea Ax\u00e9 Abass\u00e1 de Ogum, Terreiro de Candombl\u00e9 localizado nas imedia\u00e7\u00f5es da Lagoa do\" data-image=\"\" data-button=\"none\">\n\t\t\t\t\t<img src=\"\/\/www.linksalpha.com\/images\/social_share_button.png\" alt=\"Share\" class=\"linksalpha_image\" \/>\n\t\t\t\t\t<\/a><script type=\"text\/javascript\" src=\"\/\/www.linksalpha.com\/scripts\/loader_iconbox.js?v=2.4\"><\/script><\/span><\/div><p>M\u00e3e Gilda, vida e morte de luta contra a intoler\u00e2ncia religiosa. Esta \u00e9 a\u00a0ialorix\u00e1\u00a0Gild\u00e1sia dos Santos, a\u00a0M\u00e3e Gilda. S\u00edmbolo da luta contra a intoler\u00e2ncia religiosa, a ialorix\u00e1 \u00e9 fundadora do Il\u00ea Ax\u00e9 Abass\u00e1 de Ogum, Terreiro de Candombl\u00e9 localizado nas &hellip; <a href=\"http:\/\/www.blogdopilako.com.br\/wp\/2023\/01\/25\/mae-gilda-por-historia_em_retalhos\/\">Continue lendo <span class=\"meta-nav\">&rarr;<\/span><\/a><\/p>\n\n\t\t\t\t<div class=\"mr_social_sharing_wrapper\">\n\t\t\t\t<!-- Social Sharing Toolkit v2.2 --><span class=\"mr_social_sharing_top\"><span style=\"display: inline-block; width: 55px; height: 62px; overflow: hidden;\"><div class=\"fb-like\" data-href=\"http:\/\/www.blogdopilako.com.br\/wp\/2023\/01\/25\/mae-gilda-por-historia_em_retalhos\/\" data-send=\"false\" data-layout=\"box_count\" data-width=\"55\" data-show-faces=\"false\"><\/div><\/span><\/span><span class=\"mr_social_sharing_top\"><fb:share-button type=\"box_count\" href=\"http:\/\/www.blogdopilako.com.br\/wp\/2023\/01\/25\/mae-gilda-por-historia_em_retalhos\/\"><\/fb:share-button><\/span><span class=\"mr_social_sharing\"><a rel=\"nofollow\" class=\"linksalpha_button linksalpha_link\" href=\"\/\/www.linksalpha.com\/social\/mobile\" data-url=\"http:\/\/www.blogdopilako.com.br\/wp\/2023\/01\/25\/mae-gilda-por-historia_em_retalhos\/\" data-text=\"M\u00e3e Gilda \u2013 por @historia_em_retalhos,\" data-desc=\"M\u00e3e Gilda, vida e morte de luta contra a intoler\u00e2ncia religiosa. Esta \u00e9 a\u00a0ialorix\u00e1\u00a0Gild\u00e1sia dos Santos, a\u00a0M\u00e3e Gilda. S\u00edmbolo da luta contra a intoler\u00e2ncia religiosa, a ialorix\u00e1 \u00e9 fundadora do Il\u00ea Ax\u00e9 Abass\u00e1 de Ogum, Terreiro de Candombl\u00e9 localizado nas imedia\u00e7\u00f5es da Lagoa do\" data-image=\"\" data-button=\"none\">\n\t\t\t\t\t<img src=\"\/\/www.linksalpha.com\/images\/social_share_button.png\" alt=\"Share\" class=\"linksalpha_image\" \/>\n\t\t\t\t\t<\/a><script type=\"text\/javascript\" src=\"\/\/www.linksalpha.com\/scripts\/loader_iconbox.js?v=2.4\"><\/script><\/span><\/div>","protected":false},"author":2,"featured_media":0,"comment_status":"open","ping_status":"open","sticky":false,"template":"","format":"standard","meta":[],"categories":[21],"tags":[],"_links":{"self":[{"href":"http:\/\/www.blogdopilako.com.br\/wp\/wp-json\/wp\/v2\/posts\/139706"}],"collection":[{"href":"http:\/\/www.blogdopilako.com.br\/wp\/wp-json\/wp\/v2\/posts"}],"about":[{"href":"http:\/\/www.blogdopilako.com.br\/wp\/wp-json\/wp\/v2\/types\/post"}],"author":[{"embeddable":true,"href":"http:\/\/www.blogdopilako.com.br\/wp\/wp-json\/wp\/v2\/users\/2"}],"replies":[{"embeddable":true,"href":"http:\/\/www.blogdopilako.com.br\/wp\/wp-json\/wp\/v2\/comments?post=139706"}],"version-history":[{"count":1,"href":"http:\/\/www.blogdopilako.com.br\/wp\/wp-json\/wp\/v2\/posts\/139706\/revisions"}],"predecessor-version":[{"id":139709,"href":"http:\/\/www.blogdopilako.com.br\/wp\/wp-json\/wp\/v2\/posts\/139706\/revisions\/139709"}],"wp:attachment":[{"href":"http:\/\/www.blogdopilako.com.br\/wp\/wp-json\/wp\/v2\/media?parent=139706"}],"wp:term":[{"taxonomy":"category","embeddable":true,"href":"http:\/\/www.blogdopilako.com.br\/wp\/wp-json\/wp\/v2\/categories?post=139706"},{"taxonomy":"post_tag","embeddable":true,"href":"http:\/\/www.blogdopilako.com.br\/wp\/wp-json\/wp\/v2\/tags?post=139706"}],"curies":[{"name":"wp","href":"https:\/\/api.w.org\/{rel}","templated":true}]}}