{"id":139378,"date":"2022-12-27T09:22:09","date_gmt":"2022-12-27T12:22:09","guid":{"rendered":"https:\/\/www.blogdopilako.com.br\/wp\/?p=139378"},"modified":"2022-12-27T09:22:09","modified_gmt":"2022-12-27T12:22:09","slug":"irmas-mirabal-por-historia_em_retalhos","status":"publish","type":"post","link":"http:\/\/www.blogdopilako.com.br\/wp\/2022\/12\/27\/irmas-mirabal-por-historia_em_retalhos\/","title":{"rendered":"Irm\u00e3s Mirabal &#8211; por @historia_em_retalhos."},"content":{"rendered":"\n\t\t\t\t<div class=\"mr_social_sharing_wrapper\">\n\t\t\t\t<!-- Social Sharing Toolkit v2.2 --><span class=\"mr_social_sharing_top\"><span style=\"display: inline-block; width: 55px; height: 62px; overflow: hidden;\"><div class=\"fb-like\" data-href=\"http:\/\/www.blogdopilako.com.br\/wp\/2022\/12\/27\/irmas-mirabal-por-historia_em_retalhos\/\" data-send=\"false\" data-layout=\"box_count\" data-width=\"55\" data-show-faces=\"false\"><\/div><\/span><\/span><span class=\"mr_social_sharing_top\"><fb:share-button type=\"box_count\" href=\"http:\/\/www.blogdopilako.com.br\/wp\/2022\/12\/27\/irmas-mirabal-por-historia_em_retalhos\/\"><\/fb:share-button><\/span><span class=\"mr_social_sharing\"><a rel=\"nofollow\" class=\"linksalpha_button linksalpha_link\" href=\"\/\/www.linksalpha.com\/social\/mobile\" data-url=\"http:\/\/www.blogdopilako.com.br\/wp\/2022\/12\/27\/irmas-mirabal-por-historia_em_retalhos\/\" data-text=\"Irm\u00e3s Mirabal \u2013 por @historia_em_retalhos.\" data-desc=\"Essas s\u00e3o as Irm\u00e3s Mirabal: P\u00e1tria, Minerva e Maria Teresa. Essas tr\u00eas mulheres foram assassinadas, no dia 25 de novembro de 1960, pelas for\u00e7as de repress\u00e3o da ditadura do presidente dominicano Rafael Trujillo (1930-1961). O fato culminou na cria\u00e7\u00e3o do \"Dia Internacional da N\u00e3o Viol\u00eancia\" data-image=\"http:\/\/www.blogdopilako.com.br\/wp\/wp-content\/uploads\/2022\/12\/download-10.jpg\" data-button=\"none\">\n\t\t\t\t\t<img src=\"\/\/www.linksalpha.com\/images\/social_share_button.png\" alt=\"Share\" class=\"linksalpha_image\" \/>\n\t\t\t\t\t<\/a><script type=\"text\/javascript\" src=\"\/\/www.linksalpha.com\/scripts\/loader_iconbox.js?v=2.4\"><\/script><\/span><\/div><p><img loading=\"lazy\" class=\"aligncenter wp-image-139380 size-full\" src=\"http:\/\/www.blogdopilako.com.br\/wp\/wp-content\/uploads\/2022\/12\/download-10.jpg\" alt=\"\" width=\"640\" height=\"640\" srcset=\"http:\/\/www.blogdopilako.com.br\/wp\/wp-content\/uploads\/2022\/12\/download-10.jpg 640w, http:\/\/www.blogdopilako.com.br\/wp\/wp-content\/uploads\/2022\/12\/download-10-300x300.jpg 300w, http:\/\/www.blogdopilako.com.br\/wp\/wp-content\/uploads\/2022\/12\/download-10-150x150.jpg 150w\" sizes=\"(max-width: 640px) 100vw, 640px\" \/><\/p>\n<p style=\"text-align: justify;\">Essas s\u00e3o as Irm\u00e3s Mirabal: P\u00e1tria, Minerva e Maria Teresa.<\/p>\n<p style=\"text-align: justify;\">Essas tr\u00eas mulheres foram assassinadas, no dia 25 de novembro de 1960, pelas for\u00e7as de repress\u00e3o da ditadura do presidente dominicano Rafael Trujillo (1930-1961).<\/p>\n<p style=\"text-align: justify;\">O fato culminou na cria\u00e7\u00e3o do &#8220;Dia Internacional da N\u00e3o Viol\u00eancia Contra a Mulher&#8221;, institu\u00eddo pela ONU, na data da morte das irm\u00e3s.<\/p>\n<p style=\"text-align: justify;\">Desde sempre, as tr\u00eas irm\u00e3s abra\u00e7aram a luta contra a ditadura de Trujillo como uma miss\u00e3o de vida.<\/p>\n<p style=\"text-align: justify;\">Ao longo dos anos, foram presas, torturadas e violentadas, mas se recusaram a desistir da miss\u00e3o de restaurar a democracia e as liberdades de seu povo.<\/p>\n<p style=\"text-align: justify;\">Enquanto estudava, Minerva descobriu que o pai de uma amiga havia sido morto por se opor ao regime.<\/p>\n<p style=\"text-align: justify;\">Tal evento tornou-se um catalizador para a sua luta pol\u00edtica.<\/p>\n<p style=\"text-align: justify;\">O governo de Trujillo silenciava a oposi\u00e7\u00e3o e ca\u00e7ava dissidentes, sendo marcado por corrup\u00e7\u00e3o e nepotismo.<\/p>\n<p style=\"text-align: justify;\">As irm\u00e3s de Minerva, ent\u00e3o, decidiram segui-la: primeiro, Maria Teresa.<\/p>\n<p style=\"text-align: justify;\">Depois, P\u00e1tria, que aderiu ap\u00f3s testemunhar um massacre durante um retiro religioso.<\/p>\n<p style=\"text-align: justify;\">Unidas, Minerva, Maria Teresa e P\u00e1tria reuniram um grupo dissidentes e fundaram o\u00a0&#8220;Movimento Revolucion\u00e1rio 14 de Junho&#8221;.<\/p>\n<p style=\"text-align: justify;\">Em 25.11.1960, P\u00e1tria, Minerva e Maria Teresa estavam retornando para a prov\u00edncia de Salcedo, quando foram abordadas por um grupo de homens de\u00a0Trujillo.<\/p>\n<p style=\"text-align: justify;\">As irm\u00e3s foram levadas para o meio do mato, onde foram estranguladas e espancadas at\u00e9 a morte.<\/p>\n<p style=\"text-align: justify;\">Os corpos foram recolhidos e colocados nos\u00a0jipes, na tentativa de fazer com que as suas mortes parecessem um acidente.<\/p>\n<p style=\"text-align: justify;\">Estava claro que n\u00e3o fora um acidente e o assassinato das irm\u00e3s gerou uma enorme como\u00e7\u00e3o no pa\u00eds e no mundo.<\/p>\n<p style=\"text-align: justify;\">Neste ano, o CNJ liderou a campanha de\u00a0&#8220;21 Dias de Ativismo pelo Fim da Viol\u00eancia contra a Mulher&#8221;, relembrando a trajet\u00f3ria das Irm\u00e3s Mirabal.<\/p>\n<p style=\"text-align: justify;\">Um aspecto importante: havia, ainda, uma quarta irm\u00e3, Ded\u00e9 Mirabal.<\/p>\n<p style=\"text-align: justify;\">Esta viveu at\u00e9 os 88 anos e criou a &#8220;Funda\u00e7\u00e3o Irm\u00e3s Mirabal&#8221;, para manter o legado de suas irm\u00e3s.<\/p>\n<p style=\"text-align: justify;\"><strong>Dizia Ded\u00e9:<\/strong><\/p>\n<p style=\"text-align: justify;\"><strong>\u201cQuando me perguntam o porqu\u00ea de eu n\u00e3o ter sido assassinada, sempre respondo: para que eu pudesse contar a verdade\u201d.<\/strong><\/p>\n<p style=\"text-align: justify;\">A quem interessar, recomendo &#8220;Las Mariposas: Hermanas Mirabal&#8221;. &#x1f3a5;<br \/>\n.<br \/>\n<strong>Siga: @historia_em_retalhos<\/strong><\/p>\n<p><a href=\"https:\/\/www.instagram.com\/p\/Cmou9R3u-9p\/?igshid=MDJmNzVkMjY%3D\">https:\/\/www.instagram.com\/p\/Cmou9R3u-9p\/?igshid=MDJmNzVkMjY%3D<\/a><\/p>\n<p><img loading=\"lazy\" class=\"aligncenter wp-image-139375 size-large\" src=\"http:\/\/www.blogdopilako.com.br\/wp\/wp-content\/uploads\/2022\/12\/Pix-arte-final-2-39-1024x401.png\" alt=\"\" width=\"584\" height=\"229\" srcset=\"http:\/\/www.blogdopilako.com.br\/wp\/wp-content\/uploads\/2022\/12\/Pix-arte-final-2-39-1024x401.png 1024w, http:\/\/www.blogdopilako.com.br\/wp\/wp-content\/uploads\/2022\/12\/Pix-arte-final-2-39-300x117.png 300w, http:\/\/www.blogdopilako.com.br\/wp\/wp-content\/uploads\/2022\/12\/Pix-arte-final-2-39-768x301.png 768w, http:\/\/www.blogdopilako.com.br\/wp\/wp-content\/uploads\/2022\/12\/Pix-arte-final-2-39-1536x601.png 1536w, http:\/\/www.blogdopilako.com.br\/wp\/wp-content\/uploads\/2022\/12\/Pix-arte-final-2-39-2048x802.png 2048w, http:\/\/www.blogdopilako.com.br\/wp\/wp-content\/uploads\/2022\/12\/Pix-arte-final-2-39-500x196.png 500w\" sizes=\"(max-width: 584px) 100vw, 584px\" \/><\/p>\n\n\t\t\t\t<div class=\"mr_social_sharing_wrapper\">\n\t\t\t\t<!-- Social Sharing Toolkit v2.2 --><span class=\"mr_social_sharing_top\"><span style=\"display: inline-block; width: 55px; height: 62px; overflow: hidden;\"><div class=\"fb-like\" data-href=\"http:\/\/www.blogdopilako.com.br\/wp\/2022\/12\/27\/irmas-mirabal-por-historia_em_retalhos\/\" data-send=\"false\" data-layout=\"box_count\" data-width=\"55\" data-show-faces=\"false\"><\/div><\/span><\/span><span class=\"mr_social_sharing_top\"><fb:share-button type=\"box_count\" href=\"http:\/\/www.blogdopilako.com.br\/wp\/2022\/12\/27\/irmas-mirabal-por-historia_em_retalhos\/\"><\/fb:share-button><\/span><span class=\"mr_social_sharing\"><a rel=\"nofollow\" class=\"linksalpha_button linksalpha_link\" href=\"\/\/www.linksalpha.com\/social\/mobile\" data-url=\"http:\/\/www.blogdopilako.com.br\/wp\/2022\/12\/27\/irmas-mirabal-por-historia_em_retalhos\/\" data-text=\"Irm\u00e3s Mirabal \u2013 por @historia_em_retalhos.\" data-desc=\"Essas s\u00e3o as Irm\u00e3s Mirabal: P\u00e1tria, Minerva e Maria Teresa. Essas tr\u00eas mulheres foram assassinadas, no dia 25 de novembro de 1960, pelas for\u00e7as de repress\u00e3o da ditadura do presidente dominicano Rafael Trujillo (1930-1961). O fato culminou na cria\u00e7\u00e3o do \"Dia Internacional da N\u00e3o Viol\u00eancia\" data-image=\"http:\/\/www.blogdopilako.com.br\/wp\/wp-content\/uploads\/2022\/12\/download-10.jpg\" data-button=\"none\">\n\t\t\t\t\t<img src=\"\/\/www.linksalpha.com\/images\/social_share_button.png\" alt=\"Share\" class=\"linksalpha_image\" \/>\n\t\t\t\t\t<\/a><script type=\"text\/javascript\" src=\"\/\/www.linksalpha.com\/scripts\/loader_iconbox.js?v=2.4\"><\/script><\/span><\/div>","protected":false},"excerpt":{"rendered":"\n\t\t\t\t<div class=\"mr_social_sharing_wrapper\">\n\t\t\t\t<!-- Social Sharing Toolkit v2.2 --><span class=\"mr_social_sharing_top\"><span style=\"display: inline-block; width: 55px; height: 62px; overflow: hidden;\"><div class=\"fb-like\" data-href=\"http:\/\/www.blogdopilako.com.br\/wp\/2022\/12\/27\/irmas-mirabal-por-historia_em_retalhos\/\" data-send=\"false\" data-layout=\"box_count\" data-width=\"55\" data-show-faces=\"false\"><\/div><\/span><\/span><span class=\"mr_social_sharing_top\"><fb:share-button type=\"box_count\" href=\"http:\/\/www.blogdopilako.com.br\/wp\/2022\/12\/27\/irmas-mirabal-por-historia_em_retalhos\/\"><\/fb:share-button><\/span><span class=\"mr_social_sharing\"><a rel=\"nofollow\" class=\"linksalpha_button linksalpha_link\" href=\"\/\/www.linksalpha.com\/social\/mobile\" data-url=\"http:\/\/www.blogdopilako.com.br\/wp\/2022\/12\/27\/irmas-mirabal-por-historia_em_retalhos\/\" data-text=\"Irm\u00e3s Mirabal \u2013 por @historia_em_retalhos.\" data-desc=\"Essas s\u00e3o as Irm\u00e3s Mirabal: P\u00e1tria, Minerva e Maria Teresa. Essas tr\u00eas mulheres foram assassinadas, no dia 25 de novembro de 1960, pelas for\u00e7as de repress\u00e3o da ditadura do presidente dominicano Rafael Trujillo (1930-1961). O fato culminou na cria\u00e7\u00e3o do \"Dia Internacional da N\u00e3o Viol\u00eancia\" data-image=\"\" data-button=\"none\">\n\t\t\t\t\t<img src=\"\/\/www.linksalpha.com\/images\/social_share_button.png\" alt=\"Share\" class=\"linksalpha_image\" \/>\n\t\t\t\t\t<\/a><script type=\"text\/javascript\" src=\"\/\/www.linksalpha.com\/scripts\/loader_iconbox.js?v=2.4\"><\/script><\/span><\/div>\n\t\t\t\t<div class=\"mr_social_sharing_wrapper\">\n\t\t\t\t<!-- Social Sharing Toolkit v2.2 --><span class=\"mr_social_sharing_top\"><span style=\"display: inline-block; width: 55px; height: 62px; overflow: hidden;\"><div class=\"fb-like\" data-href=\"http:\/\/www.blogdopilako.com.br\/wp\/2022\/12\/27\/irmas-mirabal-por-historia_em_retalhos\/\" data-send=\"false\" data-layout=\"box_count\" data-width=\"55\" data-show-faces=\"false\"><\/div><\/span><\/span><span class=\"mr_social_sharing_top\"><fb:share-button type=\"box_count\" href=\"http:\/\/www.blogdopilako.com.br\/wp\/2022\/12\/27\/irmas-mirabal-por-historia_em_retalhos\/\"><\/fb:share-button><\/span><span class=\"mr_social_sharing\"><a rel=\"nofollow\" class=\"linksalpha_button linksalpha_link\" href=\"\/\/www.linksalpha.com\/social\/mobile\" data-url=\"http:\/\/www.blogdopilako.com.br\/wp\/2022\/12\/27\/irmas-mirabal-por-historia_em_retalhos\/\" data-text=\"Irm\u00e3s Mirabal \u2013 por @historia_em_retalhos.\" data-desc=\"Essas s\u00e3o as Irm\u00e3s Mirabal: P\u00e1tria, Minerva e Maria Teresa. Essas tr\u00eas mulheres foram assassinadas, no dia 25 de novembro de 1960, pelas for\u00e7as de repress\u00e3o da ditadura do presidente dominicano Rafael Trujillo (1930-1961). O fato culminou na cria\u00e7\u00e3o do \"Dia Internacional da N\u00e3o Viol\u00eancia\" data-image=\"\" data-button=\"none\">\n\t\t\t\t\t<img src=\"\/\/www.linksalpha.com\/images\/social_share_button.png\" alt=\"Share\" class=\"linksalpha_image\" \/>\n\t\t\t\t\t<\/a><script type=\"text\/javascript\" src=\"\/\/www.linksalpha.com\/scripts\/loader_iconbox.js?v=2.4\"><\/script><\/span><\/div>","protected":false},"author":2,"featured_media":0,"comment_status":"open","ping_status":"open","sticky":false,"template":"","format":"standard","meta":[],"categories":[21],"tags":[],"_links":{"self":[{"href":"http:\/\/www.blogdopilako.com.br\/wp\/wp-json\/wp\/v2\/posts\/139378"}],"collection":[{"href":"http:\/\/www.blogdopilako.com.br\/wp\/wp-json\/wp\/v2\/posts"}],"about":[{"href":"http:\/\/www.blogdopilako.com.br\/wp\/wp-json\/wp\/v2\/types\/post"}],"author":[{"embeddable":true,"href":"http:\/\/www.blogdopilako.com.br\/wp\/wp-json\/wp\/v2\/users\/2"}],"replies":[{"embeddable":true,"href":"http:\/\/www.blogdopilako.com.br\/wp\/wp-json\/wp\/v2\/comments?post=139378"}],"version-history":[{"count":1,"href":"http:\/\/www.blogdopilako.com.br\/wp\/wp-json\/wp\/v2\/posts\/139378\/revisions"}],"predecessor-version":[{"id":139381,"href":"http:\/\/www.blogdopilako.com.br\/wp\/wp-json\/wp\/v2\/posts\/139378\/revisions\/139381"}],"wp:attachment":[{"href":"http:\/\/www.blogdopilako.com.br\/wp\/wp-json\/wp\/v2\/media?parent=139378"}],"wp:term":[{"taxonomy":"category","embeddable":true,"href":"http:\/\/www.blogdopilako.com.br\/wp\/wp-json\/wp\/v2\/categories?post=139378"},{"taxonomy":"post_tag","embeddable":true,"href":"http:\/\/www.blogdopilako.com.br\/wp\/wp-json\/wp\/v2\/tags?post=139378"}],"curies":[{"name":"wp","href":"https:\/\/api.w.org\/{rel}","templated":true}]}}