{"id":139187,"date":"2022-12-07T11:08:40","date_gmt":"2022-12-07T14:08:40","guid":{"rendered":"https:\/\/www.blogdopilako.com.br\/wp\/?p=139187"},"modified":"2022-12-08T08:52:50","modified_gmt":"2022-12-08T11:52:50","slug":"transicao-de-governo-politicos-ou-mascates","status":"publish","type":"post","link":"http:\/\/www.blogdopilako.com.br\/wp\/2022\/12\/07\/transicao-de-governo-politicos-ou-mascates\/","title":{"rendered":"Transi\u00e7\u00e3o de governo: pol\u00edticos ou mascates?"},"content":{"rendered":"\n\t\t\t\t<div class=\"mr_social_sharing_wrapper\">\n\t\t\t\t<!-- Social Sharing Toolkit v2.2 --><span class=\"mr_social_sharing_top\"><span style=\"display: inline-block; width: 55px; height: 62px; overflow: hidden;\"><div class=\"fb-like\" data-href=\"http:\/\/www.blogdopilako.com.br\/wp\/2022\/12\/07\/transicao-de-governo-politicos-ou-mascates\/\" data-send=\"false\" data-layout=\"box_count\" data-width=\"55\" data-show-faces=\"false\"><\/div><\/span><\/span><span class=\"mr_social_sharing_top\"><fb:share-button type=\"box_count\" href=\"http:\/\/www.blogdopilako.com.br\/wp\/2022\/12\/07\/transicao-de-governo-politicos-ou-mascates\/\"><\/fb:share-button><\/span><span class=\"mr_social_sharing\"><a rel=\"nofollow\" class=\"linksalpha_button linksalpha_link\" href=\"\/\/www.linksalpha.com\/social\/mobile\" data-url=\"http:\/\/www.blogdopilako.com.br\/wp\/2022\/12\/07\/transicao-de-governo-politicos-ou-mascates\/\" data-text=\"Transi\u00e7\u00e3o de governo: pol\u00edticos ou mascates?\" data-desc=\"Com pouco mais de um m\u00eas de dist\u00e2ncia do dia \u201cD\u201d do segundo turno das elei\u00e7\u00f5es gerais brasileiras \u00e9 poss\u00edvel dizer que o eleitorado j\u00e1 virou a p\u00e1gina para outro assunto, mesmo que alguns \u201cpatriotas raiz\u201d insistam marchando noutra dire\u00e7\u00e3o. Com as esperan\u00e7as renovadas e mais uma\" data-image=\"http:\/\/www.blogdopilako.com.br\/wp\/wp-content\/uploads\/2022\/12\/R-300x144.gif\" data-button=\"none\">\n\t\t\t\t\t<img src=\"\/\/www.linksalpha.com\/images\/social_share_button.png\" alt=\"Share\" class=\"linksalpha_image\" \/>\n\t\t\t\t\t<\/a><script type=\"text\/javascript\" src=\"\/\/www.linksalpha.com\/scripts\/loader_iconbox.js?v=2.4\"><\/script><\/span><\/div><p><img loading=\"lazy\" class=\"size-medium wp-image-139188 alignright\" src=\"http:\/\/www.blogdopilako.com.br\/wp\/wp-content\/uploads\/2022\/12\/R-300x144.gif\" alt=\"\" width=\"300\" height=\"144\" \/><\/p>\n<p style=\"text-align: justify;\">Com pouco mais de um m\u00eas de dist\u00e2ncia do dia \u201cD\u201d do segundo turno das elei\u00e7\u00f5es gerais brasileiras \u00e9 poss\u00edvel dizer que o eleitorado j\u00e1 virou a p\u00e1gina para outro assunto, mesmo que alguns \u201cpatriotas raiz\u201d insistam marchando noutra dire\u00e7\u00e3o. Com as esperan\u00e7as renovadas e mais uma vez embriagados com o sonho do hexa, vivenciando uma copa do mundo em pleno m\u00eas de dezembro, que simbolicamente j\u00e1 \u00e9 um recorte temporal meio l\u00fadico, o Pa\u00eds, diferente de antes, agora, \u00e9 todo \u201cverde-amarelo\u201d.<\/p>\n<p style=\"text-align: justify;\">Pois bem, mas para uma parcela m\u00ednima da popula\u00e7\u00e3o que acompanha diariamente o notici\u00e1rio pol\u00edtico\/administrativo, sobretudo nesse momento singular, \u00a0em que chamamos de transi\u00e7\u00e3o de governo, poder\u00edamos dizer que, apesar das muitas leis regulamentando esses tr\u00e2mites (transi\u00e7\u00e3o), fica- nos a impress\u00e3o que a transpar\u00eancia continua sendo uma esp\u00e9cie de \u201cletra morta\u201d \u2013 n\u00e3o confundir com ansiedade pol\u00edtica.<\/p>\n<p style=\"text-align: justify;\">Seria importante, tanto em n\u00edvel estadual quanto nacional, que os n\u00fameros e informa\u00e7\u00f5es com os seus respectivos diagn\u00f3sticos, em linguagem clara e objetiva, fossem divulgados pela grande imprensa ou mesmos pelos atores desse processo em suas redes sociais. \u00a0Ao que parece, os pol\u00edticos, de maneira geral, s\u00f3 lembram que o povo existe na hora de chama-los ao campo de batalha eleitoral. Vale lembrar, tamb\u00e9m, que nesse momento os temas centrais da pauta eleitoral tornar-se-\u00e3o perif\u00e9ricos nas respectivas gest\u00f5es administrativas.<\/p>\n<p style=\"text-align: justify;\">Assim sendo, o mundo real do pragmatismo vai se impondo e, quando espremido, revela-nos que os vencedores, aos inv\u00e9s de se chamarem pol\u00edticos deveriam se chamar mascates, pois tudo e todas as possibilidades do \u201cmercado futuro administrativo&#8221;, rapidamente, viram\u00a0 ativos mercadol\u00f3gicos em favor\u00a0 dos seus interesses particulares, ou melhor: moeda de troca, quase sempre em desfavor dos reais interesses republicanos&#8230;.<\/p>\n<p><img loading=\"lazy\" class=\"aligncenter wp-image-139174 size-large\" src=\"http:\/\/www.blogdopilako.com.br\/wp\/wp-content\/uploads\/2022\/12\/Pix-arte-final-2-9-1024x401.png\" alt=\"\" width=\"584\" height=\"229\" srcset=\"http:\/\/www.blogdopilako.com.br\/wp\/wp-content\/uploads\/2022\/12\/Pix-arte-final-2-9-1024x401.png 1024w, http:\/\/www.blogdopilako.com.br\/wp\/wp-content\/uploads\/2022\/12\/Pix-arte-final-2-9-300x117.png 300w, http:\/\/www.blogdopilako.com.br\/wp\/wp-content\/uploads\/2022\/12\/Pix-arte-final-2-9-768x301.png 768w, http:\/\/www.blogdopilako.com.br\/wp\/wp-content\/uploads\/2022\/12\/Pix-arte-final-2-9-1536x601.png 1536w, http:\/\/www.blogdopilako.com.br\/wp\/wp-content\/uploads\/2022\/12\/Pix-arte-final-2-9-2048x802.png 2048w, http:\/\/www.blogdopilako.com.br\/wp\/wp-content\/uploads\/2022\/12\/Pix-arte-final-2-9-500x196.png 500w\" sizes=\"(max-width: 584px) 100vw, 584px\" \/><\/p>\n\n\t\t\t\t<div class=\"mr_social_sharing_wrapper\">\n\t\t\t\t<!-- Social Sharing Toolkit v2.2 --><span class=\"mr_social_sharing_top\"><span style=\"display: inline-block; width: 55px; height: 62px; overflow: hidden;\"><div class=\"fb-like\" data-href=\"http:\/\/www.blogdopilako.com.br\/wp\/2022\/12\/07\/transicao-de-governo-politicos-ou-mascates\/\" data-send=\"false\" data-layout=\"box_count\" data-width=\"55\" data-show-faces=\"false\"><\/div><\/span><\/span><span class=\"mr_social_sharing_top\"><fb:share-button type=\"box_count\" href=\"http:\/\/www.blogdopilako.com.br\/wp\/2022\/12\/07\/transicao-de-governo-politicos-ou-mascates\/\"><\/fb:share-button><\/span><span class=\"mr_social_sharing\"><a rel=\"nofollow\" class=\"linksalpha_button linksalpha_link\" href=\"\/\/www.linksalpha.com\/social\/mobile\" data-url=\"http:\/\/www.blogdopilako.com.br\/wp\/2022\/12\/07\/transicao-de-governo-politicos-ou-mascates\/\" data-text=\"Transi\u00e7\u00e3o de governo: pol\u00edticos ou mascates?\" data-desc=\"Com pouco mais de um m\u00eas de dist\u00e2ncia do dia \u201cD\u201d do segundo turno das elei\u00e7\u00f5es gerais brasileiras \u00e9 poss\u00edvel dizer que o eleitorado j\u00e1 virou a p\u00e1gina para outro assunto, mesmo que alguns \u201cpatriotas raiz\u201d insistam marchando noutra dire\u00e7\u00e3o. Com as esperan\u00e7as renovadas e mais uma\" data-image=\"http:\/\/www.blogdopilako.com.br\/wp\/wp-content\/uploads\/2022\/12\/R-300x144.gif\" data-button=\"none\">\n\t\t\t\t\t<img src=\"\/\/www.linksalpha.com\/images\/social_share_button.png\" alt=\"Share\" class=\"linksalpha_image\" \/>\n\t\t\t\t\t<\/a><script type=\"text\/javascript\" src=\"\/\/www.linksalpha.com\/scripts\/loader_iconbox.js?v=2.4\"><\/script><\/span><\/div>","protected":false},"excerpt":{"rendered":"\n\t\t\t\t<div class=\"mr_social_sharing_wrapper\">\n\t\t\t\t<!-- Social Sharing Toolkit v2.2 --><span class=\"mr_social_sharing_top\"><span style=\"display: inline-block; width: 55px; height: 62px; overflow: hidden;\"><div class=\"fb-like\" data-href=\"http:\/\/www.blogdopilako.com.br\/wp\/2022\/12\/07\/transicao-de-governo-politicos-ou-mascates\/\" data-send=\"false\" data-layout=\"box_count\" data-width=\"55\" data-show-faces=\"false\"><\/div><\/span><\/span><span class=\"mr_social_sharing_top\"><fb:share-button type=\"box_count\" href=\"http:\/\/www.blogdopilako.com.br\/wp\/2022\/12\/07\/transicao-de-governo-politicos-ou-mascates\/\"><\/fb:share-button><\/span><span class=\"mr_social_sharing\"><a rel=\"nofollow\" class=\"linksalpha_button linksalpha_link\" href=\"\/\/www.linksalpha.com\/social\/mobile\" data-url=\"http:\/\/www.blogdopilako.com.br\/wp\/2022\/12\/07\/transicao-de-governo-politicos-ou-mascates\/\" data-text=\"Transi\u00e7\u00e3o de governo: pol\u00edticos ou mascates?\" data-desc=\"Com pouco mais de um m\u00eas de dist\u00e2ncia do dia \u201cD\u201d do segundo turno das elei\u00e7\u00f5es gerais brasileiras \u00e9 poss\u00edvel dizer que o eleitorado j\u00e1 virou a p\u00e1gina para outro assunto, mesmo que alguns \u201cpatriotas raiz\u201d insistam marchando noutra dire\u00e7\u00e3o. Com as esperan\u00e7as renovadas e mais uma\" data-image=\"\" data-button=\"none\">\n\t\t\t\t\t<img src=\"\/\/www.linksalpha.com\/images\/social_share_button.png\" alt=\"Share\" class=\"linksalpha_image\" \/>\n\t\t\t\t\t<\/a><script type=\"text\/javascript\" src=\"\/\/www.linksalpha.com\/scripts\/loader_iconbox.js?v=2.4\"><\/script><\/span><\/div><p>Com pouco mais de um m\u00eas de dist\u00e2ncia do dia \u201cD\u201d do segundo turno das elei\u00e7\u00f5es gerais brasileiras \u00e9 poss\u00edvel dizer que o eleitorado j\u00e1 virou a p\u00e1gina para outro assunto, mesmo que alguns \u201cpatriotas raiz\u201d insistam marchando noutra dire\u00e7\u00e3o. &hellip; <a href=\"http:\/\/www.blogdopilako.com.br\/wp\/2022\/12\/07\/transicao-de-governo-politicos-ou-mascates\/\">Continue lendo <span class=\"meta-nav\">&rarr;<\/span><\/a><\/p>\n\n\t\t\t\t<div class=\"mr_social_sharing_wrapper\">\n\t\t\t\t<!-- Social Sharing Toolkit v2.2 --><span class=\"mr_social_sharing_top\"><span style=\"display: inline-block; width: 55px; height: 62px; overflow: hidden;\"><div class=\"fb-like\" data-href=\"http:\/\/www.blogdopilako.com.br\/wp\/2022\/12\/07\/transicao-de-governo-politicos-ou-mascates\/\" data-send=\"false\" data-layout=\"box_count\" data-width=\"55\" data-show-faces=\"false\"><\/div><\/span><\/span><span class=\"mr_social_sharing_top\"><fb:share-button type=\"box_count\" href=\"http:\/\/www.blogdopilako.com.br\/wp\/2022\/12\/07\/transicao-de-governo-politicos-ou-mascates\/\"><\/fb:share-button><\/span><span class=\"mr_social_sharing\"><a rel=\"nofollow\" class=\"linksalpha_button linksalpha_link\" href=\"\/\/www.linksalpha.com\/social\/mobile\" data-url=\"http:\/\/www.blogdopilako.com.br\/wp\/2022\/12\/07\/transicao-de-governo-politicos-ou-mascates\/\" data-text=\"Transi\u00e7\u00e3o de governo: pol\u00edticos ou mascates?\" data-desc=\"Com pouco mais de um m\u00eas de dist\u00e2ncia do dia \u201cD\u201d do segundo turno das elei\u00e7\u00f5es gerais brasileiras \u00e9 poss\u00edvel dizer que o eleitorado j\u00e1 virou a p\u00e1gina para outro assunto, mesmo que alguns \u201cpatriotas raiz\u201d insistam marchando noutra dire\u00e7\u00e3o. Com as esperan\u00e7as renovadas e mais uma\" data-image=\"\" data-button=\"none\">\n\t\t\t\t\t<img src=\"\/\/www.linksalpha.com\/images\/social_share_button.png\" alt=\"Share\" class=\"linksalpha_image\" \/>\n\t\t\t\t\t<\/a><script type=\"text\/javascript\" src=\"\/\/www.linksalpha.com\/scripts\/loader_iconbox.js?v=2.4\"><\/script><\/span><\/div>","protected":false},"author":2,"featured_media":0,"comment_status":"open","ping_status":"open","sticky":false,"template":"","format":"standard","meta":[],"categories":[21],"tags":[],"_links":{"self":[{"href":"http:\/\/www.blogdopilako.com.br\/wp\/wp-json\/wp\/v2\/posts\/139187"}],"collection":[{"href":"http:\/\/www.blogdopilako.com.br\/wp\/wp-json\/wp\/v2\/posts"}],"about":[{"href":"http:\/\/www.blogdopilako.com.br\/wp\/wp-json\/wp\/v2\/types\/post"}],"author":[{"embeddable":true,"href":"http:\/\/www.blogdopilako.com.br\/wp\/wp-json\/wp\/v2\/users\/2"}],"replies":[{"embeddable":true,"href":"http:\/\/www.blogdopilako.com.br\/wp\/wp-json\/wp\/v2\/comments?post=139187"}],"version-history":[{"count":4,"href":"http:\/\/www.blogdopilako.com.br\/wp\/wp-json\/wp\/v2\/posts\/139187\/revisions"}],"predecessor-version":[{"id":139195,"href":"http:\/\/www.blogdopilako.com.br\/wp\/wp-json\/wp\/v2\/posts\/139187\/revisions\/139195"}],"wp:attachment":[{"href":"http:\/\/www.blogdopilako.com.br\/wp\/wp-json\/wp\/v2\/media?parent=139187"}],"wp:term":[{"taxonomy":"category","embeddable":true,"href":"http:\/\/www.blogdopilako.com.br\/wp\/wp-json\/wp\/v2\/categories?post=139187"},{"taxonomy":"post_tag","embeddable":true,"href":"http:\/\/www.blogdopilako.com.br\/wp\/wp-json\/wp\/v2\/tags?post=139187"}],"curies":[{"name":"wp","href":"https:\/\/api.w.org\/{rel}","templated":true}]}}