{"id":139154,"date":"2022-12-05T09:05:19","date_gmt":"2022-12-05T12:05:19","guid":{"rendered":"https:\/\/www.blogdopilako.com.br\/wp\/?p=139154"},"modified":"2022-12-05T09:05:19","modified_gmt":"2022-12-05T12:05:19","slug":"conceicao-iemanja-e-o-recife-por-historia_em_retalhos","status":"publish","type":"post","link":"http:\/\/www.blogdopilako.com.br\/wp\/2022\/12\/05\/conceicao-iemanja-e-o-recife-por-historia_em_retalhos\/","title":{"rendered":"Concei\u00e7\u00e3o, Iemanj\u00e1 e o Recife &#8211; por @historia_em_retalhos."},"content":{"rendered":"\n\t\t\t\t<div class=\"mr_social_sharing_wrapper\">\n\t\t\t\t<!-- Social Sharing Toolkit v2.2 --><span class=\"mr_social_sharing_top\"><span style=\"display: inline-block; width: 55px; height: 62px; overflow: hidden;\"><div class=\"fb-like\" data-href=\"http:\/\/www.blogdopilako.com.br\/wp\/2022\/12\/05\/conceicao-iemanja-e-o-recife-por-historia_em_retalhos\/\" data-send=\"false\" data-layout=\"box_count\" data-width=\"55\" data-show-faces=\"false\"><\/div><\/span><\/span><span class=\"mr_social_sharing_top\"><fb:share-button type=\"box_count\" href=\"http:\/\/www.blogdopilako.com.br\/wp\/2022\/12\/05\/conceicao-iemanja-e-o-recife-por-historia_em_retalhos\/\"><\/fb:share-button><\/span><span class=\"mr_social_sharing\"><a rel=\"nofollow\" class=\"linksalpha_button linksalpha_link\" href=\"\/\/www.linksalpha.com\/social\/mobile\" data-url=\"http:\/\/www.blogdopilako.com.br\/wp\/2022\/12\/05\/conceicao-iemanja-e-o-recife-por-historia_em_retalhos\/\" data-text=\"Concei\u00e7\u00e3o, Iemanj\u00e1 e o Recife \u2013 por @historia_em_retalhos.\" data-desc=\"Apesar de n\u00e3o ser a padroeira oficial do Recife, a virgem do Morro da Concei\u00e7\u00e3o \u00e9 a santa mais popular da cidade. Como dizem, \u00e9 a \"padroeira afetiva\" da capital. O que justifica tamanha identifica\u00e7\u00e3o? Essa rela\u00e7\u00e3o de intimidade do recifense com a santa, para al\u00e9m da devo\u00e7\u00e3o e da f\u00e9,\" data-image=\"http:\/\/www.blogdopilako.com.br\/wp\/wp-content\/uploads\/2022\/12\/download.jpg\" data-button=\"none\">\n\t\t\t\t\t<img src=\"\/\/www.linksalpha.com\/images\/social_share_button.png\" alt=\"Share\" class=\"linksalpha_image\" \/>\n\t\t\t\t\t<\/a><script type=\"text\/javascript\" src=\"\/\/www.linksalpha.com\/scripts\/loader_iconbox.js?v=2.4\"><\/script><\/span><\/div><p><img loading=\"lazy\" class=\"aligncenter wp-image-139156 size-full\" src=\"http:\/\/www.blogdopilako.com.br\/wp\/wp-content\/uploads\/2022\/12\/download.jpg\" alt=\"\" width=\"640\" height=\"640\" srcset=\"http:\/\/www.blogdopilako.com.br\/wp\/wp-content\/uploads\/2022\/12\/download.jpg 640w, http:\/\/www.blogdopilako.com.br\/wp\/wp-content\/uploads\/2022\/12\/download-300x300.jpg 300w, http:\/\/www.blogdopilako.com.br\/wp\/wp-content\/uploads\/2022\/12\/download-150x150.jpg 150w\" sizes=\"(max-width: 640px) 100vw, 640px\" \/><\/p>\n<p style=\"text-align: justify;\">Apesar de n\u00e3o ser a padroeira oficial do Recife, a virgem do Morro da Concei\u00e7\u00e3o \u00e9 a santa mais popular da cidade.<\/p>\n<p style=\"text-align: justify;\">Como dizem, \u00e9 a &#8220;padroeira afetiva&#8221; da capital.<\/p>\n<p style=\"text-align: justify;\">O que justifica tamanha identifica\u00e7\u00e3o?<\/p>\n<p style=\"text-align: justify;\">Essa rela\u00e7\u00e3o de intimidade do recifense com a santa, para al\u00e9m da devo\u00e7\u00e3o e da f\u00e9, tem raz\u00f5es hist\u00f3ricas.<\/p>\n<p style=\"text-align: justify;\">Confeccionada na Fran\u00e7a, a imagem da Concei\u00e7\u00e3o chegou ao morro no ano de 1904, em alus\u00e3o ao fato de que, 50 anos antes, em 1854, o Papa Pio IX fincou como verdade a cren\u00e7a de que Maria, m\u00e3e de Jesus, foi concebida livre e preservada do pecado, da\u00ed surgindo a express\u00e3o &#8220;concei\u00e7\u00e3o&#8221;,\u00a0ato ou efeito de conceber, gerar, &#8220;concep\u00e7\u00e3o&#8221;.<\/p>\n<p style=\"text-align: justify;\">Esse \u00e9 o motivo pelo qual a data \u00e9 comemorada justamente no dia 08 de dezembro, vale dizer, a data da concep\u00e7\u00e3o de Maria, que nasceu nove meses depois, em 08 de setembro.<\/p>\n<p style=\"text-align: justify;\">A chegada da imagem bem no epicentro de Casa Amarela, o bairro mais populoso do Recife, repercutiu: ao redor dela, o povo mais carente foi morar, passando a ser, desde ent\u00e3o, um ponto de peregrina\u00e7\u00e3o.<\/p>\n<p style=\"text-align: justify;\">Muitos desconsideram, mas o dia 08 de dezembro tamb\u00e9m \u00e9 um dia importante para as religi\u00f5es de matriz africana: dia de Iemanj\u00e1, divindade das \u00e1guas, da fertilidade e da maternidade.<\/p>\n<p style=\"text-align: justify;\">Quando cultuar orix\u00e1s era algo proibido, os afro-brasileiros eram obrigados a fazer as suas celebra\u00e7\u00f5es utilizando as imagens dos santos cat\u00f3licos, estando Iemanj\u00e1 associada \u00e0 virgem da Concei\u00e7\u00e3o.<\/p>\n<p style=\"text-align: justify;\">Ambas trajam azul e, juntas, s\u00e3o uma representa\u00e7\u00e3o bonita do sincretismo religioso, da toler\u00e2ncia e do respeito entre as cren\u00e7as.<\/p>\n<p style=\"text-align: justify;\">Viva Concei\u00e7\u00e3o, viva Iemanj\u00e1, viva o Recife!<\/p>\n<p style=\"text-align: justify;\">Dedico este retalho de hoje ao querido amigo e colega, dr. Fabiano Morais de Holanda Beltr\u00e3o, que vem desenvolvendo um belo trabalho de conscientiza\u00e7\u00e3o e combate ao racismo religioso.<\/p>\n<p style=\"text-align: justify;\"><strong>Siga: @historia_em_retalhos<\/strong><\/p>\n<p><a href=\"https:\/\/www.instagram.com\/p\/Clvf2aKuiet\/?igshid=MDJmNzVkMjY%3D\">https:\/\/www.instagram.com\/p\/Clvf2aKuiet\/?igshid=MDJmNzVkMjY%3D<\/a><\/p>\n<p><img loading=\"lazy\" class=\"aligncenter wp-image-139152 size-large\" src=\"http:\/\/www.blogdopilako.com.br\/wp\/wp-content\/uploads\/2022\/12\/Pix-arte-final-2-5-1024x401.png\" alt=\"\" width=\"584\" height=\"229\" srcset=\"http:\/\/www.blogdopilako.com.br\/wp\/wp-content\/uploads\/2022\/12\/Pix-arte-final-2-5-1024x401.png 1024w, http:\/\/www.blogdopilako.com.br\/wp\/wp-content\/uploads\/2022\/12\/Pix-arte-final-2-5-300x117.png 300w, http:\/\/www.blogdopilako.com.br\/wp\/wp-content\/uploads\/2022\/12\/Pix-arte-final-2-5-768x301.png 768w, http:\/\/www.blogdopilako.com.br\/wp\/wp-content\/uploads\/2022\/12\/Pix-arte-final-2-5-1536x601.png 1536w, http:\/\/www.blogdopilako.com.br\/wp\/wp-content\/uploads\/2022\/12\/Pix-arte-final-2-5-2048x802.png 2048w, http:\/\/www.blogdopilako.com.br\/wp\/wp-content\/uploads\/2022\/12\/Pix-arte-final-2-5-500x196.png 500w\" sizes=\"(max-width: 584px) 100vw, 584px\" \/><\/p>\n\n\t\t\t\t<div class=\"mr_social_sharing_wrapper\">\n\t\t\t\t<!-- Social Sharing Toolkit v2.2 --><span class=\"mr_social_sharing_top\"><span style=\"display: inline-block; width: 55px; height: 62px; overflow: hidden;\"><div class=\"fb-like\" data-href=\"http:\/\/www.blogdopilako.com.br\/wp\/2022\/12\/05\/conceicao-iemanja-e-o-recife-por-historia_em_retalhos\/\" data-send=\"false\" data-layout=\"box_count\" data-width=\"55\" data-show-faces=\"false\"><\/div><\/span><\/span><span class=\"mr_social_sharing_top\"><fb:share-button type=\"box_count\" href=\"http:\/\/www.blogdopilako.com.br\/wp\/2022\/12\/05\/conceicao-iemanja-e-o-recife-por-historia_em_retalhos\/\"><\/fb:share-button><\/span><span class=\"mr_social_sharing\"><a rel=\"nofollow\" class=\"linksalpha_button linksalpha_link\" href=\"\/\/www.linksalpha.com\/social\/mobile\" data-url=\"http:\/\/www.blogdopilako.com.br\/wp\/2022\/12\/05\/conceicao-iemanja-e-o-recife-por-historia_em_retalhos\/\" data-text=\"Concei\u00e7\u00e3o, Iemanj\u00e1 e o Recife \u2013 por @historia_em_retalhos.\" data-desc=\"Apesar de n\u00e3o ser a padroeira oficial do Recife, a virgem do Morro da Concei\u00e7\u00e3o \u00e9 a santa mais popular da cidade. Como dizem, \u00e9 a \"padroeira afetiva\" da capital. O que justifica tamanha identifica\u00e7\u00e3o? Essa rela\u00e7\u00e3o de intimidade do recifense com a santa, para al\u00e9m da devo\u00e7\u00e3o e da f\u00e9,\" data-image=\"http:\/\/www.blogdopilako.com.br\/wp\/wp-content\/uploads\/2022\/12\/download.jpg\" data-button=\"none\">\n\t\t\t\t\t<img src=\"\/\/www.linksalpha.com\/images\/social_share_button.png\" alt=\"Share\" class=\"linksalpha_image\" \/>\n\t\t\t\t\t<\/a><script type=\"text\/javascript\" src=\"\/\/www.linksalpha.com\/scripts\/loader_iconbox.js?v=2.4\"><\/script><\/span><\/div>","protected":false},"excerpt":{"rendered":"\n\t\t\t\t<div class=\"mr_social_sharing_wrapper\">\n\t\t\t\t<!-- Social Sharing Toolkit v2.2 --><span class=\"mr_social_sharing_top\"><span style=\"display: inline-block; width: 55px; height: 62px; overflow: hidden;\"><div class=\"fb-like\" data-href=\"http:\/\/www.blogdopilako.com.br\/wp\/2022\/12\/05\/conceicao-iemanja-e-o-recife-por-historia_em_retalhos\/\" data-send=\"false\" data-layout=\"box_count\" data-width=\"55\" data-show-faces=\"false\"><\/div><\/span><\/span><span class=\"mr_social_sharing_top\"><fb:share-button type=\"box_count\" href=\"http:\/\/www.blogdopilako.com.br\/wp\/2022\/12\/05\/conceicao-iemanja-e-o-recife-por-historia_em_retalhos\/\"><\/fb:share-button><\/span><span class=\"mr_social_sharing\"><a rel=\"nofollow\" class=\"linksalpha_button linksalpha_link\" href=\"\/\/www.linksalpha.com\/social\/mobile\" data-url=\"http:\/\/www.blogdopilako.com.br\/wp\/2022\/12\/05\/conceicao-iemanja-e-o-recife-por-historia_em_retalhos\/\" data-text=\"Concei\u00e7\u00e3o, Iemanj\u00e1 e o Recife \u2013 por @historia_em_retalhos.\" data-desc=\"Apesar de n\u00e3o ser a padroeira oficial do Recife, a virgem do Morro da Concei\u00e7\u00e3o \u00e9 a santa mais popular da cidade. Como dizem, \u00e9 a \"padroeira afetiva\" da capital. O que justifica tamanha identifica\u00e7\u00e3o? Essa rela\u00e7\u00e3o de intimidade do recifense com a santa, para al\u00e9m da devo\u00e7\u00e3o e da f\u00e9,\" data-image=\"\" data-button=\"none\">\n\t\t\t\t\t<img src=\"\/\/www.linksalpha.com\/images\/social_share_button.png\" alt=\"Share\" class=\"linksalpha_image\" \/>\n\t\t\t\t\t<\/a><script type=\"text\/javascript\" src=\"\/\/www.linksalpha.com\/scripts\/loader_iconbox.js?v=2.4\"><\/script><\/span><\/div><p>Apesar de n\u00e3o ser a padroeira oficial do Recife, a virgem do Morro da Concei\u00e7\u00e3o \u00e9 a santa mais popular da cidade. Como dizem, \u00e9 a &#8220;padroeira afetiva&#8221; da capital. O que justifica tamanha identifica\u00e7\u00e3o? Essa rela\u00e7\u00e3o de intimidade do &hellip; <a href=\"http:\/\/www.blogdopilako.com.br\/wp\/2022\/12\/05\/conceicao-iemanja-e-o-recife-por-historia_em_retalhos\/\">Continue lendo <span class=\"meta-nav\">&rarr;<\/span><\/a><\/p>\n\n\t\t\t\t<div class=\"mr_social_sharing_wrapper\">\n\t\t\t\t<!-- Social Sharing Toolkit v2.2 --><span class=\"mr_social_sharing_top\"><span style=\"display: inline-block; width: 55px; height: 62px; overflow: hidden;\"><div class=\"fb-like\" data-href=\"http:\/\/www.blogdopilako.com.br\/wp\/2022\/12\/05\/conceicao-iemanja-e-o-recife-por-historia_em_retalhos\/\" data-send=\"false\" data-layout=\"box_count\" data-width=\"55\" data-show-faces=\"false\"><\/div><\/span><\/span><span class=\"mr_social_sharing_top\"><fb:share-button type=\"box_count\" href=\"http:\/\/www.blogdopilako.com.br\/wp\/2022\/12\/05\/conceicao-iemanja-e-o-recife-por-historia_em_retalhos\/\"><\/fb:share-button><\/span><span class=\"mr_social_sharing\"><a rel=\"nofollow\" class=\"linksalpha_button linksalpha_link\" href=\"\/\/www.linksalpha.com\/social\/mobile\" data-url=\"http:\/\/www.blogdopilako.com.br\/wp\/2022\/12\/05\/conceicao-iemanja-e-o-recife-por-historia_em_retalhos\/\" data-text=\"Concei\u00e7\u00e3o, Iemanj\u00e1 e o Recife \u2013 por @historia_em_retalhos.\" data-desc=\"Apesar de n\u00e3o ser a padroeira oficial do Recife, a virgem do Morro da Concei\u00e7\u00e3o \u00e9 a santa mais popular da cidade. Como dizem, \u00e9 a \"padroeira afetiva\" da capital. O que justifica tamanha identifica\u00e7\u00e3o? Essa rela\u00e7\u00e3o de intimidade do recifense com a santa, para al\u00e9m da devo\u00e7\u00e3o e da f\u00e9,\" data-image=\"\" data-button=\"none\">\n\t\t\t\t\t<img src=\"\/\/www.linksalpha.com\/images\/social_share_button.png\" alt=\"Share\" class=\"linksalpha_image\" \/>\n\t\t\t\t\t<\/a><script type=\"text\/javascript\" src=\"\/\/www.linksalpha.com\/scripts\/loader_iconbox.js?v=2.4\"><\/script><\/span><\/div>","protected":false},"author":2,"featured_media":0,"comment_status":"open","ping_status":"open","sticky":false,"template":"","format":"standard","meta":[],"categories":[21],"tags":[],"_links":{"self":[{"href":"http:\/\/www.blogdopilako.com.br\/wp\/wp-json\/wp\/v2\/posts\/139154"}],"collection":[{"href":"http:\/\/www.blogdopilako.com.br\/wp\/wp-json\/wp\/v2\/posts"}],"about":[{"href":"http:\/\/www.blogdopilako.com.br\/wp\/wp-json\/wp\/v2\/types\/post"}],"author":[{"embeddable":true,"href":"http:\/\/www.blogdopilako.com.br\/wp\/wp-json\/wp\/v2\/users\/2"}],"replies":[{"embeddable":true,"href":"http:\/\/www.blogdopilako.com.br\/wp\/wp-json\/wp\/v2\/comments?post=139154"}],"version-history":[{"count":1,"href":"http:\/\/www.blogdopilako.com.br\/wp\/wp-json\/wp\/v2\/posts\/139154\/revisions"}],"predecessor-version":[{"id":139157,"href":"http:\/\/www.blogdopilako.com.br\/wp\/wp-json\/wp\/v2\/posts\/139154\/revisions\/139157"}],"wp:attachment":[{"href":"http:\/\/www.blogdopilako.com.br\/wp\/wp-json\/wp\/v2\/media?parent=139154"}],"wp:term":[{"taxonomy":"category","embeddable":true,"href":"http:\/\/www.blogdopilako.com.br\/wp\/wp-json\/wp\/v2\/categories?post=139154"},{"taxonomy":"post_tag","embeddable":true,"href":"http:\/\/www.blogdopilako.com.br\/wp\/wp-json\/wp\/v2\/tags?post=139154"}],"curies":[{"name":"wp","href":"https:\/\/api.w.org\/{rel}","templated":true}]}}