{"id":138661,"date":"2022-10-13T11:06:13","date_gmt":"2022-10-13T14:06:13","guid":{"rendered":"https:\/\/www.blogdopilako.com.br\/wp\/?p=138661"},"modified":"2022-10-13T11:06:13","modified_gmt":"2022-10-13T14:06:13","slug":"livro-asas-para-vitoria-de-santo-antao-a-historia-do-aero-clube-da-vitoria-continua-a-venda-7","status":"publish","type":"post","link":"http:\/\/www.blogdopilako.com.br\/wp\/2022\/10\/13\/livro-asas-para-vitoria-de-santo-antao-a-historia-do-aero-clube-da-vitoria-continua-a-venda-7\/","title":{"rendered":"Livro Asas Para Vit\u00f3ria de Santo Ant\u00e3o \u2013 a hist\u00f3ria do Aero Clube da Vit\u00f3ria \u2013 continua \u00e0 venda!"},"content":{"rendered":"\n\t\t\t\t<div class=\"mr_social_sharing_wrapper\">\n\t\t\t\t<!-- Social Sharing Toolkit v2.2 --><span class=\"mr_social_sharing_top\"><span style=\"display: inline-block; width: 55px; height: 62px; overflow: hidden;\"><div class=\"fb-like\" data-href=\"http:\/\/www.blogdopilako.com.br\/wp\/2022\/10\/13\/livro-asas-para-vitoria-de-santo-antao-a-historia-do-aero-clube-da-vitoria-continua-a-venda-7\/\" data-send=\"false\" data-layout=\"box_count\" data-width=\"55\" data-show-faces=\"false\"><\/div><\/span><\/span><span class=\"mr_social_sharing_top\"><fb:share-button type=\"box_count\" href=\"http:\/\/www.blogdopilako.com.br\/wp\/2022\/10\/13\/livro-asas-para-vitoria-de-santo-antao-a-historia-do-aero-clube-da-vitoria-continua-a-venda-7\/\"><\/fb:share-button><\/span><span class=\"mr_social_sharing\"><a rel=\"nofollow\" class=\"linksalpha_button linksalpha_link\" href=\"\/\/www.linksalpha.com\/social\/mobile\" data-url=\"http:\/\/www.blogdopilako.com.br\/wp\/2022\/10\/13\/livro-asas-para-vitoria-de-santo-antao-a-historia-do-aero-clube-da-vitoria-continua-a-venda-7\/\" data-text=\"Livro Asas Para Vit\u00f3ria de Santo Ant\u00e3o \u2013 a hist\u00f3ria do Aero Clube da Vit\u00f3ria \u2013 continua \u00e0 venda!\" data-desc=\"Fruto de uma aprofundada pesquisa hist\u00f3rica, realizada pelo presidente do Instituto Hist\u00f3rico da Vit\u00f3ria, professor Pedro Ferrer, o\u00a0Livro Asas Para Vit\u00f3ria de Santo Ant\u00e3o\u00a0tem recebido os merecidos elogios. Recheado com fotos e documentos, o conte\u00fado, de maneira cronol\u00f3gica, narra o passo a\" data-image=\"http:\/\/www.blogdopilako.com.br\/wp\/wp-content\/uploads\/2022\/10\/c3bfd241-ab28-4e60-be77-f968a245e5a8-713x1024.jpg\" data-button=\"none\">\n\t\t\t\t\t<img src=\"\/\/www.linksalpha.com\/images\/social_share_button.png\" alt=\"Share\" class=\"linksalpha_image\" \/>\n\t\t\t\t\t<\/a><script type=\"text\/javascript\" src=\"\/\/www.linksalpha.com\/scripts\/loader_iconbox.js?v=2.4\"><\/script><\/span><\/div><p><img loading=\"lazy\" class=\"aligncenter wp-image-138663 size-large\" src=\"http:\/\/www.blogdopilako.com.br\/wp\/wp-content\/uploads\/2022\/10\/c3bfd241-ab28-4e60-be77-f968a245e5a8-713x1024.jpg\" alt=\"\" width=\"584\" height=\"839\" srcset=\"http:\/\/www.blogdopilako.com.br\/wp\/wp-content\/uploads\/2022\/10\/c3bfd241-ab28-4e60-be77-f968a245e5a8-713x1024.jpg 713w, http:\/\/www.blogdopilako.com.br\/wp\/wp-content\/uploads\/2022\/10\/c3bfd241-ab28-4e60-be77-f968a245e5a8-209x300.jpg 209w, http:\/\/www.blogdopilako.com.br\/wp\/wp-content\/uploads\/2022\/10\/c3bfd241-ab28-4e60-be77-f968a245e5a8-768x1103.jpg 768w, http:\/\/www.blogdopilako.com.br\/wp\/wp-content\/uploads\/2022\/10\/c3bfd241-ab28-4e60-be77-f968a245e5a8-1069x1536.jpg 1069w, http:\/\/www.blogdopilako.com.br\/wp\/wp-content\/uploads\/2022\/10\/c3bfd241-ab28-4e60-be77-f968a245e5a8.jpg 1114w\" sizes=\"(max-width: 584px) 100vw, 584px\" \/><\/p>\n<p style=\"text-align: justify;\">Fruto de uma aprofundada pesquisa hist\u00f3rica, realizada pelo presidente do Instituto Hist\u00f3rico da Vit\u00f3ria, professor Pedro Ferrer, o\u00a0<strong>Livro Asas Para Vit\u00f3ria de Santo Ant\u00e3o<\/strong>\u00a0tem recebido os merecidos elogios. Recheado com fotos e documentos, o conte\u00fado, de maneira cronol\u00f3gica, narra o passo a passo rumo \u00e0 materializa\u00e7\u00e3o e sucesso, daquilo que que ficou catalogado na nossa hist\u00f3ria como\u00a0<strong>um dos sonhos mais ousados dos antoenses<\/strong>, ou seja: a concretiza\u00e7\u00e3o do Aeroclube da Vit\u00f3ria \u2013 vale a pena ler\u2026\u2026<\/p>\n<p style=\"text-align: justify;\"><strong>O livro custa $70 e pode ser adquirido atrav\u00e9s do contato (81) 9.8880.1744.<\/strong><\/p>\n<p><img loading=\"lazy\" class=\"aligncenter wp-image-138647 size-large\" src=\"http:\/\/www.blogdopilako.com.br\/wp\/wp-content\/uploads\/2022\/10\/Pix-arte-final-2-17-1024x401.png\" alt=\"\" width=\"584\" height=\"229\" srcset=\"http:\/\/www.blogdopilako.com.br\/wp\/wp-content\/uploads\/2022\/10\/Pix-arte-final-2-17-1024x401.png 1024w, http:\/\/www.blogdopilako.com.br\/wp\/wp-content\/uploads\/2022\/10\/Pix-arte-final-2-17-300x117.png 300w, http:\/\/www.blogdopilako.com.br\/wp\/wp-content\/uploads\/2022\/10\/Pix-arte-final-2-17-768x301.png 768w, http:\/\/www.blogdopilako.com.br\/wp\/wp-content\/uploads\/2022\/10\/Pix-arte-final-2-17-1536x601.png 1536w, http:\/\/www.blogdopilako.com.br\/wp\/wp-content\/uploads\/2022\/10\/Pix-arte-final-2-17-2048x802.png 2048w, http:\/\/www.blogdopilako.com.br\/wp\/wp-content\/uploads\/2022\/10\/Pix-arte-final-2-17-500x196.png 500w\" sizes=\"(max-width: 584px) 100vw, 584px\" \/><\/p>\n\n\t\t\t\t<div class=\"mr_social_sharing_wrapper\">\n\t\t\t\t<!-- Social Sharing Toolkit v2.2 --><span class=\"mr_social_sharing_top\"><span style=\"display: inline-block; width: 55px; height: 62px; overflow: hidden;\"><div class=\"fb-like\" data-href=\"http:\/\/www.blogdopilako.com.br\/wp\/2022\/10\/13\/livro-asas-para-vitoria-de-santo-antao-a-historia-do-aero-clube-da-vitoria-continua-a-venda-7\/\" data-send=\"false\" data-layout=\"box_count\" data-width=\"55\" data-show-faces=\"false\"><\/div><\/span><\/span><span class=\"mr_social_sharing_top\"><fb:share-button type=\"box_count\" href=\"http:\/\/www.blogdopilako.com.br\/wp\/2022\/10\/13\/livro-asas-para-vitoria-de-santo-antao-a-historia-do-aero-clube-da-vitoria-continua-a-venda-7\/\"><\/fb:share-button><\/span><span class=\"mr_social_sharing\"><a rel=\"nofollow\" class=\"linksalpha_button linksalpha_link\" href=\"\/\/www.linksalpha.com\/social\/mobile\" data-url=\"http:\/\/www.blogdopilako.com.br\/wp\/2022\/10\/13\/livro-asas-para-vitoria-de-santo-antao-a-historia-do-aero-clube-da-vitoria-continua-a-venda-7\/\" data-text=\"Livro Asas Para Vit\u00f3ria de Santo Ant\u00e3o \u2013 a hist\u00f3ria do Aero Clube da Vit\u00f3ria \u2013 continua \u00e0 venda!\" data-desc=\"Fruto de uma aprofundada pesquisa hist\u00f3rica, realizada pelo presidente do Instituto Hist\u00f3rico da Vit\u00f3ria, professor Pedro Ferrer, o\u00a0Livro Asas Para Vit\u00f3ria de Santo Ant\u00e3o\u00a0tem recebido os merecidos elogios. Recheado com fotos e documentos, o conte\u00fado, de maneira cronol\u00f3gica, narra o passo a\" data-image=\"http:\/\/www.blogdopilako.com.br\/wp\/wp-content\/uploads\/2022\/10\/c3bfd241-ab28-4e60-be77-f968a245e5a8-713x1024.jpg\" data-button=\"none\">\n\t\t\t\t\t<img src=\"\/\/www.linksalpha.com\/images\/social_share_button.png\" alt=\"Share\" class=\"linksalpha_image\" \/>\n\t\t\t\t\t<\/a><script type=\"text\/javascript\" src=\"\/\/www.linksalpha.com\/scripts\/loader_iconbox.js?v=2.4\"><\/script><\/span><\/div>","protected":false},"excerpt":{"rendered":"\n\t\t\t\t<div class=\"mr_social_sharing_wrapper\">\n\t\t\t\t<!-- Social Sharing Toolkit v2.2 --><span class=\"mr_social_sharing_top\"><span style=\"display: inline-block; width: 55px; height: 62px; overflow: hidden;\"><div class=\"fb-like\" data-href=\"http:\/\/www.blogdopilako.com.br\/wp\/2022\/10\/13\/livro-asas-para-vitoria-de-santo-antao-a-historia-do-aero-clube-da-vitoria-continua-a-venda-7\/\" data-send=\"false\" data-layout=\"box_count\" data-width=\"55\" data-show-faces=\"false\"><\/div><\/span><\/span><span class=\"mr_social_sharing_top\"><fb:share-button type=\"box_count\" href=\"http:\/\/www.blogdopilako.com.br\/wp\/2022\/10\/13\/livro-asas-para-vitoria-de-santo-antao-a-historia-do-aero-clube-da-vitoria-continua-a-venda-7\/\"><\/fb:share-button><\/span><span class=\"mr_social_sharing\"><a rel=\"nofollow\" class=\"linksalpha_button linksalpha_link\" href=\"\/\/www.linksalpha.com\/social\/mobile\" data-url=\"http:\/\/www.blogdopilako.com.br\/wp\/2022\/10\/13\/livro-asas-para-vitoria-de-santo-antao-a-historia-do-aero-clube-da-vitoria-continua-a-venda-7\/\" data-text=\"Livro Asas Para Vit\u00f3ria de Santo Ant\u00e3o \u2013 a hist\u00f3ria do Aero Clube da Vit\u00f3ria \u2013 continua \u00e0 venda!\" data-desc=\"Fruto de uma aprofundada pesquisa hist\u00f3rica, realizada pelo presidente do Instituto Hist\u00f3rico da Vit\u00f3ria, professor Pedro Ferrer, o\u00a0Livro Asas Para Vit\u00f3ria de Santo Ant\u00e3o\u00a0tem recebido os merecidos elogios. Recheado com fotos e documentos, o conte\u00fado, de maneira cronol\u00f3gica, narra o passo a\" data-image=\"\" data-button=\"none\">\n\t\t\t\t\t<img src=\"\/\/www.linksalpha.com\/images\/social_share_button.png\" alt=\"Share\" class=\"linksalpha_image\" \/>\n\t\t\t\t\t<\/a><script type=\"text\/javascript\" src=\"\/\/www.linksalpha.com\/scripts\/loader_iconbox.js?v=2.4\"><\/script><\/span><\/div><p>Fruto de uma aprofundada pesquisa hist\u00f3rica, realizada pelo presidente do Instituto Hist\u00f3rico da Vit\u00f3ria, professor Pedro Ferrer, o\u00a0Livro Asas Para Vit\u00f3ria de Santo Ant\u00e3o\u00a0tem recebido os merecidos elogios. Recheado com fotos e documentos, o conte\u00fado, de maneira cronol\u00f3gica, narra o &hellip; <a href=\"http:\/\/www.blogdopilako.com.br\/wp\/2022\/10\/13\/livro-asas-para-vitoria-de-santo-antao-a-historia-do-aero-clube-da-vitoria-continua-a-venda-7\/\">Continue lendo <span class=\"meta-nav\">&rarr;<\/span><\/a><\/p>\n\n\t\t\t\t<div class=\"mr_social_sharing_wrapper\">\n\t\t\t\t<!-- Social Sharing Toolkit v2.2 --><span class=\"mr_social_sharing_top\"><span style=\"display: inline-block; width: 55px; height: 62px; overflow: hidden;\"><div class=\"fb-like\" data-href=\"http:\/\/www.blogdopilako.com.br\/wp\/2022\/10\/13\/livro-asas-para-vitoria-de-santo-antao-a-historia-do-aero-clube-da-vitoria-continua-a-venda-7\/\" data-send=\"false\" data-layout=\"box_count\" data-width=\"55\" data-show-faces=\"false\"><\/div><\/span><\/span><span class=\"mr_social_sharing_top\"><fb:share-button type=\"box_count\" href=\"http:\/\/www.blogdopilako.com.br\/wp\/2022\/10\/13\/livro-asas-para-vitoria-de-santo-antao-a-historia-do-aero-clube-da-vitoria-continua-a-venda-7\/\"><\/fb:share-button><\/span><span class=\"mr_social_sharing\"><a rel=\"nofollow\" class=\"linksalpha_button linksalpha_link\" href=\"\/\/www.linksalpha.com\/social\/mobile\" data-url=\"http:\/\/www.blogdopilako.com.br\/wp\/2022\/10\/13\/livro-asas-para-vitoria-de-santo-antao-a-historia-do-aero-clube-da-vitoria-continua-a-venda-7\/\" data-text=\"Livro Asas Para Vit\u00f3ria de Santo Ant\u00e3o \u2013 a hist\u00f3ria do Aero Clube da Vit\u00f3ria \u2013 continua \u00e0 venda!\" data-desc=\"Fruto de uma aprofundada pesquisa hist\u00f3rica, realizada pelo presidente do Instituto Hist\u00f3rico da Vit\u00f3ria, professor Pedro Ferrer, o\u00a0Livro Asas Para Vit\u00f3ria de Santo Ant\u00e3o\u00a0tem recebido os merecidos elogios. Recheado com fotos e documentos, o conte\u00fado, de maneira cronol\u00f3gica, narra o passo a\" data-image=\"\" data-button=\"none\">\n\t\t\t\t\t<img src=\"\/\/www.linksalpha.com\/images\/social_share_button.png\" alt=\"Share\" class=\"linksalpha_image\" \/>\n\t\t\t\t\t<\/a><script type=\"text\/javascript\" src=\"\/\/www.linksalpha.com\/scripts\/loader_iconbox.js?v=2.4\"><\/script><\/span><\/div>","protected":false},"author":2,"featured_media":0,"comment_status":"open","ping_status":"open","sticky":false,"template":"","format":"standard","meta":[],"categories":[21],"tags":[],"_links":{"self":[{"href":"http:\/\/www.blogdopilako.com.br\/wp\/wp-json\/wp\/v2\/posts\/138661"}],"collection":[{"href":"http:\/\/www.blogdopilako.com.br\/wp\/wp-json\/wp\/v2\/posts"}],"about":[{"href":"http:\/\/www.blogdopilako.com.br\/wp\/wp-json\/wp\/v2\/types\/post"}],"author":[{"embeddable":true,"href":"http:\/\/www.blogdopilako.com.br\/wp\/wp-json\/wp\/v2\/users\/2"}],"replies":[{"embeddable":true,"href":"http:\/\/www.blogdopilako.com.br\/wp\/wp-json\/wp\/v2\/comments?post=138661"}],"version-history":[{"count":1,"href":"http:\/\/www.blogdopilako.com.br\/wp\/wp-json\/wp\/v2\/posts\/138661\/revisions"}],"predecessor-version":[{"id":138664,"href":"http:\/\/www.blogdopilako.com.br\/wp\/wp-json\/wp\/v2\/posts\/138661\/revisions\/138664"}],"wp:attachment":[{"href":"http:\/\/www.blogdopilako.com.br\/wp\/wp-json\/wp\/v2\/media?parent=138661"}],"wp:term":[{"taxonomy":"category","embeddable":true,"href":"http:\/\/www.blogdopilako.com.br\/wp\/wp-json\/wp\/v2\/categories?post=138661"},{"taxonomy":"post_tag","embeddable":true,"href":"http:\/\/www.blogdopilako.com.br\/wp\/wp-json\/wp\/v2\/tags?post=138661"}],"curies":[{"name":"wp","href":"https:\/\/api.w.org\/{rel}","templated":true}]}}