{"id":138595,"date":"2022-10-06T09:55:11","date_gmt":"2022-10-06T12:55:11","guid":{"rendered":"https:\/\/www.blogdopilako.com.br\/wp\/?p=138595"},"modified":"2022-10-06T09:55:11","modified_gmt":"2022-10-06T12:55:11","slug":"a-pec-das-domesticas-por-historia_em_retalhos","status":"publish","type":"post","link":"http:\/\/www.blogdopilako.com.br\/wp\/2022\/10\/06\/a-pec-das-domesticas-por-historia_em_retalhos\/","title":{"rendered":"A PEC das dom\u00e9sticas &#8211; por historia_em_retalhos."},"content":{"rendered":"\n\t\t\t\t<div class=\"mr_social_sharing_wrapper\">\n\t\t\t\t<!-- Social Sharing Toolkit v2.2 --><span class=\"mr_social_sharing_top\"><span style=\"display: inline-block; width: 55px; height: 62px; overflow: hidden;\"><div class=\"fb-like\" data-href=\"http:\/\/www.blogdopilako.com.br\/wp\/2022\/10\/06\/a-pec-das-domesticas-por-historia_em_retalhos\/\" data-send=\"false\" data-layout=\"box_count\" data-width=\"55\" data-show-faces=\"false\"><\/div><\/span><\/span><span class=\"mr_social_sharing_top\"><fb:share-button type=\"box_count\" href=\"http:\/\/www.blogdopilako.com.br\/wp\/2022\/10\/06\/a-pec-das-domesticas-por-historia_em_retalhos\/\"><\/fb:share-button><\/span><span class=\"mr_social_sharing\"><a rel=\"nofollow\" class=\"linksalpha_button linksalpha_link\" href=\"\/\/www.linksalpha.com\/social\/mobile\" data-url=\"http:\/\/www.blogdopilako.com.br\/wp\/2022\/10\/06\/a-pec-das-domesticas-por-historia_em_retalhos\/\" data-text=\"A PEC das dom\u00e9sticas \u2013 por historia_em_retalhos.\" data-desc=\"H\u00e1 09 anos, em abril de 2013, era aprovada a Emenda \u00e0 Constitui\u00e7\u00e3o que estendeu aos dom\u00e9sticos os mesmos direitos j\u00e1 garantidos aos demais trabalhadores regidos pela CLT. \u00c0 \u00e9poca, setores da sociedade brasileira reagiram \u00e0 proposta de equipara\u00e7\u00e3o, sob os mais variados argumentos.\" data-image=\"http:\/\/www.blogdopilako.com.br\/wp\/wp-content\/uploads\/2022\/10\/download-5.jpg\" data-button=\"none\">\n\t\t\t\t\t<img src=\"\/\/www.linksalpha.com\/images\/social_share_button.png\" alt=\"Share\" class=\"linksalpha_image\" \/>\n\t\t\t\t\t<\/a><script type=\"text\/javascript\" src=\"\/\/www.linksalpha.com\/scripts\/loader_iconbox.js?v=2.4\"><\/script><\/span><\/div><p><img loading=\"lazy\" class=\"aligncenter wp-image-138597 size-full\" src=\"http:\/\/www.blogdopilako.com.br\/wp\/wp-content\/uploads\/2022\/10\/download-5.jpg\" alt=\"\" width=\"640\" height=\"640\" srcset=\"http:\/\/www.blogdopilako.com.br\/wp\/wp-content\/uploads\/2022\/10\/download-5.jpg 640w, http:\/\/www.blogdopilako.com.br\/wp\/wp-content\/uploads\/2022\/10\/download-5-300x300.jpg 300w, http:\/\/www.blogdopilako.com.br\/wp\/wp-content\/uploads\/2022\/10\/download-5-150x150.jpg 150w\" sizes=\"(max-width: 640px) 100vw, 640px\" \/><\/p>\n<p style=\"text-align: justify;\">H\u00e1 09 anos, em abril de 2013, era aprovada a Emenda \u00e0 Constitui\u00e7\u00e3o que estendeu aos dom\u00e9sticos os mesmos direitos j\u00e1 garantidos aos demais trabalhadores regidos pela CLT.<\/p>\n<p style=\"text-align: justify;\">\u00c0 \u00e9poca, setores da sociedade brasileira reagiram \u00e0 proposta de equipara\u00e7\u00e3o, sob os mais variados argumentos.<\/p>\n<p style=\"text-align: justify;\">Dizia-se que as dom\u00e9sticas n\u00e3o faziam jus a tais direitos, por vivenciarem um regime de trabalho diferenciado, dentro da casa do patr\u00e3o.<\/p>\n<p style=\"text-align: justify;\">Tamb\u00e9m, afirmava-se que esse avan\u00e7o social poderia representar o fim de empregos, sendo melhor manter-se a rela\u00e7\u00e3o fragilizada que j\u00e1 existia.<\/p>\n<p style=\"text-align: justify;\">Nove anos depois, nada disso confirmou-se e o argumento econ\u00f4mico para impedir o reconhecimento de direitos mostrou-se falacioso.<\/p>\n<p style=\"text-align: justify;\">Na verdade, este tratamento discriminat\u00f3rio dispensado \u00e0s dom\u00e9sticas tem a sua origem no passado escravocrata que permeou as rela\u00e7\u00f5es sociais neste pa\u00eds, por mais de 300 anos.<\/p>\n<p style=\"text-align: justify;\">Sob a \u00e9gide deste regime, o trabalho da escrava dom\u00e9stica inclu\u00eda, al\u00e9m dos servi\u00e7os de limpeza, os servi\u00e7os de cozinha e costura, a condi\u00e7\u00e3o de ama de leite e, ainda, escrava sexual de seus senhores, um conjunto de dom\u00ednios sobre o corpo da mulher negra que culminou na figura das mucamas.<\/p>\n<p style=\"text-align: justify;\">Com um imenso e lament\u00e1vel atraso hist\u00f3rico, a equipara\u00e7\u00e3o chegou.<\/p>\n<p style=\"text-align: justify;\">Mais do que um avan\u00e7o, a PEC das dom\u00e9sticas p\u00f4s fim a uma era de desigualdades, promovendo maior profissionaliza\u00e7\u00e3o e valoriza\u00e7\u00e3o destes trabalhadores.<\/p>\n<p style=\"text-align: justify;\">Tudo em pratos limpos.<\/p>\n<p style=\"text-align: justify;\">Preto no branco.<\/p>\n<p style=\"text-align: justify;\">Sem diferen\u00e7a.<br \/>\n.<br \/>\n<strong>Siga: @historia_em_retalhos<\/strong><\/p>\n<p><a href=\"https:\/\/www.instagram.com\/accounts\/login\/?next=%2Fp%2FCjXpAEyOBJb%2F\">https:\/\/www.instagram.com\/accounts\/login\/?next=%2Fp%2FCjXpAEyOBJb%2F<\/a><\/p>\n<p><img loading=\"lazy\" class=\"aligncenter wp-image-138590 size-large\" src=\"http:\/\/www.blogdopilako.com.br\/wp\/wp-content\/uploads\/2022\/10\/Pix-arte-final-2-9-1024x401.png\" alt=\"\" width=\"584\" height=\"229\" srcset=\"http:\/\/www.blogdopilako.com.br\/wp\/wp-content\/uploads\/2022\/10\/Pix-arte-final-2-9-1024x401.png 1024w, http:\/\/www.blogdopilako.com.br\/wp\/wp-content\/uploads\/2022\/10\/Pix-arte-final-2-9-300x117.png 300w, http:\/\/www.blogdopilako.com.br\/wp\/wp-content\/uploads\/2022\/10\/Pix-arte-final-2-9-768x301.png 768w, http:\/\/www.blogdopilako.com.br\/wp\/wp-content\/uploads\/2022\/10\/Pix-arte-final-2-9-1536x601.png 1536w, http:\/\/www.blogdopilako.com.br\/wp\/wp-content\/uploads\/2022\/10\/Pix-arte-final-2-9-2048x802.png 2048w, http:\/\/www.blogdopilako.com.br\/wp\/wp-content\/uploads\/2022\/10\/Pix-arte-final-2-9-500x196.png 500w\" sizes=\"(max-width: 584px) 100vw, 584px\" \/><\/p>\n\n\t\t\t\t<div class=\"mr_social_sharing_wrapper\">\n\t\t\t\t<!-- Social Sharing Toolkit v2.2 --><span class=\"mr_social_sharing_top\"><span style=\"display: inline-block; width: 55px; height: 62px; overflow: hidden;\"><div class=\"fb-like\" data-href=\"http:\/\/www.blogdopilako.com.br\/wp\/2022\/10\/06\/a-pec-das-domesticas-por-historia_em_retalhos\/\" data-send=\"false\" data-layout=\"box_count\" data-width=\"55\" data-show-faces=\"false\"><\/div><\/span><\/span><span class=\"mr_social_sharing_top\"><fb:share-button type=\"box_count\" href=\"http:\/\/www.blogdopilako.com.br\/wp\/2022\/10\/06\/a-pec-das-domesticas-por-historia_em_retalhos\/\"><\/fb:share-button><\/span><span class=\"mr_social_sharing\"><a rel=\"nofollow\" class=\"linksalpha_button linksalpha_link\" href=\"\/\/www.linksalpha.com\/social\/mobile\" data-url=\"http:\/\/www.blogdopilako.com.br\/wp\/2022\/10\/06\/a-pec-das-domesticas-por-historia_em_retalhos\/\" data-text=\"A PEC das dom\u00e9sticas \u2013 por historia_em_retalhos.\" data-desc=\"H\u00e1 09 anos, em abril de 2013, era aprovada a Emenda \u00e0 Constitui\u00e7\u00e3o que estendeu aos dom\u00e9sticos os mesmos direitos j\u00e1 garantidos aos demais trabalhadores regidos pela CLT. \u00c0 \u00e9poca, setores da sociedade brasileira reagiram \u00e0 proposta de equipara\u00e7\u00e3o, sob os mais variados argumentos.\" data-image=\"http:\/\/www.blogdopilako.com.br\/wp\/wp-content\/uploads\/2022\/10\/download-5.jpg\" data-button=\"none\">\n\t\t\t\t\t<img src=\"\/\/www.linksalpha.com\/images\/social_share_button.png\" alt=\"Share\" class=\"linksalpha_image\" \/>\n\t\t\t\t\t<\/a><script type=\"text\/javascript\" src=\"\/\/www.linksalpha.com\/scripts\/loader_iconbox.js?v=2.4\"><\/script><\/span><\/div>","protected":false},"excerpt":{"rendered":"\n\t\t\t\t<div class=\"mr_social_sharing_wrapper\">\n\t\t\t\t<!-- Social Sharing Toolkit v2.2 --><span class=\"mr_social_sharing_top\"><span style=\"display: inline-block; width: 55px; height: 62px; overflow: hidden;\"><div class=\"fb-like\" data-href=\"http:\/\/www.blogdopilako.com.br\/wp\/2022\/10\/06\/a-pec-das-domesticas-por-historia_em_retalhos\/\" data-send=\"false\" data-layout=\"box_count\" data-width=\"55\" data-show-faces=\"false\"><\/div><\/span><\/span><span class=\"mr_social_sharing_top\"><fb:share-button type=\"box_count\" href=\"http:\/\/www.blogdopilako.com.br\/wp\/2022\/10\/06\/a-pec-das-domesticas-por-historia_em_retalhos\/\"><\/fb:share-button><\/span><span class=\"mr_social_sharing\"><a rel=\"nofollow\" class=\"linksalpha_button linksalpha_link\" href=\"\/\/www.linksalpha.com\/social\/mobile\" data-url=\"http:\/\/www.blogdopilako.com.br\/wp\/2022\/10\/06\/a-pec-das-domesticas-por-historia_em_retalhos\/\" data-text=\"A PEC das dom\u00e9sticas \u2013 por historia_em_retalhos.\" data-desc=\"H\u00e1 09 anos, em abril de 2013, era aprovada a Emenda \u00e0 Constitui\u00e7\u00e3o que estendeu aos dom\u00e9sticos os mesmos direitos j\u00e1 garantidos aos demais trabalhadores regidos pela CLT. \u00c0 \u00e9poca, setores da sociedade brasileira reagiram \u00e0 proposta de equipara\u00e7\u00e3o, sob os mais variados argumentos.\" data-image=\"\" data-button=\"none\">\n\t\t\t\t\t<img src=\"\/\/www.linksalpha.com\/images\/social_share_button.png\" alt=\"Share\" class=\"linksalpha_image\" \/>\n\t\t\t\t\t<\/a><script type=\"text\/javascript\" src=\"\/\/www.linksalpha.com\/scripts\/loader_iconbox.js?v=2.4\"><\/script><\/span><\/div><p>H\u00e1 09 anos, em abril de 2013, era aprovada a Emenda \u00e0 Constitui\u00e7\u00e3o que estendeu aos dom\u00e9sticos os mesmos direitos j\u00e1 garantidos aos demais trabalhadores regidos pela CLT. \u00c0 \u00e9poca, setores da sociedade brasileira reagiram \u00e0 proposta de equipara\u00e7\u00e3o, sob &hellip; <a href=\"http:\/\/www.blogdopilako.com.br\/wp\/2022\/10\/06\/a-pec-das-domesticas-por-historia_em_retalhos\/\">Continue lendo <span class=\"meta-nav\">&rarr;<\/span><\/a><\/p>\n\n\t\t\t\t<div class=\"mr_social_sharing_wrapper\">\n\t\t\t\t<!-- Social Sharing Toolkit v2.2 --><span class=\"mr_social_sharing_top\"><span style=\"display: inline-block; width: 55px; height: 62px; overflow: hidden;\"><div class=\"fb-like\" data-href=\"http:\/\/www.blogdopilako.com.br\/wp\/2022\/10\/06\/a-pec-das-domesticas-por-historia_em_retalhos\/\" data-send=\"false\" data-layout=\"box_count\" data-width=\"55\" data-show-faces=\"false\"><\/div><\/span><\/span><span class=\"mr_social_sharing_top\"><fb:share-button type=\"box_count\" href=\"http:\/\/www.blogdopilako.com.br\/wp\/2022\/10\/06\/a-pec-das-domesticas-por-historia_em_retalhos\/\"><\/fb:share-button><\/span><span class=\"mr_social_sharing\"><a rel=\"nofollow\" class=\"linksalpha_button linksalpha_link\" href=\"\/\/www.linksalpha.com\/social\/mobile\" data-url=\"http:\/\/www.blogdopilako.com.br\/wp\/2022\/10\/06\/a-pec-das-domesticas-por-historia_em_retalhos\/\" data-text=\"A PEC das dom\u00e9sticas \u2013 por historia_em_retalhos.\" data-desc=\"H\u00e1 09 anos, em abril de 2013, era aprovada a Emenda \u00e0 Constitui\u00e7\u00e3o que estendeu aos dom\u00e9sticos os mesmos direitos j\u00e1 garantidos aos demais trabalhadores regidos pela CLT. \u00c0 \u00e9poca, setores da sociedade brasileira reagiram \u00e0 proposta de equipara\u00e7\u00e3o, sob os mais variados argumentos.\" data-image=\"\" data-button=\"none\">\n\t\t\t\t\t<img src=\"\/\/www.linksalpha.com\/images\/social_share_button.png\" alt=\"Share\" class=\"linksalpha_image\" \/>\n\t\t\t\t\t<\/a><script type=\"text\/javascript\" src=\"\/\/www.linksalpha.com\/scripts\/loader_iconbox.js?v=2.4\"><\/script><\/span><\/div>","protected":false},"author":2,"featured_media":0,"comment_status":"open","ping_status":"open","sticky":false,"template":"","format":"standard","meta":[],"categories":[21],"tags":[],"_links":{"self":[{"href":"http:\/\/www.blogdopilako.com.br\/wp\/wp-json\/wp\/v2\/posts\/138595"}],"collection":[{"href":"http:\/\/www.blogdopilako.com.br\/wp\/wp-json\/wp\/v2\/posts"}],"about":[{"href":"http:\/\/www.blogdopilako.com.br\/wp\/wp-json\/wp\/v2\/types\/post"}],"author":[{"embeddable":true,"href":"http:\/\/www.blogdopilako.com.br\/wp\/wp-json\/wp\/v2\/users\/2"}],"replies":[{"embeddable":true,"href":"http:\/\/www.blogdopilako.com.br\/wp\/wp-json\/wp\/v2\/comments?post=138595"}],"version-history":[{"count":1,"href":"http:\/\/www.blogdopilako.com.br\/wp\/wp-json\/wp\/v2\/posts\/138595\/revisions"}],"predecessor-version":[{"id":138598,"href":"http:\/\/www.blogdopilako.com.br\/wp\/wp-json\/wp\/v2\/posts\/138595\/revisions\/138598"}],"wp:attachment":[{"href":"http:\/\/www.blogdopilako.com.br\/wp\/wp-json\/wp\/v2\/media?parent=138595"}],"wp:term":[{"taxonomy":"category","embeddable":true,"href":"http:\/\/www.blogdopilako.com.br\/wp\/wp-json\/wp\/v2\/categories?post=138595"},{"taxonomy":"post_tag","embeddable":true,"href":"http:\/\/www.blogdopilako.com.br\/wp\/wp-json\/wp\/v2\/tags?post=138595"}],"curies":[{"name":"wp","href":"https:\/\/api.w.org\/{rel}","templated":true}]}}