{"id":138585,"date":"2022-10-06T11:56:23","date_gmt":"2022-10-06T14:56:23","guid":{"rendered":"https:\/\/www.blogdopilako.com.br\/wp\/?p=138585"},"modified":"2022-10-06T17:19:41","modified_gmt":"2022-10-06T20:19:41","slug":"deputada-federal-iza-arruda-mais-uma-vitoria-do-prefeito-paulo-roberto","status":"publish","type":"post","link":"http:\/\/www.blogdopilako.com.br\/wp\/2022\/10\/06\/deputada-federal-iza-arruda-mais-uma-vitoria-do-prefeito-paulo-roberto\/","title":{"rendered":"Deputada federal Iza Arruda: mais uma vit\u00f3ria do prefeito Paulo Roberto!"},"content":{"rendered":"\n\t\t\t\t<div class=\"mr_social_sharing_wrapper\">\n\t\t\t\t<!-- Social Sharing Toolkit v2.2 --><span class=\"mr_social_sharing_top\"><span style=\"display: inline-block; width: 55px; height: 62px; overflow: hidden;\"><div class=\"fb-like\" data-href=\"http:\/\/www.blogdopilako.com.br\/wp\/2022\/10\/06\/deputada-federal-iza-arruda-mais-uma-vitoria-do-prefeito-paulo-roberto\/\" data-send=\"false\" data-layout=\"box_count\" data-width=\"55\" data-show-faces=\"false\"><\/div><\/span><\/span><span class=\"mr_social_sharing_top\"><fb:share-button type=\"box_count\" href=\"http:\/\/www.blogdopilako.com.br\/wp\/2022\/10\/06\/deputada-federal-iza-arruda-mais-uma-vitoria-do-prefeito-paulo-roberto\/\"><\/fb:share-button><\/span><span class=\"mr_social_sharing\"><a rel=\"nofollow\" class=\"linksalpha_button linksalpha_link\" href=\"\/\/www.linksalpha.com\/social\/mobile\" data-url=\"http:\/\/www.blogdopilako.com.br\/wp\/2022\/10\/06\/deputada-federal-iza-arruda-mais-uma-vitoria-do-prefeito-paulo-roberto\/\" data-text=\"Deputada federal Iza Arruda: mais uma vit\u00f3ria do prefeito Paulo Roberto!\" data-desc=\"Em mat\u00e9ria postada em nosso blog, recentemente, \u00a0pontuei que todos os prefeitos da Vit\u00f3ria de Santo Ant\u00e3o do s\u00e9culo XXI, enquanto gestores da Capital da Zona da Mata, n\u00e3o mediram esfor\u00e7os para ampliar o seu \u201cgrupo pol\u00edtico familiar\u201d. Cada qual\u00a0 ao seu modo e estilo\u00a0 promoveu\u00a0 \u00a0e\" data-image=\"http:\/\/www.blogdopilako.com.br\/wp\/wp-content\/uploads\/2022\/10\/85607861-30b8-4de7-9fa1-d764583d4536.jpg\" data-button=\"none\">\n\t\t\t\t\t<img src=\"\/\/www.linksalpha.com\/images\/social_share_button.png\" alt=\"Share\" class=\"linksalpha_image\" \/>\n\t\t\t\t\t<\/a><script type=\"text\/javascript\" src=\"\/\/www.linksalpha.com\/scripts\/loader_iconbox.js?v=2.4\"><\/script><\/span><\/div><p><img loading=\"lazy\" class=\"wp-image-138601 size-full alignright\" src=\"http:\/\/www.blogdopilako.com.br\/wp\/wp-content\/uploads\/2022\/10\/85607861-30b8-4de7-9fa1-d764583d4536.jpg\" alt=\"\" width=\"328\" height=\"390\" srcset=\"http:\/\/www.blogdopilako.com.br\/wp\/wp-content\/uploads\/2022\/10\/85607861-30b8-4de7-9fa1-d764583d4536.jpg 328w, http:\/\/www.blogdopilako.com.br\/wp\/wp-content\/uploads\/2022\/10\/85607861-30b8-4de7-9fa1-d764583d4536-252x300.jpg 252w\" sizes=\"(max-width: 328px) 100vw, 328px\" \/><\/p>\n<p style=\"text-align: justify;\">Em mat\u00e9ria postada em nosso blog, recentemente, \u00a0pontuei que todos os prefeitos da Vit\u00f3ria de Santo Ant\u00e3o do s\u00e9culo XXI, enquanto gestores da Capital da Zona da Mata, n\u00e3o mediram esfor\u00e7os para ampliar o seu \u201cgrupo pol\u00edtico familiar\u201d. Cada qual\u00a0 ao seu modo e estilo\u00a0 promoveu\u00a0 \u00a0e ampliou\u00a0 o seu o raio de atua\u00e7\u00e3o pol\u00edtica no estado, representado na figura e no sobrenome familiar.<\/p>\n<p style=\"text-align: justify;\"><strong>O Z\u00e9 do Povo, por exemplo,\u00a0<\/strong> elegeu o ent\u00e3o vereador Aglailson J\u00fanior ao cargo de deputado estadual. Os outros tr\u00eas prefeitos \u00a0seguintes \u2013 <strong>Elias Lira, Aglailson J\u00fanior e Paulo Roberto<\/strong> -, produziram e promoveram seus respectivos rebentos ao status de \u201clideran\u00e7as estaduais&#8221;. Vale lembrar que os tr\u00eas primeiros (prefeitos) j\u00e1 haviam ocupados espa\u00e7os no parlamento estadual, diferentemente\u00a0 do Paulo que, no cen\u00e1rio estadual pol\u00edtico,\u00a0 apenas havia disputado uma vaga de deputado federal, conseguindo assim\u00a0 abrir um \u201cespa\u00e7o novo\u201d,\u00a0 nesse caso,\u00a0 para\u00a0 a filha na C\u00e2mara Federal \u2013 tornando sua empreitada pol\u00edtica ainda mais destacada.,<\/p>\n<p style=\"text-align: justify;\">A vit\u00f3ria eleitoral da filha do prefeito Paulo Roberto ao cargo de deputada federal, no \u00faltimo pleito (2022), sem sombra de d\u00favida, recolocar nossa cidade no grande debate da geopol\u00edtica pernambucana. Atualmente temos tr\u00eas deputados estaduais e na pr\u00f3xima legislatura &#8211; al\u00e9m dos mesmos tr\u00eas &#8211;\u00a0 teremos\u00a0 tamb\u00e9m uma deputada federal. Isso n\u00e3o \u00e9 pouca coisa. N\u00e3o custa lembrar que cidades importantes como Caruaru e Petrolina (em \u00a02022) perderam representatividade nas duas casas legislativas.<\/p>\n<p style=\"text-align: justify;\">Para facilitar o trabalho dos historiadores \u2013 no futuro \u2013, no sentido da &#8220;leitura&#8221; dessa\u00a0 contundente e expressiva vit\u00f3ria nas urnas da postulante Iza Arruda, onde a mesma ultrapassou a robusta marca dos 100 mil votos no estado (103.950 \u2013 2,08%), devemos ser justos e ampliar o contexto em que ela (vit\u00f3ria) ocorreu.<\/p>\n<p><a href=\"http:\/\/www.blogdopilako.com.br\/wp\/wp-content\/uploads\/2022\/10\/IZA-ARRUDA-E-PAULO-ROBERTO.webp\"><img loading=\"lazy\" class=\"aligncenter wp-image-138602 size-full\" src=\"http:\/\/www.blogdopilako.com.br\/wp\/wp-content\/uploads\/2022\/10\/IZA-ARRUDA-E-PAULO-ROBERTO.webp\" alt=\"\" width=\"700\" height=\"467\" srcset=\"http:\/\/www.blogdopilako.com.br\/wp\/wp-content\/uploads\/2022\/10\/IZA-ARRUDA-E-PAULO-ROBERTO.webp 700w, http:\/\/www.blogdopilako.com.br\/wp\/wp-content\/uploads\/2022\/10\/IZA-ARRUDA-E-PAULO-ROBERTO-300x200.webp 300w, http:\/\/www.blogdopilako.com.br\/wp\/wp-content\/uploads\/2022\/10\/IZA-ARRUDA-E-PAULO-ROBERTO-450x300.webp 450w\" sizes=\"(max-width: 700px) 100vw, 700px\" \/><\/a>Ne\u00f3fita na atividade, a jovem senhora Iza Arruda foi uma aluna aplicada. No processo de constru\u00e7\u00e3o do \u201cpersonagem pol\u00edtico\u201d a mesma demonstrou uma compet\u00eancia sus generis, auto conhecimento e a melhor de todas as habilidades, ou seja: <strong>capacidade de transforma\u00e7\u00e3o pessoal e adapta\u00e7\u00e3o ao novo e impiedoso cen\u00e1rio pol\u00edtico.<\/strong> No mais, todos os louros pelo \u00eaxito eleitoral,\u00a0 dever\u00e3o ser creditados ao seu pai, <strong>o prefeito Paulo Roberto.<\/strong><\/p>\n<p style=\"text-align: justify;\">Do ponto de vista pol\u00edtico eleitoral, Paulo demonstrou uma \u00a0capacidade log\u00edstica acentuada,\u00a0 mesmo trope\u00e7ando inicialmente na escolha do \u201cseu governador\u201d. Em 2018, ao entrar nessa mesma disputa (deputado federal) &#8211; <strong>conseguindo a 2\u00aa supl\u00eancia no partido (40.742 \u2013 0,92%)<\/strong> \u00a0&#8211;\u00a0 \u00a0Paulo\u00a0 j\u00e1 havia demonstrado\u00a0 um forte perfil no quesito competividade.<\/p>\n<p style=\"text-align: justify;\">Sim! Mas como um candidato competitivo poderia repassar &#8211; 4 anos depois &#8211; mais do que o dobro dos votos que recebeu? \u00c9 a\u00ed que devemos ser justos,\u00a0 mais uma vez!<\/p>\n<p style=\"text-align: justify;\">Na pol\u00edtica existe uma palavra que vai muito al\u00e9m da sua tradu\u00e7\u00e3o sem\u00e2ntica, ou seja: <strong>estrutura<\/strong>. Essa \u00e9 palavra &#8220;m\u00e1gica&#8221; e o principal combust\u00edvel para uma campanha estadualizada, isto \u00e9: abre portas de gregos e troianos, dos amigos e inimigos, dos conhecidos e desconhecidos&#8230;e etc.<\/p>\n<p style=\"text-align: justify;\">N\u00e3o podemos ser ing\u00eanuos ao ponto de imaginar que lideran\u00e7as de outras cidades (&#8220;cobras criadas&#8221;)\u00a0 mergulharam na campanha da ilustre desconhecida Iza Arruda apenas por encantamento ao seu discurso, ou mesmo por acreditarem que suas respectivas cidades seriam agraciadas por um mot\u00e3o recursos do Governo Federal. <strong>N\u00e3o! N\u00e3o \u00e9 bem assim que as coisas acontecem nesse mundo pr\u00f3prio da pol\u00edtica&#8230;<\/strong><\/p>\n<p style=\"text-align: justify;\">Mas independente de qualquer coisa a vit\u00f3ria eleitoral e pol\u00edtica aconteceram. E isso \u00e9\u00a0 uma sinaliza\u00e7\u00e3o importante para e tamb\u00e9m ao\u00a0 eleitorado antonense, no sentido do pr\u00f3ximo pleito municipal, no qual\u00a0 o atual prefeito dever\u00e1 se colocar como candidato \u00e0 reelei\u00e7\u00e3o. Mas enquanto 2024 n\u00e3o chega,\u00a0 do ponto de vista da pol\u00edtica estadual e federal,\u00a0 acredito que pelo menos duas mudan\u00e7as dever\u00e3o acontecer:<\/p>\n<p><img loading=\"lazy\" class=\"size-medium wp-image-138604 alignleft\" src=\"http:\/\/www.blogdopilako.com.br\/wp\/wp-content\/uploads\/2022\/10\/20140425_145416-1-300x169.jpg\" alt=\"\" width=\"300\" height=\"169\" srcset=\"http:\/\/www.blogdopilako.com.br\/wp\/wp-content\/uploads\/2022\/10\/20140425_145416-1-300x169.jpg 300w, http:\/\/www.blogdopilako.com.br\/wp\/wp-content\/uploads\/2022\/10\/20140425_145416-1-1024x576.jpg 1024w, http:\/\/www.blogdopilako.com.br\/wp\/wp-content\/uploads\/2022\/10\/20140425_145416-1-768x432.jpg 768w, http:\/\/www.blogdopilako.com.br\/wp\/wp-content\/uploads\/2022\/10\/20140425_145416-1-500x281.jpg 500w, http:\/\/www.blogdopilako.com.br\/wp\/wp-content\/uploads\/2022\/10\/20140425_145416-1.jpg 1280w\" sizes=\"(max-width: 300px) 100vw, 300px\" \/><\/p>\n<p style=\"text-align: justify;\">1\u00aa \u2013 os recursos e a aten\u00e7\u00e3o, provenientes do mandato de deputada federal Iza Arruda, obrigatoriamente dever\u00e3o ser aplicados de maneira proporcional ao mapa geopol\u00edtico da sua vota\u00e7\u00e3o, ou seja: algo<strong> em torno de 30% s\u00f3 em Vit\u00f3ria. Lembremos que foi na Rep\u00fablica das Tabocas que a mesma fora agraciada com 42,37% dos votos v\u00e1lidos (31,987) ou cerca de 30% do total da sua vota\u00e7\u00e3o.<\/strong><\/p>\n<p style=\"text-align: justify;\">2\u00aa \u2013 inevitavelmente, com a vit\u00f3ria de Iza e a n\u00e3o reelei\u00e7\u00e3o do atual deputado federal e presidente do <strong>MDB estadual, Raul Henry,<\/strong> o comando do partido dever\u00e1 ser compartilhado com os atores locais, ou seja: o prefeito Paulo Roberto <strong>e o presidente municipal da sigla, Alexandre Ferrer.<\/strong><\/p>\n<p style=\"text-align: justify;\"><strong>Portanto, essas s\u00e3o algumas das minhas impress\u00f5es quanto ao resultado do \u00faltimo pleito, no que se refere \u00e0 dilatada vit\u00f3ria nas urnas da deputada federal Iza Arruda. Desejamos a mesma e aos que com ela dever\u00e3o trabalhar, serenidade e sucesso!<\/strong><\/p>\n<p style=\"text-align: justify;\"><img loading=\"lazy\" class=\"aligncenter wp-image-138596 size-large\" src=\"http:\/\/www.blogdopilako.com.br\/wp\/wp-content\/uploads\/2022\/10\/Pix-arte-final-2-10-1024x401.png\" alt=\"\" width=\"584\" height=\"229\" srcset=\"http:\/\/www.blogdopilako.com.br\/wp\/wp-content\/uploads\/2022\/10\/Pix-arte-final-2-10-1024x401.png 1024w, http:\/\/www.blogdopilako.com.br\/wp\/wp-content\/uploads\/2022\/10\/Pix-arte-final-2-10-300x117.png 300w, http:\/\/www.blogdopilako.com.br\/wp\/wp-content\/uploads\/2022\/10\/Pix-arte-final-2-10-768x301.png 768w, http:\/\/www.blogdopilako.com.br\/wp\/wp-content\/uploads\/2022\/10\/Pix-arte-final-2-10-1536x601.png 1536w, http:\/\/www.blogdopilako.com.br\/wp\/wp-content\/uploads\/2022\/10\/Pix-arte-final-2-10-2048x802.png 2048w, http:\/\/www.blogdopilako.com.br\/wp\/wp-content\/uploads\/2022\/10\/Pix-arte-final-2-10-500x196.png 500w\" sizes=\"(max-width: 584px) 100vw, 584px\" \/><\/p>\n<p style=\"text-align: justify;\">\n\n\t\t\t\t<div class=\"mr_social_sharing_wrapper\">\n\t\t\t\t<!-- Social Sharing Toolkit v2.2 --><span class=\"mr_social_sharing_top\"><span style=\"display: inline-block; width: 55px; height: 62px; overflow: hidden;\"><div class=\"fb-like\" data-href=\"http:\/\/www.blogdopilako.com.br\/wp\/2022\/10\/06\/deputada-federal-iza-arruda-mais-uma-vitoria-do-prefeito-paulo-roberto\/\" data-send=\"false\" data-layout=\"box_count\" data-width=\"55\" data-show-faces=\"false\"><\/div><\/span><\/span><span class=\"mr_social_sharing_top\"><fb:share-button type=\"box_count\" href=\"http:\/\/www.blogdopilako.com.br\/wp\/2022\/10\/06\/deputada-federal-iza-arruda-mais-uma-vitoria-do-prefeito-paulo-roberto\/\"><\/fb:share-button><\/span><span class=\"mr_social_sharing\"><a rel=\"nofollow\" class=\"linksalpha_button linksalpha_link\" href=\"\/\/www.linksalpha.com\/social\/mobile\" data-url=\"http:\/\/www.blogdopilako.com.br\/wp\/2022\/10\/06\/deputada-federal-iza-arruda-mais-uma-vitoria-do-prefeito-paulo-roberto\/\" data-text=\"Deputada federal Iza Arruda: mais uma vit\u00f3ria do prefeito Paulo Roberto!\" data-desc=\"Em mat\u00e9ria postada em nosso blog, recentemente, \u00a0pontuei que todos os prefeitos da Vit\u00f3ria de Santo Ant\u00e3o do s\u00e9culo XXI, enquanto gestores da Capital da Zona da Mata, n\u00e3o mediram esfor\u00e7os para ampliar o seu \u201cgrupo pol\u00edtico familiar\u201d. Cada qual\u00a0 ao seu modo e estilo\u00a0 promoveu\u00a0 \u00a0e\" data-image=\"http:\/\/www.blogdopilako.com.br\/wp\/wp-content\/uploads\/2022\/10\/85607861-30b8-4de7-9fa1-d764583d4536.jpg\" data-button=\"none\">\n\t\t\t\t\t<img src=\"\/\/www.linksalpha.com\/images\/social_share_button.png\" alt=\"Share\" class=\"linksalpha_image\" \/>\n\t\t\t\t\t<\/a><script type=\"text\/javascript\" src=\"\/\/www.linksalpha.com\/scripts\/loader_iconbox.js?v=2.4\"><\/script><\/span><\/div>","protected":false},"excerpt":{"rendered":"\n\t\t\t\t<div class=\"mr_social_sharing_wrapper\">\n\t\t\t\t<!-- Social Sharing Toolkit v2.2 --><span class=\"mr_social_sharing_top\"><span style=\"display: inline-block; width: 55px; height: 62px; overflow: hidden;\"><div class=\"fb-like\" data-href=\"http:\/\/www.blogdopilako.com.br\/wp\/2022\/10\/06\/deputada-federal-iza-arruda-mais-uma-vitoria-do-prefeito-paulo-roberto\/\" data-send=\"false\" data-layout=\"box_count\" data-width=\"55\" data-show-faces=\"false\"><\/div><\/span><\/span><span class=\"mr_social_sharing_top\"><fb:share-button type=\"box_count\" href=\"http:\/\/www.blogdopilako.com.br\/wp\/2022\/10\/06\/deputada-federal-iza-arruda-mais-uma-vitoria-do-prefeito-paulo-roberto\/\"><\/fb:share-button><\/span><span class=\"mr_social_sharing\"><a rel=\"nofollow\" class=\"linksalpha_button linksalpha_link\" href=\"\/\/www.linksalpha.com\/social\/mobile\" data-url=\"http:\/\/www.blogdopilako.com.br\/wp\/2022\/10\/06\/deputada-federal-iza-arruda-mais-uma-vitoria-do-prefeito-paulo-roberto\/\" data-text=\"Deputada federal Iza Arruda: mais uma vit\u00f3ria do prefeito Paulo Roberto!\" data-desc=\"Em mat\u00e9ria postada em nosso blog, recentemente, \u00a0pontuei que todos os prefeitos da Vit\u00f3ria de Santo Ant\u00e3o do s\u00e9culo XXI, enquanto gestores da Capital da Zona da Mata, n\u00e3o mediram esfor\u00e7os para ampliar o seu \u201cgrupo pol\u00edtico familiar\u201d. Cada qual\u00a0 ao seu modo e estilo\u00a0 promoveu\u00a0 \u00a0e\" data-image=\"\" data-button=\"none\">\n\t\t\t\t\t<img src=\"\/\/www.linksalpha.com\/images\/social_share_button.png\" alt=\"Share\" class=\"linksalpha_image\" \/>\n\t\t\t\t\t<\/a><script type=\"text\/javascript\" src=\"\/\/www.linksalpha.com\/scripts\/loader_iconbox.js?v=2.4\"><\/script><\/span><\/div><p>Em mat\u00e9ria postada em nosso blog, recentemente, \u00a0pontuei que todos os prefeitos da Vit\u00f3ria de Santo Ant\u00e3o do s\u00e9culo XXI, enquanto gestores da Capital da Zona da Mata, n\u00e3o mediram esfor\u00e7os para ampliar o seu \u201cgrupo pol\u00edtico familiar\u201d. Cada qual\u00a0 &hellip; <a href=\"http:\/\/www.blogdopilako.com.br\/wp\/2022\/10\/06\/deputada-federal-iza-arruda-mais-uma-vitoria-do-prefeito-paulo-roberto\/\">Continue lendo <span class=\"meta-nav\">&rarr;<\/span><\/a><\/p>\n\n\t\t\t\t<div class=\"mr_social_sharing_wrapper\">\n\t\t\t\t<!-- Social Sharing Toolkit v2.2 --><span class=\"mr_social_sharing_top\"><span style=\"display: inline-block; width: 55px; height: 62px; overflow: hidden;\"><div class=\"fb-like\" data-href=\"http:\/\/www.blogdopilako.com.br\/wp\/2022\/10\/06\/deputada-federal-iza-arruda-mais-uma-vitoria-do-prefeito-paulo-roberto\/\" data-send=\"false\" data-layout=\"box_count\" data-width=\"55\" data-show-faces=\"false\"><\/div><\/span><\/span><span class=\"mr_social_sharing_top\"><fb:share-button type=\"box_count\" href=\"http:\/\/www.blogdopilako.com.br\/wp\/2022\/10\/06\/deputada-federal-iza-arruda-mais-uma-vitoria-do-prefeito-paulo-roberto\/\"><\/fb:share-button><\/span><span class=\"mr_social_sharing\"><a rel=\"nofollow\" class=\"linksalpha_button linksalpha_link\" href=\"\/\/www.linksalpha.com\/social\/mobile\" data-url=\"http:\/\/www.blogdopilako.com.br\/wp\/2022\/10\/06\/deputada-federal-iza-arruda-mais-uma-vitoria-do-prefeito-paulo-roberto\/\" data-text=\"Deputada federal Iza Arruda: mais uma vit\u00f3ria do prefeito Paulo Roberto!\" data-desc=\"Em mat\u00e9ria postada em nosso blog, recentemente, \u00a0pontuei que todos os prefeitos da Vit\u00f3ria de Santo Ant\u00e3o do s\u00e9culo XXI, enquanto gestores da Capital da Zona da Mata, n\u00e3o mediram esfor\u00e7os para ampliar o seu \u201cgrupo pol\u00edtico familiar\u201d. Cada qual\u00a0 ao seu modo e estilo\u00a0 promoveu\u00a0 \u00a0e\" data-image=\"\" data-button=\"none\">\n\t\t\t\t\t<img src=\"\/\/www.linksalpha.com\/images\/social_share_button.png\" alt=\"Share\" class=\"linksalpha_image\" \/>\n\t\t\t\t\t<\/a><script type=\"text\/javascript\" src=\"\/\/www.linksalpha.com\/scripts\/loader_iconbox.js?v=2.4\"><\/script><\/span><\/div>","protected":false},"author":2,"featured_media":0,"comment_status":"open","ping_status":"open","sticky":false,"template":"","format":"standard","meta":[],"categories":[21],"tags":[],"_links":{"self":[{"href":"http:\/\/www.blogdopilako.com.br\/wp\/wp-json\/wp\/v2\/posts\/138585"}],"collection":[{"href":"http:\/\/www.blogdopilako.com.br\/wp\/wp-json\/wp\/v2\/posts"}],"about":[{"href":"http:\/\/www.blogdopilako.com.br\/wp\/wp-json\/wp\/v2\/types\/post"}],"author":[{"embeddable":true,"href":"http:\/\/www.blogdopilako.com.br\/wp\/wp-json\/wp\/v2\/users\/2"}],"replies":[{"embeddable":true,"href":"http:\/\/www.blogdopilako.com.br\/wp\/wp-json\/wp\/v2\/comments?post=138585"}],"version-history":[{"count":8,"href":"http:\/\/www.blogdopilako.com.br\/wp\/wp-json\/wp\/v2\/posts\/138585\/revisions"}],"predecessor-version":[{"id":138610,"href":"http:\/\/www.blogdopilako.com.br\/wp\/wp-json\/wp\/v2\/posts\/138585\/revisions\/138610"}],"wp:attachment":[{"href":"http:\/\/www.blogdopilako.com.br\/wp\/wp-json\/wp\/v2\/media?parent=138585"}],"wp:term":[{"taxonomy":"category","embeddable":true,"href":"http:\/\/www.blogdopilako.com.br\/wp\/wp-json\/wp\/v2\/categories?post=138585"},{"taxonomy":"post_tag","embeddable":true,"href":"http:\/\/www.blogdopilako.com.br\/wp\/wp-json\/wp\/v2\/tags?post=138585"}],"curies":[{"name":"wp","href":"https:\/\/api.w.org\/{rel}","templated":true}]}}