{"id":138072,"date":"2022-08-26T10:07:51","date_gmt":"2022-08-26T13:07:51","guid":{"rendered":"https:\/\/www.blogdopilako.com.br\/wp\/?p=138072"},"modified":"2022-08-26T10:12:45","modified_gmt":"2022-08-26T13:12:45","slug":"professor-edivaldo-uma-triste-noticia-para-sociedade-antonense","status":"publish","type":"post","link":"http:\/\/www.blogdopilako.com.br\/wp\/2022\/08\/26\/professor-edivaldo-uma-triste-noticia-para-sociedade-antonense\/","title":{"rendered":"Professor Edivaldo: uma triste not\u00edcia para sociedade antonense&#8230;&#8230;"},"content":{"rendered":"\n\t\t\t\t<div class=\"mr_social_sharing_wrapper\">\n\t\t\t\t<!-- Social Sharing Toolkit v2.2 --><span class=\"mr_social_sharing_top\"><span style=\"display: inline-block; width: 55px; height: 62px; overflow: hidden;\"><div class=\"fb-like\" data-href=\"http:\/\/www.blogdopilako.com.br\/wp\/2022\/08\/26\/professor-edivaldo-uma-triste-noticia-para-sociedade-antonense\/\" data-send=\"false\" data-layout=\"box_count\" data-width=\"55\" data-show-faces=\"false\"><\/div><\/span><\/span><span class=\"mr_social_sharing_top\"><fb:share-button type=\"box_count\" href=\"http:\/\/www.blogdopilako.com.br\/wp\/2022\/08\/26\/professor-edivaldo-uma-triste-noticia-para-sociedade-antonense\/\"><\/fb:share-button><\/span><span class=\"mr_social_sharing\"><a rel=\"nofollow\" class=\"linksalpha_button linksalpha_link\" href=\"\/\/www.linksalpha.com\/social\/mobile\" data-url=\"http:\/\/www.blogdopilako.com.br\/wp\/2022\/08\/26\/professor-edivaldo-uma-triste-noticia-para-sociedade-antonense\/\" data-text=\"Professor Edivaldo: uma triste not\u00edcia para sociedade antonense\u2026\u2026\" data-desc=\"Foi com espanto que, atrav\u00e9s das redes sociais, ontem (25), tomei conhecimento da tr\u00e1gica morte do jovem professor Edivaldo. Desde sempre o conhecia como membro atuante da diretoria da tro\u00e7a carnavalesca \u201cO Pereirinha\u201d, mas sua atua\u00e7\u00e3o na sociedade se materializava de maneira muito mais\" data-image=\"http:\/\/www.blogdopilako.com.br\/wp\/wp-content\/uploads\/2022\/08\/3d257508-9ba1-453b-b3dc-c0285983d098.jpg\" data-button=\"none\">\n\t\t\t\t\t<img src=\"\/\/www.linksalpha.com\/images\/social_share_button.png\" alt=\"Share\" class=\"linksalpha_image\" \/>\n\t\t\t\t\t<\/a><script type=\"text\/javascript\" src=\"\/\/www.linksalpha.com\/scripts\/loader_iconbox.js?v=2.4\"><\/script><\/span><\/div><p><img loading=\"lazy\" class=\"aligncenter wp-image-138074 size-full\" src=\"http:\/\/www.blogdopilako.com.br\/wp\/wp-content\/uploads\/2022\/08\/3d257508-9ba1-453b-b3dc-c0285983d098.jpg\" alt=\"\" width=\"578\" height=\"435\" srcset=\"http:\/\/www.blogdopilako.com.br\/wp\/wp-content\/uploads\/2022\/08\/3d257508-9ba1-453b-b3dc-c0285983d098.jpg 578w, http:\/\/www.blogdopilako.com.br\/wp\/wp-content\/uploads\/2022\/08\/3d257508-9ba1-453b-b3dc-c0285983d098-300x226.jpg 300w, http:\/\/www.blogdopilako.com.br\/wp\/wp-content\/uploads\/2022\/08\/3d257508-9ba1-453b-b3dc-c0285983d098-399x300.jpg 399w\" sizes=\"(max-width: 578px) 100vw, 578px\" \/><\/p>\n<p style=\"text-align: justify;\">Foi com espanto que, atrav\u00e9s das redes sociais, ontem (25), tomei conhecimento da tr\u00e1gica morte do jovem <strong>professor Edivaldo<\/strong>. Desde sempre o conhecia como membro atuante da diretoria da <strong>tro\u00e7a carnavalesca \u201cO Pereirinha\u201d,<\/strong> mas sua atua\u00e7\u00e3o na sociedade se materializava de maneira muito mais ampla. Na Igreja, na pol\u00edtica, na educa\u00e7\u00e3o, nos movimentos culturais e etc l\u00e1 estava o Edivaldo, sempre atencioso, correto e proativo.<\/p>\n<p style=\"text-align: justify;\">Com a sua precoce partida do mundo dos vivos fica-nos a certeza de que a sociedade antonense empobreceu. <strong>Edivaldo era um sujeito\u00a0 \u201csangue bom\u201d que dignificava a esp\u00e9cie que aprendemos chamar de &#8220;humana&#8221;.<\/strong> A vida \u00e9 um sopro! Que Deus conforte seus familiares e amigos mais pr\u00f3ximos,\u00a0 nesse momento de dor aguda.<\/p>\n<p><img loading=\"lazy\" class=\"aligncenter wp-image-138073 size-large\" src=\"http:\/\/www.blogdopilako.com.br\/wp\/wp-content\/uploads\/2022\/08\/Pix-arte-final-2-50-1024x401.png\" alt=\"\" width=\"584\" height=\"229\" srcset=\"http:\/\/www.blogdopilako.com.br\/wp\/wp-content\/uploads\/2022\/08\/Pix-arte-final-2-50-1024x401.png 1024w, http:\/\/www.blogdopilako.com.br\/wp\/wp-content\/uploads\/2022\/08\/Pix-arte-final-2-50-300x117.png 300w, http:\/\/www.blogdopilako.com.br\/wp\/wp-content\/uploads\/2022\/08\/Pix-arte-final-2-50-768x301.png 768w, http:\/\/www.blogdopilako.com.br\/wp\/wp-content\/uploads\/2022\/08\/Pix-arte-final-2-50-1536x601.png 1536w, http:\/\/www.blogdopilako.com.br\/wp\/wp-content\/uploads\/2022\/08\/Pix-arte-final-2-50-2048x802.png 2048w, http:\/\/www.blogdopilako.com.br\/wp\/wp-content\/uploads\/2022\/08\/Pix-arte-final-2-50-500x196.png 500w\" sizes=\"(max-width: 584px) 100vw, 584px\" \/><\/p>\n\n\t\t\t\t<div class=\"mr_social_sharing_wrapper\">\n\t\t\t\t<!-- Social Sharing Toolkit v2.2 --><span class=\"mr_social_sharing_top\"><span style=\"display: inline-block; width: 55px; height: 62px; overflow: hidden;\"><div class=\"fb-like\" data-href=\"http:\/\/www.blogdopilako.com.br\/wp\/2022\/08\/26\/professor-edivaldo-uma-triste-noticia-para-sociedade-antonense\/\" data-send=\"false\" data-layout=\"box_count\" data-width=\"55\" data-show-faces=\"false\"><\/div><\/span><\/span><span class=\"mr_social_sharing_top\"><fb:share-button type=\"box_count\" href=\"http:\/\/www.blogdopilako.com.br\/wp\/2022\/08\/26\/professor-edivaldo-uma-triste-noticia-para-sociedade-antonense\/\"><\/fb:share-button><\/span><span class=\"mr_social_sharing\"><a rel=\"nofollow\" class=\"linksalpha_button linksalpha_link\" href=\"\/\/www.linksalpha.com\/social\/mobile\" data-url=\"http:\/\/www.blogdopilako.com.br\/wp\/2022\/08\/26\/professor-edivaldo-uma-triste-noticia-para-sociedade-antonense\/\" data-text=\"Professor Edivaldo: uma triste not\u00edcia para sociedade antonense\u2026\u2026\" data-desc=\"Foi com espanto que, atrav\u00e9s das redes sociais, ontem (25), tomei conhecimento da tr\u00e1gica morte do jovem professor Edivaldo. Desde sempre o conhecia como membro atuante da diretoria da tro\u00e7a carnavalesca \u201cO Pereirinha\u201d, mas sua atua\u00e7\u00e3o na sociedade se materializava de maneira muito mais\" data-image=\"http:\/\/www.blogdopilako.com.br\/wp\/wp-content\/uploads\/2022\/08\/3d257508-9ba1-453b-b3dc-c0285983d098.jpg\" data-button=\"none\">\n\t\t\t\t\t<img src=\"\/\/www.linksalpha.com\/images\/social_share_button.png\" alt=\"Share\" class=\"linksalpha_image\" \/>\n\t\t\t\t\t<\/a><script type=\"text\/javascript\" src=\"\/\/www.linksalpha.com\/scripts\/loader_iconbox.js?v=2.4\"><\/script><\/span><\/div>","protected":false},"excerpt":{"rendered":"\n\t\t\t\t<div class=\"mr_social_sharing_wrapper\">\n\t\t\t\t<!-- Social Sharing Toolkit v2.2 --><span class=\"mr_social_sharing_top\"><span style=\"display: inline-block; width: 55px; height: 62px; overflow: hidden;\"><div class=\"fb-like\" data-href=\"http:\/\/www.blogdopilako.com.br\/wp\/2022\/08\/26\/professor-edivaldo-uma-triste-noticia-para-sociedade-antonense\/\" data-send=\"false\" data-layout=\"box_count\" data-width=\"55\" data-show-faces=\"false\"><\/div><\/span><\/span><span class=\"mr_social_sharing_top\"><fb:share-button type=\"box_count\" href=\"http:\/\/www.blogdopilako.com.br\/wp\/2022\/08\/26\/professor-edivaldo-uma-triste-noticia-para-sociedade-antonense\/\"><\/fb:share-button><\/span><span class=\"mr_social_sharing\"><a rel=\"nofollow\" class=\"linksalpha_button linksalpha_link\" href=\"\/\/www.linksalpha.com\/social\/mobile\" data-url=\"http:\/\/www.blogdopilako.com.br\/wp\/2022\/08\/26\/professor-edivaldo-uma-triste-noticia-para-sociedade-antonense\/\" data-text=\"Professor Edivaldo: uma triste not\u00edcia para sociedade antonense\u2026\u2026\" data-desc=\"Foi com espanto que, atrav\u00e9s das redes sociais, ontem (25), tomei conhecimento da tr\u00e1gica morte do jovem professor Edivaldo. Desde sempre o conhecia como membro atuante da diretoria da tro\u00e7a carnavalesca \u201cO Pereirinha\u201d, mas sua atua\u00e7\u00e3o na sociedade se materializava de maneira muito mais\" data-image=\"\" data-button=\"none\">\n\t\t\t\t\t<img src=\"\/\/www.linksalpha.com\/images\/social_share_button.png\" alt=\"Share\" class=\"linksalpha_image\" \/>\n\t\t\t\t\t<\/a><script type=\"text\/javascript\" src=\"\/\/www.linksalpha.com\/scripts\/loader_iconbox.js?v=2.4\"><\/script><\/span><\/div><p>Foi com espanto que, atrav\u00e9s das redes sociais, ontem (25), tomei conhecimento da tr\u00e1gica morte do jovem professor Edivaldo. Desde sempre o conhecia como membro atuante da diretoria da tro\u00e7a carnavalesca \u201cO Pereirinha\u201d, mas sua atua\u00e7\u00e3o na sociedade se materializava &hellip; <a href=\"http:\/\/www.blogdopilako.com.br\/wp\/2022\/08\/26\/professor-edivaldo-uma-triste-noticia-para-sociedade-antonense\/\">Continue lendo <span class=\"meta-nav\">&rarr;<\/span><\/a><\/p>\n\n\t\t\t\t<div class=\"mr_social_sharing_wrapper\">\n\t\t\t\t<!-- Social Sharing Toolkit v2.2 --><span class=\"mr_social_sharing_top\"><span style=\"display: inline-block; width: 55px; height: 62px; overflow: hidden;\"><div class=\"fb-like\" data-href=\"http:\/\/www.blogdopilako.com.br\/wp\/2022\/08\/26\/professor-edivaldo-uma-triste-noticia-para-sociedade-antonense\/\" data-send=\"false\" data-layout=\"box_count\" data-width=\"55\" data-show-faces=\"false\"><\/div><\/span><\/span><span class=\"mr_social_sharing_top\"><fb:share-button type=\"box_count\" href=\"http:\/\/www.blogdopilako.com.br\/wp\/2022\/08\/26\/professor-edivaldo-uma-triste-noticia-para-sociedade-antonense\/\"><\/fb:share-button><\/span><span class=\"mr_social_sharing\"><a rel=\"nofollow\" class=\"linksalpha_button linksalpha_link\" href=\"\/\/www.linksalpha.com\/social\/mobile\" data-url=\"http:\/\/www.blogdopilako.com.br\/wp\/2022\/08\/26\/professor-edivaldo-uma-triste-noticia-para-sociedade-antonense\/\" data-text=\"Professor Edivaldo: uma triste not\u00edcia para sociedade antonense\u2026\u2026\" data-desc=\"Foi com espanto que, atrav\u00e9s das redes sociais, ontem (25), tomei conhecimento da tr\u00e1gica morte do jovem professor Edivaldo. Desde sempre o conhecia como membro atuante da diretoria da tro\u00e7a carnavalesca \u201cO Pereirinha\u201d, mas sua atua\u00e7\u00e3o na sociedade se materializava de maneira muito mais\" data-image=\"\" data-button=\"none\">\n\t\t\t\t\t<img src=\"\/\/www.linksalpha.com\/images\/social_share_button.png\" alt=\"Share\" class=\"linksalpha_image\" \/>\n\t\t\t\t\t<\/a><script type=\"text\/javascript\" src=\"\/\/www.linksalpha.com\/scripts\/loader_iconbox.js?v=2.4\"><\/script><\/span><\/div>","protected":false},"author":2,"featured_media":0,"comment_status":"open","ping_status":"open","sticky":false,"template":"","format":"standard","meta":[],"categories":[21],"tags":[],"_links":{"self":[{"href":"http:\/\/www.blogdopilako.com.br\/wp\/wp-json\/wp\/v2\/posts\/138072"}],"collection":[{"href":"http:\/\/www.blogdopilako.com.br\/wp\/wp-json\/wp\/v2\/posts"}],"about":[{"href":"http:\/\/www.blogdopilako.com.br\/wp\/wp-json\/wp\/v2\/types\/post"}],"author":[{"embeddable":true,"href":"http:\/\/www.blogdopilako.com.br\/wp\/wp-json\/wp\/v2\/users\/2"}],"replies":[{"embeddable":true,"href":"http:\/\/www.blogdopilako.com.br\/wp\/wp-json\/wp\/v2\/comments?post=138072"}],"version-history":[{"count":2,"href":"http:\/\/www.blogdopilako.com.br\/wp\/wp-json\/wp\/v2\/posts\/138072\/revisions"}],"predecessor-version":[{"id":138076,"href":"http:\/\/www.blogdopilako.com.br\/wp\/wp-json\/wp\/v2\/posts\/138072\/revisions\/138076"}],"wp:attachment":[{"href":"http:\/\/www.blogdopilako.com.br\/wp\/wp-json\/wp\/v2\/media?parent=138072"}],"wp:term":[{"taxonomy":"category","embeddable":true,"href":"http:\/\/www.blogdopilako.com.br\/wp\/wp-json\/wp\/v2\/categories?post=138072"},{"taxonomy":"post_tag","embeddable":true,"href":"http:\/\/www.blogdopilako.com.br\/wp\/wp-json\/wp\/v2\/tags?post=138072"}],"curies":[{"name":"wp","href":"https:\/\/api.w.org\/{rel}","templated":true}]}}