{"id":137985,"date":"2022-08-17T09:26:19","date_gmt":"2022-08-17T12:26:19","guid":{"rendered":"https:\/\/www.blogdopilako.com.br\/wp\/?p=137985"},"modified":"2022-08-17T09:27:03","modified_gmt":"2022-08-17T12:27:03","slug":"o-tempo-voa-inauguracao-6","status":"publish","type":"post","link":"http:\/\/www.blogdopilako.com.br\/wp\/2022\/08\/17\/o-tempo-voa-inauguracao-6\/","title":{"rendered":"O Tempo Voa: Inaugura\u00e7\u00e3o"},"content":{"rendered":"\n\t\t\t\t<div class=\"mr_social_sharing_wrapper\">\n\t\t\t\t<!-- Social Sharing Toolkit v2.2 --><span class=\"mr_social_sharing_top\"><span style=\"display: inline-block; width: 55px; height: 62px; overflow: hidden;\"><div class=\"fb-like\" data-href=\"http:\/\/www.blogdopilako.com.br\/wp\/2022\/08\/17\/o-tempo-voa-inauguracao-6\/\" data-send=\"false\" data-layout=\"box_count\" data-width=\"55\" data-show-faces=\"false\"><\/div><\/span><\/span><span class=\"mr_social_sharing_top\"><fb:share-button type=\"box_count\" href=\"http:\/\/www.blogdopilako.com.br\/wp\/2022\/08\/17\/o-tempo-voa-inauguracao-6\/\"><\/fb:share-button><\/span><span class=\"mr_social_sharing\"><a rel=\"nofollow\" class=\"linksalpha_button linksalpha_link\" href=\"\/\/www.linksalpha.com\/social\/mobile\" data-url=\"http:\/\/www.blogdopilako.com.br\/wp\/2022\/08\/17\/o-tempo-voa-inauguracao-6\/\" data-text=\"O Tempo Voa: Inaugura\u00e7\u00e3o\" data-desc=\"Inaugura\u00e7\u00e3o da \u201cPista\u201d Jos\u00e9 Mariano de Barros (Zez\u00e9 Mariano) \u2013 Parque de Exposi\u00e7\u00e3o de Animais da Vit\u00f3ria (hoje, Vit\u00f3ria Park Shopping) \u2013 entre outro: Luis Mariano (discursando), Zito Mariano, Elias Lira, Henrique Queiroz, Carlos Breckenfeld e Pedro Eug\u00eanio, ent\u00e3o secret\u00e1rio de\" data-image=\"http:\/\/www.blogdopilako.com.br\/wp\/wp-content\/uploads\/2022\/08\/158e5b0f-e290-4f05-9b35-aac507f08c2b-e1574946674857-768x473-1.jpg\" data-button=\"none\">\n\t\t\t\t\t<img src=\"\/\/www.linksalpha.com\/images\/social_share_button.png\" alt=\"Share\" class=\"linksalpha_image\" \/>\n\t\t\t\t\t<\/a><script type=\"text\/javascript\" src=\"\/\/www.linksalpha.com\/scripts\/loader_iconbox.js?v=2.4\"><\/script><\/span><\/div><p><img loading=\"lazy\" class=\"aligncenter wp-image-137986 size-full\" src=\"http:\/\/www.blogdopilako.com.br\/wp\/wp-content\/uploads\/2022\/08\/158e5b0f-e290-4f05-9b35-aac507f08c2b-e1574946674857-768x473-1.jpg\" alt=\"\" width=\"768\" height=\"473\" srcset=\"http:\/\/www.blogdopilako.com.br\/wp\/wp-content\/uploads\/2022\/08\/158e5b0f-e290-4f05-9b35-aac507f08c2b-e1574946674857-768x473-1.jpg 768w, http:\/\/www.blogdopilako.com.br\/wp\/wp-content\/uploads\/2022\/08\/158e5b0f-e290-4f05-9b35-aac507f08c2b-e1574946674857-768x473-1-300x185.jpg 300w, http:\/\/www.blogdopilako.com.br\/wp\/wp-content\/uploads\/2022\/08\/158e5b0f-e290-4f05-9b35-aac507f08c2b-e1574946674857-768x473-1-487x300.jpg 487w\" sizes=\"(max-width: 768px) 100vw, 768px\" \/><\/p>\n<p style=\"text-align: justify;\"><strong>Inaugura\u00e7\u00e3o da \u201cPista\u201d Jos\u00e9 Mariano de Barros (Zez\u00e9 Mariano) \u2013 Parque de Exposi\u00e7\u00e3o de Animais da Vit\u00f3ria (hoje, Vit\u00f3ria Park Shopping) \u2013 entre outro: Luis Mariano (discursando), Zito Mariano, Elias Lira, Henrique Queiroz, Carlos Breckenfeld e Pedro Eug\u00eanio, ent\u00e3o secret\u00e1rio de Agricultura \u2013 registro \u2013 06 de agosto de 1987.\u00a0<\/strong><\/p>\n<p><img loading=\"lazy\" class=\"aligncenter wp-image-137987 size-large\" src=\"http:\/\/www.blogdopilako.com.br\/wp\/wp-content\/uploads\/2022\/08\/Pix-arte-final-2-38-1024x401.png\" alt=\"\" width=\"584\" height=\"229\" srcset=\"http:\/\/www.blogdopilako.com.br\/wp\/wp-content\/uploads\/2022\/08\/Pix-arte-final-2-38-1024x401.png 1024w, http:\/\/www.blogdopilako.com.br\/wp\/wp-content\/uploads\/2022\/08\/Pix-arte-final-2-38-300x117.png 300w, http:\/\/www.blogdopilako.com.br\/wp\/wp-content\/uploads\/2022\/08\/Pix-arte-final-2-38-768x301.png 768w, http:\/\/www.blogdopilako.com.br\/wp\/wp-content\/uploads\/2022\/08\/Pix-arte-final-2-38-1536x601.png 1536w, http:\/\/www.blogdopilako.com.br\/wp\/wp-content\/uploads\/2022\/08\/Pix-arte-final-2-38-2048x802.png 2048w, http:\/\/www.blogdopilako.com.br\/wp\/wp-content\/uploads\/2022\/08\/Pix-arte-final-2-38-500x196.png 500w\" sizes=\"(max-width: 584px) 100vw, 584px\" \/><\/p>\n\n\t\t\t\t<div class=\"mr_social_sharing_wrapper\">\n\t\t\t\t<!-- Social Sharing Toolkit v2.2 --><span class=\"mr_social_sharing_top\"><span style=\"display: inline-block; width: 55px; height: 62px; overflow: hidden;\"><div class=\"fb-like\" data-href=\"http:\/\/www.blogdopilako.com.br\/wp\/2022\/08\/17\/o-tempo-voa-inauguracao-6\/\" data-send=\"false\" data-layout=\"box_count\" data-width=\"55\" data-show-faces=\"false\"><\/div><\/span><\/span><span class=\"mr_social_sharing_top\"><fb:share-button type=\"box_count\" href=\"http:\/\/www.blogdopilako.com.br\/wp\/2022\/08\/17\/o-tempo-voa-inauguracao-6\/\"><\/fb:share-button><\/span><span class=\"mr_social_sharing\"><a rel=\"nofollow\" class=\"linksalpha_button linksalpha_link\" href=\"\/\/www.linksalpha.com\/social\/mobile\" data-url=\"http:\/\/www.blogdopilako.com.br\/wp\/2022\/08\/17\/o-tempo-voa-inauguracao-6\/\" data-text=\"O Tempo Voa: Inaugura\u00e7\u00e3o\" data-desc=\"Inaugura\u00e7\u00e3o da \u201cPista\u201d Jos\u00e9 Mariano de Barros (Zez\u00e9 Mariano) \u2013 Parque de Exposi\u00e7\u00e3o de Animais da Vit\u00f3ria (hoje, Vit\u00f3ria Park Shopping) \u2013 entre outro: Luis Mariano (discursando), Zito Mariano, Elias Lira, Henrique Queiroz, Carlos Breckenfeld e Pedro Eug\u00eanio, ent\u00e3o secret\u00e1rio de\" data-image=\"http:\/\/www.blogdopilako.com.br\/wp\/wp-content\/uploads\/2022\/08\/158e5b0f-e290-4f05-9b35-aac507f08c2b-e1574946674857-768x473-1.jpg\" data-button=\"none\">\n\t\t\t\t\t<img src=\"\/\/www.linksalpha.com\/images\/social_share_button.png\" alt=\"Share\" class=\"linksalpha_image\" \/>\n\t\t\t\t\t<\/a><script type=\"text\/javascript\" src=\"\/\/www.linksalpha.com\/scripts\/loader_iconbox.js?v=2.4\"><\/script><\/span><\/div>","protected":false},"excerpt":{"rendered":"\n\t\t\t\t<div class=\"mr_social_sharing_wrapper\">\n\t\t\t\t<!-- Social Sharing Toolkit v2.2 --><span class=\"mr_social_sharing_top\"><span style=\"display: inline-block; width: 55px; height: 62px; overflow: hidden;\"><div class=\"fb-like\" data-href=\"http:\/\/www.blogdopilako.com.br\/wp\/2022\/08\/17\/o-tempo-voa-inauguracao-6\/\" data-send=\"false\" data-layout=\"box_count\" data-width=\"55\" data-show-faces=\"false\"><\/div><\/span><\/span><span class=\"mr_social_sharing_top\"><fb:share-button type=\"box_count\" href=\"http:\/\/www.blogdopilako.com.br\/wp\/2022\/08\/17\/o-tempo-voa-inauguracao-6\/\"><\/fb:share-button><\/span><span class=\"mr_social_sharing\"><a rel=\"nofollow\" class=\"linksalpha_button linksalpha_link\" href=\"\/\/www.linksalpha.com\/social\/mobile\" data-url=\"http:\/\/www.blogdopilako.com.br\/wp\/2022\/08\/17\/o-tempo-voa-inauguracao-6\/\" data-text=\"O Tempo Voa: Inaugura\u00e7\u00e3o\" data-desc=\"Inaugura\u00e7\u00e3o da \u201cPista\u201d Jos\u00e9 Mariano de Barros (Zez\u00e9 Mariano) \u2013 Parque de Exposi\u00e7\u00e3o de Animais da Vit\u00f3ria (hoje, Vit\u00f3ria Park Shopping) \u2013 entre outro: Luis Mariano (discursando), Zito Mariano, Elias Lira, Henrique Queiroz, Carlos Breckenfeld e Pedro Eug\u00eanio, ent\u00e3o secret\u00e1rio de\" data-image=\"\" data-button=\"none\">\n\t\t\t\t\t<img src=\"\/\/www.linksalpha.com\/images\/social_share_button.png\" alt=\"Share\" class=\"linksalpha_image\" \/>\n\t\t\t\t\t<\/a><script type=\"text\/javascript\" src=\"\/\/www.linksalpha.com\/scripts\/loader_iconbox.js?v=2.4\"><\/script><\/span><\/div><p>Inaugura\u00e7\u00e3o da \u201cPista\u201d Jos\u00e9 Mariano de Barros (Zez\u00e9 Mariano) \u2013 Parque de Exposi\u00e7\u00e3o de Animais da Vit\u00f3ria (hoje, Vit\u00f3ria Park Shopping) \u2013 entre outro: Luis Mariano (discursando), Zito Mariano, Elias Lira, Henrique Queiroz, Carlos Breckenfeld e Pedro Eug\u00eanio, ent\u00e3o secret\u00e1rio &hellip; <a href=\"http:\/\/www.blogdopilako.com.br\/wp\/2022\/08\/17\/o-tempo-voa-inauguracao-6\/\">Continue lendo <span class=\"meta-nav\">&rarr;<\/span><\/a><\/p>\n\n\t\t\t\t<div class=\"mr_social_sharing_wrapper\">\n\t\t\t\t<!-- Social Sharing Toolkit v2.2 --><span class=\"mr_social_sharing_top\"><span style=\"display: inline-block; width: 55px; height: 62px; overflow: hidden;\"><div class=\"fb-like\" data-href=\"http:\/\/www.blogdopilako.com.br\/wp\/2022\/08\/17\/o-tempo-voa-inauguracao-6\/\" data-send=\"false\" data-layout=\"box_count\" data-width=\"55\" data-show-faces=\"false\"><\/div><\/span><\/span><span class=\"mr_social_sharing_top\"><fb:share-button type=\"box_count\" href=\"http:\/\/www.blogdopilako.com.br\/wp\/2022\/08\/17\/o-tempo-voa-inauguracao-6\/\"><\/fb:share-button><\/span><span class=\"mr_social_sharing\"><a rel=\"nofollow\" class=\"linksalpha_button linksalpha_link\" href=\"\/\/www.linksalpha.com\/social\/mobile\" data-url=\"http:\/\/www.blogdopilako.com.br\/wp\/2022\/08\/17\/o-tempo-voa-inauguracao-6\/\" data-text=\"O Tempo Voa: Inaugura\u00e7\u00e3o\" data-desc=\"Inaugura\u00e7\u00e3o da \u201cPista\u201d Jos\u00e9 Mariano de Barros (Zez\u00e9 Mariano) \u2013 Parque de Exposi\u00e7\u00e3o de Animais da Vit\u00f3ria (hoje, Vit\u00f3ria Park Shopping) \u2013 entre outro: Luis Mariano (discursando), Zito Mariano, Elias Lira, Henrique Queiroz, Carlos Breckenfeld e Pedro Eug\u00eanio, ent\u00e3o secret\u00e1rio de\" data-image=\"\" data-button=\"none\">\n\t\t\t\t\t<img src=\"\/\/www.linksalpha.com\/images\/social_share_button.png\" alt=\"Share\" class=\"linksalpha_image\" \/>\n\t\t\t\t\t<\/a><script type=\"text\/javascript\" src=\"\/\/www.linksalpha.com\/scripts\/loader_iconbox.js?v=2.4\"><\/script><\/span><\/div>","protected":false},"author":2,"featured_media":0,"comment_status":"open","ping_status":"open","sticky":false,"template":"","format":"standard","meta":[],"categories":[23],"tags":[],"_links":{"self":[{"href":"http:\/\/www.blogdopilako.com.br\/wp\/wp-json\/wp\/v2\/posts\/137985"}],"collection":[{"href":"http:\/\/www.blogdopilako.com.br\/wp\/wp-json\/wp\/v2\/posts"}],"about":[{"href":"http:\/\/www.blogdopilako.com.br\/wp\/wp-json\/wp\/v2\/types\/post"}],"author":[{"embeddable":true,"href":"http:\/\/www.blogdopilako.com.br\/wp\/wp-json\/wp\/v2\/users\/2"}],"replies":[{"embeddable":true,"href":"http:\/\/www.blogdopilako.com.br\/wp\/wp-json\/wp\/v2\/comments?post=137985"}],"version-history":[{"count":1,"href":"http:\/\/www.blogdopilako.com.br\/wp\/wp-json\/wp\/v2\/posts\/137985\/revisions"}],"predecessor-version":[{"id":137988,"href":"http:\/\/www.blogdopilako.com.br\/wp\/wp-json\/wp\/v2\/posts\/137985\/revisions\/137988"}],"wp:attachment":[{"href":"http:\/\/www.blogdopilako.com.br\/wp\/wp-json\/wp\/v2\/media?parent=137985"}],"wp:term":[{"taxonomy":"category","embeddable":true,"href":"http:\/\/www.blogdopilako.com.br\/wp\/wp-json\/wp\/v2\/categories?post=137985"},{"taxonomy":"post_tag","embeddable":true,"href":"http:\/\/www.blogdopilako.com.br\/wp\/wp-json\/wp\/v2\/tags?post=137985"}],"curies":[{"name":"wp","href":"https:\/\/api.w.org\/{rel}","templated":true}]}}